{"id":11630,"date":"2010-08-03T00:00:00","date_gmt":"2010-08-03T04:00:00","guid":{"rendered":"http:\/\/192.81.217.108\/interamerica\/2010\/08\/a-tiempo-nueva-investigacion-pueda-que-ayude-en-alzheimer\/"},"modified":"2017-06-02T08:59:11","modified_gmt":"2017-06-02T12:59:11","slug":"a-tiempo-nueva-investigacion-pueda-que-ayude-en-alzheimer","status":"publish","type":"post","link":"https:\/\/interamerica.org\/es\/2010\/08\/a-tiempo-nueva-investigacion-pueda-que-ayude-en-alzheimer\/","title":{"rendered":"A tiempo, nueva investigaci\u00f3n pueda que ayude en Alzheimer"},"content":{"rendered":"<p><em >Loma Linda, California, Estados Unidos, 3 de agosto, 2010 <\/em >&#8230;James Ponder\/Megan Brauner <\/p>\n<p>Varios investigadores de la principal escuela de medicina de la Iglesia Adventista descubrieron lo que esperan sea un m\u00e9todo para detectar la enfermedad de Alzheimer en sus etapas m\u00e1s tempranas. <\/p>\n<p>Los investigadores de la ciencia neurol\u00f3gica hallaron un rastro de se\u00f1ales biol\u00f3gicas &#8212; prote\u00ednas en la sangre que muestran la severidad o precencia de la enfermedad por su alta concentraci\u00f3n &#8212; que podr\u00edan llevar a una detecci\u00f3n a tiempo de la enfermedad destructora del cerebro. <\/p>\n<p>El equipo de investigadores de la Escuela de medicina de la Universidad de Loma Linda, California, y de la Universidad George Mason, Virginia, publicaron sus hallazgos en el <em >Journal of Alzheimer&#39;s Disease,<\/em > volumen 19. <\/p>\n<p>Usando espectrometr\u00eda total, una t\u00e9cnica an\u00e1litica utilizada para determinar la composici\u00f3n de elementos de las muestras, el equipo cheque\u00f3 por baja presencia de proteinas suero y fragmentos de proteinas en la b\u00fasqueda de productos asociados a la existencia de la efermedad Alzheimer.  <\/p>\n<p>El equipo estuvo compuesto por Claudius Mueller, entonces estudiante de posgrado afiliado a la Universidad de Loma Linda; Wolff Kirsch, profesor de cirug\u00eda neurol\u00f3gica y bioqu\u00edmica de la misma universidad; Lance Liotta, profesor de ciencias de la vida de la Universidad George Mason; y el estudiante de posgrado de la Universidad de Loma Linda, Matthew Schrag. <\/p>\n<p>Mueller, que ahora trabaja en la Universidad George Mason, dijo que el equipo estuvo buscando \u00abbasura\u00bb (impurreza) en la sangre. El da\u00f1o que causa la enfermedad de Alzheimer en el cerebro deja su huella, aun en las etapas iniciales, a\u00f1adi\u00f3 Kirsch. <\/p>\n<p>\u00abLa inflamaci\u00f3n del cerebro causa una reacci\u00f3n\u00bb, dijo Lirsch.  \u00abLas c\u00e9lulas nerviosas se descomponen y son absorvidas por el cuerpo. Estas advierten la producci\u00f3n de encimas que decomponen la sangre a\u00fan m\u00e1s.  Fragmentos de estas encimas entran en la sangre. Habr\u00e1 alg\u00fan da\u00f1o colateral\u00bb.  <\/p>\n<p>La enfermedad de Alzheimer, nombre que se le di\u00f3 por primera vez por el m\u00e9dico Alem\u00e1n que describi\u00f3 la enfermedad en 1906, mayormente destruye las celulas nerviosas y los tejidos del cerebro. Los individuos en las etapas avanzadas de la enfermedad pierden sus habilidades de comunicaci\u00f3n, la memoria y la capacidad de hacer sus cosas personales por ellos mismos. <\/p>\n<p>Descubrir las biose\u00f1ales en las primeras etapas de la enfermedad de Alzheimer es importante porque es en esas primeras etapas cuando la afecci\u00f3n se puede tratar, dijo Liotta. \u00abEste estudio provee algunos nuevos candidatos para ese prop\u00f3sito\u00bb. <\/p>\n<p><em >Traductora: Aleida Romero<\/em > <\/p>\n","protected":false},"excerpt":{"rendered":"<p>Varios investigadores de la principal escuela de medicina de la iglesia adventista descubrieron lo que esperan sea un m\u00e9todo para detectar la enfermedad de Alzheimer en sus etapas m\u00e1s tempranas.<\/p>\n","protected":false},"author":1,"featured_media":0,"comment_status":"closed","ping_status":"closed","sticky":false,"template":"","format":"standard","meta":{"_acf_changed":false,"footnotes":""},"categories":[8],"tags":[],"class_list":["post-11630","post","type-post","status-publish","format-standard","hentry","category-archivo"],"acf":[],"yoast_head":"<!-- This site is optimized with the Yoast SEO plugin v27.3 - https:\/\/yoast.com\/product\/yoast-seo-wordpress\/ -->\n<title>A tiempo, nueva investigaci\u00f3n pueda que ayude en Alzheimer - Iglesia Adventista del S\u00e9ptimo D\u00eda - Divisi\u00f3n Interamericana<\/title>\n<meta name=\"robots\" content=\"index, follow, max-snippet:-1, max-image-preview:large, max-video-preview:-1\" \/>\n<link rel=\"canonical\" href=\"https:\/\/interamerica.org\/es\/2010\/08\/a-tiempo-nueva-investigacion-pueda-que-ayude-en-alzheimer\/\" \/>\n<meta property=\"og:locale\" content=\"es_ES\" \/>\n<meta property=\"og:type\" content=\"article\" \/>\n<meta property=\"og:title\" content=\"A tiempo, nueva investigaci\u00f3n pueda que ayude en Alzheimer - Iglesia Adventista del S\u00e9ptimo D\u00eda - Divisi\u00f3n Interamericana\" \/>\n<meta property=\"og:description\" content=\"Varios investigadores de la principal escuela de medicina de la iglesia adventista descubrieron lo que esperan sea un m\u00e9todo para detectar la enfermedad de Alzheimer en sus etapas m\u00e1s tempranas.\" \/>\n<meta property=\"og:url\" content=\"https:\/\/interamerica.org\/es\/2010\/08\/a-tiempo-nueva-investigacion-pueda-que-ayude-en-alzheimer\/\" \/>\n<meta property=\"og:site_name\" content=\"Iglesia Adventista del S\u00e9ptimo D\u00eda - Divisi\u00f3n Interamericana\" \/>\n<meta property=\"article:published_time\" content=\"2010-08-03T04:00:00+00:00\" \/>\n<meta property=\"article:modified_time\" content=\"2017-06-02T12:59:11+00:00\" \/>\n<meta name=\"author\" content=\"Lorenzo Verduzco\" \/>\n<meta name=\"twitter:card\" content=\"summary_large_image\" \/>\n<meta name=\"twitter:label1\" content=\"Escrito por\" \/>\n\t<meta name=\"twitter:data1\" content=\"Lorenzo Verduzco\" \/>\n\t<meta name=\"twitter:label2\" content=\"Tiempo de lectura\" \/>\n\t<meta name=\"twitter:data2\" content=\"2 minutos\" \/>\n<script type=\"application\/ld+json\" class=\"yoast-schema-graph\">{\"@context\":\"https:\\\/\\\/schema.org\",\"@graph\":[{\"@type\":\"Article\",\"@id\":\"https:\\\/\\\/interamerica.org\\\/es\\\/2010\\\/08\\\/a-tiempo-nueva-investigacion-pueda-que-ayude-en-alzheimer\\\/#article\",\"isPartOf\":{\"@id\":\"https:\\\/\\\/interamerica.org\\\/es\\\/2010\\\/08\\\/a-tiempo-nueva-investigacion-pueda-que-ayude-en-alzheimer\\\/\"},\"author\":{\"name\":\"Lorenzo Verduzco\",\"@id\":\"https:\\\/\\\/interamerica.org\\\/es\\\/#\\\/schema\\\/person\\\/68ede8bdc292885bb76c1e3810e73c39\"},\"headline\":\"A tiempo, nueva investigaci\u00f3n pueda que ayude en Alzheimer\",\"datePublished\":\"2010-08-03T04:00:00+00:00\",\"dateModified\":\"2017-06-02T12:59:11+00:00\",\"mainEntityOfPage\":{\"@id\":\"https:\\\/\\\/interamerica.org\\\/es\\\/2010\\\/08\\\/a-tiempo-nueva-investigacion-pueda-que-ayude-en-alzheimer\\\/\"},\"wordCount\":444,\"articleSection\":[\"Archivo\"],\"inLanguage\":\"es\"},{\"@type\":\"WebPage\",\"@id\":\"https:\\\/\\\/interamerica.org\\\/es\\\/2010\\\/08\\\/a-tiempo-nueva-investigacion-pueda-que-ayude-en-alzheimer\\\/\",\"url\":\"https:\\\/\\\/interamerica.org\\\/es\\\/2010\\\/08\\\/a-tiempo-nueva-investigacion-pueda-que-ayude-en-alzheimer\\\/\",\"name\":\"A tiempo, nueva investigaci\u00f3n pueda que ayude en Alzheimer - Iglesia Adventista del S\u00e9ptimo D\u00eda - Divisi\u00f3n Interamericana\",\"isPartOf\":{\"@id\":\"https:\\\/\\\/interamerica.org\\\/es\\\/#website\"},\"datePublished\":\"2010-08-03T04:00:00+00:00\",\"dateModified\":\"2017-06-02T12:59:11+00:00\",\"author\":{\"@id\":\"https:\\\/\\\/interamerica.org\\\/es\\\/#\\\/schema\\\/person\\\/68ede8bdc292885bb76c1e3810e73c39\"},\"breadcrumb\":{\"@id\":\"https:\\\/\\\/interamerica.org\\\/es\\\/2010\\\/08\\\/a-tiempo-nueva-investigacion-pueda-que-ayude-en-alzheimer\\\/#breadcrumb\"},\"inLanguage\":\"es\",\"potentialAction\":[{\"@type\":\"ReadAction\",\"target\":[\"https:\\\/\\\/interamerica.org\\\/es\\\/2010\\\/08\\\/a-tiempo-nueva-investigacion-pueda-que-ayude-en-alzheimer\\\/\"]}]},{\"@type\":\"BreadcrumbList\",\"@id\":\"https:\\\/\\\/interamerica.org\\\/es\\\/2010\\\/08\\\/a-tiempo-nueva-investigacion-pueda-que-ayude-en-alzheimer\\\/#breadcrumb\",\"itemListElement\":[{\"@type\":\"ListItem\",\"position\":1,\"name\":\"Home\",\"item\":\"https:\\\/\\\/interamerica.org\\\/es\\\/\"},{\"@type\":\"ListItem\",\"position\":2,\"name\":\"A tiempo, nueva investigaci\u00f3n pueda que ayude en Alzheimer\"}]},{\"@type\":\"WebSite\",\"@id\":\"https:\\\/\\\/interamerica.org\\\/es\\\/#website\",\"url\":\"https:\\\/\\\/interamerica.org\\\/es\\\/\",\"name\":\"Iglesia Adventista del S\u00e9ptimo D\u00eda - Divisi\u00f3n Interamericana\",\"description\":\"\",\"potentialAction\":[{\"@type\":\"SearchAction\",\"target\":{\"@type\":\"EntryPoint\",\"urlTemplate\":\"https:\\\/\\\/interamerica.org\\\/es\\\/?s={search_term_string}\"},\"query-input\":{\"@type\":\"PropertyValueSpecification\",\"valueRequired\":true,\"valueName\":\"search_term_string\"}}],\"inLanguage\":\"es\"},{\"@type\":\"Person\",\"@id\":\"https:\\\/\\\/interamerica.org\\\/es\\\/#\\\/schema\\\/person\\\/68ede8bdc292885bb76c1e3810e73c39\",\"name\":\"Lorenzo Verduzco\",\"image\":{\"@type\":\"ImageObject\",\"inLanguage\":\"es\",\"@id\":\"https:\\\/\\\/secure.gravatar.com\\\/avatar\\\/fb81a55b6218459490a9c1dc841a34909185b81904c5337b4b27f7a6fd60c49e?s=96&d=mm&r=g\",\"url\":\"https:\\\/\\\/secure.gravatar.com\\\/avatar\\\/fb81a55b6218459490a9c1dc841a34909185b81904c5337b4b27f7a6fd60c49e?s=96&d=mm&r=g\",\"contentUrl\":\"https:\\\/\\\/secure.gravatar.com\\\/avatar\\\/fb81a55b6218459490a9c1dc841a34909185b81904c5337b4b27f7a6fd60c49e?s=96&d=mm&r=g\",\"caption\":\"Lorenzo Verduzco\"}}]}<\/script>\n<!-- \/ Yoast SEO plugin. -->","yoast_head_json":{"title":"A tiempo, nueva investigaci\u00f3n pueda que ayude en Alzheimer - Iglesia Adventista del S\u00e9ptimo D\u00eda - Divisi\u00f3n Interamericana","robots":{"index":"index","follow":"follow","max-snippet":"max-snippet:-1","max-image-preview":"max-image-preview:large","max-video-preview":"max-video-preview:-1"},"canonical":"https:\/\/interamerica.org\/es\/2010\/08\/a-tiempo-nueva-investigacion-pueda-que-ayude-en-alzheimer\/","og_locale":"es_ES","og_type":"article","og_title":"A tiempo, nueva investigaci\u00f3n pueda que ayude en Alzheimer - Iglesia Adventista del S\u00e9ptimo D\u00eda - Divisi\u00f3n Interamericana","og_description":"Varios investigadores de la principal escuela de medicina de la iglesia adventista descubrieron lo que esperan sea un m\u00e9todo para detectar la enfermedad de Alzheimer en sus etapas m\u00e1s tempranas.","og_url":"https:\/\/interamerica.org\/es\/2010\/08\/a-tiempo-nueva-investigacion-pueda-que-ayude-en-alzheimer\/","og_site_name":"Iglesia Adventista del S\u00e9ptimo D\u00eda - Divisi\u00f3n Interamericana","article_published_time":"2010-08-03T04:00:00+00:00","article_modified_time":"2017-06-02T12:59:11+00:00","author":"Lorenzo Verduzco","twitter_card":"summary_large_image","twitter_misc":{"Escrito por":"Lorenzo Verduzco","Tiempo de lectura":"2 minutos"},"schema":{"@context":"https:\/\/schema.org","@graph":[{"@type":"Article","@id":"https:\/\/interamerica.org\/es\/2010\/08\/a-tiempo-nueva-investigacion-pueda-que-ayude-en-alzheimer\/#article","isPartOf":{"@id":"https:\/\/interamerica.org\/es\/2010\/08\/a-tiempo-nueva-investigacion-pueda-que-ayude-en-alzheimer\/"},"author":{"name":"Lorenzo Verduzco","@id":"https:\/\/interamerica.org\/es\/#\/schema\/person\/68ede8bdc292885bb76c1e3810e73c39"},"headline":"A tiempo, nueva investigaci\u00f3n pueda que ayude en Alzheimer","datePublished":"2010-08-03T04:00:00+00:00","dateModified":"2017-06-02T12:59:11+00:00","mainEntityOfPage":{"@id":"https:\/\/interamerica.org\/es\/2010\/08\/a-tiempo-nueva-investigacion-pueda-que-ayude-en-alzheimer\/"},"wordCount":444,"articleSection":["Archivo"],"inLanguage":"es"},{"@type":"WebPage","@id":"https:\/\/interamerica.org\/es\/2010\/08\/a-tiempo-nueva-investigacion-pueda-que-ayude-en-alzheimer\/","url":"https:\/\/interamerica.org\/es\/2010\/08\/a-tiempo-nueva-investigacion-pueda-que-ayude-en-alzheimer\/","name":"A tiempo, nueva investigaci\u00f3n pueda que ayude en Alzheimer - Iglesia Adventista del S\u00e9ptimo D\u00eda - Divisi\u00f3n Interamericana","isPartOf":{"@id":"https:\/\/interamerica.org\/es\/#website"},"datePublished":"2010-08-03T04:00:00+00:00","dateModified":"2017-06-02T12:59:11+00:00","author":{"@id":"https:\/\/interamerica.org\/es\/#\/schema\/person\/68ede8bdc292885bb76c1e3810e73c39"},"breadcrumb":{"@id":"https:\/\/interamerica.org\/es\/2010\/08\/a-tiempo-nueva-investigacion-pueda-que-ayude-en-alzheimer\/#breadcrumb"},"inLanguage":"es","potentialAction":[{"@type":"ReadAction","target":["https:\/\/interamerica.org\/es\/2010\/08\/a-tiempo-nueva-investigacion-pueda-que-ayude-en-alzheimer\/"]}]},{"@type":"BreadcrumbList","@id":"https:\/\/interamerica.org\/es\/2010\/08\/a-tiempo-nueva-investigacion-pueda-que-ayude-en-alzheimer\/#breadcrumb","itemListElement":[{"@type":"ListItem","position":1,"name":"Home","item":"https:\/\/interamerica.org\/es\/"},{"@type":"ListItem","position":2,"name":"A tiempo, nueva investigaci\u00f3n pueda que ayude en Alzheimer"}]},{"@type":"WebSite","@id":"https:\/\/interamerica.org\/es\/#website","url":"https:\/\/interamerica.org\/es\/","name":"Iglesia Adventista del S\u00e9ptimo D\u00eda - Divisi\u00f3n Interamericana","description":"","potentialAction":[{"@type":"SearchAction","target":{"@type":"EntryPoint","urlTemplate":"https:\/\/interamerica.org\/es\/?s={search_term_string}"},"query-input":{"@type":"PropertyValueSpecification","valueRequired":true,"valueName":"search_term_string"}}],"inLanguage":"es"},{"@type":"Person","@id":"https:\/\/interamerica.org\/es\/#\/schema\/person\/68ede8bdc292885bb76c1e3810e73c39","name":"Lorenzo Verduzco","image":{"@type":"ImageObject","inLanguage":"es","@id":"https:\/\/secure.gravatar.com\/avatar\/fb81a55b6218459490a9c1dc841a34909185b81904c5337b4b27f7a6fd60c49e?s=96&d=mm&r=g","url":"https:\/\/secure.gravatar.com\/avatar\/fb81a55b6218459490a9c1dc841a34909185b81904c5337b4b27f7a6fd60c49e?s=96&d=mm&r=g","contentUrl":"https:\/\/secure.gravatar.com\/avatar\/fb81a55b6218459490a9c1dc841a34909185b81904c5337b4b27f7a6fd60c49e?s=96&d=mm&r=g","caption":"Lorenzo Verduzco"}}]}},"_links":{"self":[{"href":"https:\/\/interamerica.org\/es\/wp-json\/wp\/v2\/posts\/11630","targetHints":{"allow":["GET"]}}],"collection":[{"href":"https:\/\/interamerica.org\/es\/wp-json\/wp\/v2\/posts"}],"about":[{"href":"https:\/\/interamerica.org\/es\/wp-json\/wp\/v2\/types\/post"}],"author":[{"embeddable":true,"href":"https:\/\/interamerica.org\/es\/wp-json\/wp\/v2\/users\/1"}],"replies":[{"embeddable":true,"href":"https:\/\/interamerica.org\/es\/wp-json\/wp\/v2\/comments?post=11630"}],"version-history":[{"count":0,"href":"https:\/\/interamerica.org\/es\/wp-json\/wp\/v2\/posts\/11630\/revisions"}],"wp:attachment":[{"href":"https:\/\/interamerica.org\/es\/wp-json\/wp\/v2\/media?parent=11630"}],"wp:term":[{"taxonomy":"category","embeddable":true,"href":"https:\/\/interamerica.org\/es\/wp-json\/wp\/v2\/categories?post=11630"},{"taxonomy":"post_tag","embeddable":true,"href":"https:\/\/interamerica.org\/es\/wp-json\/wp\/v2\/tags?post=11630"}],"curies":[{"name":"wp","href":"https:\/\/api.w.org\/{rel}","templated":true}]}}