{"id":11631,"date":"2010-08-06T00:00:00","date_gmt":"2010-08-06T04:00:00","guid":{"rendered":"http:\/\/192.81.217.108\/interamerica\/2010\/08\/venezuela-iglesia-da-bienvenida-al-presidente-de-la-iglesia-adventista-mundial\/"},"modified":"2017-06-02T08:59:09","modified_gmt":"2017-06-02T12:59:09","slug":"venezuela-iglesia-da-bienvenida-al-presidente-de-la-iglesia-adventista-mundial","status":"publish","type":"post","link":"https:\/\/interamerica.org\/es\/2010\/08\/venezuela-iglesia-da-bienvenida-al-presidente-de-la-iglesia-adventista-mundial\/","title":{"rendered":"Venezuela: Iglesia da bienvenida al presidente de la iglesia adventista mundial"},"content":{"rendered":"<p><em >Caracas, Venezuela<\/em >&#8230;.<em > 6 de agosto, 2010<\/em > &#8211; Libna Stevens\/DIA <\/p>\n<\/p>\n<p>La iglesia adventista del s\u00e9ptimo d\u00eda en Venezuela da la bienvenida al presidente de la iglesia adventista a nivel mundial, el pastor Ted N.C. Wilson, a su llegada hoy al pa\u00eds para participar en aniversario de 100 a\u00f1os de la iglesia adventista en Venezuela.   <\/p>\n<p>\u00abEstamos tan felices de tenerle con nosotros al celebrar 100 a\u00f1os de historia en nuestro pa\u00eds\u00bb, dijo el pastor Josney Rodr\u00edguez, presidente para la iglesia en Venezuela Oriental, al dirigirse al pastor Wilson, mientras docenas de miembros adventistas del s\u00e9ptimo d\u00eda se congregaron para dar la bienvenida.  \u00abBienvenido a la tierra de Bol\u00edvar, Venezuela; confiamos que su presencia aqu\u00ed podr\u00e1 ser de gran bendici\u00f3n para nuestra iglesia y el resto del mundo\u00bb. <\/p>\n<p>\u00abQu\u00e9 enorme privilegio es estar en Venezuela\u00bb, dijo el pastor Wilson, quien est\u00e1 realizando su primera jira a este pa\u00eds.  \u00abMi coraz\u00f3n entra en calor al ver a los peque\u00f1os darme la bienvenida, los j\u00f3venes con su vigor, los adultos con su experiencia, qu\u00e9 privilegio pertenecer a la familia de Dios.  Escuchar la magn\u00edfica banda y observar a los conquistadores mostr\u00e1ndome que la iglesia est\u00e1 viva en Venezuela\u00bb. <\/p>\n<p>El pastor Wilson ser\u00e1 el orador principal para la celebraci\u00f3n de dos d\u00edas de duraci\u00f3n, la cual comienza ma\u00f1ana en el <em >Poliedro de Caracas<\/em > y contin\u00faa el domingo en Barquisimeto en la Feria <em >Bicentenario<\/em >.  Se espera una asistencia de miles a los dos eventos. <\/p>\n<p>El programa de ma\u00f1ana ser\u00e1 transmitido en vivo a trav\u00e9s de Esperanza TV, y algunas 20 estaciones radiales en toda la naci\u00f3n. <\/p>\n<p>\u00abTodos estamos anticipando el d\u00eda de ma\u00f1ana y el domingo\u00bb, dijo el pastor Wilson; \u00abser\u00e1 el momento cuando podemos dar a Dios la gloria, el momento en que podremos mirar hacia retrospectivamente y agradecer a Dios por sus bendiciones. Pero tambi\u00e9n, el momento cuando podremos mirar adelante a las grandes bendiciones, por lo que \u00e9sta es la iglesia remanente de Dios, una iglesia especial con un mensaje especial\u00bb. <\/p>\n<p>El pastor Wilson continu\u00f3 agradeciendo al gobierno de Venezuela por la libertad religiosa y las oportunidades para la iglesia de proclamar a las gentes acerca de Jes\u00fas. <\/p>\n<p>Luego, el pastor Wilson fue escoltado hacia afuera del aeropuerto por un grupo de conquistadores y un conjunto de redoblanteros, y luego or\u00f3 con los l\u00edderes en la Iglesia Adventista <em >El Para\u00edso<\/em >, la iglesia m\u00e1s grande en la ciudad, donde los miembros ver\u00e1n el evento vivo ma\u00f1ana.  Hay otras 178 iglesias y centros a trav\u00e9s de Venezuela Oriental que transmitir\u00e1n el hist\u00f3rico evento. <\/p>\n<p>Para ver las fotograf\u00edas del evento de hoy viernes, visite <a  href=\"http:\/\/www.flickr.com\/photos\/interamerica\/\">www.flickr.com\/photos\/interamerica\/<\/a > <\/p>\n<p>Para ver el programa de la celebraci\u00f3n en vivo del Centenario en Venezuela: <\/p>\n<p><a  href=\"http:\/\/www.genesistv.com.ve\/\">http:\/\/www.genesistv.com.ve<\/a > <\/p>\n<p>S\u00e1bado, 7 de agosto, para el programa de Caracas comenzando a las  8:00 a.m. Eastern Daylight&#39;s Time or 7:30 a.m. Tiempo de Venezuela. <\/p>\n<p><a  href=\"http:\/\/www.esperanzatv.org\/\">http:\/\/www.esperanzatv.org<\/a > <\/p>\n<p>S\u00e1bado, 7 de agosto. para el programa de Caracas, comenzando a las 11:00 tiempo diurno del este o 10:30 a.m., tiempo de Venezuela. <\/p>\n<p><a  href=\"https:\/\/recursing-golick.147-182-135-0.plesk.page\/\">https:\/\/recursing-golick.147-182-135-0.plesk.page<\/a > <\/p>\n<p>Domingo, 8 de agosto, el programa de Barquisimeto, comenzando a las  9:00 a.m. Eastern Daylight&#39;s Time \u00f3 8:30 am. Tiempo de Venezuela. <\/p>\n<p><em >Traductora: Aleida Romero<\/em > <\/p><\/p>\n","protected":false},"excerpt":{"rendered":"<p>La iglesia adventista del s\u00e9ptimo d\u00eda en Venezuela recibe al presidente de la iglesia adventista a nivel mundial, el pastor Ted N.C. Wilson, a su llegada hoy al pa\u00eds para participar del aniversario de 100 a\u00f1os de la iglesia adv<\/p>\n","protected":false},"author":1,"featured_media":0,"comment_status":"closed","ping_status":"closed","sticky":false,"template":"","format":"standard","meta":{"_acf_changed":false,"footnotes":""},"categories":[8],"tags":[],"class_list":["post-11631","post","type-post","status-publish","format-standard","hentry","category-archivo"],"acf":[],"yoast_head":"<!-- This site is optimized with the Yoast SEO plugin v27.3 - https:\/\/yoast.com\/product\/yoast-seo-wordpress\/ -->\n<title>Venezuela: Iglesia da bienvenida al presidente de la iglesia adventista mundial - Iglesia Adventista del S\u00e9ptimo D\u00eda - Divisi\u00f3n Interamericana<\/title>\n<meta name=\"robots\" content=\"index, follow, max-snippet:-1, max-image-preview:large, max-video-preview:-1\" \/>\n<link rel=\"canonical\" href=\"https:\/\/interamerica.org\/es\/2010\/08\/venezuela-iglesia-da-bienvenida-al-presidente-de-la-iglesia-adventista-mundial\/\" \/>\n<meta property=\"og:locale\" content=\"es_ES\" \/>\n<meta property=\"og:type\" content=\"article\" \/>\n<meta property=\"og:title\" content=\"Venezuela: Iglesia da bienvenida al presidente de la iglesia adventista mundial - Iglesia Adventista del S\u00e9ptimo D\u00eda - Divisi\u00f3n Interamericana\" \/>\n<meta property=\"og:description\" content=\"La iglesia adventista del s\u00e9ptimo d\u00eda en Venezuela recibe al presidente de la iglesia adventista a nivel mundial, el pastor Ted N.C. Wilson, a su llegada hoy al pa\u00eds para participar del aniversario de 100 a\u00f1os de la iglesia adv\" \/>\n<meta property=\"og:url\" content=\"https:\/\/interamerica.org\/es\/2010\/08\/venezuela-iglesia-da-bienvenida-al-presidente-de-la-iglesia-adventista-mundial\/\" \/>\n<meta property=\"og:site_name\" content=\"Iglesia Adventista del S\u00e9ptimo D\u00eda - Divisi\u00f3n Interamericana\" \/>\n<meta property=\"article:published_time\" content=\"2010-08-06T04:00:00+00:00\" \/>\n<meta property=\"article:modified_time\" content=\"2017-06-02T12:59:09+00:00\" \/>\n<meta name=\"author\" content=\"Lorenzo Verduzco\" \/>\n<meta name=\"twitter:card\" content=\"summary_large_image\" \/>\n<meta name=\"twitter:label1\" content=\"Escrito por\" \/>\n\t<meta name=\"twitter:data1\" content=\"Lorenzo Verduzco\" \/>\n\t<meta name=\"twitter:label2\" content=\"Tiempo de lectura\" \/>\n\t<meta name=\"twitter:data2\" content=\"3 minutos\" \/>\n<script type=\"application\/ld+json\" class=\"yoast-schema-graph\">{\"@context\":\"https:\\\/\\\/schema.org\",\"@graph\":[{\"@type\":\"Article\",\"@id\":\"https:\\\/\\\/interamerica.org\\\/es\\\/2010\\\/08\\\/venezuela-iglesia-da-bienvenida-al-presidente-de-la-iglesia-adventista-mundial\\\/#article\",\"isPartOf\":{\"@id\":\"https:\\\/\\\/interamerica.org\\\/es\\\/2010\\\/08\\\/venezuela-iglesia-da-bienvenida-al-presidente-de-la-iglesia-adventista-mundial\\\/\"},\"author\":{\"name\":\"Lorenzo Verduzco\",\"@id\":\"https:\\\/\\\/interamerica.org\\\/es\\\/#\\\/schema\\\/person\\\/68ede8bdc292885bb76c1e3810e73c39\"},\"headline\":\"Venezuela: Iglesia da bienvenida al presidente de la iglesia adventista mundial\",\"datePublished\":\"2010-08-06T04:00:00+00:00\",\"dateModified\":\"2017-06-02T12:59:09+00:00\",\"mainEntityOfPage\":{\"@id\":\"https:\\\/\\\/interamerica.org\\\/es\\\/2010\\\/08\\\/venezuela-iglesia-da-bienvenida-al-presidente-de-la-iglesia-adventista-mundial\\\/\"},\"wordCount\":576,\"articleSection\":[\"Archivo\"],\"inLanguage\":\"es\"},{\"@type\":\"WebPage\",\"@id\":\"https:\\\/\\\/interamerica.org\\\/es\\\/2010\\\/08\\\/venezuela-iglesia-da-bienvenida-al-presidente-de-la-iglesia-adventista-mundial\\\/\",\"url\":\"https:\\\/\\\/interamerica.org\\\/es\\\/2010\\\/08\\\/venezuela-iglesia-da-bienvenida-al-presidente-de-la-iglesia-adventista-mundial\\\/\",\"name\":\"Venezuela: Iglesia da bienvenida al presidente de la iglesia adventista mundial - Iglesia Adventista del S\u00e9ptimo D\u00eda - Divisi\u00f3n Interamericana\",\"isPartOf\":{\"@id\":\"https:\\\/\\\/interamerica.org\\\/es\\\/#website\"},\"datePublished\":\"2010-08-06T04:00:00+00:00\",\"dateModified\":\"2017-06-02T12:59:09+00:00\",\"author\":{\"@id\":\"https:\\\/\\\/interamerica.org\\\/es\\\/#\\\/schema\\\/person\\\/68ede8bdc292885bb76c1e3810e73c39\"},\"breadcrumb\":{\"@id\":\"https:\\\/\\\/interamerica.org\\\/es\\\/2010\\\/08\\\/venezuela-iglesia-da-bienvenida-al-presidente-de-la-iglesia-adventista-mundial\\\/#breadcrumb\"},\"inLanguage\":\"es\",\"potentialAction\":[{\"@type\":\"ReadAction\",\"target\":[\"https:\\\/\\\/interamerica.org\\\/es\\\/2010\\\/08\\\/venezuela-iglesia-da-bienvenida-al-presidente-de-la-iglesia-adventista-mundial\\\/\"]}]},{\"@type\":\"BreadcrumbList\",\"@id\":\"https:\\\/\\\/interamerica.org\\\/es\\\/2010\\\/08\\\/venezuela-iglesia-da-bienvenida-al-presidente-de-la-iglesia-adventista-mundial\\\/#breadcrumb\",\"itemListElement\":[{\"@type\":\"ListItem\",\"position\":1,\"name\":\"Home\",\"item\":\"https:\\\/\\\/interamerica.org\\\/es\\\/\"},{\"@type\":\"ListItem\",\"position\":2,\"name\":\"Venezuela: Iglesia da bienvenida al presidente de la iglesia adventista mundial\"}]},{\"@type\":\"WebSite\",\"@id\":\"https:\\\/\\\/interamerica.org\\\/es\\\/#website\",\"url\":\"https:\\\/\\\/interamerica.org\\\/es\\\/\",\"name\":\"Iglesia Adventista del S\u00e9ptimo D\u00eda - Divisi\u00f3n Interamericana\",\"description\":\"\",\"potentialAction\":[{\"@type\":\"SearchAction\",\"target\":{\"@type\":\"EntryPoint\",\"urlTemplate\":\"https:\\\/\\\/interamerica.org\\\/es\\\/?s={search_term_string}\"},\"query-input\":{\"@type\":\"PropertyValueSpecification\",\"valueRequired\":true,\"valueName\":\"search_term_string\"}}],\"inLanguage\":\"es\"},{\"@type\":\"Person\",\"@id\":\"https:\\\/\\\/interamerica.org\\\/es\\\/#\\\/schema\\\/person\\\/68ede8bdc292885bb76c1e3810e73c39\",\"name\":\"Lorenzo Verduzco\",\"image\":{\"@type\":\"ImageObject\",\"inLanguage\":\"es\",\"@id\":\"https:\\\/\\\/secure.gravatar.com\\\/avatar\\\/fb81a55b6218459490a9c1dc841a34909185b81904c5337b4b27f7a6fd60c49e?s=96&d=mm&r=g\",\"url\":\"https:\\\/\\\/secure.gravatar.com\\\/avatar\\\/fb81a55b6218459490a9c1dc841a34909185b81904c5337b4b27f7a6fd60c49e?s=96&d=mm&r=g\",\"contentUrl\":\"https:\\\/\\\/secure.gravatar.com\\\/avatar\\\/fb81a55b6218459490a9c1dc841a34909185b81904c5337b4b27f7a6fd60c49e?s=96&d=mm&r=g\",\"caption\":\"Lorenzo Verduzco\"}}]}<\/script>\n<!-- \/ Yoast SEO plugin. -->","yoast_head_json":{"title":"Venezuela: Iglesia da bienvenida al presidente de la iglesia adventista mundial - Iglesia Adventista del S\u00e9ptimo D\u00eda - Divisi\u00f3n Interamericana","robots":{"index":"index","follow":"follow","max-snippet":"max-snippet:-1","max-image-preview":"max-image-preview:large","max-video-preview":"max-video-preview:-1"},"canonical":"https:\/\/interamerica.org\/es\/2010\/08\/venezuela-iglesia-da-bienvenida-al-presidente-de-la-iglesia-adventista-mundial\/","og_locale":"es_ES","og_type":"article","og_title":"Venezuela: Iglesia da bienvenida al presidente de la iglesia adventista mundial - Iglesia Adventista del S\u00e9ptimo D\u00eda - Divisi\u00f3n Interamericana","og_description":"La iglesia adventista del s\u00e9ptimo d\u00eda en Venezuela recibe al presidente de la iglesia adventista a nivel mundial, el pastor Ted N.C. Wilson, a su llegada hoy al pa\u00eds para participar del aniversario de 100 a\u00f1os de la iglesia adv","og_url":"https:\/\/interamerica.org\/es\/2010\/08\/venezuela-iglesia-da-bienvenida-al-presidente-de-la-iglesia-adventista-mundial\/","og_site_name":"Iglesia Adventista del S\u00e9ptimo D\u00eda - Divisi\u00f3n Interamericana","article_published_time":"2010-08-06T04:00:00+00:00","article_modified_time":"2017-06-02T12:59:09+00:00","author":"Lorenzo Verduzco","twitter_card":"summary_large_image","twitter_misc":{"Escrito por":"Lorenzo Verduzco","Tiempo de lectura":"3 minutos"},"schema":{"@context":"https:\/\/schema.org","@graph":[{"@type":"Article","@id":"https:\/\/interamerica.org\/es\/2010\/08\/venezuela-iglesia-da-bienvenida-al-presidente-de-la-iglesia-adventista-mundial\/#article","isPartOf":{"@id":"https:\/\/interamerica.org\/es\/2010\/08\/venezuela-iglesia-da-bienvenida-al-presidente-de-la-iglesia-adventista-mundial\/"},"author":{"name":"Lorenzo Verduzco","@id":"https:\/\/interamerica.org\/es\/#\/schema\/person\/68ede8bdc292885bb76c1e3810e73c39"},"headline":"Venezuela: Iglesia da bienvenida al presidente de la iglesia adventista mundial","datePublished":"2010-08-06T04:00:00+00:00","dateModified":"2017-06-02T12:59:09+00:00","mainEntityOfPage":{"@id":"https:\/\/interamerica.org\/es\/2010\/08\/venezuela-iglesia-da-bienvenida-al-presidente-de-la-iglesia-adventista-mundial\/"},"wordCount":576,"articleSection":["Archivo"],"inLanguage":"es"},{"@type":"WebPage","@id":"https:\/\/interamerica.org\/es\/2010\/08\/venezuela-iglesia-da-bienvenida-al-presidente-de-la-iglesia-adventista-mundial\/","url":"https:\/\/interamerica.org\/es\/2010\/08\/venezuela-iglesia-da-bienvenida-al-presidente-de-la-iglesia-adventista-mundial\/","name":"Venezuela: Iglesia da bienvenida al presidente de la iglesia adventista mundial - Iglesia Adventista del S\u00e9ptimo D\u00eda - Divisi\u00f3n Interamericana","isPartOf":{"@id":"https:\/\/interamerica.org\/es\/#website"},"datePublished":"2010-08-06T04:00:00+00:00","dateModified":"2017-06-02T12:59:09+00:00","author":{"@id":"https:\/\/interamerica.org\/es\/#\/schema\/person\/68ede8bdc292885bb76c1e3810e73c39"},"breadcrumb":{"@id":"https:\/\/interamerica.org\/es\/2010\/08\/venezuela-iglesia-da-bienvenida-al-presidente-de-la-iglesia-adventista-mundial\/#breadcrumb"},"inLanguage":"es","potentialAction":[{"@type":"ReadAction","target":["https:\/\/interamerica.org\/es\/2010\/08\/venezuela-iglesia-da-bienvenida-al-presidente-de-la-iglesia-adventista-mundial\/"]}]},{"@type":"BreadcrumbList","@id":"https:\/\/interamerica.org\/es\/2010\/08\/venezuela-iglesia-da-bienvenida-al-presidente-de-la-iglesia-adventista-mundial\/#breadcrumb","itemListElement":[{"@type":"ListItem","position":1,"name":"Home","item":"https:\/\/interamerica.org\/es\/"},{"@type":"ListItem","position":2,"name":"Venezuela: Iglesia da bienvenida al presidente de la iglesia adventista mundial"}]},{"@type":"WebSite","@id":"https:\/\/interamerica.org\/es\/#website","url":"https:\/\/interamerica.org\/es\/","name":"Iglesia Adventista del S\u00e9ptimo D\u00eda - Divisi\u00f3n Interamericana","description":"","potentialAction":[{"@type":"SearchAction","target":{"@type":"EntryPoint","urlTemplate":"https:\/\/interamerica.org\/es\/?s={search_term_string}"},"query-input":{"@type":"PropertyValueSpecification","valueRequired":true,"valueName":"search_term_string"}}],"inLanguage":"es"},{"@type":"Person","@id":"https:\/\/interamerica.org\/es\/#\/schema\/person\/68ede8bdc292885bb76c1e3810e73c39","name":"Lorenzo Verduzco","image":{"@type":"ImageObject","inLanguage":"es","@id":"https:\/\/secure.gravatar.com\/avatar\/fb81a55b6218459490a9c1dc841a34909185b81904c5337b4b27f7a6fd60c49e?s=96&d=mm&r=g","url":"https:\/\/secure.gravatar.com\/avatar\/fb81a55b6218459490a9c1dc841a34909185b81904c5337b4b27f7a6fd60c49e?s=96&d=mm&r=g","contentUrl":"https:\/\/secure.gravatar.com\/avatar\/fb81a55b6218459490a9c1dc841a34909185b81904c5337b4b27f7a6fd60c49e?s=96&d=mm&r=g","caption":"Lorenzo Verduzco"}}]}},"_links":{"self":[{"href":"https:\/\/interamerica.org\/es\/wp-json\/wp\/v2\/posts\/11631","targetHints":{"allow":["GET"]}}],"collection":[{"href":"https:\/\/interamerica.org\/es\/wp-json\/wp\/v2\/posts"}],"about":[{"href":"https:\/\/interamerica.org\/es\/wp-json\/wp\/v2\/types\/post"}],"author":[{"embeddable":true,"href":"https:\/\/interamerica.org\/es\/wp-json\/wp\/v2\/users\/1"}],"replies":[{"embeddable":true,"href":"https:\/\/interamerica.org\/es\/wp-json\/wp\/v2\/comments?post=11631"}],"version-history":[{"count":0,"href":"https:\/\/interamerica.org\/es\/wp-json\/wp\/v2\/posts\/11631\/revisions"}],"wp:attachment":[{"href":"https:\/\/interamerica.org\/es\/wp-json\/wp\/v2\/media?parent=11631"}],"wp:term":[{"taxonomy":"category","embeddable":true,"href":"https:\/\/interamerica.org\/es\/wp-json\/wp\/v2\/categories?post=11631"},{"taxonomy":"post_tag","embeddable":true,"href":"https:\/\/interamerica.org\/es\/wp-json\/wp\/v2\/tags?post=11631"}],"curies":[{"name":"wp","href":"https:\/\/api.w.org\/{rel}","templated":true}]}}