{"id":11637,"date":"2010-08-17T00:00:00","date_gmt":"2010-08-17T04:00:00","guid":{"rendered":"http:\/\/192.81.217.108\/interamerica\/2010\/08\/guatemala-lideres-adventistas-participan-en-la-ceremonia-del-cambio-de-la-rosa-blanca-de-la-paz\/"},"modified":"2017-06-02T08:59:06","modified_gmt":"2017-06-02T12:59:06","slug":"guatemala-lideres-adventistas-participan-en-la-ceremonia-del-cambio-de-la-rosa-blanca-de-la-paz","status":"publish","type":"post","link":"https:\/\/interamerica.org\/es\/2010\/08\/guatemala-lideres-adventistas-participan-en-la-ceremonia-del-cambio-de-la-rosa-blanca-de-la-paz\/","title":{"rendered":"Guatemala: L\u00edderes adventistas participan en la Ceremonia del Cambio de la Rosa Blanca de la Paz"},"content":{"rendered":"<p><em ><\/em >Ciudad de Guatemala, Guatemala, 16 de agosto de 2010&#8230;[Juan Lopez\/Personal de la DIA]<\/p>\n<p>L\u00edderes adventistas del s\u00e9ptimo d\u00eda en Guatemala fueron escogidos para participar en el Cambio de la Rosa Blanca en el Palacio Nacional de la ciudad de Guatemala el 5 de agosto de 2010. La participaci\u00f3n en la ceremonia, que tuvo lugar en el Palacio Nacional de la Cultura, es un honor dado a personas nacionales y extranjeras que han contribuido con la paz y el bienestar de Guatemala. <\/p>\n<p>El pastorMario Calder\u00f3n, presidente de la iglesia en Guatemala, junto con seis ministros y laicos adventistas del s\u00e9ptimo d\u00eda, fueron aquellos elegidos para formar parte en la ceremonia, durante la cual ellos fueron nombrados embajadores de paz.<\/p>\n<p>El pastorCalder\u00f3n agradeci\u00f3 a los l\u00edderes gubernamentales en nombre de los 216.000 miembros de la iglesia en Guatemala por una distinci\u00f3n tan elevada, y declar\u00f3 que la iglesia est\u00e1 comprometida con la continua promoci\u00f3n de la paz. <\/p>\n<p>\u00abComo ministro del evangelio, es para m\u00ed una delicia expresar mi gratitud a la Iglesia Adventista del S\u00e9ptimo D\u00eda a nivel mundial, a la cual hoy represento con dignidad y respeto en este pa\u00eds\u00bb, dijo Calder\u00f3n. \u00abHace m\u00e1s de 102 a\u00f1os que el mensaje adventista lleg\u00f3 a Guatemala y desde sus inicios la iglesia ha promovido valores espirituales y un estilo de vida saludable para cambiar el coraz\u00f3n de la gente a trav\u00e9s de la obra del Esp\u00edritu Santo\u00bb.<\/p>\n<p>La ceremonia del Cambio de la Rosa Blanca de la Paz surgi\u00f3 despu\u00e9s de la firma de acuerdos de paz que dieron fin a la guerra civil de 36 a\u00f1os de Guatemala en 1996. Cada d\u00eda desde entonces, una rosa blanca es colocada sobre el monumento que est\u00e1 en el patio del Palacio Nacional por parte de un guardia de honor de la fuerza armada o una persona distinguida, para simbolizar otras 24 horas de paz en el pa\u00eds.<\/p>\n<p>\u00abEsta roza simboliza el compromiso diario de todos los seres humanos para construir una cultura, una paz firme y duradera\u00bb, dijo Mary Contreras, quien representaba a los oficiales en el Palacio Nacional. \u00abEn nombre del Palacio Nacional de la Cultura, hoy les nombramos Mensajeros de Paz\u00bb.<\/p>\n<p>La Iglesia Adventista del S\u00e9ptimo D\u00eda en Guatemala alcanza a las comunidades a trav\u00e9s de sus iniciativas de alfabetizaci\u00f3n y otros programas. Junto con la Agencia Adventista de Desarrollo y Recursos Asistenciales (ADRA) de Guatemala, tambi\u00e9n contin\u00faa ayudando a aquellos que son afectados por desastres y terremotos. La iglesia en Guatemala maneja siete oficinas regionales, 867 iglesias y congregaciones, y 25 escuelas.<\/p>\n<p>Para ver una galer\u00eda fotogr\u00e1fica del evento, vaya a <a  href=\"http:\/\/www.misioncentral.org.gt\/index.php?option=com_content&#038;view=article&#038;id=66:cambio-de-la-rosa-de-la-paz-en-el-palacio-de-la-cultura&#038;catid=9:ultimas-noticias\">http:\/\/www.misioncentral.org.gt\/index.php?option=com_content&#038;view=article&#038;id=66:cambio-de-la-rosa-de-la-paz-en-el-palacio-de-la-cultura&#038;catid=9:ultimas-noticias<\/a ><\/p>\n<\/p>\n<p>Traducci\u00f3n: Abraham Guerrero <\/p>\n","protected":false},"excerpt":{"rendered":"<p>L\u00edderes adventistas del s\u00e9ptimo d\u00eda en Guatemala fueron escogidos para participar en el Cambio de la Rosa Blanca en el Palacio Nacional de la ciudad de Guatemala el 5 de agosto de 2010.<\/p>\n","protected":false},"author":1,"featured_media":0,"comment_status":"closed","ping_status":"closed","sticky":false,"template":"","format":"standard","meta":{"_acf_changed":false,"footnotes":""},"categories":[8],"tags":[],"class_list":["post-11637","post","type-post","status-publish","format-standard","hentry","category-archivo"],"acf":[],"yoast_head":"<!-- This site is optimized with the Yoast SEO plugin v27.3 - https:\/\/yoast.com\/product\/yoast-seo-wordpress\/ -->\n<title>Guatemala: L\u00edderes adventistas participan en la Ceremonia del Cambio de la Rosa Blanca de la Paz - Iglesia Adventista del S\u00e9ptimo D\u00eda - Divisi\u00f3n Interamericana<\/title>\n<meta name=\"robots\" content=\"index, follow, max-snippet:-1, max-image-preview:large, max-video-preview:-1\" \/>\n<link rel=\"canonical\" href=\"https:\/\/interamerica.org\/es\/2010\/08\/guatemala-lideres-adventistas-participan-en-la-ceremonia-del-cambio-de-la-rosa-blanca-de-la-paz\/\" \/>\n<meta property=\"og:locale\" content=\"es_ES\" \/>\n<meta property=\"og:type\" content=\"article\" \/>\n<meta property=\"og:title\" content=\"Guatemala: L\u00edderes adventistas participan en la Ceremonia del Cambio de la Rosa Blanca de la Paz - Iglesia Adventista del S\u00e9ptimo D\u00eda - Divisi\u00f3n Interamericana\" \/>\n<meta property=\"og:description\" content=\"L\u00edderes adventistas del s\u00e9ptimo d\u00eda en Guatemala fueron escogidos para participar en el Cambio de la Rosa Blanca en el Palacio Nacional de la ciudad de Guatemala el 5 de agosto de 2010.\" \/>\n<meta property=\"og:url\" content=\"https:\/\/interamerica.org\/es\/2010\/08\/guatemala-lideres-adventistas-participan-en-la-ceremonia-del-cambio-de-la-rosa-blanca-de-la-paz\/\" \/>\n<meta property=\"og:site_name\" content=\"Iglesia Adventista del S\u00e9ptimo D\u00eda - Divisi\u00f3n Interamericana\" \/>\n<meta property=\"article:published_time\" content=\"2010-08-17T04:00:00+00:00\" \/>\n<meta property=\"article:modified_time\" content=\"2017-06-02T12:59:06+00:00\" \/>\n<meta name=\"author\" content=\"Lorenzo Verduzco\" \/>\n<meta name=\"twitter:card\" content=\"summary_large_image\" \/>\n<meta name=\"twitter:label1\" content=\"Escrito por\" \/>\n\t<meta name=\"twitter:data1\" content=\"Lorenzo Verduzco\" \/>\n\t<meta name=\"twitter:label2\" content=\"Tiempo de lectura\" \/>\n\t<meta name=\"twitter:data2\" content=\"2 minutos\" \/>\n<script type=\"application\/ld+json\" class=\"yoast-schema-graph\">{\"@context\":\"https:\\\/\\\/schema.org\",\"@graph\":[{\"@type\":\"Article\",\"@id\":\"https:\\\/\\\/interamerica.org\\\/es\\\/2010\\\/08\\\/guatemala-lideres-adventistas-participan-en-la-ceremonia-del-cambio-de-la-rosa-blanca-de-la-paz\\\/#article\",\"isPartOf\":{\"@id\":\"https:\\\/\\\/interamerica.org\\\/es\\\/2010\\\/08\\\/guatemala-lideres-adventistas-participan-en-la-ceremonia-del-cambio-de-la-rosa-blanca-de-la-paz\\\/\"},\"author\":{\"name\":\"Lorenzo Verduzco\",\"@id\":\"https:\\\/\\\/interamerica.org\\\/es\\\/#\\\/schema\\\/person\\\/68ede8bdc292885bb76c1e3810e73c39\"},\"headline\":\"Guatemala: L\u00edderes adventistas participan en la Ceremonia del Cambio de la Rosa Blanca de la Paz\",\"datePublished\":\"2010-08-17T04:00:00+00:00\",\"dateModified\":\"2017-06-02T12:59:06+00:00\",\"mainEntityOfPage\":{\"@id\":\"https:\\\/\\\/interamerica.org\\\/es\\\/2010\\\/08\\\/guatemala-lideres-adventistas-participan-en-la-ceremonia-del-cambio-de-la-rosa-blanca-de-la-paz\\\/\"},\"wordCount\":490,\"articleSection\":[\"Archivo\"],\"inLanguage\":\"es\"},{\"@type\":\"WebPage\",\"@id\":\"https:\\\/\\\/interamerica.org\\\/es\\\/2010\\\/08\\\/guatemala-lideres-adventistas-participan-en-la-ceremonia-del-cambio-de-la-rosa-blanca-de-la-paz\\\/\",\"url\":\"https:\\\/\\\/interamerica.org\\\/es\\\/2010\\\/08\\\/guatemala-lideres-adventistas-participan-en-la-ceremonia-del-cambio-de-la-rosa-blanca-de-la-paz\\\/\",\"name\":\"Guatemala: L\u00edderes adventistas participan en la Ceremonia del Cambio de la Rosa Blanca de la Paz - Iglesia Adventista del S\u00e9ptimo D\u00eda - Divisi\u00f3n Interamericana\",\"isPartOf\":{\"@id\":\"https:\\\/\\\/interamerica.org\\\/es\\\/#website\"},\"datePublished\":\"2010-08-17T04:00:00+00:00\",\"dateModified\":\"2017-06-02T12:59:06+00:00\",\"author\":{\"@id\":\"https:\\\/\\\/interamerica.org\\\/es\\\/#\\\/schema\\\/person\\\/68ede8bdc292885bb76c1e3810e73c39\"},\"breadcrumb\":{\"@id\":\"https:\\\/\\\/interamerica.org\\\/es\\\/2010\\\/08\\\/guatemala-lideres-adventistas-participan-en-la-ceremonia-del-cambio-de-la-rosa-blanca-de-la-paz\\\/#breadcrumb\"},\"inLanguage\":\"es\",\"potentialAction\":[{\"@type\":\"ReadAction\",\"target\":[\"https:\\\/\\\/interamerica.org\\\/es\\\/2010\\\/08\\\/guatemala-lideres-adventistas-participan-en-la-ceremonia-del-cambio-de-la-rosa-blanca-de-la-paz\\\/\"]}]},{\"@type\":\"BreadcrumbList\",\"@id\":\"https:\\\/\\\/interamerica.org\\\/es\\\/2010\\\/08\\\/guatemala-lideres-adventistas-participan-en-la-ceremonia-del-cambio-de-la-rosa-blanca-de-la-paz\\\/#breadcrumb\",\"itemListElement\":[{\"@type\":\"ListItem\",\"position\":1,\"name\":\"Home\",\"item\":\"https:\\\/\\\/interamerica.org\\\/es\\\/\"},{\"@type\":\"ListItem\",\"position\":2,\"name\":\"Guatemala: L\u00edderes adventistas participan en la Ceremonia del Cambio de la Rosa Blanca de la Paz\"}]},{\"@type\":\"WebSite\",\"@id\":\"https:\\\/\\\/interamerica.org\\\/es\\\/#website\",\"url\":\"https:\\\/\\\/interamerica.org\\\/es\\\/\",\"name\":\"Iglesia Adventista del S\u00e9ptimo D\u00eda - Divisi\u00f3n Interamericana\",\"description\":\"\",\"potentialAction\":[{\"@type\":\"SearchAction\",\"target\":{\"@type\":\"EntryPoint\",\"urlTemplate\":\"https:\\\/\\\/interamerica.org\\\/es\\\/?s={search_term_string}\"},\"query-input\":{\"@type\":\"PropertyValueSpecification\",\"valueRequired\":true,\"valueName\":\"search_term_string\"}}],\"inLanguage\":\"es\"},{\"@type\":\"Person\",\"@id\":\"https:\\\/\\\/interamerica.org\\\/es\\\/#\\\/schema\\\/person\\\/68ede8bdc292885bb76c1e3810e73c39\",\"name\":\"Lorenzo Verduzco\",\"image\":{\"@type\":\"ImageObject\",\"inLanguage\":\"es\",\"@id\":\"https:\\\/\\\/secure.gravatar.com\\\/avatar\\\/fb81a55b6218459490a9c1dc841a34909185b81904c5337b4b27f7a6fd60c49e?s=96&d=mm&r=g\",\"url\":\"https:\\\/\\\/secure.gravatar.com\\\/avatar\\\/fb81a55b6218459490a9c1dc841a34909185b81904c5337b4b27f7a6fd60c49e?s=96&d=mm&r=g\",\"contentUrl\":\"https:\\\/\\\/secure.gravatar.com\\\/avatar\\\/fb81a55b6218459490a9c1dc841a34909185b81904c5337b4b27f7a6fd60c49e?s=96&d=mm&r=g\",\"caption\":\"Lorenzo Verduzco\"}}]}<\/script>\n<!-- \/ Yoast SEO plugin. -->","yoast_head_json":{"title":"Guatemala: L\u00edderes adventistas participan en la Ceremonia del Cambio de la Rosa Blanca de la Paz - Iglesia Adventista del S\u00e9ptimo D\u00eda - Divisi\u00f3n Interamericana","robots":{"index":"index","follow":"follow","max-snippet":"max-snippet:-1","max-image-preview":"max-image-preview:large","max-video-preview":"max-video-preview:-1"},"canonical":"https:\/\/interamerica.org\/es\/2010\/08\/guatemala-lideres-adventistas-participan-en-la-ceremonia-del-cambio-de-la-rosa-blanca-de-la-paz\/","og_locale":"es_ES","og_type":"article","og_title":"Guatemala: L\u00edderes adventistas participan en la Ceremonia del Cambio de la Rosa Blanca de la Paz - Iglesia Adventista del S\u00e9ptimo D\u00eda - Divisi\u00f3n Interamericana","og_description":"L\u00edderes adventistas del s\u00e9ptimo d\u00eda en Guatemala fueron escogidos para participar en el Cambio de la Rosa Blanca en el Palacio Nacional de la ciudad de Guatemala el 5 de agosto de 2010.","og_url":"https:\/\/interamerica.org\/es\/2010\/08\/guatemala-lideres-adventistas-participan-en-la-ceremonia-del-cambio-de-la-rosa-blanca-de-la-paz\/","og_site_name":"Iglesia Adventista del S\u00e9ptimo D\u00eda - Divisi\u00f3n Interamericana","article_published_time":"2010-08-17T04:00:00+00:00","article_modified_time":"2017-06-02T12:59:06+00:00","author":"Lorenzo Verduzco","twitter_card":"summary_large_image","twitter_misc":{"Escrito por":"Lorenzo Verduzco","Tiempo de lectura":"2 minutos"},"schema":{"@context":"https:\/\/schema.org","@graph":[{"@type":"Article","@id":"https:\/\/interamerica.org\/es\/2010\/08\/guatemala-lideres-adventistas-participan-en-la-ceremonia-del-cambio-de-la-rosa-blanca-de-la-paz\/#article","isPartOf":{"@id":"https:\/\/interamerica.org\/es\/2010\/08\/guatemala-lideres-adventistas-participan-en-la-ceremonia-del-cambio-de-la-rosa-blanca-de-la-paz\/"},"author":{"name":"Lorenzo Verduzco","@id":"https:\/\/interamerica.org\/es\/#\/schema\/person\/68ede8bdc292885bb76c1e3810e73c39"},"headline":"Guatemala: L\u00edderes adventistas participan en la Ceremonia del Cambio de la Rosa Blanca de la Paz","datePublished":"2010-08-17T04:00:00+00:00","dateModified":"2017-06-02T12:59:06+00:00","mainEntityOfPage":{"@id":"https:\/\/interamerica.org\/es\/2010\/08\/guatemala-lideres-adventistas-participan-en-la-ceremonia-del-cambio-de-la-rosa-blanca-de-la-paz\/"},"wordCount":490,"articleSection":["Archivo"],"inLanguage":"es"},{"@type":"WebPage","@id":"https:\/\/interamerica.org\/es\/2010\/08\/guatemala-lideres-adventistas-participan-en-la-ceremonia-del-cambio-de-la-rosa-blanca-de-la-paz\/","url":"https:\/\/interamerica.org\/es\/2010\/08\/guatemala-lideres-adventistas-participan-en-la-ceremonia-del-cambio-de-la-rosa-blanca-de-la-paz\/","name":"Guatemala: L\u00edderes adventistas participan en la Ceremonia del Cambio de la Rosa Blanca de la Paz - Iglesia Adventista del S\u00e9ptimo D\u00eda - Divisi\u00f3n Interamericana","isPartOf":{"@id":"https:\/\/interamerica.org\/es\/#website"},"datePublished":"2010-08-17T04:00:00+00:00","dateModified":"2017-06-02T12:59:06+00:00","author":{"@id":"https:\/\/interamerica.org\/es\/#\/schema\/person\/68ede8bdc292885bb76c1e3810e73c39"},"breadcrumb":{"@id":"https:\/\/interamerica.org\/es\/2010\/08\/guatemala-lideres-adventistas-participan-en-la-ceremonia-del-cambio-de-la-rosa-blanca-de-la-paz\/#breadcrumb"},"inLanguage":"es","potentialAction":[{"@type":"ReadAction","target":["https:\/\/interamerica.org\/es\/2010\/08\/guatemala-lideres-adventistas-participan-en-la-ceremonia-del-cambio-de-la-rosa-blanca-de-la-paz\/"]}]},{"@type":"BreadcrumbList","@id":"https:\/\/interamerica.org\/es\/2010\/08\/guatemala-lideres-adventistas-participan-en-la-ceremonia-del-cambio-de-la-rosa-blanca-de-la-paz\/#breadcrumb","itemListElement":[{"@type":"ListItem","position":1,"name":"Home","item":"https:\/\/interamerica.org\/es\/"},{"@type":"ListItem","position":2,"name":"Guatemala: L\u00edderes adventistas participan en la Ceremonia del Cambio de la Rosa Blanca de la Paz"}]},{"@type":"WebSite","@id":"https:\/\/interamerica.org\/es\/#website","url":"https:\/\/interamerica.org\/es\/","name":"Iglesia Adventista del S\u00e9ptimo D\u00eda - Divisi\u00f3n Interamericana","description":"","potentialAction":[{"@type":"SearchAction","target":{"@type":"EntryPoint","urlTemplate":"https:\/\/interamerica.org\/es\/?s={search_term_string}"},"query-input":{"@type":"PropertyValueSpecification","valueRequired":true,"valueName":"search_term_string"}}],"inLanguage":"es"},{"@type":"Person","@id":"https:\/\/interamerica.org\/es\/#\/schema\/person\/68ede8bdc292885bb76c1e3810e73c39","name":"Lorenzo Verduzco","image":{"@type":"ImageObject","inLanguage":"es","@id":"https:\/\/secure.gravatar.com\/avatar\/fb81a55b6218459490a9c1dc841a34909185b81904c5337b4b27f7a6fd60c49e?s=96&d=mm&r=g","url":"https:\/\/secure.gravatar.com\/avatar\/fb81a55b6218459490a9c1dc841a34909185b81904c5337b4b27f7a6fd60c49e?s=96&d=mm&r=g","contentUrl":"https:\/\/secure.gravatar.com\/avatar\/fb81a55b6218459490a9c1dc841a34909185b81904c5337b4b27f7a6fd60c49e?s=96&d=mm&r=g","caption":"Lorenzo Verduzco"}}]}},"_links":{"self":[{"href":"https:\/\/interamerica.org\/es\/wp-json\/wp\/v2\/posts\/11637","targetHints":{"allow":["GET"]}}],"collection":[{"href":"https:\/\/interamerica.org\/es\/wp-json\/wp\/v2\/posts"}],"about":[{"href":"https:\/\/interamerica.org\/es\/wp-json\/wp\/v2\/types\/post"}],"author":[{"embeddable":true,"href":"https:\/\/interamerica.org\/es\/wp-json\/wp\/v2\/users\/1"}],"replies":[{"embeddable":true,"href":"https:\/\/interamerica.org\/es\/wp-json\/wp\/v2\/comments?post=11637"}],"version-history":[{"count":0,"href":"https:\/\/interamerica.org\/es\/wp-json\/wp\/v2\/posts\/11637\/revisions"}],"wp:attachment":[{"href":"https:\/\/interamerica.org\/es\/wp-json\/wp\/v2\/media?parent=11637"}],"wp:term":[{"taxonomy":"category","embeddable":true,"href":"https:\/\/interamerica.org\/es\/wp-json\/wp\/v2\/categories?post=11637"},{"taxonomy":"post_tag","embeddable":true,"href":"https:\/\/interamerica.org\/es\/wp-json\/wp\/v2\/tags?post=11637"}],"curies":[{"name":"wp","href":"https:\/\/api.w.org\/{rel}","templated":true}]}}