{"id":11638,"date":"2010-08-18T00:00:00","date_gmt":"2010-08-18T04:00:00","guid":{"rendered":"http:\/\/192.81.217.108\/interamerica\/2010\/08\/lideres-de-la-iglesia-confian-en-que-el-mensaje-adventista-contra-el-abuso-profundice-raices-en-las-iglesias-locales\/"},"modified":"2017-06-02T08:59:04","modified_gmt":"2017-06-02T12:59:04","slug":"lideres-de-la-iglesia-confian-en-que-el-mensaje-adventista-contra-el-abuso-profundice-raices-en-las-iglesias-locales","status":"publish","type":"post","link":"https:\/\/interamerica.org\/es\/2010\/08\/lideres-de-la-iglesia-confian-en-que-el-mensaje-adventista-contra-el-abuso-profundice-raices-en-las-iglesias-locales\/","title":{"rendered":"L\u00edderes de la iglesia confian en que el mensaje adventista contra el abuso profundice ra\u00edces en las iglesias locales"},"content":{"rendered":"<p><em >Silver Spring, Maryland, Estados Unidos<\/em >. &#8211; 17 de agosto, 2010&#8230; Personal de ANN  <\/p>\n<p>Durante este mes, los adventistas del s\u00e9ptimo d\u00eda, a nivel mundial, est\u00e1n animados para concientizar contra la violencia a la mujer &#8211;adulta y menor de edad &#8212; en sus respectivas congregaciones. <\/p>\n<p>La iglesia adventista celebra su <em >d\u00eda anual de \u00e9nfasis a la prevenci\u00f3n del abuso<\/em > el cuarto s\u00e1bado de cada mes de agosto.  Los l\u00edderes de la iglesia lanzaron esta iniciativa en 2001, tomando en cuenta la violencia dom\u00e9stica y el abuso sexual que afecta los hogares cristianos a una tasa similar al de la poblaci\u00f3n general.  El primer paso para prevenir el abuso, dicen ellos, es concientizar y educar.      <\/p>\n<p>Este a\u00f1o, recursos producidos por el departamento del ministerio de la mujer de la iglesia a nivel mundial, se enfoca en la violencia contra la mujer, incluyendo t\u00f3picos tales como el tr\u00e1fico humano, la prostituci\u00f3n forzada en las jovencitas, mutilaci\u00f3n genital femenina, matrimonios de ni\u00f1as, violencia dom\u00e9stica, aborto forzado y violaci\u00f3n.  En a\u00f1os anteriores se ha abordado la violencia dom\u00e9stica, el incesto, abuso de poder y abuso a los ancianos. <\/p>\n<p>Una de cada tres mujeres al rededor del mundo es v\u00edctima de represi\u00f3n f\u00edsica o psicol\u00f3gica, mientras cerca de 135 millones de ni\u00f1as han sido sometidas a mutilaci\u00f3n genital, dijeron l\u00edderes de la iglesia. <\/p>\n<p>Los materiales de este a\u00f1o est\u00e1n dise\u00f1ados para ayudar a los miembros de la iglesia a abordar el tema de la violencia contra la mujer afirmando, en primer lugar, que todo individuo es <em >\u00abtemplo<\/em >\u00bb de Dios, mereciendo el respeto, de acuerdo a la p\u00e1gina Web presentando el d\u00eda de \u00e9nfasis.  El paquete de recursos incluye un serm\u00f3n muestra, selecciones de lecturas de las Escrituras, una historia para los ni\u00f1os, y una presentaci\u00f3n en P<em >owerPoint<\/em > que los l\u00edderes locales de la iglesia deber\u00e1n presentar el s\u00e1bado 28 de agosto. <\/p>\n<p>\u00abSi somos preciosos a los ojos de Dios, entonces debemos hacer todo lo que est\u00e9 a nuestro alcance para prevenir que alguien profane, no s\u00f3lo nuestro propio cuerpo, pero el de nuestras hermanas (<em >alrededor del mundo<\/em >),\u00bb expres\u00f3 Heather-Dawn Small, directora para el ministerio de la mujer de la iglesia a nivel mundial, en una carta incluida en el paquete de recursos. <\/p>\n<p>El d\u00eda de \u00e9nfasis es tambi\u00e9n una oportunidad para reunir la comunidad en respaldo contra el abuso.  \u00abCuando uno invita la comunidad a venir a la iglesia para deliberar sobre el abuso y aprender c\u00f3mo eliminarlo, este es terreno com\u00fan\u00bb, dijo Raquel Arra\u00eds, directora asociada del ministerio de la mujer.  \u00abEllos vienen no solo para apoyar el programa, pero tambi\u00e9n para aprender m\u00e1s acerca del Dios que dice \u00abs\u00ed\u00bb al amor y \u00abs\u00ed\u00bb a la justicia\u00bb, dijo ella. <\/p>\n<p>Tambi\u00e9n, <em >EnditNow (Ponle fin ya) es <\/em >parte del actual esfuezo del departamento de ministerios de la mujer para concientizar contra el abuso a la mujer. End<em >ItNow<\/em > fue presentado el a\u00f1o pasado en conjunto con el brazo humanitario de la iglesia, <em >Agencia de Desarrollo y Recursos Asistenciales (ADRA<\/em >), para poner fin a la violencia contra la mujer y las menores.   <\/p>\n<p>Para saber m\u00e1s sobre <em ><strong >EndItNow<\/strong >,<\/em > <em >pulse aqu\u00ed <\/em ><\/p>\n<p><a  href=\"http:\/\/www.enditnow.org\/\">http:\/\/www.enditnow.org\/<\/a >. <\/p>\n<p>Busque aqu\u00ed el paquete de recursos para el <strong ><em >D\u00eda de \u00e9nfasis sobre la prevenci\u00f3n del abuso.<\/em > <\/strong ><\/p>\n<p><em >Traduci\u00f3n: Aleida T. Romero<\/em > <\/p>\n","protected":false},"excerpt":{"rendered":"<p>Durante este mes, los adventistas del s\u00e9ptimo d\u00eda, a nivel mundial, est\u00e1n animados a concientizar contra la violencia a la mujer y las menores en sus respectivas congregaciones.<\/p>\n","protected":false},"author":1,"featured_media":0,"comment_status":"closed","ping_status":"closed","sticky":false,"template":"","format":"standard","meta":{"_acf_changed":false,"footnotes":""},"categories":[8],"tags":[],"class_list":["post-11638","post","type-post","status-publish","format-standard","hentry","category-archivo"],"acf":[],"yoast_head":"<!-- This site is optimized with the Yoast SEO plugin v27.3 - https:\/\/yoast.com\/product\/yoast-seo-wordpress\/ -->\n<title>L\u00edderes de la iglesia confian en que el mensaje adventista contra el abuso profundice ra\u00edces en las iglesias locales - Iglesia Adventista del S\u00e9ptimo D\u00eda - Divisi\u00f3n Interamericana<\/title>\n<meta name=\"robots\" content=\"index, follow, max-snippet:-1, max-image-preview:large, max-video-preview:-1\" \/>\n<link rel=\"canonical\" href=\"https:\/\/interamerica.org\/es\/2010\/08\/lideres-de-la-iglesia-confian-en-que-el-mensaje-adventista-contra-el-abuso-profundice-raices-en-las-iglesias-locales\/\" \/>\n<meta property=\"og:locale\" content=\"es_ES\" \/>\n<meta property=\"og:type\" content=\"article\" \/>\n<meta property=\"og:title\" content=\"L\u00edderes de la iglesia confian en que el mensaje adventista contra el abuso profundice ra\u00edces en las iglesias locales - Iglesia Adventista del S\u00e9ptimo D\u00eda - Divisi\u00f3n Interamericana\" \/>\n<meta property=\"og:description\" content=\"Durante este mes, los adventistas del s\u00e9ptimo d\u00eda, a nivel mundial, est\u00e1n animados a concientizar contra la violencia a la mujer y las menores en sus respectivas congregaciones.\" \/>\n<meta property=\"og:url\" content=\"https:\/\/interamerica.org\/es\/2010\/08\/lideres-de-la-iglesia-confian-en-que-el-mensaje-adventista-contra-el-abuso-profundice-raices-en-las-iglesias-locales\/\" \/>\n<meta property=\"og:site_name\" content=\"Iglesia Adventista del S\u00e9ptimo D\u00eda - Divisi\u00f3n Interamericana\" \/>\n<meta property=\"article:published_time\" content=\"2010-08-18T04:00:00+00:00\" \/>\n<meta property=\"article:modified_time\" content=\"2017-06-02T12:59:04+00:00\" \/>\n<meta name=\"author\" content=\"Lorenzo Verduzco\" \/>\n<meta name=\"twitter:card\" content=\"summary_large_image\" \/>\n<meta name=\"twitter:label1\" content=\"Escrito por\" \/>\n\t<meta name=\"twitter:data1\" content=\"Lorenzo Verduzco\" \/>\n\t<meta name=\"twitter:label2\" content=\"Tiempo de lectura\" \/>\n\t<meta name=\"twitter:data2\" content=\"3 minutos\" \/>\n<script type=\"application\/ld+json\" class=\"yoast-schema-graph\">{\"@context\":\"https:\\\/\\\/schema.org\",\"@graph\":[{\"@type\":\"Article\",\"@id\":\"https:\\\/\\\/interamerica.org\\\/es\\\/2010\\\/08\\\/lideres-de-la-iglesia-confian-en-que-el-mensaje-adventista-contra-el-abuso-profundice-raices-en-las-iglesias-locales\\\/#article\",\"isPartOf\":{\"@id\":\"https:\\\/\\\/interamerica.org\\\/es\\\/2010\\\/08\\\/lideres-de-la-iglesia-confian-en-que-el-mensaje-adventista-contra-el-abuso-profundice-raices-en-las-iglesias-locales\\\/\"},\"author\":{\"name\":\"Lorenzo Verduzco\",\"@id\":\"https:\\\/\\\/interamerica.org\\\/es\\\/#\\\/schema\\\/person\\\/68ede8bdc292885bb76c1e3810e73c39\"},\"headline\":\"L\u00edderes de la iglesia confian en que el mensaje adventista contra el abuso profundice ra\u00edces en las iglesias locales\",\"datePublished\":\"2010-08-18T04:00:00+00:00\",\"dateModified\":\"2017-06-02T12:59:04+00:00\",\"mainEntityOfPage\":{\"@id\":\"https:\\\/\\\/interamerica.org\\\/es\\\/2010\\\/08\\\/lideres-de-la-iglesia-confian-en-que-el-mensaje-adventista-contra-el-abuso-profundice-raices-en-las-iglesias-locales\\\/\"},\"wordCount\":601,\"articleSection\":[\"Archivo\"],\"inLanguage\":\"es\"},{\"@type\":\"WebPage\",\"@id\":\"https:\\\/\\\/interamerica.org\\\/es\\\/2010\\\/08\\\/lideres-de-la-iglesia-confian-en-que-el-mensaje-adventista-contra-el-abuso-profundice-raices-en-las-iglesias-locales\\\/\",\"url\":\"https:\\\/\\\/interamerica.org\\\/es\\\/2010\\\/08\\\/lideres-de-la-iglesia-confian-en-que-el-mensaje-adventista-contra-el-abuso-profundice-raices-en-las-iglesias-locales\\\/\",\"name\":\"L\u00edderes de la iglesia confian en que el mensaje adventista contra el abuso profundice ra\u00edces en las iglesias locales - Iglesia Adventista del S\u00e9ptimo D\u00eda - Divisi\u00f3n Interamericana\",\"isPartOf\":{\"@id\":\"https:\\\/\\\/interamerica.org\\\/es\\\/#website\"},\"datePublished\":\"2010-08-18T04:00:00+00:00\",\"dateModified\":\"2017-06-02T12:59:04+00:00\",\"author\":{\"@id\":\"https:\\\/\\\/interamerica.org\\\/es\\\/#\\\/schema\\\/person\\\/68ede8bdc292885bb76c1e3810e73c39\"},\"breadcrumb\":{\"@id\":\"https:\\\/\\\/interamerica.org\\\/es\\\/2010\\\/08\\\/lideres-de-la-iglesia-confian-en-que-el-mensaje-adventista-contra-el-abuso-profundice-raices-en-las-iglesias-locales\\\/#breadcrumb\"},\"inLanguage\":\"es\",\"potentialAction\":[{\"@type\":\"ReadAction\",\"target\":[\"https:\\\/\\\/interamerica.org\\\/es\\\/2010\\\/08\\\/lideres-de-la-iglesia-confian-en-que-el-mensaje-adventista-contra-el-abuso-profundice-raices-en-las-iglesias-locales\\\/\"]}]},{\"@type\":\"BreadcrumbList\",\"@id\":\"https:\\\/\\\/interamerica.org\\\/es\\\/2010\\\/08\\\/lideres-de-la-iglesia-confian-en-que-el-mensaje-adventista-contra-el-abuso-profundice-raices-en-las-iglesias-locales\\\/#breadcrumb\",\"itemListElement\":[{\"@type\":\"ListItem\",\"position\":1,\"name\":\"Home\",\"item\":\"https:\\\/\\\/interamerica.org\\\/es\\\/\"},{\"@type\":\"ListItem\",\"position\":2,\"name\":\"L\u00edderes de la iglesia confian en que el mensaje adventista contra el abuso profundice ra\u00edces en las iglesias locales\"}]},{\"@type\":\"WebSite\",\"@id\":\"https:\\\/\\\/interamerica.org\\\/es\\\/#website\",\"url\":\"https:\\\/\\\/interamerica.org\\\/es\\\/\",\"name\":\"Iglesia Adventista del S\u00e9ptimo D\u00eda - Divisi\u00f3n Interamericana\",\"description\":\"\",\"potentialAction\":[{\"@type\":\"SearchAction\",\"target\":{\"@type\":\"EntryPoint\",\"urlTemplate\":\"https:\\\/\\\/interamerica.org\\\/es\\\/?s={search_term_string}\"},\"query-input\":{\"@type\":\"PropertyValueSpecification\",\"valueRequired\":true,\"valueName\":\"search_term_string\"}}],\"inLanguage\":\"es\"},{\"@type\":\"Person\",\"@id\":\"https:\\\/\\\/interamerica.org\\\/es\\\/#\\\/schema\\\/person\\\/68ede8bdc292885bb76c1e3810e73c39\",\"name\":\"Lorenzo Verduzco\",\"image\":{\"@type\":\"ImageObject\",\"inLanguage\":\"es\",\"@id\":\"https:\\\/\\\/secure.gravatar.com\\\/avatar\\\/fb81a55b6218459490a9c1dc841a34909185b81904c5337b4b27f7a6fd60c49e?s=96&d=mm&r=g\",\"url\":\"https:\\\/\\\/secure.gravatar.com\\\/avatar\\\/fb81a55b6218459490a9c1dc841a34909185b81904c5337b4b27f7a6fd60c49e?s=96&d=mm&r=g\",\"contentUrl\":\"https:\\\/\\\/secure.gravatar.com\\\/avatar\\\/fb81a55b6218459490a9c1dc841a34909185b81904c5337b4b27f7a6fd60c49e?s=96&d=mm&r=g\",\"caption\":\"Lorenzo Verduzco\"}}]}<\/script>\n<!-- \/ Yoast SEO plugin. -->","yoast_head_json":{"title":"L\u00edderes de la iglesia confian en que el mensaje adventista contra el abuso profundice ra\u00edces en las iglesias locales - Iglesia Adventista del S\u00e9ptimo D\u00eda - Divisi\u00f3n Interamericana","robots":{"index":"index","follow":"follow","max-snippet":"max-snippet:-1","max-image-preview":"max-image-preview:large","max-video-preview":"max-video-preview:-1"},"canonical":"https:\/\/interamerica.org\/es\/2010\/08\/lideres-de-la-iglesia-confian-en-que-el-mensaje-adventista-contra-el-abuso-profundice-raices-en-las-iglesias-locales\/","og_locale":"es_ES","og_type":"article","og_title":"L\u00edderes de la iglesia confian en que el mensaje adventista contra el abuso profundice ra\u00edces en las iglesias locales - Iglesia Adventista del S\u00e9ptimo D\u00eda - Divisi\u00f3n Interamericana","og_description":"Durante este mes, los adventistas del s\u00e9ptimo d\u00eda, a nivel mundial, est\u00e1n animados a concientizar contra la violencia a la mujer y las menores en sus respectivas congregaciones.","og_url":"https:\/\/interamerica.org\/es\/2010\/08\/lideres-de-la-iglesia-confian-en-que-el-mensaje-adventista-contra-el-abuso-profundice-raices-en-las-iglesias-locales\/","og_site_name":"Iglesia Adventista del S\u00e9ptimo D\u00eda - Divisi\u00f3n Interamericana","article_published_time":"2010-08-18T04:00:00+00:00","article_modified_time":"2017-06-02T12:59:04+00:00","author":"Lorenzo Verduzco","twitter_card":"summary_large_image","twitter_misc":{"Escrito por":"Lorenzo Verduzco","Tiempo de lectura":"3 minutos"},"schema":{"@context":"https:\/\/schema.org","@graph":[{"@type":"Article","@id":"https:\/\/interamerica.org\/es\/2010\/08\/lideres-de-la-iglesia-confian-en-que-el-mensaje-adventista-contra-el-abuso-profundice-raices-en-las-iglesias-locales\/#article","isPartOf":{"@id":"https:\/\/interamerica.org\/es\/2010\/08\/lideres-de-la-iglesia-confian-en-que-el-mensaje-adventista-contra-el-abuso-profundice-raices-en-las-iglesias-locales\/"},"author":{"name":"Lorenzo Verduzco","@id":"https:\/\/interamerica.org\/es\/#\/schema\/person\/68ede8bdc292885bb76c1e3810e73c39"},"headline":"L\u00edderes de la iglesia confian en que el mensaje adventista contra el abuso profundice ra\u00edces en las iglesias locales","datePublished":"2010-08-18T04:00:00+00:00","dateModified":"2017-06-02T12:59:04+00:00","mainEntityOfPage":{"@id":"https:\/\/interamerica.org\/es\/2010\/08\/lideres-de-la-iglesia-confian-en-que-el-mensaje-adventista-contra-el-abuso-profundice-raices-en-las-iglesias-locales\/"},"wordCount":601,"articleSection":["Archivo"],"inLanguage":"es"},{"@type":"WebPage","@id":"https:\/\/interamerica.org\/es\/2010\/08\/lideres-de-la-iglesia-confian-en-que-el-mensaje-adventista-contra-el-abuso-profundice-raices-en-las-iglesias-locales\/","url":"https:\/\/interamerica.org\/es\/2010\/08\/lideres-de-la-iglesia-confian-en-que-el-mensaje-adventista-contra-el-abuso-profundice-raices-en-las-iglesias-locales\/","name":"L\u00edderes de la iglesia confian en que el mensaje adventista contra el abuso profundice ra\u00edces en las iglesias locales - Iglesia Adventista del S\u00e9ptimo D\u00eda - Divisi\u00f3n Interamericana","isPartOf":{"@id":"https:\/\/interamerica.org\/es\/#website"},"datePublished":"2010-08-18T04:00:00+00:00","dateModified":"2017-06-02T12:59:04+00:00","author":{"@id":"https:\/\/interamerica.org\/es\/#\/schema\/person\/68ede8bdc292885bb76c1e3810e73c39"},"breadcrumb":{"@id":"https:\/\/interamerica.org\/es\/2010\/08\/lideres-de-la-iglesia-confian-en-que-el-mensaje-adventista-contra-el-abuso-profundice-raices-en-las-iglesias-locales\/#breadcrumb"},"inLanguage":"es","potentialAction":[{"@type":"ReadAction","target":["https:\/\/interamerica.org\/es\/2010\/08\/lideres-de-la-iglesia-confian-en-que-el-mensaje-adventista-contra-el-abuso-profundice-raices-en-las-iglesias-locales\/"]}]},{"@type":"BreadcrumbList","@id":"https:\/\/interamerica.org\/es\/2010\/08\/lideres-de-la-iglesia-confian-en-que-el-mensaje-adventista-contra-el-abuso-profundice-raices-en-las-iglesias-locales\/#breadcrumb","itemListElement":[{"@type":"ListItem","position":1,"name":"Home","item":"https:\/\/interamerica.org\/es\/"},{"@type":"ListItem","position":2,"name":"L\u00edderes de la iglesia confian en que el mensaje adventista contra el abuso profundice ra\u00edces en las iglesias locales"}]},{"@type":"WebSite","@id":"https:\/\/interamerica.org\/es\/#website","url":"https:\/\/interamerica.org\/es\/","name":"Iglesia Adventista del S\u00e9ptimo D\u00eda - Divisi\u00f3n Interamericana","description":"","potentialAction":[{"@type":"SearchAction","target":{"@type":"EntryPoint","urlTemplate":"https:\/\/interamerica.org\/es\/?s={search_term_string}"},"query-input":{"@type":"PropertyValueSpecification","valueRequired":true,"valueName":"search_term_string"}}],"inLanguage":"es"},{"@type":"Person","@id":"https:\/\/interamerica.org\/es\/#\/schema\/person\/68ede8bdc292885bb76c1e3810e73c39","name":"Lorenzo Verduzco","image":{"@type":"ImageObject","inLanguage":"es","@id":"https:\/\/secure.gravatar.com\/avatar\/fb81a55b6218459490a9c1dc841a34909185b81904c5337b4b27f7a6fd60c49e?s=96&d=mm&r=g","url":"https:\/\/secure.gravatar.com\/avatar\/fb81a55b6218459490a9c1dc841a34909185b81904c5337b4b27f7a6fd60c49e?s=96&d=mm&r=g","contentUrl":"https:\/\/secure.gravatar.com\/avatar\/fb81a55b6218459490a9c1dc841a34909185b81904c5337b4b27f7a6fd60c49e?s=96&d=mm&r=g","caption":"Lorenzo Verduzco"}}]}},"_links":{"self":[{"href":"https:\/\/interamerica.org\/es\/wp-json\/wp\/v2\/posts\/11638","targetHints":{"allow":["GET"]}}],"collection":[{"href":"https:\/\/interamerica.org\/es\/wp-json\/wp\/v2\/posts"}],"about":[{"href":"https:\/\/interamerica.org\/es\/wp-json\/wp\/v2\/types\/post"}],"author":[{"embeddable":true,"href":"https:\/\/interamerica.org\/es\/wp-json\/wp\/v2\/users\/1"}],"replies":[{"embeddable":true,"href":"https:\/\/interamerica.org\/es\/wp-json\/wp\/v2\/comments?post=11638"}],"version-history":[{"count":0,"href":"https:\/\/interamerica.org\/es\/wp-json\/wp\/v2\/posts\/11638\/revisions"}],"wp:attachment":[{"href":"https:\/\/interamerica.org\/es\/wp-json\/wp\/v2\/media?parent=11638"}],"wp:term":[{"taxonomy":"category","embeddable":true,"href":"https:\/\/interamerica.org\/es\/wp-json\/wp\/v2\/categories?post=11638"},{"taxonomy":"post_tag","embeddable":true,"href":"https:\/\/interamerica.org\/es\/wp-json\/wp\/v2\/tags?post=11638"}],"curies":[{"name":"wp","href":"https:\/\/api.w.org\/{rel}","templated":true}]}}