{"id":11641,"date":"2010-08-24T00:00:00","date_gmt":"2010-08-24T04:00:00","guid":{"rendered":"http:\/\/192.81.217.108\/interamerica\/2010\/08\/hospitales-adventistas-en-interamerica-se-incorporan-a-adventist-health-international-services-network-red-de-servicios-de-salud-internacional-adventista\/"},"modified":"2017-06-02T08:59:00","modified_gmt":"2017-06-02T12:59:00","slug":"hospitales-adventistas-en-interamerica-se-incorporan-a-adventist-health-international-services-network-red-de-servicios-de-salud-internacional-adventista","status":"publish","type":"post","link":"https:\/\/interamerica.org\/es\/2010\/08\/hospitales-adventistas-en-interamerica-se-incorporan-a-adventist-health-international-services-network-red-de-servicios-de-salud-internacional-adventista\/","title":{"rendered":"Hospitales adventistas en Interamerica se incorporan a \u00abAdventist Health International Services Network\u00bb (Red de Servicios de Salud Internacional Adventista)"},"content":{"rendered":"<p><em >Miami, Florida,  &#8211;<\/em > 24 de agosto, 2010&#8230; Libna Stevens\/DIA   <\/p>\n<p>Todas las instituciones para el cuidado de la salud de la iglesia adventista del s\u00e9ptimo d\u00eda en territorio de la Divisi\u00f3n Interamericana (DIA), pronto ser\u00e1n parte de los Servicios de Salud Internacional Adventista (AHIS), organizaci\u00f3n y establecida por <em >Andrews University<\/em > (Universidad Adventista Andrews), Loma Linda, California, e inscrita en Switzerland.  AHIS est\u00e1 asociada con <em >Adventist Healthcare Services <\/em >en los pa\u00edses en desarrollo para fortalecer la administraci\u00f3n y la movilizaci\u00f3n del personal y sus recursos para promover servicios del cuidado de la salud de calidad.   <\/p>\n<p>Esta fue una decisi\u00f3n tomada hace poco por los administradores de la iglesia a trav\u00e9s de toda la DIA.  El grupo se reuni\u00f3 para estudiar cada centro de salud en todo el territorio e hizo la propuesta de establecer AHIS-Interam\u00e9rica (AHIS-IA), organizaci\u00f3n que existir\u00e1 como rama regional y actuar\u00e1 como coyuntura para todos los 13 hospitales y 21 cl\u00ednicas del territorio. <\/p>\n<p>\u00abEsto es un sue\u00f1o hecho realidad\u00bb, dijo Elie Honor\u00e9, MD, MPH. MHA, reci\u00e9n elegido presidente de AHIS-Interam\u00e9rica (AHIS-DIA).  \u00abEn un mundo tan cambiante cada d\u00eda, presentando retos a nuestras instituciones para el cuidado de la salud, es fundamental que nuestros hospitales y cl\u00ednicas se mantengan unidas en esta nueva sociedad\u00bb.     <\/p>\n<p>Bajo esta nueva empresa, los hospitales y las cl\u00ednicas podr\u00e1n continuar siendo operadas por sus organizaciones de iglesia locales, pero podr\u00e1n asociarse con AHIS y AHIS-IA para ayudar a estructurar las juntas y proveer apoyo t\u00e9cnico y recursos. <\/p>\n<p>El Dr. Honor\u00e9 dijo que hay un <em >Memor\u00e1ndum de Entendimiento<\/em > que gobierna esa asociaci\u00f3n.  El dijo que los reglamentos para el manejo de la nueva asociaci\u00f3n se han estado elaborando por alg\u00fan tiempo y se implementar\u00e1n en los pr\u00f3ximos meses. <\/p>\n<p>Por varios a\u00f1os, siete hospitales y cinco cl\u00ednicas en la DIA ya han estado bajo el liderazgo de AHIS, seg\u00fan Honor\u00e9. Estos hospitales y cl\u00ednicas se han beneficiado much\u00edsimo de esa asociaci\u00f3n, en especial el Hospital Adventista de Hait\u00ed, en Puerto Pr\u00edncipe, el cual se recupera, a\u00fan, del fuerte terremoto que caus\u00f3 amplia destrucci\u00f3n el a\u00f1o pasado. <\/p>\n<p>\u00abAHIS ha seguido proveyendo ayuda hasta ahora, fortaleciendo el hospital en Hait\u00ed a fin de que llegue a ser uno de los mejor conocidos hospitales en el pa\u00eds\u00bb, dijo el doctor Honor\u00e9. <\/p>\n<p>\u00abEs importante que sigamos mejorando nuestros hospitales y cl\u00ednicas y continuar proveyendo servicios de calidad en armon\u00eda con la filosof\u00eda y los principios adventistas a trav\u00e9s de nuestro territorio\u00bb, dijo el doctor Honor\u00e9. <\/p>\n<p>Se est\u00e1n formulando planes para estudiar cada hospital y cl\u00ednica a fin de mejorar la calidad de los servicios, implementar las mejores pr\u00e1cticas gerenciales y lograr la acreditaci\u00f3n de cada instituci\u00f3n local e internacionalmente. <\/p>\n<p>\u00abEl objetivo es tener 90 por ciento de nuestras instituciones acreditadas localmente y algo como un 35 por de ellas acreditadas a nivel internacional dentro de los pr\u00f3ximos cinco a\u00f1os\u00bb, agreg\u00f3 el doctor Honor\u00e9.  \u00abQueremos que todas las instituciones tengan una s\u00f3lida base cient\u00edfica, un buen programa de prevenci\u00f3n, un vigoroso esfuerzo de alcance misionero en la comunidad, con un programa comprehensivo de mantenimiento, un programa altamente eficiente en el manejo de riesgos y un vigoroso servicio interno de capacitaci\u00f3n y educaci\u00f3n continuada\u00bb.    <\/p>\n<p>La Iglesia Adventista del S\u00e9ptimo D\u00eda opera 13 hospitales y 21 cl\u00ednicas en nueve pa\u00edses a trav\u00e9s de la DIA, que incluyen Belice, Trinidad, Guyana, Rep\u00fablica Dominicana, Hait\u00ed, Honduras, M\u00e9xico, Puerto Rico, Venezuela y Jamaica. <\/p>\n<p><em >Traducci\u00f3n:  Aleida Romero <\/em > <\/p><\/p>\n","protected":false},"excerpt":{"rendered":"<p>Las instituciones para el cuidado de la salud de la iglesia adventista en territorio de la Divisi\u00f3n Interamericana(DIA) pronto ser\u00e1n parte de los Servicios de Salud Adventista Internacional (AHIS)&#8230;<\/p>\n","protected":false},"author":1,"featured_media":0,"comment_status":"closed","ping_status":"closed","sticky":false,"template":"","format":"standard","meta":{"_acf_changed":false,"footnotes":""},"categories":[8],"tags":[],"class_list":["post-11641","post","type-post","status-publish","format-standard","hentry","category-archivo"],"acf":[],"yoast_head":"<!-- This site is optimized with the Yoast SEO plugin v27.3 - https:\/\/yoast.com\/product\/yoast-seo-wordpress\/ -->\n<title>Hospitales adventistas en Interamerica se incorporan a &quot;Adventist Health International Services Network&quot; (Red de Servicios de Salud Internacional Adventista) - Iglesia Adventista del S\u00e9ptimo D\u00eda - Divisi\u00f3n Interamericana<\/title>\n<meta name=\"robots\" content=\"index, follow, max-snippet:-1, max-image-preview:large, max-video-preview:-1\" \/>\n<link rel=\"canonical\" href=\"https:\/\/interamerica.org\/es\/2010\/08\/hospitales-adventistas-en-interamerica-se-incorporan-a-adventist-health-international-services-network-red-de-servicios-de-salud-internacional-adventista\/\" \/>\n<meta property=\"og:locale\" content=\"es_ES\" \/>\n<meta property=\"og:type\" content=\"article\" \/>\n<meta property=\"og:title\" content=\"Hospitales adventistas en Interamerica se incorporan a &quot;Adventist Health International Services Network&quot; (Red de Servicios de Salud Internacional Adventista) - Iglesia Adventista del S\u00e9ptimo D\u00eda - Divisi\u00f3n Interamericana\" \/>\n<meta property=\"og:description\" content=\"Las instituciones para el cuidado de la salud de la iglesia adventista en territorio de la Divisi\u00f3n Interamericana(DIA) pronto ser\u00e1n parte de los Servicios de Salud Adventista Internacional (AHIS)...\" \/>\n<meta property=\"og:url\" content=\"https:\/\/interamerica.org\/es\/2010\/08\/hospitales-adventistas-en-interamerica-se-incorporan-a-adventist-health-international-services-network-red-de-servicios-de-salud-internacional-adventista\/\" \/>\n<meta property=\"og:site_name\" content=\"Iglesia Adventista del S\u00e9ptimo D\u00eda - Divisi\u00f3n Interamericana\" \/>\n<meta property=\"article:published_time\" content=\"2010-08-24T04:00:00+00:00\" \/>\n<meta property=\"article:modified_time\" content=\"2017-06-02T12:59:00+00:00\" \/>\n<meta name=\"author\" content=\"Lorenzo Verduzco\" \/>\n<meta name=\"twitter:card\" content=\"summary_large_image\" \/>\n<meta name=\"twitter:label1\" content=\"Escrito por\" \/>\n\t<meta name=\"twitter:data1\" content=\"Lorenzo Verduzco\" \/>\n\t<meta name=\"twitter:label2\" content=\"Tiempo de lectura\" \/>\n\t<meta name=\"twitter:data2\" content=\"3 minutos\" \/>\n<script type=\"application\/ld+json\" class=\"yoast-schema-graph\">{\"@context\":\"https:\\\/\\\/schema.org\",\"@graph\":[{\"@type\":\"Article\",\"@id\":\"https:\\\/\\\/interamerica.org\\\/es\\\/2010\\\/08\\\/hospitales-adventistas-en-interamerica-se-incorporan-a-adventist-health-international-services-network-red-de-servicios-de-salud-internacional-adventista\\\/#article\",\"isPartOf\":{\"@id\":\"https:\\\/\\\/interamerica.org\\\/es\\\/2010\\\/08\\\/hospitales-adventistas-en-interamerica-se-incorporan-a-adventist-health-international-services-network-red-de-servicios-de-salud-internacional-adventista\\\/\"},\"author\":{\"name\":\"Lorenzo Verduzco\",\"@id\":\"https:\\\/\\\/interamerica.org\\\/es\\\/#\\\/schema\\\/person\\\/68ede8bdc292885bb76c1e3810e73c39\"},\"headline\":\"Hospitales adventistas en Interamerica se incorporan a \u00abAdventist Health International Services Network\u00bb (Red de Servicios de Salud Internacional Adventista)\",\"datePublished\":\"2010-08-24T04:00:00+00:00\",\"dateModified\":\"2017-06-02T12:59:00+00:00\",\"mainEntityOfPage\":{\"@id\":\"https:\\\/\\\/interamerica.org\\\/es\\\/2010\\\/08\\\/hospitales-adventistas-en-interamerica-se-incorporan-a-adventist-health-international-services-network-red-de-servicios-de-salud-internacional-adventista\\\/\"},\"wordCount\":634,\"articleSection\":[\"Archivo\"],\"inLanguage\":\"es\"},{\"@type\":\"WebPage\",\"@id\":\"https:\\\/\\\/interamerica.org\\\/es\\\/2010\\\/08\\\/hospitales-adventistas-en-interamerica-se-incorporan-a-adventist-health-international-services-network-red-de-servicios-de-salud-internacional-adventista\\\/\",\"url\":\"https:\\\/\\\/interamerica.org\\\/es\\\/2010\\\/08\\\/hospitales-adventistas-en-interamerica-se-incorporan-a-adventist-health-international-services-network-red-de-servicios-de-salud-internacional-adventista\\\/\",\"name\":\"Hospitales adventistas en Interamerica se incorporan a \\\"Adventist Health International Services Network\\\" (Red de Servicios de Salud Internacional Adventista) - Iglesia Adventista del S\u00e9ptimo D\u00eda - Divisi\u00f3n Interamericana\",\"isPartOf\":{\"@id\":\"https:\\\/\\\/interamerica.org\\\/es\\\/#website\"},\"datePublished\":\"2010-08-24T04:00:00+00:00\",\"dateModified\":\"2017-06-02T12:59:00+00:00\",\"author\":{\"@id\":\"https:\\\/\\\/interamerica.org\\\/es\\\/#\\\/schema\\\/person\\\/68ede8bdc292885bb76c1e3810e73c39\"},\"breadcrumb\":{\"@id\":\"https:\\\/\\\/interamerica.org\\\/es\\\/2010\\\/08\\\/hospitales-adventistas-en-interamerica-se-incorporan-a-adventist-health-international-services-network-red-de-servicios-de-salud-internacional-adventista\\\/#breadcrumb\"},\"inLanguage\":\"es\",\"potentialAction\":[{\"@type\":\"ReadAction\",\"target\":[\"https:\\\/\\\/interamerica.org\\\/es\\\/2010\\\/08\\\/hospitales-adventistas-en-interamerica-se-incorporan-a-adventist-health-international-services-network-red-de-servicios-de-salud-internacional-adventista\\\/\"]}]},{\"@type\":\"BreadcrumbList\",\"@id\":\"https:\\\/\\\/interamerica.org\\\/es\\\/2010\\\/08\\\/hospitales-adventistas-en-interamerica-se-incorporan-a-adventist-health-international-services-network-red-de-servicios-de-salud-internacional-adventista\\\/#breadcrumb\",\"itemListElement\":[{\"@type\":\"ListItem\",\"position\":1,\"name\":\"Home\",\"item\":\"https:\\\/\\\/interamerica.org\\\/es\\\/\"},{\"@type\":\"ListItem\",\"position\":2,\"name\":\"Hospitales adventistas en Interamerica se incorporan a \u00abAdventist Health International Services Network\u00bb (Red de Servicios de Salud Internacional Adventista)\"}]},{\"@type\":\"WebSite\",\"@id\":\"https:\\\/\\\/interamerica.org\\\/es\\\/#website\",\"url\":\"https:\\\/\\\/interamerica.org\\\/es\\\/\",\"name\":\"Iglesia Adventista del S\u00e9ptimo D\u00eda - Divisi\u00f3n Interamericana\",\"description\":\"\",\"potentialAction\":[{\"@type\":\"SearchAction\",\"target\":{\"@type\":\"EntryPoint\",\"urlTemplate\":\"https:\\\/\\\/interamerica.org\\\/es\\\/?s={search_term_string}\"},\"query-input\":{\"@type\":\"PropertyValueSpecification\",\"valueRequired\":true,\"valueName\":\"search_term_string\"}}],\"inLanguage\":\"es\"},{\"@type\":\"Person\",\"@id\":\"https:\\\/\\\/interamerica.org\\\/es\\\/#\\\/schema\\\/person\\\/68ede8bdc292885bb76c1e3810e73c39\",\"name\":\"Lorenzo Verduzco\",\"image\":{\"@type\":\"ImageObject\",\"inLanguage\":\"es\",\"@id\":\"https:\\\/\\\/secure.gravatar.com\\\/avatar\\\/fb81a55b6218459490a9c1dc841a34909185b81904c5337b4b27f7a6fd60c49e?s=96&d=mm&r=g\",\"url\":\"https:\\\/\\\/secure.gravatar.com\\\/avatar\\\/fb81a55b6218459490a9c1dc841a34909185b81904c5337b4b27f7a6fd60c49e?s=96&d=mm&r=g\",\"contentUrl\":\"https:\\\/\\\/secure.gravatar.com\\\/avatar\\\/fb81a55b6218459490a9c1dc841a34909185b81904c5337b4b27f7a6fd60c49e?s=96&d=mm&r=g\",\"caption\":\"Lorenzo Verduzco\"}}]}<\/script>\n<!-- \/ Yoast SEO plugin. -->","yoast_head_json":{"title":"Hospitales adventistas en Interamerica se incorporan a \"Adventist Health International Services Network\" (Red de Servicios de Salud Internacional Adventista) - Iglesia Adventista del S\u00e9ptimo D\u00eda - Divisi\u00f3n Interamericana","robots":{"index":"index","follow":"follow","max-snippet":"max-snippet:-1","max-image-preview":"max-image-preview:large","max-video-preview":"max-video-preview:-1"},"canonical":"https:\/\/interamerica.org\/es\/2010\/08\/hospitales-adventistas-en-interamerica-se-incorporan-a-adventist-health-international-services-network-red-de-servicios-de-salud-internacional-adventista\/","og_locale":"es_ES","og_type":"article","og_title":"Hospitales adventistas en Interamerica se incorporan a \"Adventist Health International Services Network\" (Red de Servicios de Salud Internacional Adventista) - Iglesia Adventista del S\u00e9ptimo D\u00eda - Divisi\u00f3n Interamericana","og_description":"Las instituciones para el cuidado de la salud de la iglesia adventista en territorio de la Divisi\u00f3n Interamericana(DIA) pronto ser\u00e1n parte de los Servicios de Salud Adventista Internacional (AHIS)...","og_url":"https:\/\/interamerica.org\/es\/2010\/08\/hospitales-adventistas-en-interamerica-se-incorporan-a-adventist-health-international-services-network-red-de-servicios-de-salud-internacional-adventista\/","og_site_name":"Iglesia Adventista del S\u00e9ptimo D\u00eda - Divisi\u00f3n Interamericana","article_published_time":"2010-08-24T04:00:00+00:00","article_modified_time":"2017-06-02T12:59:00+00:00","author":"Lorenzo Verduzco","twitter_card":"summary_large_image","twitter_misc":{"Escrito por":"Lorenzo Verduzco","Tiempo de lectura":"3 minutos"},"schema":{"@context":"https:\/\/schema.org","@graph":[{"@type":"Article","@id":"https:\/\/interamerica.org\/es\/2010\/08\/hospitales-adventistas-en-interamerica-se-incorporan-a-adventist-health-international-services-network-red-de-servicios-de-salud-internacional-adventista\/#article","isPartOf":{"@id":"https:\/\/interamerica.org\/es\/2010\/08\/hospitales-adventistas-en-interamerica-se-incorporan-a-adventist-health-international-services-network-red-de-servicios-de-salud-internacional-adventista\/"},"author":{"name":"Lorenzo Verduzco","@id":"https:\/\/interamerica.org\/es\/#\/schema\/person\/68ede8bdc292885bb76c1e3810e73c39"},"headline":"Hospitales adventistas en Interamerica se incorporan a \u00abAdventist Health International Services Network\u00bb (Red de Servicios de Salud Internacional Adventista)","datePublished":"2010-08-24T04:00:00+00:00","dateModified":"2017-06-02T12:59:00+00:00","mainEntityOfPage":{"@id":"https:\/\/interamerica.org\/es\/2010\/08\/hospitales-adventistas-en-interamerica-se-incorporan-a-adventist-health-international-services-network-red-de-servicios-de-salud-internacional-adventista\/"},"wordCount":634,"articleSection":["Archivo"],"inLanguage":"es"},{"@type":"WebPage","@id":"https:\/\/interamerica.org\/es\/2010\/08\/hospitales-adventistas-en-interamerica-se-incorporan-a-adventist-health-international-services-network-red-de-servicios-de-salud-internacional-adventista\/","url":"https:\/\/interamerica.org\/es\/2010\/08\/hospitales-adventistas-en-interamerica-se-incorporan-a-adventist-health-international-services-network-red-de-servicios-de-salud-internacional-adventista\/","name":"Hospitales adventistas en Interamerica se incorporan a \"Adventist Health International Services Network\" (Red de Servicios de Salud Internacional Adventista) - Iglesia Adventista del S\u00e9ptimo D\u00eda - Divisi\u00f3n Interamericana","isPartOf":{"@id":"https:\/\/interamerica.org\/es\/#website"},"datePublished":"2010-08-24T04:00:00+00:00","dateModified":"2017-06-02T12:59:00+00:00","author":{"@id":"https:\/\/interamerica.org\/es\/#\/schema\/person\/68ede8bdc292885bb76c1e3810e73c39"},"breadcrumb":{"@id":"https:\/\/interamerica.org\/es\/2010\/08\/hospitales-adventistas-en-interamerica-se-incorporan-a-adventist-health-international-services-network-red-de-servicios-de-salud-internacional-adventista\/#breadcrumb"},"inLanguage":"es","potentialAction":[{"@type":"ReadAction","target":["https:\/\/interamerica.org\/es\/2010\/08\/hospitales-adventistas-en-interamerica-se-incorporan-a-adventist-health-international-services-network-red-de-servicios-de-salud-internacional-adventista\/"]}]},{"@type":"BreadcrumbList","@id":"https:\/\/interamerica.org\/es\/2010\/08\/hospitales-adventistas-en-interamerica-se-incorporan-a-adventist-health-international-services-network-red-de-servicios-de-salud-internacional-adventista\/#breadcrumb","itemListElement":[{"@type":"ListItem","position":1,"name":"Home","item":"https:\/\/interamerica.org\/es\/"},{"@type":"ListItem","position":2,"name":"Hospitales adventistas en Interamerica se incorporan a \u00abAdventist Health International Services Network\u00bb (Red de Servicios de Salud Internacional Adventista)"}]},{"@type":"WebSite","@id":"https:\/\/interamerica.org\/es\/#website","url":"https:\/\/interamerica.org\/es\/","name":"Iglesia Adventista del S\u00e9ptimo D\u00eda - Divisi\u00f3n Interamericana","description":"","potentialAction":[{"@type":"SearchAction","target":{"@type":"EntryPoint","urlTemplate":"https:\/\/interamerica.org\/es\/?s={search_term_string}"},"query-input":{"@type":"PropertyValueSpecification","valueRequired":true,"valueName":"search_term_string"}}],"inLanguage":"es"},{"@type":"Person","@id":"https:\/\/interamerica.org\/es\/#\/schema\/person\/68ede8bdc292885bb76c1e3810e73c39","name":"Lorenzo Verduzco","image":{"@type":"ImageObject","inLanguage":"es","@id":"https:\/\/secure.gravatar.com\/avatar\/fb81a55b6218459490a9c1dc841a34909185b81904c5337b4b27f7a6fd60c49e?s=96&d=mm&r=g","url":"https:\/\/secure.gravatar.com\/avatar\/fb81a55b6218459490a9c1dc841a34909185b81904c5337b4b27f7a6fd60c49e?s=96&d=mm&r=g","contentUrl":"https:\/\/secure.gravatar.com\/avatar\/fb81a55b6218459490a9c1dc841a34909185b81904c5337b4b27f7a6fd60c49e?s=96&d=mm&r=g","caption":"Lorenzo Verduzco"}}]}},"_links":{"self":[{"href":"https:\/\/interamerica.org\/es\/wp-json\/wp\/v2\/posts\/11641","targetHints":{"allow":["GET"]}}],"collection":[{"href":"https:\/\/interamerica.org\/es\/wp-json\/wp\/v2\/posts"}],"about":[{"href":"https:\/\/interamerica.org\/es\/wp-json\/wp\/v2\/types\/post"}],"author":[{"embeddable":true,"href":"https:\/\/interamerica.org\/es\/wp-json\/wp\/v2\/users\/1"}],"replies":[{"embeddable":true,"href":"https:\/\/interamerica.org\/es\/wp-json\/wp\/v2\/comments?post=11641"}],"version-history":[{"count":0,"href":"https:\/\/interamerica.org\/es\/wp-json\/wp\/v2\/posts\/11641\/revisions"}],"wp:attachment":[{"href":"https:\/\/interamerica.org\/es\/wp-json\/wp\/v2\/media?parent=11641"}],"wp:term":[{"taxonomy":"category","embeddable":true,"href":"https:\/\/interamerica.org\/es\/wp-json\/wp\/v2\/categories?post=11641"},{"taxonomy":"post_tag","embeddable":true,"href":"https:\/\/interamerica.org\/es\/wp-json\/wp\/v2\/tags?post=11641"}],"curies":[{"name":"wp","href":"https:\/\/api.w.org\/{rel}","templated":true}]}}