{"id":11642,"date":"2010-08-23T00:00:00","date_gmt":"2010-08-23T04:00:00","guid":{"rendered":"http:\/\/192.81.217.108\/interamerica\/2010\/08\/cuba-iglesia-adventista-realiza-su-primer-congreso-de-maestros\/"},"modified":"2017-06-02T08:59:04","modified_gmt":"2017-06-02T12:59:04","slug":"cuba-iglesia-adventista-realiza-su-primer-congreso-de-maestros","status":"publish","type":"post","link":"https:\/\/interamerica.org\/es\/2010\/08\/cuba-iglesia-adventista-realiza-su-primer-congreso-de-maestros\/","title":{"rendered":"Cuba: Iglesia adventista realiza su primer congreso de maestros"},"content":{"rendered":"<p><em >23 de agosto, 2010&#8230;<\/em > Habana, Cuba&#8230;Libna Stevens\/DIA <\/p>\n<p>La Iglesia Adventista del S\u00e9ptimo D\u00eda tuvo su primer congreso de maestros en Cuba, registrando la primera vez que tal evento ha sido realizado all\u00e1 en m\u00e1s de 52 a\u00f1os. M\u00e1s de 80 maestros adventistas del s\u00e9ptimo d\u00eda asistieron y participaron en el congreso, que fue llevado a cabo en el <em >Seminario Teol\u00f3gico Adventista<\/em > en La Habana. <\/p>\n<p>\u00abFue este un evento tan hist\u00f3rico, reunir maestros adventistas para planear en conjunto el futuro de la educaci\u00f3n en la isla, despu\u00e9s de tantos a\u00f1os, debido a la condici\u00f3n pol\u00edtica\u00bb, dijo el doctor Mois\u00e9s Vel\u00e1squez, anterior director de educaci\u00f3n para la iglesia en Interam\u00e9rica y quien ayud\u00f3 a organizar el evento. \u00abNo sabemos cu\u00e1ndo las escuelas adventistas llegar\u00e1n a ser una realidad en Cuba, s\u00f3lo Dios lo sabe, pero este congreso de maestros fue crucial para preparar el camino\u00bb, agreg\u00f3 \u00e9l. <\/p>\n<p>El prop\u00f3sito del congreso fue organizar una red de maestros adventistas que ense\u00f1an en el sistema p\u00fablico, dijeron l\u00edderes de la iglesia. El congreso fue tambi\u00e9n una oportunidad para varios seminarios sobre la filosof\u00eda y las doctrinas adventistas. <\/p>\n<p>\u00abQueremos conocer sus preocupaciones y opiniones sobre la organizaci\u00f3n de escuelas aqu\u00ed\u00bb, dijo el doctor Lu\u00eds Schulz, director asociado de educaci\u00f3n para la iglesia a nivel mundial, cuando hablaba a los educadores. <\/p>\n<p>Los 80 maestros de escuela elemental, escuela secundaria y universitarios que asist\u00edan al congreso representaron una fuerza de m\u00e1s de 400 maestros adventistas que trabajan en escuelas p\u00fablicas en Cuba, dijeron l\u00edderes locales de la iglesia. <\/p>\n<p>\u00abComo profesor universitario, creo que este es un nuevo motor propulsor para despertar nuevas ideas y colocar en el lugar apropiado muchas cosas que podemos hacer\u00bb, dijo un participante. \u00abTodos podemos ayudar la iglesia desde nuestras posiciones\u00bb, dijo ella. <\/p>\n<p>Los maestros lograron varias resoluciones las cuales incluyeron organizar una asociaci\u00f3n de maestros a nivel nacional, as\u00ed como cap\u00edtulos regionales. Adem\u00e1s, se tom\u00f3 una resoluci\u00f3n para preparar un plan estrat\u00e9gico para desarrollar la educaci\u00f3n adventista en la isla que incluya educaci\u00f3n continuada y coordinar con el <em >Seminario Teol\u00f3gico de Interam\u00e9rica<\/em >, a fin de organizar un programa graduado que beneficie a cada maestro en su \u00e1rea de especialidad. Tambi\u00e9n, se comprometieron a organizar un congreso de maestros, al menos, cada dos a\u00f1os en Cuba. <\/p>\n<p>Los l\u00edderes de la iglesia est\u00e1n estableciendo contactos muy de cerca con el Ministerio de Educaci\u00f3n en la isla a trav\u00e9s de la reci\u00e9n creada asociaci\u00f3n de maestros adventistas cuyo nombre legal es ahora Asociaci\u00f3n de Maestros Adventistas de Cuba, o AMAC. <\/p>\n<p><em >Traducci\u00f3n: Aleida Romero    <\/em ><\/p><\/p>\n","protected":false},"excerpt":{"rendered":"<p>La iglesia adventista tuvo su primer congreso de maestros en Cuba, registrando la primera vez que tal evento ha sido realizado all\u00e1 en m\u00e1s de 52 a\u00f1os. M\u00e1s de 80 maestros adventistas asistieron y participaron en el congreso, lle<\/p>\n","protected":false},"author":1,"featured_media":0,"comment_status":"closed","ping_status":"closed","sticky":false,"template":"","format":"standard","meta":{"_acf_changed":false,"footnotes":""},"categories":[8],"tags":[],"class_list":["post-11642","post","type-post","status-publish","format-standard","hentry","category-archivo"],"acf":[],"yoast_head":"<!-- This site is optimized with the Yoast SEO plugin v27.3 - https:\/\/yoast.com\/product\/yoast-seo-wordpress\/ -->\n<title>Cuba: Iglesia adventista realiza su primer congreso de maestros - Iglesia Adventista del S\u00e9ptimo D\u00eda - Divisi\u00f3n Interamericana<\/title>\n<meta name=\"robots\" content=\"index, follow, max-snippet:-1, max-image-preview:large, max-video-preview:-1\" \/>\n<link rel=\"canonical\" href=\"https:\/\/interamerica.org\/es\/2010\/08\/cuba-iglesia-adventista-realiza-su-primer-congreso-de-maestros\/\" \/>\n<meta property=\"og:locale\" content=\"es_ES\" \/>\n<meta property=\"og:type\" content=\"article\" \/>\n<meta property=\"og:title\" content=\"Cuba: Iglesia adventista realiza su primer congreso de maestros - Iglesia Adventista del S\u00e9ptimo D\u00eda - Divisi\u00f3n Interamericana\" \/>\n<meta property=\"og:description\" content=\"La iglesia adventista tuvo su primer congreso de maestros en Cuba, registrando la primera vez que tal evento ha sido realizado all\u00e1 en m\u00e1s de 52 a\u00f1os. M\u00e1s de 80 maestros adventistas asistieron y participaron en el congreso, lle\" \/>\n<meta property=\"og:url\" content=\"https:\/\/interamerica.org\/es\/2010\/08\/cuba-iglesia-adventista-realiza-su-primer-congreso-de-maestros\/\" \/>\n<meta property=\"og:site_name\" content=\"Iglesia Adventista del S\u00e9ptimo D\u00eda - Divisi\u00f3n Interamericana\" \/>\n<meta property=\"article:published_time\" content=\"2010-08-23T04:00:00+00:00\" \/>\n<meta property=\"article:modified_time\" content=\"2017-06-02T12:59:04+00:00\" \/>\n<meta name=\"author\" content=\"Lorenzo Verduzco\" \/>\n<meta name=\"twitter:card\" content=\"summary_large_image\" \/>\n<meta name=\"twitter:label1\" content=\"Escrito por\" \/>\n\t<meta name=\"twitter:data1\" content=\"Lorenzo Verduzco\" \/>\n\t<meta name=\"twitter:label2\" content=\"Tiempo de lectura\" \/>\n\t<meta name=\"twitter:data2\" content=\"2 minutos\" \/>\n<script type=\"application\/ld+json\" class=\"yoast-schema-graph\">{\"@context\":\"https:\\\/\\\/schema.org\",\"@graph\":[{\"@type\":\"Article\",\"@id\":\"https:\\\/\\\/interamerica.org\\\/es\\\/2010\\\/08\\\/cuba-iglesia-adventista-realiza-su-primer-congreso-de-maestros\\\/#article\",\"isPartOf\":{\"@id\":\"https:\\\/\\\/interamerica.org\\\/es\\\/2010\\\/08\\\/cuba-iglesia-adventista-realiza-su-primer-congreso-de-maestros\\\/\"},\"author\":{\"name\":\"Lorenzo Verduzco\",\"@id\":\"https:\\\/\\\/interamerica.org\\\/es\\\/#\\\/schema\\\/person\\\/68ede8bdc292885bb76c1e3810e73c39\"},\"headline\":\"Cuba: Iglesia adventista realiza su primer congreso de maestros\",\"datePublished\":\"2010-08-23T04:00:00+00:00\",\"dateModified\":\"2017-06-02T12:59:04+00:00\",\"mainEntityOfPage\":{\"@id\":\"https:\\\/\\\/interamerica.org\\\/es\\\/2010\\\/08\\\/cuba-iglesia-adventista-realiza-su-primer-congreso-de-maestros\\\/\"},\"wordCount\":476,\"articleSection\":[\"Archivo\"],\"inLanguage\":\"es\"},{\"@type\":\"WebPage\",\"@id\":\"https:\\\/\\\/interamerica.org\\\/es\\\/2010\\\/08\\\/cuba-iglesia-adventista-realiza-su-primer-congreso-de-maestros\\\/\",\"url\":\"https:\\\/\\\/interamerica.org\\\/es\\\/2010\\\/08\\\/cuba-iglesia-adventista-realiza-su-primer-congreso-de-maestros\\\/\",\"name\":\"Cuba: Iglesia adventista realiza su primer congreso de maestros - Iglesia Adventista del S\u00e9ptimo D\u00eda - Divisi\u00f3n Interamericana\",\"isPartOf\":{\"@id\":\"https:\\\/\\\/interamerica.org\\\/es\\\/#website\"},\"datePublished\":\"2010-08-23T04:00:00+00:00\",\"dateModified\":\"2017-06-02T12:59:04+00:00\",\"author\":{\"@id\":\"https:\\\/\\\/interamerica.org\\\/es\\\/#\\\/schema\\\/person\\\/68ede8bdc292885bb76c1e3810e73c39\"},\"breadcrumb\":{\"@id\":\"https:\\\/\\\/interamerica.org\\\/es\\\/2010\\\/08\\\/cuba-iglesia-adventista-realiza-su-primer-congreso-de-maestros\\\/#breadcrumb\"},\"inLanguage\":\"es\",\"potentialAction\":[{\"@type\":\"ReadAction\",\"target\":[\"https:\\\/\\\/interamerica.org\\\/es\\\/2010\\\/08\\\/cuba-iglesia-adventista-realiza-su-primer-congreso-de-maestros\\\/\"]}]},{\"@type\":\"BreadcrumbList\",\"@id\":\"https:\\\/\\\/interamerica.org\\\/es\\\/2010\\\/08\\\/cuba-iglesia-adventista-realiza-su-primer-congreso-de-maestros\\\/#breadcrumb\",\"itemListElement\":[{\"@type\":\"ListItem\",\"position\":1,\"name\":\"Home\",\"item\":\"https:\\\/\\\/interamerica.org\\\/es\\\/\"},{\"@type\":\"ListItem\",\"position\":2,\"name\":\"Cuba: Iglesia adventista realiza su primer congreso de maestros\"}]},{\"@type\":\"WebSite\",\"@id\":\"https:\\\/\\\/interamerica.org\\\/es\\\/#website\",\"url\":\"https:\\\/\\\/interamerica.org\\\/es\\\/\",\"name\":\"Iglesia Adventista del S\u00e9ptimo D\u00eda - Divisi\u00f3n Interamericana\",\"description\":\"\",\"potentialAction\":[{\"@type\":\"SearchAction\",\"target\":{\"@type\":\"EntryPoint\",\"urlTemplate\":\"https:\\\/\\\/interamerica.org\\\/es\\\/?s={search_term_string}\"},\"query-input\":{\"@type\":\"PropertyValueSpecification\",\"valueRequired\":true,\"valueName\":\"search_term_string\"}}],\"inLanguage\":\"es\"},{\"@type\":\"Person\",\"@id\":\"https:\\\/\\\/interamerica.org\\\/es\\\/#\\\/schema\\\/person\\\/68ede8bdc292885bb76c1e3810e73c39\",\"name\":\"Lorenzo Verduzco\",\"image\":{\"@type\":\"ImageObject\",\"inLanguage\":\"es\",\"@id\":\"https:\\\/\\\/secure.gravatar.com\\\/avatar\\\/fb81a55b6218459490a9c1dc841a34909185b81904c5337b4b27f7a6fd60c49e?s=96&d=mm&r=g\",\"url\":\"https:\\\/\\\/secure.gravatar.com\\\/avatar\\\/fb81a55b6218459490a9c1dc841a34909185b81904c5337b4b27f7a6fd60c49e?s=96&d=mm&r=g\",\"contentUrl\":\"https:\\\/\\\/secure.gravatar.com\\\/avatar\\\/fb81a55b6218459490a9c1dc841a34909185b81904c5337b4b27f7a6fd60c49e?s=96&d=mm&r=g\",\"caption\":\"Lorenzo Verduzco\"}}]}<\/script>\n<!-- \/ Yoast SEO plugin. -->","yoast_head_json":{"title":"Cuba: Iglesia adventista realiza su primer congreso de maestros - Iglesia Adventista del S\u00e9ptimo D\u00eda - Divisi\u00f3n Interamericana","robots":{"index":"index","follow":"follow","max-snippet":"max-snippet:-1","max-image-preview":"max-image-preview:large","max-video-preview":"max-video-preview:-1"},"canonical":"https:\/\/interamerica.org\/es\/2010\/08\/cuba-iglesia-adventista-realiza-su-primer-congreso-de-maestros\/","og_locale":"es_ES","og_type":"article","og_title":"Cuba: Iglesia adventista realiza su primer congreso de maestros - Iglesia Adventista del S\u00e9ptimo D\u00eda - Divisi\u00f3n Interamericana","og_description":"La iglesia adventista tuvo su primer congreso de maestros en Cuba, registrando la primera vez que tal evento ha sido realizado all\u00e1 en m\u00e1s de 52 a\u00f1os. M\u00e1s de 80 maestros adventistas asistieron y participaron en el congreso, lle","og_url":"https:\/\/interamerica.org\/es\/2010\/08\/cuba-iglesia-adventista-realiza-su-primer-congreso-de-maestros\/","og_site_name":"Iglesia Adventista del S\u00e9ptimo D\u00eda - Divisi\u00f3n Interamericana","article_published_time":"2010-08-23T04:00:00+00:00","article_modified_time":"2017-06-02T12:59:04+00:00","author":"Lorenzo Verduzco","twitter_card":"summary_large_image","twitter_misc":{"Escrito por":"Lorenzo Verduzco","Tiempo de lectura":"2 minutos"},"schema":{"@context":"https:\/\/schema.org","@graph":[{"@type":"Article","@id":"https:\/\/interamerica.org\/es\/2010\/08\/cuba-iglesia-adventista-realiza-su-primer-congreso-de-maestros\/#article","isPartOf":{"@id":"https:\/\/interamerica.org\/es\/2010\/08\/cuba-iglesia-adventista-realiza-su-primer-congreso-de-maestros\/"},"author":{"name":"Lorenzo Verduzco","@id":"https:\/\/interamerica.org\/es\/#\/schema\/person\/68ede8bdc292885bb76c1e3810e73c39"},"headline":"Cuba: Iglesia adventista realiza su primer congreso de maestros","datePublished":"2010-08-23T04:00:00+00:00","dateModified":"2017-06-02T12:59:04+00:00","mainEntityOfPage":{"@id":"https:\/\/interamerica.org\/es\/2010\/08\/cuba-iglesia-adventista-realiza-su-primer-congreso-de-maestros\/"},"wordCount":476,"articleSection":["Archivo"],"inLanguage":"es"},{"@type":"WebPage","@id":"https:\/\/interamerica.org\/es\/2010\/08\/cuba-iglesia-adventista-realiza-su-primer-congreso-de-maestros\/","url":"https:\/\/interamerica.org\/es\/2010\/08\/cuba-iglesia-adventista-realiza-su-primer-congreso-de-maestros\/","name":"Cuba: Iglesia adventista realiza su primer congreso de maestros - Iglesia Adventista del S\u00e9ptimo D\u00eda - Divisi\u00f3n Interamericana","isPartOf":{"@id":"https:\/\/interamerica.org\/es\/#website"},"datePublished":"2010-08-23T04:00:00+00:00","dateModified":"2017-06-02T12:59:04+00:00","author":{"@id":"https:\/\/interamerica.org\/es\/#\/schema\/person\/68ede8bdc292885bb76c1e3810e73c39"},"breadcrumb":{"@id":"https:\/\/interamerica.org\/es\/2010\/08\/cuba-iglesia-adventista-realiza-su-primer-congreso-de-maestros\/#breadcrumb"},"inLanguage":"es","potentialAction":[{"@type":"ReadAction","target":["https:\/\/interamerica.org\/es\/2010\/08\/cuba-iglesia-adventista-realiza-su-primer-congreso-de-maestros\/"]}]},{"@type":"BreadcrumbList","@id":"https:\/\/interamerica.org\/es\/2010\/08\/cuba-iglesia-adventista-realiza-su-primer-congreso-de-maestros\/#breadcrumb","itemListElement":[{"@type":"ListItem","position":1,"name":"Home","item":"https:\/\/interamerica.org\/es\/"},{"@type":"ListItem","position":2,"name":"Cuba: Iglesia adventista realiza su primer congreso de maestros"}]},{"@type":"WebSite","@id":"https:\/\/interamerica.org\/es\/#website","url":"https:\/\/interamerica.org\/es\/","name":"Iglesia Adventista del S\u00e9ptimo D\u00eda - Divisi\u00f3n Interamericana","description":"","potentialAction":[{"@type":"SearchAction","target":{"@type":"EntryPoint","urlTemplate":"https:\/\/interamerica.org\/es\/?s={search_term_string}"},"query-input":{"@type":"PropertyValueSpecification","valueRequired":true,"valueName":"search_term_string"}}],"inLanguage":"es"},{"@type":"Person","@id":"https:\/\/interamerica.org\/es\/#\/schema\/person\/68ede8bdc292885bb76c1e3810e73c39","name":"Lorenzo Verduzco","image":{"@type":"ImageObject","inLanguage":"es","@id":"https:\/\/secure.gravatar.com\/avatar\/fb81a55b6218459490a9c1dc841a34909185b81904c5337b4b27f7a6fd60c49e?s=96&d=mm&r=g","url":"https:\/\/secure.gravatar.com\/avatar\/fb81a55b6218459490a9c1dc841a34909185b81904c5337b4b27f7a6fd60c49e?s=96&d=mm&r=g","contentUrl":"https:\/\/secure.gravatar.com\/avatar\/fb81a55b6218459490a9c1dc841a34909185b81904c5337b4b27f7a6fd60c49e?s=96&d=mm&r=g","caption":"Lorenzo Verduzco"}}]}},"_links":{"self":[{"href":"https:\/\/interamerica.org\/es\/wp-json\/wp\/v2\/posts\/11642","targetHints":{"allow":["GET"]}}],"collection":[{"href":"https:\/\/interamerica.org\/es\/wp-json\/wp\/v2\/posts"}],"about":[{"href":"https:\/\/interamerica.org\/es\/wp-json\/wp\/v2\/types\/post"}],"author":[{"embeddable":true,"href":"https:\/\/interamerica.org\/es\/wp-json\/wp\/v2\/users\/1"}],"replies":[{"embeddable":true,"href":"https:\/\/interamerica.org\/es\/wp-json\/wp\/v2\/comments?post=11642"}],"version-history":[{"count":0,"href":"https:\/\/interamerica.org\/es\/wp-json\/wp\/v2\/posts\/11642\/revisions"}],"wp:attachment":[{"href":"https:\/\/interamerica.org\/es\/wp-json\/wp\/v2\/media?parent=11642"}],"wp:term":[{"taxonomy":"category","embeddable":true,"href":"https:\/\/interamerica.org\/es\/wp-json\/wp\/v2\/categories?post=11642"},{"taxonomy":"post_tag","embeddable":true,"href":"https:\/\/interamerica.org\/es\/wp-json\/wp\/v2\/tags?post=11642"}],"curies":[{"name":"wp","href":"https:\/\/api.w.org\/{rel}","templated":true}]}}