{"id":11643,"date":"2010-08-05T00:00:00","date_gmt":"2010-08-05T04:00:00","guid":{"rendered":"http:\/\/192.81.217.108\/interamerica\/2010\/08\/norte-de-mexico-la-iglesia-celebra-25-anos-alcanzando-a-sus-comunidades\/"},"modified":"2017-06-02T08:59:10","modified_gmt":"2017-06-02T12:59:10","slug":"norte-de-mexico-la-iglesia-celebra-25-anos-alcanzando-a-sus-comunidades","status":"publish","type":"post","link":"https:\/\/interamerica.org\/es\/2010\/08\/norte-de-mexico-la-iglesia-celebra-25-anos-alcanzando-a-sus-comunidades\/","title":{"rendered":"Norte de M\u00e9xico: La iglesia celebra 25 a\u00f1os alcanzando a sus comunidades"},"content":{"rendered":"<p>Monterrey, Nuevo Le\u00f3n, M\u00e9xico, 5 de agosto de 2010&#8230;[Libna Stevens\/DIA] <br  \/><\/p>\n<p>M\u00e1s de 12.000 adventistas del s\u00e9ptimo d\u00eda llenaron recientemente el Estadio Monterrey en la ciudad de Monterrey, M\u00e9xico, para celebrar la obra de la Uni\u00f3n del Norte de M\u00e9xico, que fue establecida hace 25 a\u00f1os. <\/p>\n<p>El evento de un d\u00eda convoc\u00f3 a los principales l\u00edderes de la iglesia provenientes de todo M\u00e9xico, la Divisi\u00f3n Interamericana (DIA) y la Iglesia Adventista mundial para reflexionar sobre el crecimiento de la iglesia en el Norte de M\u00e9xico y su visi\u00f3n para el futuro. <\/p>\n<p>El pastor Jan Paulsen, entonces presidente de la Iglesia Adventista mundial, felicit\u00f3 a los l\u00edderes y miembros en el norte de M\u00e9xico por los grandes progresos hechos en los 25 a\u00f1os pasados, y enfatiz\u00f3 los aspectos b\u00e1sicos de una vida en Cristo como un plan para seguir en los a\u00f1os venideros. <\/p>\n<p>Oficiales del gobierno provenientes de la oficina de asuntos religiosos en Monterrey, junto con l\u00edderes  municipales, elogiaron la obra de la Iglesia Adventista del S\u00e9ptimo D\u00eda por sus contribuciones a la salud y la educaci\u00f3n en la comunidad. <\/p>\n<p>De acuerdo con los l\u00edderes locales de la iglesia, el norte de M\u00e9xico es una regi\u00f3n densamente poblada, arraigada en conceptos religiosos y tradicionales que han limitado la aceptaci\u00f3n del evangelio. La amplia regi\u00f3n est\u00e1 compuesta por 14 de las ciudades m\u00e1s grandes del pa\u00eds. <\/p>\n<p>\u00abUna de las estrategias que hemos usado es ayudar y alcanzar a las familias\u00bb, dijo el pastor Abner de los Santos, entonces presidente de la iglesia en el norte de M\u00e9xico. \u00abHemos enfocado nuestra atenci\u00f3n en los j\u00f3venes y sus necesidades, de modo que ellos puedan contribuir con el bienestar de la familia,\u00bb a\u00f1adi\u00f3. \u00c9l dijo que la iglesia tambi\u00e9n enfatiza la unidad matrimonial, los dones espirituales y los ministerios de grupos peque\u00f1os, para satisfacer las necesidades de las comunidades y hacer crecer la iglesia en la regi\u00f3n. <\/p>\n<p>\u00abSiempre hemos estado vigilantes respecto a nuestras uniones y la buena direcci\u00f3n que esta uni\u00f3n ha llevado adelante\u00bb, dijo el pastor Israel Leito, presidente de la iglesia en Interam\u00e9rica, quien asisti\u00f3 al evento. \u00abContinuamos animando a nuestras uniones a que aborden las grandes ciudades que necesitan gran atenci\u00f3n. Hemos visto progreso en el crecimiento y las finanzas en la regi\u00f3n mexicana del norte\u00bb. <\/p>\n<p>Antiguos presidentes de la iglesia en el norte de M\u00e9xico fueron honrados durante la celebraci\u00f3n, que fue transmitida en vivo a trav\u00e9s de Internet. Los otros tres territorios de la iglesia en M\u00e9xico, administrados por las uniones Central, Interoce\u00e1nica y Sur de Mexico, tambi\u00e9n fueron reconocidos. <\/p>\n<p>La Uni\u00f3n del Norte de M\u00e9xico fue establecida en 1985. Actualmente consta de m\u00e1s de 117.000 miembros de iglesia, 8 campos locales y 517 iglesias. <\/p>\n<p>Traducci\u00f3n: Abraham Guerrero <br  \/><\/p>\n","protected":false},"excerpt":{"rendered":"<p>M\u00e1s de 12.000 adventistas del s\u00e9ptimo d\u00eda llenaron recientemente el Estadio Monterrey en la ciudad de Monterrey, M\u00e9xico, para celebrar la obra de la Uni\u00f3n del Norte de M\u00e9xico, que fue establecida hace 25 a<\/p>\n","protected":false},"author":1,"featured_media":0,"comment_status":"closed","ping_status":"closed","sticky":false,"template":"","format":"standard","meta":{"_acf_changed":false,"footnotes":""},"categories":[8],"tags":[],"class_list":["post-11643","post","type-post","status-publish","format-standard","hentry","category-archivo"],"acf":[],"yoast_head":"<!-- This site is optimized with the Yoast SEO plugin v27.3 - https:\/\/yoast.com\/product\/yoast-seo-wordpress\/ -->\n<title>Norte de M\u00e9xico: La iglesia celebra 25 a\u00f1os alcanzando a sus comunidades - Iglesia Adventista del S\u00e9ptimo D\u00eda - Divisi\u00f3n Interamericana<\/title>\n<meta name=\"robots\" content=\"index, follow, max-snippet:-1, max-image-preview:large, max-video-preview:-1\" \/>\n<link rel=\"canonical\" href=\"https:\/\/interamerica.org\/es\/2010\/08\/norte-de-mexico-la-iglesia-celebra-25-anos-alcanzando-a-sus-comunidades\/\" \/>\n<meta property=\"og:locale\" content=\"es_ES\" \/>\n<meta property=\"og:type\" content=\"article\" \/>\n<meta property=\"og:title\" content=\"Norte de M\u00e9xico: La iglesia celebra 25 a\u00f1os alcanzando a sus comunidades - Iglesia Adventista del S\u00e9ptimo D\u00eda - Divisi\u00f3n Interamericana\" \/>\n<meta property=\"og:description\" content=\"M\u00e1s de 12.000 adventistas del s\u00e9ptimo d\u00eda llenaron recientemente el Estadio Monterrey en la ciudad de Monterrey, M\u00e9xico, para celebrar la obra de la Uni\u00f3n del Norte de M\u00e9xico, que fue establecida hace 25 a\" \/>\n<meta property=\"og:url\" content=\"https:\/\/interamerica.org\/es\/2010\/08\/norte-de-mexico-la-iglesia-celebra-25-anos-alcanzando-a-sus-comunidades\/\" \/>\n<meta property=\"og:site_name\" content=\"Iglesia Adventista del S\u00e9ptimo D\u00eda - Divisi\u00f3n Interamericana\" \/>\n<meta property=\"article:published_time\" content=\"2010-08-05T04:00:00+00:00\" \/>\n<meta property=\"article:modified_time\" content=\"2017-06-02T12:59:10+00:00\" \/>\n<meta name=\"author\" content=\"Lorenzo Verduzco\" \/>\n<meta name=\"twitter:card\" content=\"summary_large_image\" \/>\n<meta name=\"twitter:label1\" content=\"Escrito por\" \/>\n\t<meta name=\"twitter:data1\" content=\"Lorenzo Verduzco\" \/>\n\t<meta name=\"twitter:label2\" content=\"Tiempo de lectura\" \/>\n\t<meta name=\"twitter:data2\" content=\"2 minutos\" \/>\n<script type=\"application\/ld+json\" class=\"yoast-schema-graph\">{\"@context\":\"https:\\\/\\\/schema.org\",\"@graph\":[{\"@type\":\"Article\",\"@id\":\"https:\\\/\\\/interamerica.org\\\/es\\\/2010\\\/08\\\/norte-de-mexico-la-iglesia-celebra-25-anos-alcanzando-a-sus-comunidades\\\/#article\",\"isPartOf\":{\"@id\":\"https:\\\/\\\/interamerica.org\\\/es\\\/2010\\\/08\\\/norte-de-mexico-la-iglesia-celebra-25-anos-alcanzando-a-sus-comunidades\\\/\"},\"author\":{\"name\":\"Lorenzo Verduzco\",\"@id\":\"https:\\\/\\\/interamerica.org\\\/es\\\/#\\\/schema\\\/person\\\/68ede8bdc292885bb76c1e3810e73c39\"},\"headline\":\"Norte de M\u00e9xico: La iglesia celebra 25 a\u00f1os alcanzando a sus comunidades\",\"datePublished\":\"2010-08-05T04:00:00+00:00\",\"dateModified\":\"2017-06-02T12:59:10+00:00\",\"mainEntityOfPage\":{\"@id\":\"https:\\\/\\\/interamerica.org\\\/es\\\/2010\\\/08\\\/norte-de-mexico-la-iglesia-celebra-25-anos-alcanzando-a-sus-comunidades\\\/\"},\"wordCount\":507,\"articleSection\":[\"Archivo\"],\"inLanguage\":\"es\"},{\"@type\":\"WebPage\",\"@id\":\"https:\\\/\\\/interamerica.org\\\/es\\\/2010\\\/08\\\/norte-de-mexico-la-iglesia-celebra-25-anos-alcanzando-a-sus-comunidades\\\/\",\"url\":\"https:\\\/\\\/interamerica.org\\\/es\\\/2010\\\/08\\\/norte-de-mexico-la-iglesia-celebra-25-anos-alcanzando-a-sus-comunidades\\\/\",\"name\":\"Norte de M\u00e9xico: La iglesia celebra 25 a\u00f1os alcanzando a sus comunidades - Iglesia Adventista del S\u00e9ptimo D\u00eda - Divisi\u00f3n Interamericana\",\"isPartOf\":{\"@id\":\"https:\\\/\\\/interamerica.org\\\/es\\\/#website\"},\"datePublished\":\"2010-08-05T04:00:00+00:00\",\"dateModified\":\"2017-06-02T12:59:10+00:00\",\"author\":{\"@id\":\"https:\\\/\\\/interamerica.org\\\/es\\\/#\\\/schema\\\/person\\\/68ede8bdc292885bb76c1e3810e73c39\"},\"breadcrumb\":{\"@id\":\"https:\\\/\\\/interamerica.org\\\/es\\\/2010\\\/08\\\/norte-de-mexico-la-iglesia-celebra-25-anos-alcanzando-a-sus-comunidades\\\/#breadcrumb\"},\"inLanguage\":\"es\",\"potentialAction\":[{\"@type\":\"ReadAction\",\"target\":[\"https:\\\/\\\/interamerica.org\\\/es\\\/2010\\\/08\\\/norte-de-mexico-la-iglesia-celebra-25-anos-alcanzando-a-sus-comunidades\\\/\"]}]},{\"@type\":\"BreadcrumbList\",\"@id\":\"https:\\\/\\\/interamerica.org\\\/es\\\/2010\\\/08\\\/norte-de-mexico-la-iglesia-celebra-25-anos-alcanzando-a-sus-comunidades\\\/#breadcrumb\",\"itemListElement\":[{\"@type\":\"ListItem\",\"position\":1,\"name\":\"Home\",\"item\":\"https:\\\/\\\/interamerica.org\\\/es\\\/\"},{\"@type\":\"ListItem\",\"position\":2,\"name\":\"Norte de M\u00e9xico: La iglesia celebra 25 a\u00f1os alcanzando a sus comunidades\"}]},{\"@type\":\"WebSite\",\"@id\":\"https:\\\/\\\/interamerica.org\\\/es\\\/#website\",\"url\":\"https:\\\/\\\/interamerica.org\\\/es\\\/\",\"name\":\"Iglesia Adventista del S\u00e9ptimo D\u00eda - Divisi\u00f3n Interamericana\",\"description\":\"\",\"potentialAction\":[{\"@type\":\"SearchAction\",\"target\":{\"@type\":\"EntryPoint\",\"urlTemplate\":\"https:\\\/\\\/interamerica.org\\\/es\\\/?s={search_term_string}\"},\"query-input\":{\"@type\":\"PropertyValueSpecification\",\"valueRequired\":true,\"valueName\":\"search_term_string\"}}],\"inLanguage\":\"es\"},{\"@type\":\"Person\",\"@id\":\"https:\\\/\\\/interamerica.org\\\/es\\\/#\\\/schema\\\/person\\\/68ede8bdc292885bb76c1e3810e73c39\",\"name\":\"Lorenzo Verduzco\",\"image\":{\"@type\":\"ImageObject\",\"inLanguage\":\"es\",\"@id\":\"https:\\\/\\\/secure.gravatar.com\\\/avatar\\\/fb81a55b6218459490a9c1dc841a34909185b81904c5337b4b27f7a6fd60c49e?s=96&d=mm&r=g\",\"url\":\"https:\\\/\\\/secure.gravatar.com\\\/avatar\\\/fb81a55b6218459490a9c1dc841a34909185b81904c5337b4b27f7a6fd60c49e?s=96&d=mm&r=g\",\"contentUrl\":\"https:\\\/\\\/secure.gravatar.com\\\/avatar\\\/fb81a55b6218459490a9c1dc841a34909185b81904c5337b4b27f7a6fd60c49e?s=96&d=mm&r=g\",\"caption\":\"Lorenzo Verduzco\"}}]}<\/script>\n<!-- \/ Yoast SEO plugin. -->","yoast_head_json":{"title":"Norte de M\u00e9xico: La iglesia celebra 25 a\u00f1os alcanzando a sus comunidades - Iglesia Adventista del S\u00e9ptimo D\u00eda - Divisi\u00f3n Interamericana","robots":{"index":"index","follow":"follow","max-snippet":"max-snippet:-1","max-image-preview":"max-image-preview:large","max-video-preview":"max-video-preview:-1"},"canonical":"https:\/\/interamerica.org\/es\/2010\/08\/norte-de-mexico-la-iglesia-celebra-25-anos-alcanzando-a-sus-comunidades\/","og_locale":"es_ES","og_type":"article","og_title":"Norte de M\u00e9xico: La iglesia celebra 25 a\u00f1os alcanzando a sus comunidades - Iglesia Adventista del S\u00e9ptimo D\u00eda - Divisi\u00f3n Interamericana","og_description":"M\u00e1s de 12.000 adventistas del s\u00e9ptimo d\u00eda llenaron recientemente el Estadio Monterrey en la ciudad de Monterrey, M\u00e9xico, para celebrar la obra de la Uni\u00f3n del Norte de M\u00e9xico, que fue establecida hace 25 a","og_url":"https:\/\/interamerica.org\/es\/2010\/08\/norte-de-mexico-la-iglesia-celebra-25-anos-alcanzando-a-sus-comunidades\/","og_site_name":"Iglesia Adventista del S\u00e9ptimo D\u00eda - Divisi\u00f3n Interamericana","article_published_time":"2010-08-05T04:00:00+00:00","article_modified_time":"2017-06-02T12:59:10+00:00","author":"Lorenzo Verduzco","twitter_card":"summary_large_image","twitter_misc":{"Escrito por":"Lorenzo Verduzco","Tiempo de lectura":"2 minutos"},"schema":{"@context":"https:\/\/schema.org","@graph":[{"@type":"Article","@id":"https:\/\/interamerica.org\/es\/2010\/08\/norte-de-mexico-la-iglesia-celebra-25-anos-alcanzando-a-sus-comunidades\/#article","isPartOf":{"@id":"https:\/\/interamerica.org\/es\/2010\/08\/norte-de-mexico-la-iglesia-celebra-25-anos-alcanzando-a-sus-comunidades\/"},"author":{"name":"Lorenzo Verduzco","@id":"https:\/\/interamerica.org\/es\/#\/schema\/person\/68ede8bdc292885bb76c1e3810e73c39"},"headline":"Norte de M\u00e9xico: La iglesia celebra 25 a\u00f1os alcanzando a sus comunidades","datePublished":"2010-08-05T04:00:00+00:00","dateModified":"2017-06-02T12:59:10+00:00","mainEntityOfPage":{"@id":"https:\/\/interamerica.org\/es\/2010\/08\/norte-de-mexico-la-iglesia-celebra-25-anos-alcanzando-a-sus-comunidades\/"},"wordCount":507,"articleSection":["Archivo"],"inLanguage":"es"},{"@type":"WebPage","@id":"https:\/\/interamerica.org\/es\/2010\/08\/norte-de-mexico-la-iglesia-celebra-25-anos-alcanzando-a-sus-comunidades\/","url":"https:\/\/interamerica.org\/es\/2010\/08\/norte-de-mexico-la-iglesia-celebra-25-anos-alcanzando-a-sus-comunidades\/","name":"Norte de M\u00e9xico: La iglesia celebra 25 a\u00f1os alcanzando a sus comunidades - Iglesia Adventista del S\u00e9ptimo D\u00eda - Divisi\u00f3n Interamericana","isPartOf":{"@id":"https:\/\/interamerica.org\/es\/#website"},"datePublished":"2010-08-05T04:00:00+00:00","dateModified":"2017-06-02T12:59:10+00:00","author":{"@id":"https:\/\/interamerica.org\/es\/#\/schema\/person\/68ede8bdc292885bb76c1e3810e73c39"},"breadcrumb":{"@id":"https:\/\/interamerica.org\/es\/2010\/08\/norte-de-mexico-la-iglesia-celebra-25-anos-alcanzando-a-sus-comunidades\/#breadcrumb"},"inLanguage":"es","potentialAction":[{"@type":"ReadAction","target":["https:\/\/interamerica.org\/es\/2010\/08\/norte-de-mexico-la-iglesia-celebra-25-anos-alcanzando-a-sus-comunidades\/"]}]},{"@type":"BreadcrumbList","@id":"https:\/\/interamerica.org\/es\/2010\/08\/norte-de-mexico-la-iglesia-celebra-25-anos-alcanzando-a-sus-comunidades\/#breadcrumb","itemListElement":[{"@type":"ListItem","position":1,"name":"Home","item":"https:\/\/interamerica.org\/es\/"},{"@type":"ListItem","position":2,"name":"Norte de M\u00e9xico: La iglesia celebra 25 a\u00f1os alcanzando a sus comunidades"}]},{"@type":"WebSite","@id":"https:\/\/interamerica.org\/es\/#website","url":"https:\/\/interamerica.org\/es\/","name":"Iglesia Adventista del S\u00e9ptimo D\u00eda - Divisi\u00f3n Interamericana","description":"","potentialAction":[{"@type":"SearchAction","target":{"@type":"EntryPoint","urlTemplate":"https:\/\/interamerica.org\/es\/?s={search_term_string}"},"query-input":{"@type":"PropertyValueSpecification","valueRequired":true,"valueName":"search_term_string"}}],"inLanguage":"es"},{"@type":"Person","@id":"https:\/\/interamerica.org\/es\/#\/schema\/person\/68ede8bdc292885bb76c1e3810e73c39","name":"Lorenzo Verduzco","image":{"@type":"ImageObject","inLanguage":"es","@id":"https:\/\/secure.gravatar.com\/avatar\/fb81a55b6218459490a9c1dc841a34909185b81904c5337b4b27f7a6fd60c49e?s=96&d=mm&r=g","url":"https:\/\/secure.gravatar.com\/avatar\/fb81a55b6218459490a9c1dc841a34909185b81904c5337b4b27f7a6fd60c49e?s=96&d=mm&r=g","contentUrl":"https:\/\/secure.gravatar.com\/avatar\/fb81a55b6218459490a9c1dc841a34909185b81904c5337b4b27f7a6fd60c49e?s=96&d=mm&r=g","caption":"Lorenzo Verduzco"}}]}},"_links":{"self":[{"href":"https:\/\/interamerica.org\/es\/wp-json\/wp\/v2\/posts\/11643","targetHints":{"allow":["GET"]}}],"collection":[{"href":"https:\/\/interamerica.org\/es\/wp-json\/wp\/v2\/posts"}],"about":[{"href":"https:\/\/interamerica.org\/es\/wp-json\/wp\/v2\/types\/post"}],"author":[{"embeddable":true,"href":"https:\/\/interamerica.org\/es\/wp-json\/wp\/v2\/users\/1"}],"replies":[{"embeddable":true,"href":"https:\/\/interamerica.org\/es\/wp-json\/wp\/v2\/comments?post=11643"}],"version-history":[{"count":0,"href":"https:\/\/interamerica.org\/es\/wp-json\/wp\/v2\/posts\/11643\/revisions"}],"wp:attachment":[{"href":"https:\/\/interamerica.org\/es\/wp-json\/wp\/v2\/media?parent=11643"}],"wp:term":[{"taxonomy":"category","embeddable":true,"href":"https:\/\/interamerica.org\/es\/wp-json\/wp\/v2\/categories?post=11643"},{"taxonomy":"post_tag","embeddable":true,"href":"https:\/\/interamerica.org\/es\/wp-json\/wp\/v2\/tags?post=11643"}],"curies":[{"name":"wp","href":"https:\/\/api.w.org\/{rel}","templated":true}]}}