{"id":11646,"date":"2010-08-28T00:00:00","date_gmt":"2010-08-28T04:00:00","guid":{"rendered":"http:\/\/192.81.217.108\/interamerica\/2010\/08\/mexico-la-iglesia-adventista-participa-en-dialogo-por-la-seguridad-nacional\/"},"modified":"2017-06-02T08:58:59","modified_gmt":"2017-06-02T12:58:59","slug":"mexico-la-iglesia-adventista-participa-en-dialogo-por-la-seguridad-nacional","status":"publish","type":"post","link":"https:\/\/interamerica.org\/es\/2010\/08\/mexico-la-iglesia-adventista-participa-en-dialogo-por-la-seguridad-nacional\/","title":{"rendered":"M\u00e9xico: La iglesia adventista participa en di\u00e1logo por la seguridad nacional"},"content":{"rendered":"<p><em >Ciudad M\u00e9xico, M\u00e9xico<\/em > &#8211; 27 de agosto, 2010&#8230; Ra\u00fal Lozano\/Personal de DIA <\/p>\n<p>A comienzos de este mes, la Iglesia Adventista del S\u00e9ptimo D\u00eda y otras organizaciones religiosas participaron en un di\u00e1logo especial <em >\u00abDi\u00e1logo por la seguridad\u00bb<\/em > con el presidente Felipe Calder\u00f3n. Este fue el tercer di\u00e1logo de esa naturaleza en la lucha contra la creciente delincuencia y el crimen organizado en el pa\u00eds.   <\/p>\n<p>En su mensaje a los dirigentes religiosos, el presidente mexicano solicit\u00f3 colaboraci\u00f3n denunciando el crimen violento.   <\/p>\n<p>\u00abDebemos cumplir con nuestro deber ciudadano al hacer del conocimiento de las autoridades la existencia de il\u00edcitos y sus participantes\u00bb, dijo el presidente Calder\u00f3n. \u00c9l tambi\u00e9n urgi\u00f3 a los grupos religiosos a participar en estrategias que puedan contribuir al bienestar del pa\u00eds.   <\/p>\n<p>El presidente Calder\u00f3n discuti\u00f3 la importancia de la coordinaci\u00f3n y colaboraci\u00f3n entre todos los sectores de la poblaci\u00f3n hacia la seguridad p\u00fablica. El gobierno reconoci\u00f3 la necesidad de organizaciones religiosas las cuales pueden inculcar valores y establecer un ambiente pac\u00edfico en el pa\u00eds.   <\/p>\n<p>\u00abCreo que hay que estar unidos en el marco de nuestra funci\u00f3n como iglesias, pero necesitamos acceso a los medios como la radio, la televisi\u00f3n y la prensa para poder propagar nuestros valores a la sociedad\u00bb, dijo el pastor Torres, presidente de la iglesia en la Uni\u00f3n Central de M\u00e9xico. El pastor Torres tambi\u00e9n se desempe\u00f1a como el representante m\u00e1ximo para todas las cuatro regiones de la Iglesia Adventista del S\u00e9ptimo D\u00eda en M\u00e9xico.   <\/p>\n<p>Los dirigentes de la iglesia abrigan la esperanza de que el di\u00e1logo abierto con el presidente permita mayor participaci\u00f3n en la lucha contra la violencia en el pa\u00eds. <\/p>\n<p><em >Traducci\u00f3n:  Aleida Romero<\/em >  <\/p>\n","protected":false},"excerpt":{"rendered":"<p>La Iglesia Adventista particip\u00f3 en un di\u00e1logo especial, \u00abDi\u00e1logo por la seguridad\u00bb con el presidente Felipe Calder\u00f3n. Este fue el tercer di\u00e1logo de esa naturaleza en la lucha contra la creciente delincuencia<\/p>\n","protected":false},"author":1,"featured_media":0,"comment_status":"closed","ping_status":"closed","sticky":false,"template":"","format":"standard","meta":{"_acf_changed":false,"footnotes":""},"categories":[8],"tags":[],"class_list":["post-11646","post","type-post","status-publish","format-standard","hentry","category-archivo"],"acf":[],"yoast_head":"<!-- This site is optimized with the Yoast SEO plugin v27.3 - https:\/\/yoast.com\/product\/yoast-seo-wordpress\/ -->\n<title>M\u00e9xico: La iglesia adventista participa en di\u00e1logo por la seguridad nacional - Iglesia Adventista del S\u00e9ptimo D\u00eda - Divisi\u00f3n Interamericana<\/title>\n<meta name=\"robots\" content=\"index, follow, max-snippet:-1, max-image-preview:large, max-video-preview:-1\" \/>\n<link rel=\"canonical\" href=\"https:\/\/interamerica.org\/es\/2010\/08\/mexico-la-iglesia-adventista-participa-en-dialogo-por-la-seguridad-nacional\/\" \/>\n<meta property=\"og:locale\" content=\"es_ES\" \/>\n<meta property=\"og:type\" content=\"article\" \/>\n<meta property=\"og:title\" content=\"M\u00e9xico: La iglesia adventista participa en di\u00e1logo por la seguridad nacional - Iglesia Adventista del S\u00e9ptimo D\u00eda - Divisi\u00f3n Interamericana\" \/>\n<meta property=\"og:description\" content=\"La Iglesia Adventista particip\u00f3 en un di\u00e1logo especial, &quot;Di\u00e1logo por la seguridad&quot; con el presidente Felipe Calder\u00f3n. Este fue el tercer di\u00e1logo de esa naturaleza en la lucha contra la creciente delincuencia\" \/>\n<meta property=\"og:url\" content=\"https:\/\/interamerica.org\/es\/2010\/08\/mexico-la-iglesia-adventista-participa-en-dialogo-por-la-seguridad-nacional\/\" \/>\n<meta property=\"og:site_name\" content=\"Iglesia Adventista del S\u00e9ptimo D\u00eda - Divisi\u00f3n Interamericana\" \/>\n<meta property=\"article:published_time\" content=\"2010-08-28T04:00:00+00:00\" \/>\n<meta property=\"article:modified_time\" content=\"2017-06-02T12:58:59+00:00\" \/>\n<meta name=\"author\" content=\"Lorenzo Verduzco\" \/>\n<meta name=\"twitter:card\" content=\"summary_large_image\" \/>\n<meta name=\"twitter:label1\" content=\"Escrito por\" \/>\n\t<meta name=\"twitter:data1\" content=\"Lorenzo Verduzco\" \/>\n\t<meta name=\"twitter:label2\" content=\"Tiempo de lectura\" \/>\n\t<meta name=\"twitter:data2\" content=\"2 minutos\" \/>\n<script type=\"application\/ld+json\" class=\"yoast-schema-graph\">{\"@context\":\"https:\\\/\\\/schema.org\",\"@graph\":[{\"@type\":\"Article\",\"@id\":\"https:\\\/\\\/interamerica.org\\\/es\\\/2010\\\/08\\\/mexico-la-iglesia-adventista-participa-en-dialogo-por-la-seguridad-nacional\\\/#article\",\"isPartOf\":{\"@id\":\"https:\\\/\\\/interamerica.org\\\/es\\\/2010\\\/08\\\/mexico-la-iglesia-adventista-participa-en-dialogo-por-la-seguridad-nacional\\\/\"},\"author\":{\"name\":\"Lorenzo Verduzco\",\"@id\":\"https:\\\/\\\/interamerica.org\\\/es\\\/#\\\/schema\\\/person\\\/68ede8bdc292885bb76c1e3810e73c39\"},\"headline\":\"M\u00e9xico: La iglesia adventista participa en di\u00e1logo por la seguridad nacional\",\"datePublished\":\"2010-08-28T04:00:00+00:00\",\"dateModified\":\"2017-06-02T12:58:59+00:00\",\"mainEntityOfPage\":{\"@id\":\"https:\\\/\\\/interamerica.org\\\/es\\\/2010\\\/08\\\/mexico-la-iglesia-adventista-participa-en-dialogo-por-la-seguridad-nacional\\\/\"},\"wordCount\":317,\"articleSection\":[\"Archivo\"],\"inLanguage\":\"es\"},{\"@type\":\"WebPage\",\"@id\":\"https:\\\/\\\/interamerica.org\\\/es\\\/2010\\\/08\\\/mexico-la-iglesia-adventista-participa-en-dialogo-por-la-seguridad-nacional\\\/\",\"url\":\"https:\\\/\\\/interamerica.org\\\/es\\\/2010\\\/08\\\/mexico-la-iglesia-adventista-participa-en-dialogo-por-la-seguridad-nacional\\\/\",\"name\":\"M\u00e9xico: La iglesia adventista participa en di\u00e1logo por la seguridad nacional - Iglesia Adventista del S\u00e9ptimo D\u00eda - Divisi\u00f3n Interamericana\",\"isPartOf\":{\"@id\":\"https:\\\/\\\/interamerica.org\\\/es\\\/#website\"},\"datePublished\":\"2010-08-28T04:00:00+00:00\",\"dateModified\":\"2017-06-02T12:58:59+00:00\",\"author\":{\"@id\":\"https:\\\/\\\/interamerica.org\\\/es\\\/#\\\/schema\\\/person\\\/68ede8bdc292885bb76c1e3810e73c39\"},\"breadcrumb\":{\"@id\":\"https:\\\/\\\/interamerica.org\\\/es\\\/2010\\\/08\\\/mexico-la-iglesia-adventista-participa-en-dialogo-por-la-seguridad-nacional\\\/#breadcrumb\"},\"inLanguage\":\"es\",\"potentialAction\":[{\"@type\":\"ReadAction\",\"target\":[\"https:\\\/\\\/interamerica.org\\\/es\\\/2010\\\/08\\\/mexico-la-iglesia-adventista-participa-en-dialogo-por-la-seguridad-nacional\\\/\"]}]},{\"@type\":\"BreadcrumbList\",\"@id\":\"https:\\\/\\\/interamerica.org\\\/es\\\/2010\\\/08\\\/mexico-la-iglesia-adventista-participa-en-dialogo-por-la-seguridad-nacional\\\/#breadcrumb\",\"itemListElement\":[{\"@type\":\"ListItem\",\"position\":1,\"name\":\"Home\",\"item\":\"https:\\\/\\\/interamerica.org\\\/es\\\/\"},{\"@type\":\"ListItem\",\"position\":2,\"name\":\"M\u00e9xico: La iglesia adventista participa en di\u00e1logo por la seguridad nacional\"}]},{\"@type\":\"WebSite\",\"@id\":\"https:\\\/\\\/interamerica.org\\\/es\\\/#website\",\"url\":\"https:\\\/\\\/interamerica.org\\\/es\\\/\",\"name\":\"Iglesia Adventista del S\u00e9ptimo D\u00eda - Divisi\u00f3n Interamericana\",\"description\":\"\",\"potentialAction\":[{\"@type\":\"SearchAction\",\"target\":{\"@type\":\"EntryPoint\",\"urlTemplate\":\"https:\\\/\\\/interamerica.org\\\/es\\\/?s={search_term_string}\"},\"query-input\":{\"@type\":\"PropertyValueSpecification\",\"valueRequired\":true,\"valueName\":\"search_term_string\"}}],\"inLanguage\":\"es\"},{\"@type\":\"Person\",\"@id\":\"https:\\\/\\\/interamerica.org\\\/es\\\/#\\\/schema\\\/person\\\/68ede8bdc292885bb76c1e3810e73c39\",\"name\":\"Lorenzo Verduzco\",\"image\":{\"@type\":\"ImageObject\",\"inLanguage\":\"es\",\"@id\":\"https:\\\/\\\/secure.gravatar.com\\\/avatar\\\/fb81a55b6218459490a9c1dc841a34909185b81904c5337b4b27f7a6fd60c49e?s=96&d=mm&r=g\",\"url\":\"https:\\\/\\\/secure.gravatar.com\\\/avatar\\\/fb81a55b6218459490a9c1dc841a34909185b81904c5337b4b27f7a6fd60c49e?s=96&d=mm&r=g\",\"contentUrl\":\"https:\\\/\\\/secure.gravatar.com\\\/avatar\\\/fb81a55b6218459490a9c1dc841a34909185b81904c5337b4b27f7a6fd60c49e?s=96&d=mm&r=g\",\"caption\":\"Lorenzo Verduzco\"}}]}<\/script>\n<!-- \/ Yoast SEO plugin. -->","yoast_head_json":{"title":"M\u00e9xico: La iglesia adventista participa en di\u00e1logo por la seguridad nacional - Iglesia Adventista del S\u00e9ptimo D\u00eda - Divisi\u00f3n Interamericana","robots":{"index":"index","follow":"follow","max-snippet":"max-snippet:-1","max-image-preview":"max-image-preview:large","max-video-preview":"max-video-preview:-1"},"canonical":"https:\/\/interamerica.org\/es\/2010\/08\/mexico-la-iglesia-adventista-participa-en-dialogo-por-la-seguridad-nacional\/","og_locale":"es_ES","og_type":"article","og_title":"M\u00e9xico: La iglesia adventista participa en di\u00e1logo por la seguridad nacional - Iglesia Adventista del S\u00e9ptimo D\u00eda - Divisi\u00f3n Interamericana","og_description":"La Iglesia Adventista particip\u00f3 en un di\u00e1logo especial, \"Di\u00e1logo por la seguridad\" con el presidente Felipe Calder\u00f3n. Este fue el tercer di\u00e1logo de esa naturaleza en la lucha contra la creciente delincuencia","og_url":"https:\/\/interamerica.org\/es\/2010\/08\/mexico-la-iglesia-adventista-participa-en-dialogo-por-la-seguridad-nacional\/","og_site_name":"Iglesia Adventista del S\u00e9ptimo D\u00eda - Divisi\u00f3n Interamericana","article_published_time":"2010-08-28T04:00:00+00:00","article_modified_time":"2017-06-02T12:58:59+00:00","author":"Lorenzo Verduzco","twitter_card":"summary_large_image","twitter_misc":{"Escrito por":"Lorenzo Verduzco","Tiempo de lectura":"2 minutos"},"schema":{"@context":"https:\/\/schema.org","@graph":[{"@type":"Article","@id":"https:\/\/interamerica.org\/es\/2010\/08\/mexico-la-iglesia-adventista-participa-en-dialogo-por-la-seguridad-nacional\/#article","isPartOf":{"@id":"https:\/\/interamerica.org\/es\/2010\/08\/mexico-la-iglesia-adventista-participa-en-dialogo-por-la-seguridad-nacional\/"},"author":{"name":"Lorenzo Verduzco","@id":"https:\/\/interamerica.org\/es\/#\/schema\/person\/68ede8bdc292885bb76c1e3810e73c39"},"headline":"M\u00e9xico: La iglesia adventista participa en di\u00e1logo por la seguridad nacional","datePublished":"2010-08-28T04:00:00+00:00","dateModified":"2017-06-02T12:58:59+00:00","mainEntityOfPage":{"@id":"https:\/\/interamerica.org\/es\/2010\/08\/mexico-la-iglesia-adventista-participa-en-dialogo-por-la-seguridad-nacional\/"},"wordCount":317,"articleSection":["Archivo"],"inLanguage":"es"},{"@type":"WebPage","@id":"https:\/\/interamerica.org\/es\/2010\/08\/mexico-la-iglesia-adventista-participa-en-dialogo-por-la-seguridad-nacional\/","url":"https:\/\/interamerica.org\/es\/2010\/08\/mexico-la-iglesia-adventista-participa-en-dialogo-por-la-seguridad-nacional\/","name":"M\u00e9xico: La iglesia adventista participa en di\u00e1logo por la seguridad nacional - Iglesia Adventista del S\u00e9ptimo D\u00eda - Divisi\u00f3n Interamericana","isPartOf":{"@id":"https:\/\/interamerica.org\/es\/#website"},"datePublished":"2010-08-28T04:00:00+00:00","dateModified":"2017-06-02T12:58:59+00:00","author":{"@id":"https:\/\/interamerica.org\/es\/#\/schema\/person\/68ede8bdc292885bb76c1e3810e73c39"},"breadcrumb":{"@id":"https:\/\/interamerica.org\/es\/2010\/08\/mexico-la-iglesia-adventista-participa-en-dialogo-por-la-seguridad-nacional\/#breadcrumb"},"inLanguage":"es","potentialAction":[{"@type":"ReadAction","target":["https:\/\/interamerica.org\/es\/2010\/08\/mexico-la-iglesia-adventista-participa-en-dialogo-por-la-seguridad-nacional\/"]}]},{"@type":"BreadcrumbList","@id":"https:\/\/interamerica.org\/es\/2010\/08\/mexico-la-iglesia-adventista-participa-en-dialogo-por-la-seguridad-nacional\/#breadcrumb","itemListElement":[{"@type":"ListItem","position":1,"name":"Home","item":"https:\/\/interamerica.org\/es\/"},{"@type":"ListItem","position":2,"name":"M\u00e9xico: La iglesia adventista participa en di\u00e1logo por la seguridad nacional"}]},{"@type":"WebSite","@id":"https:\/\/interamerica.org\/es\/#website","url":"https:\/\/interamerica.org\/es\/","name":"Iglesia Adventista del S\u00e9ptimo D\u00eda - Divisi\u00f3n Interamericana","description":"","potentialAction":[{"@type":"SearchAction","target":{"@type":"EntryPoint","urlTemplate":"https:\/\/interamerica.org\/es\/?s={search_term_string}"},"query-input":{"@type":"PropertyValueSpecification","valueRequired":true,"valueName":"search_term_string"}}],"inLanguage":"es"},{"@type":"Person","@id":"https:\/\/interamerica.org\/es\/#\/schema\/person\/68ede8bdc292885bb76c1e3810e73c39","name":"Lorenzo Verduzco","image":{"@type":"ImageObject","inLanguage":"es","@id":"https:\/\/secure.gravatar.com\/avatar\/fb81a55b6218459490a9c1dc841a34909185b81904c5337b4b27f7a6fd60c49e?s=96&d=mm&r=g","url":"https:\/\/secure.gravatar.com\/avatar\/fb81a55b6218459490a9c1dc841a34909185b81904c5337b4b27f7a6fd60c49e?s=96&d=mm&r=g","contentUrl":"https:\/\/secure.gravatar.com\/avatar\/fb81a55b6218459490a9c1dc841a34909185b81904c5337b4b27f7a6fd60c49e?s=96&d=mm&r=g","caption":"Lorenzo Verduzco"}}]}},"_links":{"self":[{"href":"https:\/\/interamerica.org\/es\/wp-json\/wp\/v2\/posts\/11646","targetHints":{"allow":["GET"]}}],"collection":[{"href":"https:\/\/interamerica.org\/es\/wp-json\/wp\/v2\/posts"}],"about":[{"href":"https:\/\/interamerica.org\/es\/wp-json\/wp\/v2\/types\/post"}],"author":[{"embeddable":true,"href":"https:\/\/interamerica.org\/es\/wp-json\/wp\/v2\/users\/1"}],"replies":[{"embeddable":true,"href":"https:\/\/interamerica.org\/es\/wp-json\/wp\/v2\/comments?post=11646"}],"version-history":[{"count":0,"href":"https:\/\/interamerica.org\/es\/wp-json\/wp\/v2\/posts\/11646\/revisions"}],"wp:attachment":[{"href":"https:\/\/interamerica.org\/es\/wp-json\/wp\/v2\/media?parent=11646"}],"wp:term":[{"taxonomy":"category","embeddable":true,"href":"https:\/\/interamerica.org\/es\/wp-json\/wp\/v2\/categories?post=11646"},{"taxonomy":"post_tag","embeddable":true,"href":"https:\/\/interamerica.org\/es\/wp-json\/wp\/v2\/tags?post=11646"}],"curies":[{"name":"wp","href":"https:\/\/api.w.org\/{rel}","templated":true}]}}