{"id":11651,"date":"2010-09-14T00:00:00","date_gmt":"2010-09-14T04:00:00","guid":{"rendered":"http:\/\/192.81.217.108\/interamerica\/2010\/09\/la-iglesia-refuerza-las-conferencias-en-video-para-conectar-mejor-a-los-lideres-y-ahorrar-costos\/"},"modified":"2017-06-02T08:58:55","modified_gmt":"2017-06-02T12:58:55","slug":"la-iglesia-refuerza-las-conferencias-en-video-para-conectar-mejor-a-los-lideres-y-ahorrar-costos","status":"publish","type":"post","link":"https:\/\/interamerica.org\/es\/2010\/09\/la-iglesia-refuerza-las-conferencias-en-video-para-conectar-mejor-a-los-lideres-y-ahorrar-costos\/","title":{"rendered":"La iglesia refuerza las conferencias en v\u00eddeo para conectar mejor a los l\u00edderes y ahorrar costos."},"content":{"rendered":"<p>Silver Spring, Maryland, Estados Unidos, 14 de septiembre de 2010&#8230;Ansel Oliver\/ANN <\/p>\n<p>Los principales oficiales adventistas en diversos pa\u00edses usaron tecnolog\u00eda para conferencias el mes pasado a fin de reunirse para orar mientras permanec\u00edan en sus propias oficinas. <br  \/><\/p>\n<p>Ted N. C. Wilson, presidente de la iglesia en la sede mundial,  dirigi\u00f3 el grupo en 15 minutos de oraci\u00f3n antes de delinear planes para un reci\u00e9n formado comit\u00e9 de reavivamiento espiritual. Cada uno de los nueve presidentes de divisiones mundiales participantes actualiz\u00f3 entonces a los otros l\u00edderes sobre el progreso de la denominaci\u00f3n en su territorio. <br  \/><\/p>\n<p>A pesar de que a\u00fan se necesitan enlaces de v\u00eddeo para m\u00e1s oficinas de la iglesia a nivel mundial, Wilson dijo que \u00e9l planea efectuar m\u00e1s reuniones como esa, llevadas a cabo a trav\u00e9s de conferencias de v\u00eddeo, m\u00e1s tarde en este a\u00f1o y al principio del pr\u00f3ximo a\u00f1o. <br  \/><\/p>\n<p>Aunque efectuar reuniones a trav\u00e9s de v\u00eddeo no es algo nuevo\u2014los oficiales de la iglesia han llevado a cabo reuniones anuales a trav\u00e9s de v\u00eddeo con instituciones denominacionales durante m\u00e1s de cinco a\u00f1os\u2014las capacidades de la tecnolog\u00eda est\u00e1n aumentando, lo cual puede reducir la necesidad de reuniones cara a cara con los costos que eso implica. <br  \/><\/p>\n<p>Los l\u00edderes ahora pueden reunirse a trav\u00e9s de v\u00eddeo de alta definici\u00f3n que est\u00e1 encriptado de manera segura, protegiendo mejor asuntos sensitivos o discusiones financieras. Y desde una reducci\u00f3n en el presupuesto de viajes en la sede mundial hace dos a\u00f1os, el n\u00famero de tales reuniones aument\u00f3 el a\u00f1o pasado a 34, desde seis que hubo el a\u00f1o anterior. Ahora hay cerca de dos por semana desde la sede mundial, ahorr\u00e1ndole a la iglesia algunos costos en viajes a\u00e9reos, hotel y alquiler de autos. <br  \/><\/p>\n<p>\u201cEstamos ahorrando cientos de miles [de d\u00f3lares] cada a\u00f1o\u201d, dijo Joseph Davis, ingeniero audiovisual de la sede de la iglesia. <br  \/><\/p>\n<p>A\u00fan as\u00ed, \u00e9l piensa que la denominaci\u00f3n tiene el potencial de ahorrar a\u00fan m\u00e1s. Still, he thinks the denomination has the potential to save even more. Est\u00e1 en discusi\u00f3n el costo inicial para equipar los computadores de los empleados con el software, as\u00ed como equipar las oficinas regionales a nivel mundial. <br  \/><\/p>\n<p>Aunque Davis dijo que \u00e9l no desanima a nadie respecto al uso de Skype u otros sistemas de conversaci\u00f3n en l\u00ednea, muchos de \u00e9stos no permiten usuarios m\u00faltiples de diversas regiones simult\u00e1neamente. Un sistema avanzado est\u00e1 instalado para la mayor parte de la iglesia en Sudam\u00e9rica, empleados de la tecnolog\u00eda de la informaci\u00f3n en Norteam\u00e9rica, y existe capacidad de v\u00eddeo entre la sede y la Divisi\u00f3n Interamericana con sede en Miami, as\u00ed como la Divisi\u00f3n de \u00c1frica Centro Oriental, con sede en Nairobi, Kenya. <\/p>\n<p>\u201cTenemos que hacer expansi\u00f3n\u201d, dijo Mark Lindemann, un veterano de mercadeo de 30 a\u00f1os y asistente de audiovisuales en la sede de la iglesia. \u201cNo hay raz\u00f3n para que cada director de departamento y cada vicepresidente no tenga su computador capacitado para esto\u201d. <\/p>\n<p>Lindemann dijo que \u00e9l se encontr\u00f3 recientemente en un pasillo con un oficial de la iglesia y le dijo: \u201cMira, no ten\u00edas que haber ido a esa reuni\u00f3n en [la universidad] Andrews  ayer. Hubiese sido m\u00e1s f\u00e1cil para ti si te hubieses quedado aqu\u00ed y hubi\u00e9semos hecho una conferencia de v\u00eddeo para tu reuni\u00f3n\u201d. <\/p>\n<p>En los a\u00f1os recientes, la iglesia en Sudam\u00e9rica ha equipado a la mayor\u00eda de sus oficinas regionales de la iglesia y a sus instituciones con tecnolog\u00eda para reuniones en v\u00eddeo. Erton K\u00f6hler, presidente de la regi\u00f3n, es conocido porque solicita frecuentemente el uso del sal\u00f3n de conferencias en v\u00eddeo mientras visita la sede mundial, para efectuar reuniones de oficina con los l\u00edderes que quedaron en casa. <\/p>\n<p>Otros ejecutivos de la iglesia usan las conferencias de Web para aumentar la familiaridad entre los empleados que trabajan en diferentes continentes. <br  \/><\/p>\n<p>Desde que tom\u00f3 la direcci\u00f3n de Adventist Risk Management [administraci\u00f3n adventista de riesgos] al principio de este a\u00f1o, Robert Kyte ha usado GoToMeeting para lanzar reuniones mensuales de personal, en las que presenta nuevos empleados, delinea nuevas iniciativas y presenta un departamento y sus trabajadores a trav\u00e9s de PowerPoint. Las reuniones, que generalmente duran media hora, incluyen a todos los 140 empleados en Maryland, California del Sur, Atlanta, Inglaterra y Brasil. Un empleado que habla ingles y portugu\u00e9s act\u00faa de int\u00e9rprete en las reuniones para los 14 empleados que est\u00e1n en Brasil. <\/p>\n<p>\u201cAntes de esto, una persona en la oficina de Brasil quiz\u00e1 nunca lograr\u00eda ver al jefe de contabilidad aqu\u00ed, o cu\u00e1les son sus intereses\u201d, dijo Kyte. <\/p>\n<p>Muchos l\u00edderes de la iglesia anticipan m\u00e1s uso de tecnolog\u00edas para conferencia, siempre y cuando las instituciones inviertan en los costos iniciales. <\/p>\n<p>\u201cYo creo que es maravilloso que ahora hay una amplia variedad de herramientas que podemos usar para trabajar m\u00e1s de cerca con nuestros colegas en otras partes del mundo\u201d, dijo John Beckett, director de la Oficina de Software y Tecnolog\u00eda Globales. \u201cEstos tipos de oportunidades s\u00f3lo van a aumentar en la medida en que nuestras oficinas alrededor del mundo sean mejor equipadas\u201d. <\/p>\n<\/p>\n<p>Traducci\u00f3n: Abraham Guerrero <\/p>\n","protected":false},"excerpt":{"rendered":"<p>Los principales oficiales adventistas en diversos pa\u00edses usaron tecnolog\u00eda para conferencias el mes pasado a fin de reunirse para orar mientras permanec\u00edan en sus propias oficinas.<\/p>\n","protected":false},"author":1,"featured_media":0,"comment_status":"closed","ping_status":"closed","sticky":false,"template":"","format":"standard","meta":{"_acf_changed":false,"footnotes":""},"categories":[8],"tags":[],"class_list":["post-11651","post","type-post","status-publish","format-standard","hentry","category-archivo"],"acf":[],"yoast_head":"<!-- This site is optimized with the Yoast SEO plugin v27.3 - https:\/\/yoast.com\/product\/yoast-seo-wordpress\/ -->\n<title>La iglesia refuerza las conferencias en v\u00eddeo para conectar mejor a los l\u00edderes y ahorrar costos. - Iglesia Adventista del S\u00e9ptimo D\u00eda - Divisi\u00f3n Interamericana<\/title>\n<meta name=\"robots\" content=\"index, follow, max-snippet:-1, max-image-preview:large, max-video-preview:-1\" \/>\n<link rel=\"canonical\" href=\"https:\/\/interamerica.org\/es\/2010\/09\/la-iglesia-refuerza-las-conferencias-en-video-para-conectar-mejor-a-los-lideres-y-ahorrar-costos\/\" \/>\n<meta property=\"og:locale\" content=\"es_ES\" \/>\n<meta property=\"og:type\" content=\"article\" \/>\n<meta property=\"og:title\" content=\"La iglesia refuerza las conferencias en v\u00eddeo para conectar mejor a los l\u00edderes y ahorrar costos. - Iglesia Adventista del S\u00e9ptimo D\u00eda - Divisi\u00f3n Interamericana\" \/>\n<meta property=\"og:description\" content=\"Los principales oficiales adventistas en diversos pa\u00edses usaron tecnolog\u00eda para conferencias el mes pasado a fin de reunirse para orar mientras permanec\u00edan en sus propias oficinas.\" \/>\n<meta property=\"og:url\" content=\"https:\/\/interamerica.org\/es\/2010\/09\/la-iglesia-refuerza-las-conferencias-en-video-para-conectar-mejor-a-los-lideres-y-ahorrar-costos\/\" \/>\n<meta property=\"og:site_name\" content=\"Iglesia Adventista del S\u00e9ptimo D\u00eda - Divisi\u00f3n Interamericana\" \/>\n<meta property=\"article:published_time\" content=\"2010-09-14T04:00:00+00:00\" \/>\n<meta property=\"article:modified_time\" content=\"2017-06-02T12:58:55+00:00\" \/>\n<meta name=\"author\" content=\"Lorenzo Verduzco\" \/>\n<meta name=\"twitter:card\" content=\"summary_large_image\" \/>\n<meta name=\"twitter:label1\" content=\"Escrito por\" \/>\n\t<meta name=\"twitter:data1\" content=\"Lorenzo Verduzco\" \/>\n\t<meta name=\"twitter:label2\" content=\"Tiempo de lectura\" \/>\n\t<meta name=\"twitter:data2\" content=\"5 minutos\" \/>\n<script type=\"application\/ld+json\" class=\"yoast-schema-graph\">{\"@context\":\"https:\\\/\\\/schema.org\",\"@graph\":[{\"@type\":\"Article\",\"@id\":\"https:\\\/\\\/interamerica.org\\\/es\\\/2010\\\/09\\\/la-iglesia-refuerza-las-conferencias-en-video-para-conectar-mejor-a-los-lideres-y-ahorrar-costos\\\/#article\",\"isPartOf\":{\"@id\":\"https:\\\/\\\/interamerica.org\\\/es\\\/2010\\\/09\\\/la-iglesia-refuerza-las-conferencias-en-video-para-conectar-mejor-a-los-lideres-y-ahorrar-costos\\\/\"},\"author\":{\"name\":\"Lorenzo Verduzco\",\"@id\":\"https:\\\/\\\/interamerica.org\\\/es\\\/#\\\/schema\\\/person\\\/68ede8bdc292885bb76c1e3810e73c39\"},\"headline\":\"La iglesia refuerza las conferencias en v\u00eddeo para conectar mejor a los l\u00edderes y ahorrar costos.\",\"datePublished\":\"2010-09-14T04:00:00+00:00\",\"dateModified\":\"2017-06-02T12:58:55+00:00\",\"mainEntityOfPage\":{\"@id\":\"https:\\\/\\\/interamerica.org\\\/es\\\/2010\\\/09\\\/la-iglesia-refuerza-las-conferencias-en-video-para-conectar-mejor-a-los-lideres-y-ahorrar-costos\\\/\"},\"wordCount\":934,\"articleSection\":[\"Archivo\"],\"inLanguage\":\"es\"},{\"@type\":\"WebPage\",\"@id\":\"https:\\\/\\\/interamerica.org\\\/es\\\/2010\\\/09\\\/la-iglesia-refuerza-las-conferencias-en-video-para-conectar-mejor-a-los-lideres-y-ahorrar-costos\\\/\",\"url\":\"https:\\\/\\\/interamerica.org\\\/es\\\/2010\\\/09\\\/la-iglesia-refuerza-las-conferencias-en-video-para-conectar-mejor-a-los-lideres-y-ahorrar-costos\\\/\",\"name\":\"La iglesia refuerza las conferencias en v\u00eddeo para conectar mejor a los l\u00edderes y ahorrar costos. - Iglesia Adventista del S\u00e9ptimo D\u00eda - Divisi\u00f3n Interamericana\",\"isPartOf\":{\"@id\":\"https:\\\/\\\/interamerica.org\\\/es\\\/#website\"},\"datePublished\":\"2010-09-14T04:00:00+00:00\",\"dateModified\":\"2017-06-02T12:58:55+00:00\",\"author\":{\"@id\":\"https:\\\/\\\/interamerica.org\\\/es\\\/#\\\/schema\\\/person\\\/68ede8bdc292885bb76c1e3810e73c39\"},\"breadcrumb\":{\"@id\":\"https:\\\/\\\/interamerica.org\\\/es\\\/2010\\\/09\\\/la-iglesia-refuerza-las-conferencias-en-video-para-conectar-mejor-a-los-lideres-y-ahorrar-costos\\\/#breadcrumb\"},\"inLanguage\":\"es\",\"potentialAction\":[{\"@type\":\"ReadAction\",\"target\":[\"https:\\\/\\\/interamerica.org\\\/es\\\/2010\\\/09\\\/la-iglesia-refuerza-las-conferencias-en-video-para-conectar-mejor-a-los-lideres-y-ahorrar-costos\\\/\"]}]},{\"@type\":\"BreadcrumbList\",\"@id\":\"https:\\\/\\\/interamerica.org\\\/es\\\/2010\\\/09\\\/la-iglesia-refuerza-las-conferencias-en-video-para-conectar-mejor-a-los-lideres-y-ahorrar-costos\\\/#breadcrumb\",\"itemListElement\":[{\"@type\":\"ListItem\",\"position\":1,\"name\":\"Home\",\"item\":\"https:\\\/\\\/interamerica.org\\\/es\\\/\"},{\"@type\":\"ListItem\",\"position\":2,\"name\":\"La iglesia refuerza las conferencias en v\u00eddeo para conectar mejor a los l\u00edderes y ahorrar costos.\"}]},{\"@type\":\"WebSite\",\"@id\":\"https:\\\/\\\/interamerica.org\\\/es\\\/#website\",\"url\":\"https:\\\/\\\/interamerica.org\\\/es\\\/\",\"name\":\"Iglesia Adventista del S\u00e9ptimo D\u00eda - Divisi\u00f3n Interamericana\",\"description\":\"\",\"potentialAction\":[{\"@type\":\"SearchAction\",\"target\":{\"@type\":\"EntryPoint\",\"urlTemplate\":\"https:\\\/\\\/interamerica.org\\\/es\\\/?s={search_term_string}\"},\"query-input\":{\"@type\":\"PropertyValueSpecification\",\"valueRequired\":true,\"valueName\":\"search_term_string\"}}],\"inLanguage\":\"es\"},{\"@type\":\"Person\",\"@id\":\"https:\\\/\\\/interamerica.org\\\/es\\\/#\\\/schema\\\/person\\\/68ede8bdc292885bb76c1e3810e73c39\",\"name\":\"Lorenzo Verduzco\",\"image\":{\"@type\":\"ImageObject\",\"inLanguage\":\"es\",\"@id\":\"https:\\\/\\\/secure.gravatar.com\\\/avatar\\\/fb81a55b6218459490a9c1dc841a34909185b81904c5337b4b27f7a6fd60c49e?s=96&d=mm&r=g\",\"url\":\"https:\\\/\\\/secure.gravatar.com\\\/avatar\\\/fb81a55b6218459490a9c1dc841a34909185b81904c5337b4b27f7a6fd60c49e?s=96&d=mm&r=g\",\"contentUrl\":\"https:\\\/\\\/secure.gravatar.com\\\/avatar\\\/fb81a55b6218459490a9c1dc841a34909185b81904c5337b4b27f7a6fd60c49e?s=96&d=mm&r=g\",\"caption\":\"Lorenzo Verduzco\"}}]}<\/script>\n<!-- \/ Yoast SEO plugin. -->","yoast_head_json":{"title":"La iglesia refuerza las conferencias en v\u00eddeo para conectar mejor a los l\u00edderes y ahorrar costos. - Iglesia Adventista del S\u00e9ptimo D\u00eda - Divisi\u00f3n Interamericana","robots":{"index":"index","follow":"follow","max-snippet":"max-snippet:-1","max-image-preview":"max-image-preview:large","max-video-preview":"max-video-preview:-1"},"canonical":"https:\/\/interamerica.org\/es\/2010\/09\/la-iglesia-refuerza-las-conferencias-en-video-para-conectar-mejor-a-los-lideres-y-ahorrar-costos\/","og_locale":"es_ES","og_type":"article","og_title":"La iglesia refuerza las conferencias en v\u00eddeo para conectar mejor a los l\u00edderes y ahorrar costos. - Iglesia Adventista del S\u00e9ptimo D\u00eda - Divisi\u00f3n Interamericana","og_description":"Los principales oficiales adventistas en diversos pa\u00edses usaron tecnolog\u00eda para conferencias el mes pasado a fin de reunirse para orar mientras permanec\u00edan en sus propias oficinas.","og_url":"https:\/\/interamerica.org\/es\/2010\/09\/la-iglesia-refuerza-las-conferencias-en-video-para-conectar-mejor-a-los-lideres-y-ahorrar-costos\/","og_site_name":"Iglesia Adventista del S\u00e9ptimo D\u00eda - Divisi\u00f3n Interamericana","article_published_time":"2010-09-14T04:00:00+00:00","article_modified_time":"2017-06-02T12:58:55+00:00","author":"Lorenzo Verduzco","twitter_card":"summary_large_image","twitter_misc":{"Escrito por":"Lorenzo Verduzco","Tiempo de lectura":"5 minutos"},"schema":{"@context":"https:\/\/schema.org","@graph":[{"@type":"Article","@id":"https:\/\/interamerica.org\/es\/2010\/09\/la-iglesia-refuerza-las-conferencias-en-video-para-conectar-mejor-a-los-lideres-y-ahorrar-costos\/#article","isPartOf":{"@id":"https:\/\/interamerica.org\/es\/2010\/09\/la-iglesia-refuerza-las-conferencias-en-video-para-conectar-mejor-a-los-lideres-y-ahorrar-costos\/"},"author":{"name":"Lorenzo Verduzco","@id":"https:\/\/interamerica.org\/es\/#\/schema\/person\/68ede8bdc292885bb76c1e3810e73c39"},"headline":"La iglesia refuerza las conferencias en v\u00eddeo para conectar mejor a los l\u00edderes y ahorrar costos.","datePublished":"2010-09-14T04:00:00+00:00","dateModified":"2017-06-02T12:58:55+00:00","mainEntityOfPage":{"@id":"https:\/\/interamerica.org\/es\/2010\/09\/la-iglesia-refuerza-las-conferencias-en-video-para-conectar-mejor-a-los-lideres-y-ahorrar-costos\/"},"wordCount":934,"articleSection":["Archivo"],"inLanguage":"es"},{"@type":"WebPage","@id":"https:\/\/interamerica.org\/es\/2010\/09\/la-iglesia-refuerza-las-conferencias-en-video-para-conectar-mejor-a-los-lideres-y-ahorrar-costos\/","url":"https:\/\/interamerica.org\/es\/2010\/09\/la-iglesia-refuerza-las-conferencias-en-video-para-conectar-mejor-a-los-lideres-y-ahorrar-costos\/","name":"La iglesia refuerza las conferencias en v\u00eddeo para conectar mejor a los l\u00edderes y ahorrar costos. - Iglesia Adventista del S\u00e9ptimo D\u00eda - Divisi\u00f3n Interamericana","isPartOf":{"@id":"https:\/\/interamerica.org\/es\/#website"},"datePublished":"2010-09-14T04:00:00+00:00","dateModified":"2017-06-02T12:58:55+00:00","author":{"@id":"https:\/\/interamerica.org\/es\/#\/schema\/person\/68ede8bdc292885bb76c1e3810e73c39"},"breadcrumb":{"@id":"https:\/\/interamerica.org\/es\/2010\/09\/la-iglesia-refuerza-las-conferencias-en-video-para-conectar-mejor-a-los-lideres-y-ahorrar-costos\/#breadcrumb"},"inLanguage":"es","potentialAction":[{"@type":"ReadAction","target":["https:\/\/interamerica.org\/es\/2010\/09\/la-iglesia-refuerza-las-conferencias-en-video-para-conectar-mejor-a-los-lideres-y-ahorrar-costos\/"]}]},{"@type":"BreadcrumbList","@id":"https:\/\/interamerica.org\/es\/2010\/09\/la-iglesia-refuerza-las-conferencias-en-video-para-conectar-mejor-a-los-lideres-y-ahorrar-costos\/#breadcrumb","itemListElement":[{"@type":"ListItem","position":1,"name":"Home","item":"https:\/\/interamerica.org\/es\/"},{"@type":"ListItem","position":2,"name":"La iglesia refuerza las conferencias en v\u00eddeo para conectar mejor a los l\u00edderes y ahorrar costos."}]},{"@type":"WebSite","@id":"https:\/\/interamerica.org\/es\/#website","url":"https:\/\/interamerica.org\/es\/","name":"Iglesia Adventista del S\u00e9ptimo D\u00eda - Divisi\u00f3n Interamericana","description":"","potentialAction":[{"@type":"SearchAction","target":{"@type":"EntryPoint","urlTemplate":"https:\/\/interamerica.org\/es\/?s={search_term_string}"},"query-input":{"@type":"PropertyValueSpecification","valueRequired":true,"valueName":"search_term_string"}}],"inLanguage":"es"},{"@type":"Person","@id":"https:\/\/interamerica.org\/es\/#\/schema\/person\/68ede8bdc292885bb76c1e3810e73c39","name":"Lorenzo Verduzco","image":{"@type":"ImageObject","inLanguage":"es","@id":"https:\/\/secure.gravatar.com\/avatar\/fb81a55b6218459490a9c1dc841a34909185b81904c5337b4b27f7a6fd60c49e?s=96&d=mm&r=g","url":"https:\/\/secure.gravatar.com\/avatar\/fb81a55b6218459490a9c1dc841a34909185b81904c5337b4b27f7a6fd60c49e?s=96&d=mm&r=g","contentUrl":"https:\/\/secure.gravatar.com\/avatar\/fb81a55b6218459490a9c1dc841a34909185b81904c5337b4b27f7a6fd60c49e?s=96&d=mm&r=g","caption":"Lorenzo Verduzco"}}]}},"_links":{"self":[{"href":"https:\/\/interamerica.org\/es\/wp-json\/wp\/v2\/posts\/11651","targetHints":{"allow":["GET"]}}],"collection":[{"href":"https:\/\/interamerica.org\/es\/wp-json\/wp\/v2\/posts"}],"about":[{"href":"https:\/\/interamerica.org\/es\/wp-json\/wp\/v2\/types\/post"}],"author":[{"embeddable":true,"href":"https:\/\/interamerica.org\/es\/wp-json\/wp\/v2\/users\/1"}],"replies":[{"embeddable":true,"href":"https:\/\/interamerica.org\/es\/wp-json\/wp\/v2\/comments?post=11651"}],"version-history":[{"count":0,"href":"https:\/\/interamerica.org\/es\/wp-json\/wp\/v2\/posts\/11651\/revisions"}],"wp:attachment":[{"href":"https:\/\/interamerica.org\/es\/wp-json\/wp\/v2\/media?parent=11651"}],"wp:term":[{"taxonomy":"category","embeddable":true,"href":"https:\/\/interamerica.org\/es\/wp-json\/wp\/v2\/categories?post=11651"},{"taxonomy":"post_tag","embeddable":true,"href":"https:\/\/interamerica.org\/es\/wp-json\/wp\/v2\/tags?post=11651"}],"curies":[{"name":"wp","href":"https:\/\/api.w.org\/{rel}","templated":true}]}}