{"id":11653,"date":"2010-09-14T00:00:00","date_gmt":"2010-09-14T04:00:00","guid":{"rendered":"http:\/\/192.81.217.108\/interamerica\/2010\/09\/encuentro-de-mayordomia-en-la-union-central-de-mexico\/"},"modified":"2017-10-23T19:07:02","modified_gmt":"2017-10-23T23:07:02","slug":"encuentro-de-mayordomia-en-la-union-central-de-mexico","status":"publish","type":"post","link":"https:\/\/interamerica.org\/es\/2010\/09\/encuentro-de-mayordomia-en-la-union-central-de-mexico\/","title":{"rendered":"Encuentro de Mayordom\u00eda en la Uni\u00f3n Central de M\u00e9xico"},"content":{"rendered":"<p>14 Sep, 2010&#8230;.Javier Mejia\/IAD<\/p>\n<p>El pasado 26 de agosto, los pastores de la Misi\u00f3n Azteca, uno de los campos locales de la Uni\u00f3n Central de M\u00e9xico, celebr\u00f3 junto con su equipo de pastores un encuentro de Mayordom\u00eda dirigido por el pastor Javier Mej\u00eda Mej\u00eda, el Director de Mayordom\u00eda de la Divisi\u00f3n Interamericana. <\/p>\n<p>El Pastor Eleazar Cipriano, presidente de la Misi\u00f3n Azteca, y el cuerpo ministerial de dicho campo, compartieron inquietudes y fueron instruidos en cuanto a c\u00f3mo eficientar la tarea del pastor en su desempe\u00f1o como instructor de la hermandad en el abarcante campo de la mayordom\u00eda cristiana. <\/p>\n<p>Oremos para que este grupo de pastores sigan cumpliendo su ministerio bajo la gu\u00eda infalible del Esp\u00edritu Santo. Saludos obreros de la gran Misi\u00f3n Azteca. <\/p>\n","protected":false},"excerpt":{"rendered":"<p>El pasado 26 de agosto, los pastores de la Misi\u00f3n Azteca, uno de los campos locales de la Uni\u00f3n Central de M\u00e9xico, celebr\u00f3 junto con su equipo de pastores un encuentro de Mayordom\u00eda dirigido por el pastor Javier Mej\u00eda Mej\u00eda, el Director de Mayordom\u00eda de l<\/p>\n","protected":false},"author":1,"featured_media":0,"comment_status":"closed","ping_status":"closed","sticky":false,"template":"","format":"standard","meta":{"_acf_changed":false,"footnotes":""},"categories":[8],"tags":[],"class_list":["post-11653","post","type-post","status-publish","format-standard","hentry","category-archivo"],"acf":[],"yoast_head":"<!-- This site is optimized with the Yoast SEO plugin v27.3 - https:\/\/yoast.com\/product\/yoast-seo-wordpress\/ -->\n<title>Encuentro de Mayordom\u00eda en la Uni\u00f3n Central de M\u00e9xico - Iglesia Adventista del S\u00e9ptimo D\u00eda - Divisi\u00f3n Interamericana<\/title>\n<meta name=\"robots\" content=\"index, follow, max-snippet:-1, max-image-preview:large, max-video-preview:-1\" \/>\n<link rel=\"canonical\" href=\"https:\/\/interamerica.org\/es\/2010\/09\/encuentro-de-mayordomia-en-la-union-central-de-mexico\/\" \/>\n<meta property=\"og:locale\" content=\"es_ES\" \/>\n<meta property=\"og:type\" content=\"article\" \/>\n<meta property=\"og:title\" content=\"Encuentro de Mayordom\u00eda en la Uni\u00f3n Central de M\u00e9xico - Iglesia Adventista del S\u00e9ptimo D\u00eda - Divisi\u00f3n Interamericana\" \/>\n<meta property=\"og:description\" content=\"El pasado 26 de agosto, los pastores de la Misi\u00f3n Azteca, uno de los campos locales de la Uni\u00f3n Central de M\u00e9xico, celebr\u00f3 junto con su equipo de pastores un encuentro de Mayordom\u00eda dirigido por el pastor Javier Mej\u00eda Mej\u00eda, el Director de Mayordom\u00eda de l\" \/>\n<meta property=\"og:url\" content=\"https:\/\/interamerica.org\/es\/2010\/09\/encuentro-de-mayordomia-en-la-union-central-de-mexico\/\" \/>\n<meta property=\"og:site_name\" content=\"Iglesia Adventista del S\u00e9ptimo D\u00eda - Divisi\u00f3n Interamericana\" \/>\n<meta property=\"article:published_time\" content=\"2010-09-14T04:00:00+00:00\" \/>\n<meta property=\"article:modified_time\" content=\"2017-10-23T23:07:02+00:00\" \/>\n<meta name=\"author\" content=\"Lorenzo Verduzco\" \/>\n<meta name=\"twitter:card\" content=\"summary_large_image\" \/>\n<meta name=\"twitter:label1\" content=\"Escrito por\" \/>\n\t<meta name=\"twitter:data1\" content=\"Lorenzo Verduzco\" \/>\n\t<meta name=\"twitter:label2\" content=\"Tiempo de lectura\" \/>\n\t<meta name=\"twitter:data2\" content=\"1 minuto\" \/>\n<script type=\"application\/ld+json\" class=\"yoast-schema-graph\">{\"@context\":\"https:\\\/\\\/schema.org\",\"@graph\":[{\"@type\":\"Article\",\"@id\":\"https:\\\/\\\/interamerica.org\\\/es\\\/2010\\\/09\\\/encuentro-de-mayordomia-en-la-union-central-de-mexico\\\/#article\",\"isPartOf\":{\"@id\":\"https:\\\/\\\/interamerica.org\\\/es\\\/2010\\\/09\\\/encuentro-de-mayordomia-en-la-union-central-de-mexico\\\/\"},\"author\":{\"name\":\"Lorenzo Verduzco\",\"@id\":\"https:\\\/\\\/interamerica.org\\\/es\\\/#\\\/schema\\\/person\\\/68ede8bdc292885bb76c1e3810e73c39\"},\"headline\":\"Encuentro de Mayordom\u00eda en la Uni\u00f3n Central de M\u00e9xico\",\"datePublished\":\"2010-09-14T04:00:00+00:00\",\"dateModified\":\"2017-10-23T23:07:02+00:00\",\"mainEntityOfPage\":{\"@id\":\"https:\\\/\\\/interamerica.org\\\/es\\\/2010\\\/09\\\/encuentro-de-mayordomia-en-la-union-central-de-mexico\\\/\"},\"wordCount\":149,\"articleSection\":[\"Archivo\"],\"inLanguage\":\"es\"},{\"@type\":\"WebPage\",\"@id\":\"https:\\\/\\\/interamerica.org\\\/es\\\/2010\\\/09\\\/encuentro-de-mayordomia-en-la-union-central-de-mexico\\\/\",\"url\":\"https:\\\/\\\/interamerica.org\\\/es\\\/2010\\\/09\\\/encuentro-de-mayordomia-en-la-union-central-de-mexico\\\/\",\"name\":\"Encuentro de Mayordom\u00eda en la Uni\u00f3n Central de M\u00e9xico - Iglesia Adventista del S\u00e9ptimo D\u00eda - Divisi\u00f3n Interamericana\",\"isPartOf\":{\"@id\":\"https:\\\/\\\/interamerica.org\\\/es\\\/#website\"},\"datePublished\":\"2010-09-14T04:00:00+00:00\",\"dateModified\":\"2017-10-23T23:07:02+00:00\",\"author\":{\"@id\":\"https:\\\/\\\/interamerica.org\\\/es\\\/#\\\/schema\\\/person\\\/68ede8bdc292885bb76c1e3810e73c39\"},\"breadcrumb\":{\"@id\":\"https:\\\/\\\/interamerica.org\\\/es\\\/2010\\\/09\\\/encuentro-de-mayordomia-en-la-union-central-de-mexico\\\/#breadcrumb\"},\"inLanguage\":\"es\",\"potentialAction\":[{\"@type\":\"ReadAction\",\"target\":[\"https:\\\/\\\/interamerica.org\\\/es\\\/2010\\\/09\\\/encuentro-de-mayordomia-en-la-union-central-de-mexico\\\/\"]}]},{\"@type\":\"BreadcrumbList\",\"@id\":\"https:\\\/\\\/interamerica.org\\\/es\\\/2010\\\/09\\\/encuentro-de-mayordomia-en-la-union-central-de-mexico\\\/#breadcrumb\",\"itemListElement\":[{\"@type\":\"ListItem\",\"position\":1,\"name\":\"Home\",\"item\":\"https:\\\/\\\/interamerica.org\\\/es\\\/\"},{\"@type\":\"ListItem\",\"position\":2,\"name\":\"Encuentro de Mayordom\u00eda en la Uni\u00f3n Central de M\u00e9xico\"}]},{\"@type\":\"WebSite\",\"@id\":\"https:\\\/\\\/interamerica.org\\\/es\\\/#website\",\"url\":\"https:\\\/\\\/interamerica.org\\\/es\\\/\",\"name\":\"Iglesia Adventista del S\u00e9ptimo D\u00eda - Divisi\u00f3n Interamericana\",\"description\":\"\",\"potentialAction\":[{\"@type\":\"SearchAction\",\"target\":{\"@type\":\"EntryPoint\",\"urlTemplate\":\"https:\\\/\\\/interamerica.org\\\/es\\\/?s={search_term_string}\"},\"query-input\":{\"@type\":\"PropertyValueSpecification\",\"valueRequired\":true,\"valueName\":\"search_term_string\"}}],\"inLanguage\":\"es\"},{\"@type\":\"Person\",\"@id\":\"https:\\\/\\\/interamerica.org\\\/es\\\/#\\\/schema\\\/person\\\/68ede8bdc292885bb76c1e3810e73c39\",\"name\":\"Lorenzo Verduzco\",\"image\":{\"@type\":\"ImageObject\",\"inLanguage\":\"es\",\"@id\":\"https:\\\/\\\/secure.gravatar.com\\\/avatar\\\/fb81a55b6218459490a9c1dc841a34909185b81904c5337b4b27f7a6fd60c49e?s=96&d=mm&r=g\",\"url\":\"https:\\\/\\\/secure.gravatar.com\\\/avatar\\\/fb81a55b6218459490a9c1dc841a34909185b81904c5337b4b27f7a6fd60c49e?s=96&d=mm&r=g\",\"contentUrl\":\"https:\\\/\\\/secure.gravatar.com\\\/avatar\\\/fb81a55b6218459490a9c1dc841a34909185b81904c5337b4b27f7a6fd60c49e?s=96&d=mm&r=g\",\"caption\":\"Lorenzo Verduzco\"}}]}<\/script>\n<!-- \/ Yoast SEO plugin. -->","yoast_head_json":{"title":"Encuentro de Mayordom\u00eda en la Uni\u00f3n Central de M\u00e9xico - Iglesia Adventista del S\u00e9ptimo D\u00eda - Divisi\u00f3n Interamericana","robots":{"index":"index","follow":"follow","max-snippet":"max-snippet:-1","max-image-preview":"max-image-preview:large","max-video-preview":"max-video-preview:-1"},"canonical":"https:\/\/interamerica.org\/es\/2010\/09\/encuentro-de-mayordomia-en-la-union-central-de-mexico\/","og_locale":"es_ES","og_type":"article","og_title":"Encuentro de Mayordom\u00eda en la Uni\u00f3n Central de M\u00e9xico - Iglesia Adventista del S\u00e9ptimo D\u00eda - Divisi\u00f3n Interamericana","og_description":"El pasado 26 de agosto, los pastores de la Misi\u00f3n Azteca, uno de los campos locales de la Uni\u00f3n Central de M\u00e9xico, celebr\u00f3 junto con su equipo de pastores un encuentro de Mayordom\u00eda dirigido por el pastor Javier Mej\u00eda Mej\u00eda, el Director de Mayordom\u00eda de l","og_url":"https:\/\/interamerica.org\/es\/2010\/09\/encuentro-de-mayordomia-en-la-union-central-de-mexico\/","og_site_name":"Iglesia Adventista del S\u00e9ptimo D\u00eda - Divisi\u00f3n Interamericana","article_published_time":"2010-09-14T04:00:00+00:00","article_modified_time":"2017-10-23T23:07:02+00:00","author":"Lorenzo Verduzco","twitter_card":"summary_large_image","twitter_misc":{"Escrito por":"Lorenzo Verduzco","Tiempo de lectura":"1 minuto"},"schema":{"@context":"https:\/\/schema.org","@graph":[{"@type":"Article","@id":"https:\/\/interamerica.org\/es\/2010\/09\/encuentro-de-mayordomia-en-la-union-central-de-mexico\/#article","isPartOf":{"@id":"https:\/\/interamerica.org\/es\/2010\/09\/encuentro-de-mayordomia-en-la-union-central-de-mexico\/"},"author":{"name":"Lorenzo Verduzco","@id":"https:\/\/interamerica.org\/es\/#\/schema\/person\/68ede8bdc292885bb76c1e3810e73c39"},"headline":"Encuentro de Mayordom\u00eda en la Uni\u00f3n Central de M\u00e9xico","datePublished":"2010-09-14T04:00:00+00:00","dateModified":"2017-10-23T23:07:02+00:00","mainEntityOfPage":{"@id":"https:\/\/interamerica.org\/es\/2010\/09\/encuentro-de-mayordomia-en-la-union-central-de-mexico\/"},"wordCount":149,"articleSection":["Archivo"],"inLanguage":"es"},{"@type":"WebPage","@id":"https:\/\/interamerica.org\/es\/2010\/09\/encuentro-de-mayordomia-en-la-union-central-de-mexico\/","url":"https:\/\/interamerica.org\/es\/2010\/09\/encuentro-de-mayordomia-en-la-union-central-de-mexico\/","name":"Encuentro de Mayordom\u00eda en la Uni\u00f3n Central de M\u00e9xico - Iglesia Adventista del S\u00e9ptimo D\u00eda - Divisi\u00f3n Interamericana","isPartOf":{"@id":"https:\/\/interamerica.org\/es\/#website"},"datePublished":"2010-09-14T04:00:00+00:00","dateModified":"2017-10-23T23:07:02+00:00","author":{"@id":"https:\/\/interamerica.org\/es\/#\/schema\/person\/68ede8bdc292885bb76c1e3810e73c39"},"breadcrumb":{"@id":"https:\/\/interamerica.org\/es\/2010\/09\/encuentro-de-mayordomia-en-la-union-central-de-mexico\/#breadcrumb"},"inLanguage":"es","potentialAction":[{"@type":"ReadAction","target":["https:\/\/interamerica.org\/es\/2010\/09\/encuentro-de-mayordomia-en-la-union-central-de-mexico\/"]}]},{"@type":"BreadcrumbList","@id":"https:\/\/interamerica.org\/es\/2010\/09\/encuentro-de-mayordomia-en-la-union-central-de-mexico\/#breadcrumb","itemListElement":[{"@type":"ListItem","position":1,"name":"Home","item":"https:\/\/interamerica.org\/es\/"},{"@type":"ListItem","position":2,"name":"Encuentro de Mayordom\u00eda en la Uni\u00f3n Central de M\u00e9xico"}]},{"@type":"WebSite","@id":"https:\/\/interamerica.org\/es\/#website","url":"https:\/\/interamerica.org\/es\/","name":"Iglesia Adventista del S\u00e9ptimo D\u00eda - Divisi\u00f3n Interamericana","description":"","potentialAction":[{"@type":"SearchAction","target":{"@type":"EntryPoint","urlTemplate":"https:\/\/interamerica.org\/es\/?s={search_term_string}"},"query-input":{"@type":"PropertyValueSpecification","valueRequired":true,"valueName":"search_term_string"}}],"inLanguage":"es"},{"@type":"Person","@id":"https:\/\/interamerica.org\/es\/#\/schema\/person\/68ede8bdc292885bb76c1e3810e73c39","name":"Lorenzo Verduzco","image":{"@type":"ImageObject","inLanguage":"es","@id":"https:\/\/secure.gravatar.com\/avatar\/fb81a55b6218459490a9c1dc841a34909185b81904c5337b4b27f7a6fd60c49e?s=96&d=mm&r=g","url":"https:\/\/secure.gravatar.com\/avatar\/fb81a55b6218459490a9c1dc841a34909185b81904c5337b4b27f7a6fd60c49e?s=96&d=mm&r=g","contentUrl":"https:\/\/secure.gravatar.com\/avatar\/fb81a55b6218459490a9c1dc841a34909185b81904c5337b4b27f7a6fd60c49e?s=96&d=mm&r=g","caption":"Lorenzo Verduzco"}}]}},"_links":{"self":[{"href":"https:\/\/interamerica.org\/es\/wp-json\/wp\/v2\/posts\/11653","targetHints":{"allow":["GET"]}}],"collection":[{"href":"https:\/\/interamerica.org\/es\/wp-json\/wp\/v2\/posts"}],"about":[{"href":"https:\/\/interamerica.org\/es\/wp-json\/wp\/v2\/types\/post"}],"author":[{"embeddable":true,"href":"https:\/\/interamerica.org\/es\/wp-json\/wp\/v2\/users\/1"}],"replies":[{"embeddable":true,"href":"https:\/\/interamerica.org\/es\/wp-json\/wp\/v2\/comments?post=11653"}],"version-history":[{"count":0,"href":"https:\/\/interamerica.org\/es\/wp-json\/wp\/v2\/posts\/11653\/revisions"}],"wp:attachment":[{"href":"https:\/\/interamerica.org\/es\/wp-json\/wp\/v2\/media?parent=11653"}],"wp:term":[{"taxonomy":"category","embeddable":true,"href":"https:\/\/interamerica.org\/es\/wp-json\/wp\/v2\/categories?post=11653"},{"taxonomy":"post_tag","embeddable":true,"href":"https:\/\/interamerica.org\/es\/wp-json\/wp\/v2\/tags?post=11653"}],"curies":[{"name":"wp","href":"https:\/\/api.w.org\/{rel}","templated":true}]}}