{"id":116717,"date":"2024-07-04T18:00:29","date_gmt":"2024-07-04T22:00:29","guid":{"rendered":"https:\/\/interamerica.org\/?p=116717"},"modified":"2024-07-05T08:52:15","modified_gmt":"2024-07-05T12:52:15","slug":"universidad-de-montemorelos-se-suma-a-proteccion-civil-para-evacuar-y-ayudar-despues-de-la-tormenta-tropical-alberto","status":"publish","type":"post","link":"https:\/\/interamerica.org\/es\/2024\/07\/universidad-de-montemorelos-se-suma-a-proteccion-civil-para-evacuar-y-ayudar-despues-de-la-tormenta-tropical-alberto\/","title":{"rendered":"Universidad de Montemorelos se suma a Protecci\u00f3n Civil para evacuar y ayudar despu\u00e9s de la Tormenta Tropical Alberto"},"content":{"rendered":"<p><em>El campus de la instituci\u00f3n adventista cuenta con una larga tradici\u00f3n de ser una mayo ayudadora en momentos de necesidad.<\/em><\/p>\n<p>4 de julio de 2024 | Montemorelos, Nuevo Le\u00f3n, M\u00e9xico | Laura Marrero y Noticias de la Divisi\u00f3n Interamericana<\/p>\n<p>La Universidad de Montemorelos, una instituci\u00f3n adventista en Montemorelos, Nuevo Le\u00f3n, M\u00e9xico, se sum\u00f3 a la sede regional de Protecci\u00f3n Civil para ayudar a algunos de los afectados por la Tormenta Tropical Alberto, que azot\u00f3 la zona el pasado 20 de junio de 2024. Despu\u00e9s de solicitudes por parte de los funcionarios de Protecci\u00f3n Civil, la instituci\u00f3n acept\u00f3 actuar como un centro de evacuaci\u00f3n para ayudar a decenas de personas rescatadas despu\u00e9s del paso de la tormenta, reportaron los l\u00edderes de la universidad.<\/p>\n<p>Alberto fue descrita como un cicl\u00f3n tropical de corta duraci\u00f3n que afect\u00f3 el norte de M\u00e9xico y el estado de Texas en los Estados Unidos, despu\u00e9s de entrar al continente desde el Golfo de M\u00e9xico. Aunque las fuertes lluvias son bienvenidas porque suelen beneficiar el almacenamiento de agua en los diques, a menudo presentan riesgos significativos para muchos que viven en zonas vulnerables.<\/p>\n<p><div id=\"attachment_116682\" style=\"width: 892px\" class=\"wp-caption aligncenter\"><img fetchpriority=\"high\" decoding=\"async\" aria-describedby=\"caption-attachment-116682\" class=\" wp-image-116680\" src=\"https:\/\/interamerica.org\/wp-content\/uploads\/2024\/07\/um-heli-img-lifiaejv9p7dw4qj-1024x576.jpg\" alt=\"\" width=\"882\" height=\"496\" srcset=\"https:\/\/interamerica.org\/wp-content\/uploads\/2024\/07\/um-heli-img-lifiaejv9p7dw4qj-1024x576.jpg 1024w, https:\/\/interamerica.org\/wp-content\/uploads\/2024\/07\/um-heli-img-lifiaejv9p7dw4qj-300x169.jpg 300w, https:\/\/interamerica.org\/wp-content\/uploads\/2024\/07\/um-heli-img-lifiaejv9p7dw4qj-768x432.jpg 768w, https:\/\/interamerica.org\/wp-content\/uploads\/2024\/07\/um-heli-img-lifiaejv9p7dw4qj-1536x864.jpg 1536w, https:\/\/interamerica.org\/wp-content\/uploads\/2024\/07\/um-heli-img-lifiaejv9p7dw4qj.jpg 1920w\" sizes=\"(max-width: 882px) 100vw, 882px\" \/><p id=\"caption-attachment-116682\" class=\"wp-caption-text\"><span class=\"Y2IQFc\" lang=\"en\">Personal administrativo, docente y estudiantes de la Universidad de Montemorelos ayudan a la Secretar\u00eda de Protecci\u00f3n Civil de M\u00e9xico a cargar cajas de comida, medicamentos y art\u00edculos espec\u00edficos en el campus despu\u00e9s que la Tormenta Tropical Alberto azot\u00f3 la regi\u00f3n norte el pasado 20 de junio de 2024, inundando y aislando a algunas comunidades. El campus fue usado como un centro de operaciones y distribuci\u00f3n durante una semana.<\/span>[Fotograf\u00eda: Ingrid Gallardo\/UM]<\/p><\/div>La lluvia produjo inundaciones repentinas en los estados mexicanos de Coahuila, Nuevo Le\u00f3n y Tamaulipas. En la ciudad de Monterrey, los servicios de transporte p\u00fablico fueron interrumpidos despu\u00e9s de que segmentos de varios caminos fueran arrastrados por las aguas. En total, cuatro personas perdieron la vida, informaron medios regionales.<\/p>\n<p><strong>Un centro de evacuaci\u00f3n en el campus<\/strong><\/p>\n<p>Despu\u00e9s de la tormenta del 20 de junio, la Protecci\u00f3n Civil de Nuevo Le\u00f3n y de la Municipalidad de Montemorelos rescataron a veinte turistas que hab\u00edan quedado aislados en un grupo de caba\u00f1as en Puerta de la Boca, como resultado de la creciente del r\u00edo Pil\u00f3n.<\/p>\n<p>Seg\u00fan H\u00e9ctor Parada, director de Protecci\u00f3n Civil, esos turistas no pudieron trasladarse a una zona m\u00e1s segura a tiempo y pronto se quedaron sin alimentos. Aunque lograron pedir ayuda, las condiciones clim\u00e1ticas impidieron responder inmediatamente. Sin embargo, una vez que el clima permiti\u00f3 que un helic\u00f3ptero llegara hasta el lugar donde estaban varados, los funcionarios de Protecci\u00f3n Civil se contactaron con la Universidad de Montemorelos, cuyo campus no se vio afectado por la tormenta, para que fuera el centro de evacuaci\u00f3n en la zona.<\/p>\n<p>\u201cLos turistas de Monterrey y otros pueblos fueron evacuados al campus de la Universidad de Montemorelos, dado que otros helipuertos hab\u00edan quedado inutilizables como resultado de las lluvias torrenciales\u201d, explic\u00f3 Parada. \u201cNos contactamos con el rector de la universidad [Ismael Castillo], quien inmediatamente nos dio todo lo necesario para llevar a cabo nuestras operaciones de rescate\u201d.<\/p>\n<p><div id=\"attachment_116685\" style=\"width: 854px\" class=\"wp-caption aligncenter\"><img decoding=\"async\" aria-describedby=\"caption-attachment-116685\" class=\" wp-image-116683\" src=\"https:\/\/interamerica.org\/wp-content\/uploads\/2024\/07\/um-supplies2.jpg\" alt=\"\" width=\"844\" height=\"547\" srcset=\"https:\/\/interamerica.org\/wp-content\/uploads\/2024\/07\/um-supplies2.jpg 1000w, https:\/\/interamerica.org\/wp-content\/uploads\/2024\/07\/um-supplies2-300x194.jpg 300w, https:\/\/interamerica.org\/wp-content\/uploads\/2024\/07\/um-supplies2-768x498.jpg 768w\" sizes=\"(max-width: 844px) 100vw, 844px\" \/><p id=\"caption-attachment-116685\" class=\"wp-caption-text\">El personal y los estudiantes de la universidad ayudan a cargar alimentos para las comunidades cercanas afectadas. [Fotograf\u00eda: Lizbeth Elejalde\/UM]<\/p><\/div>Los l\u00edderes de la instituci\u00f3n informaron que en el campus se estableci\u00f3 un centro de operaciones improvisado. La universidad no solo provey\u00f3 del espacio para ello, sino que distribuy\u00f3 agua y comida a los rescatistas, los pilotos y las dem\u00e1s personas involucradas en la operaci\u00f3n. Adem\u00e1s de ello, se implementaron medidas de seguridad para proteger la operaci\u00f3n y prevenir accidentes.<\/p>\n<p><strong>La instituci\u00f3n se moviliza para ayudar a la comunidad<\/strong><\/p>\n<p>Ram\u00f3n Leal, que estuvo al frente de los servicios de seguridad de la Universidad de Montemorelos por muchos a\u00f1os y es actualmente enlace con Protecci\u00f3n Civil, destac\u00f3 la disposici\u00f3n continua de la universidad de ayudar a la comunidad. \u201cNuestro inter\u00e9s en ayudar a la comunidad no termina cuando las condiciones no son favorables\u201d, dijo Leal. \u201cEn emergencias y momentos de gran necesidad, siempre hemos abierto nuestras puertas y ayudado de todas las maneras posibles\u201d.<\/p>\n<p>Leal explic\u00f3 que el campus de la instituci\u00f3n est\u00e1 idealmente preparado para prestar servicios en situaciones de emergencia. \u201cEn el pasado, la instituci\u00f3n ha servido para alojar a decenas de personas afectadas por el Hurac\u00e1n Gilberto [en 1988] y Alex [en 2010]\u201d, dijo. \u201cLas personas recibieron un lugar donde dormir, agua y platos de comida. Pero esta es la primera vez que el campus tambi\u00e9n ha sido usado como lugar de aterrizaje de los helic\u00f3pteros de rescate\u201d.<\/p>\n<p><div id=\"attachment_116688\" style=\"width: 848px\" class=\"wp-caption aligncenter\"><img decoding=\"async\" aria-describedby=\"caption-attachment-116688\" class=\" wp-image-116686\" src=\"https:\/\/interamerica.org\/wp-content\/uploads\/2024\/07\/um-img-gddkjmgumbk76boz.jpg\" alt=\"\" width=\"838\" height=\"495\" srcset=\"https:\/\/interamerica.org\/wp-content\/uploads\/2024\/07\/um-img-gddkjmgumbk76boz.jpg 953w, https:\/\/interamerica.org\/wp-content\/uploads\/2024\/07\/um-img-gddkjmgumbk76boz-300x177.jpg 300w, https:\/\/interamerica.org\/wp-content\/uploads\/2024\/07\/um-img-gddkjmgumbk76boz-768x454.jpg 768w\" sizes=\"(max-width: 838px) 100vw, 838px\" \/><p id=\"caption-attachment-116688\" class=\"wp-caption-text\"><span class=\"Y2IQFc\" lang=\"en\">El intendente de Montemorelos Miguel Salazar (izquierda) e Ismael Castillo, rector de la Universidad de Montemorelos, hablan sobre las recientes operaciones en el campus.<\/span>[Fotograf\u00eda: Ingrid Gallardo\/UM]<\/p><\/div>El centro de operaciones el campus sigui\u00f3 abierto hasta el 26 de junio. Durante esos d\u00edas, adem\u00e1s de ayudar a los rescatados, la instituci\u00f3n lanz\u00f3 una iniciativa para recolectar y distribuir alimentos, agua, medicamentos y otros art\u00edculos de primera necesidad para las comunidades m\u00e1s afectadas de Montemorelos y de los pueblos cercanos de Nuevo Le\u00f3n.<\/p>\n<p>Los l\u00edderes de la instituci\u00f3n reportaron que toda la comunidad educativa se moviliz\u00f3 para recolectar donaciones, que entonces fueron enviadas por helic\u00f3ptero a las zonas afectadas. \u201cEl personal docente y no docente y algunos estudiantes voluntarios participaron recolectando alimentos, brindando ayuda con la seguridad y apoyo log\u00edstico en el centro de operaciones\u201d, dijeron.<\/p>\n<p><strong>Recolecci\u00f3n y selecci\u00f3n de medicamentos<\/strong><\/p>\n<p>Al mismo tiempo, el Hospital La Carlota don\u00f3 medicamentos para algunas de las comunidades m\u00e1s afectadas.<\/p>\n<p><div id=\"attachment_116679\" style=\"width: 839px\" class=\"wp-caption aligncenter\"><img loading=\"lazy\" decoding=\"async\" aria-describedby=\"caption-attachment-116679\" class=\" wp-image-116677\" src=\"https:\/\/interamerica.org\/wp-content\/uploads\/2024\/07\/um-professors-collection.jpg\" alt=\"\" width=\"829\" height=\"622\" srcset=\"https:\/\/interamerica.org\/wp-content\/uploads\/2024\/07\/um-professors-collection.jpg 950w, https:\/\/interamerica.org\/wp-content\/uploads\/2024\/07\/um-professors-collection-300x225.jpg 300w, https:\/\/interamerica.org\/wp-content\/uploads\/2024\/07\/um-professors-collection-768x576.jpg 768w\" sizes=\"(max-width: 829px) 100vw, 829px\" \/><p id=\"caption-attachment-116679\" class=\"wp-caption-text\">Miembros del personal seleccionan y empacan medicamentos para ser transportados por helic\u00f3ptero. [Fotograf\u00eda: Lizbeth Elejalde\/UM]<\/p><\/div>Alma Nidia Calder\u00f3n Porras, profesora de la Facultad de Salud de la Universidad de Montemorelos, fue una de las voluntarias que ayud\u00f3 a clasificar los medicamentos donados para ser distribuidos en las comunidades necesitadas. \u201cEstamos seleccionando medicamentos para cuatro comunidades afectadas mientras aguardamos que regrese el helic\u00f3ptero\u201d, dijo Calder\u00f3n mientras coordinaba el grupo de voluntarios. \u201cYa hemos enviado cuatro cajas a lugares donde algunos pacientes ya est\u00e1n teniendo algunos problemas de salud, y necesitamos determinar si tan solo darles los medicamentos o, en algunos casos, traerlos en el helic\u00f3ptero hasta el hospital\u201d.<\/p>\n<p>Calder\u00f3n explic\u00f3 que la mayor parte de los medicamentos donados son usados para tratar la hipertensi\u00f3n y la diabetes, pero que las donaciones tambi\u00e9n incluyen medicamentos contra las alergias y algunos medicamentos para ni\u00f1os. \u201cEn esas comunidades hay muchos ni\u00f1os, y aunque tenemos algunos medicamentos para ellos, a\u00fan necesitamos pa\u00f1ales y alimentos para beb\u00e9s\u201d, expres\u00f3.<\/p>\n<p><strong>Funcionarios de gobierno transmiten su gratitud<\/strong><\/p>\n<p>El intendente de Montemorelos Miguel \u00c1ngel Salazar visit\u00f3 Montemorelos varias veces durante la operaci\u00f3n. Expres\u00f3 su apoyo y gratitud por cu\u00e1n dispuesta estuvo la instituci\u00f3n a ayudar en momentos de crisis. De igual manera, el gobernador de Nuevo Le\u00f3n Samuel Garc\u00eda tambi\u00e9n visit\u00f3 la universidad en dos ocasiones. El tambi\u00e9n agradeci\u00f3 a la comunidad educativa por su papel en la gesti\u00f3n de la situaci\u00f3n de crisis.<\/p>\n<p><div id=\"attachment_116694\" style=\"width: 854px\" class=\"wp-caption aligncenter\"><img loading=\"lazy\" decoding=\"async\" aria-describedby=\"caption-attachment-116694\" class=\" wp-image-116692\" src=\"https:\/\/interamerica.org\/wp-content\/uploads\/2024\/07\/um-civilprotectionimg-jovlj2vc4lwnnw0p.jpg\" alt=\"\" width=\"844\" height=\"475\" srcset=\"https:\/\/interamerica.org\/wp-content\/uploads\/2024\/07\/um-civilprotectionimg-jovlj2vc4lwnnw0p.jpg 1000w, https:\/\/interamerica.org\/wp-content\/uploads\/2024\/07\/um-civilprotectionimg-jovlj2vc4lwnnw0p-300x169.jpg 300w, https:\/\/interamerica.org\/wp-content\/uploads\/2024\/07\/um-civilprotectionimg-jovlj2vc4lwnnw0p-768x432.jpg 768w\" sizes=\"(max-width: 844px) 100vw, 844px\" \/><p id=\"caption-attachment-116694\" class=\"wp-caption-text\"><span class=\"Y2IQFc\" lang=\"en\">El rector de la Universidad de Montemorelos Ismael Castillo (cuarto desde la izquierda) posa junto al intendente de Montemorelos Miguel Zalazar (tercero desde la derecha), y H\u00e9ctor Parada, director de Protecci\u00f3n Civil de Montemorelos (derecha), adem\u00e1s de otros miembros del equipo de Protecci\u00f3n Civil. <\/span>[Fotograf\u00eda: Brenda Cer\u00f3n\/UM]<\/p><\/div>Al mismo tiempo, los directivos de gobierno de Montemorelos ayudaron a brindar informaci\u00f3n sobre las zonas m\u00e1s afectadas, que sufrieron aludes, socavones, y donde las viviendas se vieron m\u00e1s afectadas. Seg\u00fan los l\u00edderes de la instituci\u00f3n, m\u00e1s de mil art\u00edculos donados por la comunidad de la Universidad de Montemorelos fueron llevados por helic\u00f3ptero a las comunidades afectadas de Los Encinos, Carranza y Casillas en el municipio de Rayones, y a las comunidades de El Alto, Guadalupe, Puerta de la Boca y La Trinidad en Montemorelos.<\/p>\n<p>Castillo dijo que la Universidad de Montemorelos est\u00e1 siempre lista para ayudar a los necesitados. \u201cEstamos muy complacidos en que nuestro campus pueda ser un centro de operaciones de Protecci\u00f3n Civil, y nos agrada mucho colaborar en ese sentido como base de estas operaciones, porque lo importante es ayudar a los que m\u00e1s lo necesitan\u201d, enfatiz\u00f3.<\/p>\n<p>Seg\u00fan Castillo, esa colaboraci\u00f3n entre Protecci\u00f3n Civil y la Universidad de Montemorelos en esta emergencia pone de manifiesto el compromiso de ambas instituciones de proteger y servir a la comunidad. \u201cDemuestra que aun en las circunstancias m\u00e1s dif\u00edciles, mostrar solidaridad y sumar esfuerzos puede marcar una gran diferencia\u201d, expres\u00f3.<\/p>\n<p><em>Lizbeth Elejalde colabor\u00f3 con ese informe.<\/em><\/p>\n<p>Traducci\u00f3n de Marcos Paseggi<\/p>\n","protected":false},"excerpt":{"rendered":"<p>El campus de la instituci\u00f3n adventista cuenta con una larga tradici\u00f3n de ser una mayo ayudadora en momentos de necesidad. 4 de julio de 2024 | Montemorelos, Nuevo Le\u00f3n, M\u00e9xico&#8230;<\/p>\n","protected":false},"author":3,"featured_media":116682,"comment_status":"closed","ping_status":"closed","sticky":false,"template":"","format":"standard","meta":{"_acf_changed":false,"footnotes":""},"categories":[16,15],"tags":[],"class_list":["post-116717","post","type-post","status-publish","format-standard","has-post-thumbnail","hentry","category-desde-la-sede","category-rss-espanol"],"acf":[],"yoast_head":"<!-- This site is optimized with the Yoast SEO plugin v27.3 - https:\/\/yoast.com\/product\/yoast-seo-wordpress\/ -->\n<title>Universidad de Montemorelos se suma a Protecci\u00f3n Civil para evacuar y ayudar despu\u00e9s de la Tormenta Tropical Alberto - Iglesia Adventista del S\u00e9ptimo D\u00eda - Divisi\u00f3n Interamericana<\/title>\n<meta name=\"robots\" content=\"index, follow, max-snippet:-1, max-image-preview:large, max-video-preview:-1\" \/>\n<link rel=\"canonical\" href=\"https:\/\/interamerica.org\/es\/2024\/07\/universidad-de-montemorelos-se-suma-a-proteccion-civil-para-evacuar-y-ayudar-despues-de-la-tormenta-tropical-alberto\/\" \/>\n<meta property=\"og:locale\" content=\"es_ES\" \/>\n<meta property=\"og:type\" content=\"article\" \/>\n<meta property=\"og:title\" content=\"Universidad de Montemorelos se suma a Protecci\u00f3n Civil para evacuar y ayudar despu\u00e9s de la Tormenta Tropical Alberto - Iglesia Adventista del S\u00e9ptimo D\u00eda - Divisi\u00f3n Interamericana\" \/>\n<meta property=\"og:description\" content=\"El campus de la instituci\u00f3n adventista cuenta con una larga tradici\u00f3n de ser una mayo ayudadora en momentos de necesidad. 4 de julio de 2024 | Montemorelos, Nuevo Le\u00f3n, M\u00e9xico...\" \/>\n<meta property=\"og:url\" content=\"https:\/\/interamerica.org\/es\/2024\/07\/universidad-de-montemorelos-se-suma-a-proteccion-civil-para-evacuar-y-ayudar-despues-de-la-tormenta-tropical-alberto\/\" \/>\n<meta property=\"og:site_name\" content=\"Iglesia Adventista del S\u00e9ptimo D\u00eda - Divisi\u00f3n Interamericana\" \/>\n<meta property=\"article:published_time\" content=\"2024-07-04T22:00:29+00:00\" \/>\n<meta property=\"article:modified_time\" content=\"2024-07-05T12:52:15+00:00\" \/>\n<meta property=\"og:image\" content=\"https:\/\/interamerica.org\/wp-content\/uploads\/2024\/07\/um-heli-img-lifiaejv9p7dw4qj.jpg\" \/>\n\t<meta property=\"og:image:width\" content=\"1920\" \/>\n\t<meta property=\"og:image:height\" content=\"1080\" \/>\n\t<meta property=\"og:image:type\" content=\"image\/jpeg\" \/>\n<meta name=\"author\" content=\"libna\" \/>\n<meta name=\"twitter:card\" content=\"summary_large_image\" \/>\n<meta name=\"twitter:label1\" content=\"Escrito por\" \/>\n\t<meta name=\"twitter:data1\" content=\"libna\" \/>\n\t<meta name=\"twitter:label2\" content=\"Tiempo de lectura\" \/>\n\t<meta name=\"twitter:data2\" content=\"8 minutos\" \/>\n<script type=\"application\/ld+json\" class=\"yoast-schema-graph\">{\"@context\":\"https:\\\/\\\/schema.org\",\"@graph\":[{\"@type\":\"Article\",\"@id\":\"https:\\\/\\\/interamerica.org\\\/es\\\/2024\\\/07\\\/universidad-de-montemorelos-se-suma-a-proteccion-civil-para-evacuar-y-ayudar-despues-de-la-tormenta-tropical-alberto\\\/#article\",\"isPartOf\":{\"@id\":\"https:\\\/\\\/interamerica.org\\\/es\\\/2024\\\/07\\\/universidad-de-montemorelos-se-suma-a-proteccion-civil-para-evacuar-y-ayudar-despues-de-la-tormenta-tropical-alberto\\\/\"},\"author\":{\"name\":\"libna\",\"@id\":\"https:\\\/\\\/interamerica.org\\\/es\\\/#\\\/schema\\\/person\\\/29998f2bc2d8bd0d38662909289b54f1\"},\"headline\":\"Universidad de Montemorelos se suma a Protecci\u00f3n Civil para evacuar y ayudar despu\u00e9s de la Tormenta Tropical Alberto\",\"datePublished\":\"2024-07-04T22:00:29+00:00\",\"dateModified\":\"2024-07-05T12:52:15+00:00\",\"mainEntityOfPage\":{\"@id\":\"https:\\\/\\\/interamerica.org\\\/es\\\/2024\\\/07\\\/universidad-de-montemorelos-se-suma-a-proteccion-civil-para-evacuar-y-ayudar-despues-de-la-tormenta-tropical-alberto\\\/\"},\"wordCount\":1551,\"image\":{\"@id\":\"https:\\\/\\\/interamerica.org\\\/es\\\/2024\\\/07\\\/universidad-de-montemorelos-se-suma-a-proteccion-civil-para-evacuar-y-ayudar-despues-de-la-tormenta-tropical-alberto\\\/#primaryimage\"},\"thumbnailUrl\":\"https:\\\/\\\/interamerica.org\\\/wp-content\\\/uploads\\\/2024\\\/07\\\/um-heli-img-lifiaejv9p7dw4qj.jpg\",\"articleSection\":[\"Desde la sede\",\"RSS Espa\u00f1ol\"],\"inLanguage\":\"es\"},{\"@type\":\"WebPage\",\"@id\":\"https:\\\/\\\/interamerica.org\\\/es\\\/2024\\\/07\\\/universidad-de-montemorelos-se-suma-a-proteccion-civil-para-evacuar-y-ayudar-despues-de-la-tormenta-tropical-alberto\\\/\",\"url\":\"https:\\\/\\\/interamerica.org\\\/es\\\/2024\\\/07\\\/universidad-de-montemorelos-se-suma-a-proteccion-civil-para-evacuar-y-ayudar-despues-de-la-tormenta-tropical-alberto\\\/\",\"name\":\"Universidad de Montemorelos se suma a Protecci\u00f3n Civil para evacuar y ayudar despu\u00e9s de la Tormenta Tropical Alberto - Iglesia Adventista del S\u00e9ptimo D\u00eda - Divisi\u00f3n Interamericana\",\"isPartOf\":{\"@id\":\"https:\\\/\\\/interamerica.org\\\/es\\\/#website\"},\"primaryImageOfPage\":{\"@id\":\"https:\\\/\\\/interamerica.org\\\/es\\\/2024\\\/07\\\/universidad-de-montemorelos-se-suma-a-proteccion-civil-para-evacuar-y-ayudar-despues-de-la-tormenta-tropical-alberto\\\/#primaryimage\"},\"image\":{\"@id\":\"https:\\\/\\\/interamerica.org\\\/es\\\/2024\\\/07\\\/universidad-de-montemorelos-se-suma-a-proteccion-civil-para-evacuar-y-ayudar-despues-de-la-tormenta-tropical-alberto\\\/#primaryimage\"},\"thumbnailUrl\":\"https:\\\/\\\/interamerica.org\\\/wp-content\\\/uploads\\\/2024\\\/07\\\/um-heli-img-lifiaejv9p7dw4qj.jpg\",\"datePublished\":\"2024-07-04T22:00:29+00:00\",\"dateModified\":\"2024-07-05T12:52:15+00:00\",\"author\":{\"@id\":\"https:\\\/\\\/interamerica.org\\\/es\\\/#\\\/schema\\\/person\\\/29998f2bc2d8bd0d38662909289b54f1\"},\"breadcrumb\":{\"@id\":\"https:\\\/\\\/interamerica.org\\\/es\\\/2024\\\/07\\\/universidad-de-montemorelos-se-suma-a-proteccion-civil-para-evacuar-y-ayudar-despues-de-la-tormenta-tropical-alberto\\\/#breadcrumb\"},\"inLanguage\":\"es\",\"potentialAction\":[{\"@type\":\"ReadAction\",\"target\":[\"https:\\\/\\\/interamerica.org\\\/es\\\/2024\\\/07\\\/universidad-de-montemorelos-se-suma-a-proteccion-civil-para-evacuar-y-ayudar-despues-de-la-tormenta-tropical-alberto\\\/\"]}]},{\"@type\":\"ImageObject\",\"inLanguage\":\"es\",\"@id\":\"https:\\\/\\\/interamerica.org\\\/es\\\/2024\\\/07\\\/universidad-de-montemorelos-se-suma-a-proteccion-civil-para-evacuar-y-ayudar-despues-de-la-tormenta-tropical-alberto\\\/#primaryimage\",\"url\":\"https:\\\/\\\/interamerica.org\\\/wp-content\\\/uploads\\\/2024\\\/07\\\/um-heli-img-lifiaejv9p7dw4qj.jpg\",\"contentUrl\":\"https:\\\/\\\/interamerica.org\\\/wp-content\\\/uploads\\\/2024\\\/07\\\/um-heli-img-lifiaejv9p7dw4qj.jpg\",\"width\":1920,\"height\":1080,\"caption\":\"[Photo: Ingrid Gallardo\\\/UM]\"},{\"@type\":\"BreadcrumbList\",\"@id\":\"https:\\\/\\\/interamerica.org\\\/es\\\/2024\\\/07\\\/universidad-de-montemorelos-se-suma-a-proteccion-civil-para-evacuar-y-ayudar-despues-de-la-tormenta-tropical-alberto\\\/#breadcrumb\",\"itemListElement\":[{\"@type\":\"ListItem\",\"position\":1,\"name\":\"Home\",\"item\":\"https:\\\/\\\/interamerica.org\\\/es\\\/\"},{\"@type\":\"ListItem\",\"position\":2,\"name\":\"Universidad de Montemorelos se suma a Protecci\u00f3n Civil para evacuar y ayudar despu\u00e9s de la Tormenta Tropical Alberto\"}]},{\"@type\":\"WebSite\",\"@id\":\"https:\\\/\\\/interamerica.org\\\/es\\\/#website\",\"url\":\"https:\\\/\\\/interamerica.org\\\/es\\\/\",\"name\":\"Iglesia Adventista del S\u00e9ptimo D\u00eda - Divisi\u00f3n Interamericana\",\"description\":\"\",\"potentialAction\":[{\"@type\":\"SearchAction\",\"target\":{\"@type\":\"EntryPoint\",\"urlTemplate\":\"https:\\\/\\\/interamerica.org\\\/es\\\/?s={search_term_string}\"},\"query-input\":{\"@type\":\"PropertyValueSpecification\",\"valueRequired\":true,\"valueName\":\"search_term_string\"}}],\"inLanguage\":\"es\"},{\"@type\":\"Person\",\"@id\":\"https:\\\/\\\/interamerica.org\\\/es\\\/#\\\/schema\\\/person\\\/29998f2bc2d8bd0d38662909289b54f1\",\"name\":\"libna\",\"image\":{\"@type\":\"ImageObject\",\"inLanguage\":\"es\",\"@id\":\"https:\\\/\\\/secure.gravatar.com\\\/avatar\\\/7c5bd30ae4b47a9ba3c856590957fd1d96dc588bf3ac05719d247e126840331f?s=96&d=mm&r=g\",\"url\":\"https:\\\/\\\/secure.gravatar.com\\\/avatar\\\/7c5bd30ae4b47a9ba3c856590957fd1d96dc588bf3ac05719d247e126840331f?s=96&d=mm&r=g\",\"contentUrl\":\"https:\\\/\\\/secure.gravatar.com\\\/avatar\\\/7c5bd30ae4b47a9ba3c856590957fd1d96dc588bf3ac05719d247e126840331f?s=96&d=mm&r=g\",\"caption\":\"libna\"}}]}<\/script>\n<!-- \/ Yoast SEO plugin. -->","yoast_head_json":{"title":"Universidad de Montemorelos se suma a Protecci\u00f3n Civil para evacuar y ayudar despu\u00e9s de la Tormenta Tropical Alberto - Iglesia Adventista del S\u00e9ptimo D\u00eda - Divisi\u00f3n Interamericana","robots":{"index":"index","follow":"follow","max-snippet":"max-snippet:-1","max-image-preview":"max-image-preview:large","max-video-preview":"max-video-preview:-1"},"canonical":"https:\/\/interamerica.org\/es\/2024\/07\/universidad-de-montemorelos-se-suma-a-proteccion-civil-para-evacuar-y-ayudar-despues-de-la-tormenta-tropical-alberto\/","og_locale":"es_ES","og_type":"article","og_title":"Universidad de Montemorelos se suma a Protecci\u00f3n Civil para evacuar y ayudar despu\u00e9s de la Tormenta Tropical Alberto - Iglesia Adventista del S\u00e9ptimo D\u00eda - Divisi\u00f3n Interamericana","og_description":"El campus de la instituci\u00f3n adventista cuenta con una larga tradici\u00f3n de ser una mayo ayudadora en momentos de necesidad. 4 de julio de 2024 | Montemorelos, Nuevo Le\u00f3n, M\u00e9xico...","og_url":"https:\/\/interamerica.org\/es\/2024\/07\/universidad-de-montemorelos-se-suma-a-proteccion-civil-para-evacuar-y-ayudar-despues-de-la-tormenta-tropical-alberto\/","og_site_name":"Iglesia Adventista del S\u00e9ptimo D\u00eda - Divisi\u00f3n Interamericana","article_published_time":"2024-07-04T22:00:29+00:00","article_modified_time":"2024-07-05T12:52:15+00:00","og_image":[{"width":1920,"height":1080,"url":"https:\/\/interamerica.org\/wp-content\/uploads\/2024\/07\/um-heli-img-lifiaejv9p7dw4qj.jpg","type":"image\/jpeg"}],"author":"libna","twitter_card":"summary_large_image","twitter_misc":{"Escrito por":"libna","Tiempo de lectura":"8 minutos"},"schema":{"@context":"https:\/\/schema.org","@graph":[{"@type":"Article","@id":"https:\/\/interamerica.org\/es\/2024\/07\/universidad-de-montemorelos-se-suma-a-proteccion-civil-para-evacuar-y-ayudar-despues-de-la-tormenta-tropical-alberto\/#article","isPartOf":{"@id":"https:\/\/interamerica.org\/es\/2024\/07\/universidad-de-montemorelos-se-suma-a-proteccion-civil-para-evacuar-y-ayudar-despues-de-la-tormenta-tropical-alberto\/"},"author":{"name":"libna","@id":"https:\/\/interamerica.org\/es\/#\/schema\/person\/29998f2bc2d8bd0d38662909289b54f1"},"headline":"Universidad de Montemorelos se suma a Protecci\u00f3n Civil para evacuar y ayudar despu\u00e9s de la Tormenta Tropical Alberto","datePublished":"2024-07-04T22:00:29+00:00","dateModified":"2024-07-05T12:52:15+00:00","mainEntityOfPage":{"@id":"https:\/\/interamerica.org\/es\/2024\/07\/universidad-de-montemorelos-se-suma-a-proteccion-civil-para-evacuar-y-ayudar-despues-de-la-tormenta-tropical-alberto\/"},"wordCount":1551,"image":{"@id":"https:\/\/interamerica.org\/es\/2024\/07\/universidad-de-montemorelos-se-suma-a-proteccion-civil-para-evacuar-y-ayudar-despues-de-la-tormenta-tropical-alberto\/#primaryimage"},"thumbnailUrl":"https:\/\/interamerica.org\/wp-content\/uploads\/2024\/07\/um-heli-img-lifiaejv9p7dw4qj.jpg","articleSection":["Desde la sede","RSS Espa\u00f1ol"],"inLanguage":"es"},{"@type":"WebPage","@id":"https:\/\/interamerica.org\/es\/2024\/07\/universidad-de-montemorelos-se-suma-a-proteccion-civil-para-evacuar-y-ayudar-despues-de-la-tormenta-tropical-alberto\/","url":"https:\/\/interamerica.org\/es\/2024\/07\/universidad-de-montemorelos-se-suma-a-proteccion-civil-para-evacuar-y-ayudar-despues-de-la-tormenta-tropical-alberto\/","name":"Universidad de Montemorelos se suma a Protecci\u00f3n Civil para evacuar y ayudar despu\u00e9s de la Tormenta Tropical Alberto - Iglesia Adventista del S\u00e9ptimo D\u00eda - Divisi\u00f3n Interamericana","isPartOf":{"@id":"https:\/\/interamerica.org\/es\/#website"},"primaryImageOfPage":{"@id":"https:\/\/interamerica.org\/es\/2024\/07\/universidad-de-montemorelos-se-suma-a-proteccion-civil-para-evacuar-y-ayudar-despues-de-la-tormenta-tropical-alberto\/#primaryimage"},"image":{"@id":"https:\/\/interamerica.org\/es\/2024\/07\/universidad-de-montemorelos-se-suma-a-proteccion-civil-para-evacuar-y-ayudar-despues-de-la-tormenta-tropical-alberto\/#primaryimage"},"thumbnailUrl":"https:\/\/interamerica.org\/wp-content\/uploads\/2024\/07\/um-heli-img-lifiaejv9p7dw4qj.jpg","datePublished":"2024-07-04T22:00:29+00:00","dateModified":"2024-07-05T12:52:15+00:00","author":{"@id":"https:\/\/interamerica.org\/es\/#\/schema\/person\/29998f2bc2d8bd0d38662909289b54f1"},"breadcrumb":{"@id":"https:\/\/interamerica.org\/es\/2024\/07\/universidad-de-montemorelos-se-suma-a-proteccion-civil-para-evacuar-y-ayudar-despues-de-la-tormenta-tropical-alberto\/#breadcrumb"},"inLanguage":"es","potentialAction":[{"@type":"ReadAction","target":["https:\/\/interamerica.org\/es\/2024\/07\/universidad-de-montemorelos-se-suma-a-proteccion-civil-para-evacuar-y-ayudar-despues-de-la-tormenta-tropical-alberto\/"]}]},{"@type":"ImageObject","inLanguage":"es","@id":"https:\/\/interamerica.org\/es\/2024\/07\/universidad-de-montemorelos-se-suma-a-proteccion-civil-para-evacuar-y-ayudar-despues-de-la-tormenta-tropical-alberto\/#primaryimage","url":"https:\/\/interamerica.org\/wp-content\/uploads\/2024\/07\/um-heli-img-lifiaejv9p7dw4qj.jpg","contentUrl":"https:\/\/interamerica.org\/wp-content\/uploads\/2024\/07\/um-heli-img-lifiaejv9p7dw4qj.jpg","width":1920,"height":1080,"caption":"[Photo: Ingrid Gallardo\/UM]"},{"@type":"BreadcrumbList","@id":"https:\/\/interamerica.org\/es\/2024\/07\/universidad-de-montemorelos-se-suma-a-proteccion-civil-para-evacuar-y-ayudar-despues-de-la-tormenta-tropical-alberto\/#breadcrumb","itemListElement":[{"@type":"ListItem","position":1,"name":"Home","item":"https:\/\/interamerica.org\/es\/"},{"@type":"ListItem","position":2,"name":"Universidad de Montemorelos se suma a Protecci\u00f3n Civil para evacuar y ayudar despu\u00e9s de la Tormenta Tropical Alberto"}]},{"@type":"WebSite","@id":"https:\/\/interamerica.org\/es\/#website","url":"https:\/\/interamerica.org\/es\/","name":"Iglesia Adventista del S\u00e9ptimo D\u00eda - Divisi\u00f3n Interamericana","description":"","potentialAction":[{"@type":"SearchAction","target":{"@type":"EntryPoint","urlTemplate":"https:\/\/interamerica.org\/es\/?s={search_term_string}"},"query-input":{"@type":"PropertyValueSpecification","valueRequired":true,"valueName":"search_term_string"}}],"inLanguage":"es"},{"@type":"Person","@id":"https:\/\/interamerica.org\/es\/#\/schema\/person\/29998f2bc2d8bd0d38662909289b54f1","name":"libna","image":{"@type":"ImageObject","inLanguage":"es","@id":"https:\/\/secure.gravatar.com\/avatar\/7c5bd30ae4b47a9ba3c856590957fd1d96dc588bf3ac05719d247e126840331f?s=96&d=mm&r=g","url":"https:\/\/secure.gravatar.com\/avatar\/7c5bd30ae4b47a9ba3c856590957fd1d96dc588bf3ac05719d247e126840331f?s=96&d=mm&r=g","contentUrl":"https:\/\/secure.gravatar.com\/avatar\/7c5bd30ae4b47a9ba3c856590957fd1d96dc588bf3ac05719d247e126840331f?s=96&d=mm&r=g","caption":"libna"}}]}},"_links":{"self":[{"href":"https:\/\/interamerica.org\/es\/wp-json\/wp\/v2\/posts\/116717","targetHints":{"allow":["GET"]}}],"collection":[{"href":"https:\/\/interamerica.org\/es\/wp-json\/wp\/v2\/posts"}],"about":[{"href":"https:\/\/interamerica.org\/es\/wp-json\/wp\/v2\/types\/post"}],"author":[{"embeddable":true,"href":"https:\/\/interamerica.org\/es\/wp-json\/wp\/v2\/users\/3"}],"replies":[{"embeddable":true,"href":"https:\/\/interamerica.org\/es\/wp-json\/wp\/v2\/comments?post=116717"}],"version-history":[{"count":0,"href":"https:\/\/interamerica.org\/es\/wp-json\/wp\/v2\/posts\/116717\/revisions"}],"wp:featuredmedia":[{"embeddable":true,"href":"https:\/\/interamerica.org\/es\/wp-json\/wp\/v2\/media\/116682"}],"wp:attachment":[{"href":"https:\/\/interamerica.org\/es\/wp-json\/wp\/v2\/media?parent=116717"}],"wp:term":[{"taxonomy":"category","embeddable":true,"href":"https:\/\/interamerica.org\/es\/wp-json\/wp\/v2\/categories?post=116717"},{"taxonomy":"post_tag","embeddable":true,"href":"https:\/\/interamerica.org\/es\/wp-json\/wp\/v2\/tags?post=116717"}],"curies":[{"name":"wp","href":"https:\/\/api.w.org\/{rel}","templated":true}]}}