{"id":11673,"date":"2010-10-13T00:00:00","date_gmt":"2010-10-13T04:00:00","guid":{"rendered":"http:\/\/192.81.217.108\/interamerica\/2010\/10\/griggs-podria-trasladarse-a-andrews-despues-de-transferir-supervision\/"},"modified":"2017-06-02T08:58:43","modified_gmt":"2017-06-02T12:58:43","slug":"griggs-podria-trasladarse-a-andrews-despues-de-transferir-supervision","status":"publish","type":"post","link":"https:\/\/interamerica.org\/es\/2010\/10\/griggs-podria-trasladarse-a-andrews-despues-de-transferir-supervision\/","title":{"rendered":"Griggs podr\u00eda trasladarse a Andrews despu\u00e9s de transferir supervisi\u00f3n"},"content":{"rendered":"<p>12 de octubre, 2010, <em >Silver Spring, Maryland, Estados Unidos<\/em >, Ansel Oliver\/ANN <\/p>\n<p><em >Griggs University<\/em >, organizaci\u00f3n educativa a distancia de la Iglesia Adventista del S\u00e9ptimo D\u00eda, podr\u00eda trasladar sus operaciones de la sede de la iglesia en Maryland a <em >Andrews Univerity<\/em > en Michigan despu\u00e9s de un acuerdo tomado por el Comit\u00e9 Ejecutivo de la denominaci\u00f3n. <\/p>\n<p>Ayer, el comit\u00e9 acord\u00f3 transferir su supervisi\u00f3n de Griggs para Andrews. La junta de Griggs hab\u00eda votado seguir tal propuesta la semana pasada. Otras decisiones sobre una propuesta mudanza y consolidaci\u00f3n giran ahora alrededor de la aprobaci\u00f3n de la junta de Andrews la cual se reunir\u00e1 del 24 al 26 de octubre. <\/p>\n<p>Una fusi\u00f3n aumentar\u00eda la sinergia de recursos para las dos instituciones, dijeron l\u00edderes educadores de la iglesia.  La decisi\u00f3n se present\u00f3 durante una reuni\u00f3n del Comit\u00e9 Ejecutivo de la iglesia a nivel mundial que se re\u00fane esta semana para sus reuniones de negocios del Concilio Anual. <\/p>\n<p>Aunque Griggs se ha expandido para desarrollar mercados en los cinco \u00faltimos a\u00f1os, ha batallado financieramente y  tenido dificultad en mantenerse a tono con la emergente tecnolog\u00eda y pr\u00e1cticas de la educaci\u00f3n a distancia, dijeron los l\u00edderes. <\/p>\n<p>\u00abA largo plazo, esto (la fusi\u00f3n) permitir\u00eda a la iglesia ofrecer educaci\u00f3n a distancia con m\u00e1s \u00e9xito\u00bb, dijo Lisa Beardsley, directora de educaci\u00f3n de la iglesia adventista. \u00abPara hacerlo bien y competir en el mercado de la educaci\u00f3n a distancia, se requiere un c\u00famulo de recursos esenciales\u00bb. <\/p>\n<p>Beardsly dijo que llevar la organizaci\u00f3n a una situaci\u00f3n acad\u00e9mica &#8211; con considerable base en personal de ense\u00f1anza &#8211; aumentar\u00eda los recursos para el desarrollo de curr\u00edculo, desde kindergarten hasta programas doctorales. La anterior facilidad de <em >Griggs<\/em > [en la anterior sede de la iglesia] en Takoma Park estaba cerca de <em >Columbia Union College<\/em >, actual <em >Washington Adventist University<\/em >. Ha funcionado en la actual sede de la iglesia en Silver Spring desde que se inaugur\u00f3 la facilidad en 1989.     <\/p>\n<p> Una fusi\u00f3n podr\u00eda ofrecer un centro de educaci\u00f3n a distancia centralizado que podr\u00eda servir a la iglesia a nivel mundial y asociarse con sus otras instituciones educacionales, dijo Ella Simmons, presidente de la junta de Griggs y vicepresidenta general de la iglesia adventista.  Ambas, Griggs y Andrews son instituciones directamente afiliadas con la sede de la sede mundial de la iglesia. <\/p>\n<p>\u00abParece como si esta uni\u00f3n podr\u00eda ser una bendici\u00f3n para mucha gente\u00bb, dijo ayer a los delegados el presidente de Andrews, Niels-Erik Andreasen, despu\u00e9s de una presentaci\u00f3n sobre oportunidades del futuro, incluyendo las finanzas y la log\u00edstica de una probable fusi\u00f3n. <\/p>\n<p>Los representantes de Andrews han estudiado la posible transici\u00f3n despu\u00e9s de la petici\u00f3n de su junta en mayo. La recomendaci\u00f3n se present\u00f3 despu\u00e9s que el Comit\u00e9 Ejecutivo de la iglesia, el a\u00f1o pasado, cre\u00f3 una comisi\u00f3n para estudiar la educaci\u00f3n a distancia en la denominaci\u00f3n. <\/p>\n<p> La propuesta votada ayer por el Comit\u00e9 Ejecutivo incluye $250,000 en subsidios por cuatro a\u00f1os para desarrollo de curr\u00edculos clave y $2 a $2.5 millones  para el costo total de transferir las operaciones. <\/p>\n<p>Robert Lemon, tesorero de la iglesia adventista dijo que la iglesia recobrar\u00eda sus apropiaciones con el tiempo.   <\/p>\n<p>\u00ab<em >Griggs University<\/em > e <em >International Academy<\/em > bajo Andrews podr\u00eda server a la iglesia de forma, a\u00fan mejor que lo que lo han podido hacer, y tienen un enorme legado de servicio a la iglesia\u00bb, dijo Lemon. <\/p>\n<p>Lanzada en 1909,  como una escuela por correspondencia para los hijos de misioneros que viv\u00edan en el extranjero, bajo el nombre Home Study International<em >, Griggs University<\/em > ha evolucionado para servirles a estudiantes de pregrado y postgrado, llegando a regiones del mundo donde la iglesia adventista no ha entrado. <\/p>\n<p><em >Traductora: Aleida Romero  <\/em ><\/p><\/p>\n","protected":false},"excerpt":{"rendered":"<p>Griggs University, organizaci\u00f3n educativa a distancia de la Iglesia Adventista del S\u00e9ptimo D\u00eda, podr\u00eda trasladar sus operaciones de la sede de la iglesia en Maryland a Andrews Univerity en Michigan despu\u00e9s de un acuerd<\/p>\n","protected":false},"author":1,"featured_media":0,"comment_status":"closed","ping_status":"closed","sticky":false,"template":"","format":"standard","meta":{"_acf_changed":false,"footnotes":""},"categories":[8],"tags":[],"class_list":["post-11673","post","type-post","status-publish","format-standard","hentry","category-archivo"],"acf":[],"yoast_head":"<!-- This site is optimized with the Yoast SEO plugin v27.3 - https:\/\/yoast.com\/product\/yoast-seo-wordpress\/ -->\n<title>Griggs podr\u00eda trasladarse a Andrews despu\u00e9s de transferir supervisi\u00f3n - Iglesia Adventista del S\u00e9ptimo D\u00eda - Divisi\u00f3n Interamericana<\/title>\n<meta name=\"robots\" content=\"index, follow, max-snippet:-1, max-image-preview:large, max-video-preview:-1\" \/>\n<link rel=\"canonical\" href=\"https:\/\/interamerica.org\/es\/2010\/10\/griggs-podria-trasladarse-a-andrews-despues-de-transferir-supervision\/\" \/>\n<meta property=\"og:locale\" content=\"es_ES\" \/>\n<meta property=\"og:type\" content=\"article\" \/>\n<meta property=\"og:title\" content=\"Griggs podr\u00eda trasladarse a Andrews despu\u00e9s de transferir supervisi\u00f3n - Iglesia Adventista del S\u00e9ptimo D\u00eda - Divisi\u00f3n Interamericana\" \/>\n<meta property=\"og:description\" content=\"Griggs University, organizaci\u00f3n educativa a distancia de la Iglesia Adventista del S\u00e9ptimo D\u00eda, podr\u00eda trasladar sus operaciones de la sede de la iglesia en Maryland a Andrews Univerity en Michigan despu\u00e9s de un acuerd\" \/>\n<meta property=\"og:url\" content=\"https:\/\/interamerica.org\/es\/2010\/10\/griggs-podria-trasladarse-a-andrews-despues-de-transferir-supervision\/\" \/>\n<meta property=\"og:site_name\" content=\"Iglesia Adventista del S\u00e9ptimo D\u00eda - Divisi\u00f3n Interamericana\" \/>\n<meta property=\"article:published_time\" content=\"2010-10-13T04:00:00+00:00\" \/>\n<meta property=\"article:modified_time\" content=\"2017-06-02T12:58:43+00:00\" \/>\n<meta name=\"author\" content=\"Lorenzo Verduzco\" \/>\n<meta name=\"twitter:card\" content=\"summary_large_image\" \/>\n<meta name=\"twitter:label1\" content=\"Escrito por\" \/>\n\t<meta name=\"twitter:data1\" content=\"Lorenzo Verduzco\" \/>\n\t<meta name=\"twitter:label2\" content=\"Tiempo de lectura\" \/>\n\t<meta name=\"twitter:data2\" content=\"3 minutos\" \/>\n<script type=\"application\/ld+json\" class=\"yoast-schema-graph\">{\"@context\":\"https:\\\/\\\/schema.org\",\"@graph\":[{\"@type\":\"Article\",\"@id\":\"https:\\\/\\\/interamerica.org\\\/es\\\/2010\\\/10\\\/griggs-podria-trasladarse-a-andrews-despues-de-transferir-supervision\\\/#article\",\"isPartOf\":{\"@id\":\"https:\\\/\\\/interamerica.org\\\/es\\\/2010\\\/10\\\/griggs-podria-trasladarse-a-andrews-despues-de-transferir-supervision\\\/\"},\"author\":{\"name\":\"Lorenzo Verduzco\",\"@id\":\"https:\\\/\\\/interamerica.org\\\/es\\\/#\\\/schema\\\/person\\\/68ede8bdc292885bb76c1e3810e73c39\"},\"headline\":\"Griggs podr\u00eda trasladarse a Andrews despu\u00e9s de transferir supervisi\u00f3n\",\"datePublished\":\"2010-10-13T04:00:00+00:00\",\"dateModified\":\"2017-06-02T12:58:43+00:00\",\"mainEntityOfPage\":{\"@id\":\"https:\\\/\\\/interamerica.org\\\/es\\\/2010\\\/10\\\/griggs-podria-trasladarse-a-andrews-despues-de-transferir-supervision\\\/\"},\"wordCount\":659,\"articleSection\":[\"Archivo\"],\"inLanguage\":\"es\"},{\"@type\":\"WebPage\",\"@id\":\"https:\\\/\\\/interamerica.org\\\/es\\\/2010\\\/10\\\/griggs-podria-trasladarse-a-andrews-despues-de-transferir-supervision\\\/\",\"url\":\"https:\\\/\\\/interamerica.org\\\/es\\\/2010\\\/10\\\/griggs-podria-trasladarse-a-andrews-despues-de-transferir-supervision\\\/\",\"name\":\"Griggs podr\u00eda trasladarse a Andrews despu\u00e9s de transferir supervisi\u00f3n - Iglesia Adventista del S\u00e9ptimo D\u00eda - Divisi\u00f3n Interamericana\",\"isPartOf\":{\"@id\":\"https:\\\/\\\/interamerica.org\\\/es\\\/#website\"},\"datePublished\":\"2010-10-13T04:00:00+00:00\",\"dateModified\":\"2017-06-02T12:58:43+00:00\",\"author\":{\"@id\":\"https:\\\/\\\/interamerica.org\\\/es\\\/#\\\/schema\\\/person\\\/68ede8bdc292885bb76c1e3810e73c39\"},\"breadcrumb\":{\"@id\":\"https:\\\/\\\/interamerica.org\\\/es\\\/2010\\\/10\\\/griggs-podria-trasladarse-a-andrews-despues-de-transferir-supervision\\\/#breadcrumb\"},\"inLanguage\":\"es\",\"potentialAction\":[{\"@type\":\"ReadAction\",\"target\":[\"https:\\\/\\\/interamerica.org\\\/es\\\/2010\\\/10\\\/griggs-podria-trasladarse-a-andrews-despues-de-transferir-supervision\\\/\"]}]},{\"@type\":\"BreadcrumbList\",\"@id\":\"https:\\\/\\\/interamerica.org\\\/es\\\/2010\\\/10\\\/griggs-podria-trasladarse-a-andrews-despues-de-transferir-supervision\\\/#breadcrumb\",\"itemListElement\":[{\"@type\":\"ListItem\",\"position\":1,\"name\":\"Home\",\"item\":\"https:\\\/\\\/interamerica.org\\\/es\\\/\"},{\"@type\":\"ListItem\",\"position\":2,\"name\":\"Griggs podr\u00eda trasladarse a Andrews despu\u00e9s de transferir supervisi\u00f3n\"}]},{\"@type\":\"WebSite\",\"@id\":\"https:\\\/\\\/interamerica.org\\\/es\\\/#website\",\"url\":\"https:\\\/\\\/interamerica.org\\\/es\\\/\",\"name\":\"Iglesia Adventista del S\u00e9ptimo D\u00eda - Divisi\u00f3n Interamericana\",\"description\":\"\",\"potentialAction\":[{\"@type\":\"SearchAction\",\"target\":{\"@type\":\"EntryPoint\",\"urlTemplate\":\"https:\\\/\\\/interamerica.org\\\/es\\\/?s={search_term_string}\"},\"query-input\":{\"@type\":\"PropertyValueSpecification\",\"valueRequired\":true,\"valueName\":\"search_term_string\"}}],\"inLanguage\":\"es\"},{\"@type\":\"Person\",\"@id\":\"https:\\\/\\\/interamerica.org\\\/es\\\/#\\\/schema\\\/person\\\/68ede8bdc292885bb76c1e3810e73c39\",\"name\":\"Lorenzo Verduzco\",\"image\":{\"@type\":\"ImageObject\",\"inLanguage\":\"es\",\"@id\":\"https:\\\/\\\/secure.gravatar.com\\\/avatar\\\/fb81a55b6218459490a9c1dc841a34909185b81904c5337b4b27f7a6fd60c49e?s=96&d=mm&r=g\",\"url\":\"https:\\\/\\\/secure.gravatar.com\\\/avatar\\\/fb81a55b6218459490a9c1dc841a34909185b81904c5337b4b27f7a6fd60c49e?s=96&d=mm&r=g\",\"contentUrl\":\"https:\\\/\\\/secure.gravatar.com\\\/avatar\\\/fb81a55b6218459490a9c1dc841a34909185b81904c5337b4b27f7a6fd60c49e?s=96&d=mm&r=g\",\"caption\":\"Lorenzo Verduzco\"}}]}<\/script>\n<!-- \/ Yoast SEO plugin. -->","yoast_head_json":{"title":"Griggs podr\u00eda trasladarse a Andrews despu\u00e9s de transferir supervisi\u00f3n - Iglesia Adventista del S\u00e9ptimo D\u00eda - Divisi\u00f3n Interamericana","robots":{"index":"index","follow":"follow","max-snippet":"max-snippet:-1","max-image-preview":"max-image-preview:large","max-video-preview":"max-video-preview:-1"},"canonical":"https:\/\/interamerica.org\/es\/2010\/10\/griggs-podria-trasladarse-a-andrews-despues-de-transferir-supervision\/","og_locale":"es_ES","og_type":"article","og_title":"Griggs podr\u00eda trasladarse a Andrews despu\u00e9s de transferir supervisi\u00f3n - Iglesia Adventista del S\u00e9ptimo D\u00eda - Divisi\u00f3n Interamericana","og_description":"Griggs University, organizaci\u00f3n educativa a distancia de la Iglesia Adventista del S\u00e9ptimo D\u00eda, podr\u00eda trasladar sus operaciones de la sede de la iglesia en Maryland a Andrews Univerity en Michigan despu\u00e9s de un acuerd","og_url":"https:\/\/interamerica.org\/es\/2010\/10\/griggs-podria-trasladarse-a-andrews-despues-de-transferir-supervision\/","og_site_name":"Iglesia Adventista del S\u00e9ptimo D\u00eda - Divisi\u00f3n Interamericana","article_published_time":"2010-10-13T04:00:00+00:00","article_modified_time":"2017-06-02T12:58:43+00:00","author":"Lorenzo Verduzco","twitter_card":"summary_large_image","twitter_misc":{"Escrito por":"Lorenzo Verduzco","Tiempo de lectura":"3 minutos"},"schema":{"@context":"https:\/\/schema.org","@graph":[{"@type":"Article","@id":"https:\/\/interamerica.org\/es\/2010\/10\/griggs-podria-trasladarse-a-andrews-despues-de-transferir-supervision\/#article","isPartOf":{"@id":"https:\/\/interamerica.org\/es\/2010\/10\/griggs-podria-trasladarse-a-andrews-despues-de-transferir-supervision\/"},"author":{"name":"Lorenzo Verduzco","@id":"https:\/\/interamerica.org\/es\/#\/schema\/person\/68ede8bdc292885bb76c1e3810e73c39"},"headline":"Griggs podr\u00eda trasladarse a Andrews despu\u00e9s de transferir supervisi\u00f3n","datePublished":"2010-10-13T04:00:00+00:00","dateModified":"2017-06-02T12:58:43+00:00","mainEntityOfPage":{"@id":"https:\/\/interamerica.org\/es\/2010\/10\/griggs-podria-trasladarse-a-andrews-despues-de-transferir-supervision\/"},"wordCount":659,"articleSection":["Archivo"],"inLanguage":"es"},{"@type":"WebPage","@id":"https:\/\/interamerica.org\/es\/2010\/10\/griggs-podria-trasladarse-a-andrews-despues-de-transferir-supervision\/","url":"https:\/\/interamerica.org\/es\/2010\/10\/griggs-podria-trasladarse-a-andrews-despues-de-transferir-supervision\/","name":"Griggs podr\u00eda trasladarse a Andrews despu\u00e9s de transferir supervisi\u00f3n - Iglesia Adventista del S\u00e9ptimo D\u00eda - Divisi\u00f3n Interamericana","isPartOf":{"@id":"https:\/\/interamerica.org\/es\/#website"},"datePublished":"2010-10-13T04:00:00+00:00","dateModified":"2017-06-02T12:58:43+00:00","author":{"@id":"https:\/\/interamerica.org\/es\/#\/schema\/person\/68ede8bdc292885bb76c1e3810e73c39"},"breadcrumb":{"@id":"https:\/\/interamerica.org\/es\/2010\/10\/griggs-podria-trasladarse-a-andrews-despues-de-transferir-supervision\/#breadcrumb"},"inLanguage":"es","potentialAction":[{"@type":"ReadAction","target":["https:\/\/interamerica.org\/es\/2010\/10\/griggs-podria-trasladarse-a-andrews-despues-de-transferir-supervision\/"]}]},{"@type":"BreadcrumbList","@id":"https:\/\/interamerica.org\/es\/2010\/10\/griggs-podria-trasladarse-a-andrews-despues-de-transferir-supervision\/#breadcrumb","itemListElement":[{"@type":"ListItem","position":1,"name":"Home","item":"https:\/\/interamerica.org\/es\/"},{"@type":"ListItem","position":2,"name":"Griggs podr\u00eda trasladarse a Andrews despu\u00e9s de transferir supervisi\u00f3n"}]},{"@type":"WebSite","@id":"https:\/\/interamerica.org\/es\/#website","url":"https:\/\/interamerica.org\/es\/","name":"Iglesia Adventista del S\u00e9ptimo D\u00eda - Divisi\u00f3n Interamericana","description":"","potentialAction":[{"@type":"SearchAction","target":{"@type":"EntryPoint","urlTemplate":"https:\/\/interamerica.org\/es\/?s={search_term_string}"},"query-input":{"@type":"PropertyValueSpecification","valueRequired":true,"valueName":"search_term_string"}}],"inLanguage":"es"},{"@type":"Person","@id":"https:\/\/interamerica.org\/es\/#\/schema\/person\/68ede8bdc292885bb76c1e3810e73c39","name":"Lorenzo Verduzco","image":{"@type":"ImageObject","inLanguage":"es","@id":"https:\/\/secure.gravatar.com\/avatar\/fb81a55b6218459490a9c1dc841a34909185b81904c5337b4b27f7a6fd60c49e?s=96&d=mm&r=g","url":"https:\/\/secure.gravatar.com\/avatar\/fb81a55b6218459490a9c1dc841a34909185b81904c5337b4b27f7a6fd60c49e?s=96&d=mm&r=g","contentUrl":"https:\/\/secure.gravatar.com\/avatar\/fb81a55b6218459490a9c1dc841a34909185b81904c5337b4b27f7a6fd60c49e?s=96&d=mm&r=g","caption":"Lorenzo Verduzco"}}]}},"_links":{"self":[{"href":"https:\/\/interamerica.org\/es\/wp-json\/wp\/v2\/posts\/11673","targetHints":{"allow":["GET"]}}],"collection":[{"href":"https:\/\/interamerica.org\/es\/wp-json\/wp\/v2\/posts"}],"about":[{"href":"https:\/\/interamerica.org\/es\/wp-json\/wp\/v2\/types\/post"}],"author":[{"embeddable":true,"href":"https:\/\/interamerica.org\/es\/wp-json\/wp\/v2\/users\/1"}],"replies":[{"embeddable":true,"href":"https:\/\/interamerica.org\/es\/wp-json\/wp\/v2\/comments?post=11673"}],"version-history":[{"count":0,"href":"https:\/\/interamerica.org\/es\/wp-json\/wp\/v2\/posts\/11673\/revisions"}],"wp:attachment":[{"href":"https:\/\/interamerica.org\/es\/wp-json\/wp\/v2\/media?parent=11673"}],"wp:term":[{"taxonomy":"category","embeddable":true,"href":"https:\/\/interamerica.org\/es\/wp-json\/wp\/v2\/categories?post=11673"},{"taxonomy":"post_tag","embeddable":true,"href":"https:\/\/interamerica.org\/es\/wp-json\/wp\/v2\/tags?post=11673"}],"curies":[{"name":"wp","href":"https:\/\/api.w.org\/{rel}","templated":true}]}}