{"id":116813,"date":"2024-07-05T11:08:03","date_gmt":"2024-07-05T15:08:03","guid":{"rendered":"https:\/\/interamerica.org\/?p=116813"},"modified":"2024-07-05T20:13:26","modified_gmt":"2024-07-06T00:13:26","slug":"los-adventistas-celebran-fin-historico-de-esfuerzos-de-evangelizacion-en-guadalupe","status":"publish","type":"post","link":"https:\/\/interamerica.org\/es\/2024\/07\/los-adventistas-celebran-fin-historico-de-esfuerzos-de-evangelizacion-en-guadalupe\/","title":{"rendered":"Los adventistas celebran fin hist\u00f3rico de esfuerzos de evangelizaci\u00f3n en Guadalupe"},"content":{"rendered":"<p><div id=\"attachment_116779\" style=\"width: 858px\" class=\"wp-caption aligncenter\"><img fetchpriority=\"high\" decoding=\"async\" aria-describedby=\"caption-attachment-116779\" class=\" wp-image-116777\" src=\"https:\/\/interamerica.org\/wp-content\/uploads\/2024\/07\/guadeloupe-baptism-fagupic.png\" alt=\"\" width=\"848\" height=\"554\" srcset=\"https:\/\/interamerica.org\/wp-content\/uploads\/2024\/07\/guadeloupe-baptism-fagupic.png 1000w, https:\/\/interamerica.org\/wp-content\/uploads\/2024\/07\/guadeloupe-baptism-fagupic-300x196.png 300w, https:\/\/interamerica.org\/wp-content\/uploads\/2024\/07\/guadeloupe-baptism-fagupic-768x502.png 768w\" sizes=\"(max-width: 848px) 100vw, 848px\" \/><p id=\"caption-attachment-116779\" class=\"wp-caption-text\">Los nuevos creyentes son saludados despu\u00e9s de ser bautizados por los l\u00edderes locales de la iglesia, durante la celebraci\u00f3n de evangelismo \u201cToda la familia en misi\u00f3n\u201d de la Divisi\u00f3n Interamericana que se llev\u00f3 a cabo en Pointe-\u00e0-Pitre, Guadalupe, el 29 de junio de 2024. El evento reuni\u00f3 a m\u00e1s de seiscientos l\u00edderes y miembros de la Iglesia Adventista para celebrar los m\u00e1s de trescientos bautismos en las islas de Guadalupe, Martinica, y en la Uni\u00f3n de Guyana y Antillas Francesas. [Fotograf\u00eda: Uni\u00f3n de Guyana y Antillas Francesas]<\/p><\/div><em>Cientos de nuevos creyentes se sumaron a la Iglesia Adventista en Guadalupe durante bautismos en todo el territorio.<\/em><\/p>\n<p>4 de julio de 2024 | Pointe-\u00e0-Pitre, Guadalupe | Libna Stevens, Noticias de la Divisi\u00f3n Interamericana<\/p>\n<p>M\u00e1s de seiscientos adventistas del s\u00e9ptimo d\u00eda se regocijaron gracias a cientos de bautismos en una celebraci\u00f3n del fin de esfuerzos de evangelizaci\u00f3n en el territorio de habla francesa de la Divisi\u00f3n Interamericana, que se llev\u00f3 a cabo en Pointe-\u00e0-Pitre, Guadalupe, el 29 de junio de 2024.<\/p>\n<p>Llevado a cabo en el auditorio de la Escuela Adventista La Pers\u00e9v\u00e9rance, el evento destac\u00f3 los esfuerzos abarcadores de un mes de esparcir el evangelio, un culto de adoraci\u00f3n especial y m\u00e1s de treinta bautismos en el lugar, durante el evento en vivo que fue parte de la iniciativa general de la Divisi\u00f3n Interamericana denominada \u201cToda la familia en misi\u00f3n\u201d.<\/p>\n<p><div id=\"attachment_116740\" style=\"width: 847px\" class=\"wp-caption aligncenter\"><img decoding=\"async\" aria-describedby=\"caption-attachment-116740\" class=\" wp-image-116738\" src=\"https:\/\/interamerica.org\/wp-content\/uploads\/2024\/07\/guadeloupe-praisegroup.jpg\" alt=\"\" width=\"837\" height=\"518\" srcset=\"https:\/\/interamerica.org\/wp-content\/uploads\/2024\/07\/guadeloupe-praisegroup.jpg 1000w, https:\/\/interamerica.org\/wp-content\/uploads\/2024\/07\/guadeloupe-praisegroup-300x186.jpg 300w, https:\/\/interamerica.org\/wp-content\/uploads\/2024\/07\/guadeloupe-praisegroup-768x475.jpg 768w\" sizes=\"(max-width: 837px) 100vw, 837px\" \/><p id=\"caption-attachment-116740\" class=\"wp-caption-text\">Cantantes locales comienzan con la celebraci\u00f3n bautismal en el auditorio de la Escuela Adventista La Pers\u00e9v\u00e9rance, en Guadalupe, el 29 de junio de 2024. [Fotograf\u00eda: Libna Stevens\/DIA]<\/p><\/div><strong> Impacto del evangelismo regional<\/strong><\/p>\n<p>La iniciativa \u201cToda la familia en misi\u00f3n\u201d, busca involucrar a cada miembro de iglesia en iniciativas misioneras de evangelismo p\u00fablico en preparaci\u00f3n para la segunda venida de Cristo.<\/p>\n<p>\u201cDurante quince d\u00edas, Guadalupe ha estado encendida por el Se\u00f1or\u201d, dijo Esaie Auguste. \u201cEl nombre de Cristo ha sido ensalzado, y agradecemos a la Divisi\u00f3n Interamericana por la visi\u00f3n que han compartido con nosotros\u201d. En Guadalupe se bautiz\u00f3 a 164 personas gracias a los intensos esfuerzos conjuntos con los pastores locales y oradores invitados, dijo Auguste.<\/p>\n<p><div id=\"attachment_116801\" style=\"width: 849px\" class=\"wp-caption aligncenter\"><img decoding=\"async\" aria-describedby=\"caption-attachment-116801\" class=\" wp-image-116799\" src=\"https:\/\/interamerica.org\/wp-content\/uploads\/2024\/07\/guadeloupe-esaie-auguste.png\" alt=\"\" width=\"839\" height=\"503\" srcset=\"https:\/\/interamerica.org\/wp-content\/uploads\/2024\/07\/guadeloupe-esaie-auguste.png 1000w, https:\/\/interamerica.org\/wp-content\/uploads\/2024\/07\/guadeloupe-esaie-auguste-300x180.png 300w, https:\/\/interamerica.org\/wp-content\/uploads\/2024\/07\/guadeloupe-esaie-auguste-768x460.png 768w\" sizes=\"(max-width: 839px) 100vw, 839px\" \/><p id=\"caption-attachment-116801\" class=\"wp-caption-text\">El pastor Esaie Auguste, presidente de la Asociaci\u00f3n de Guadalupe, alaba a Dios por el \u00e9xito de los esfuerzos de evangelismo que se llevaron a cabo durante las campa\u00f1as de evangelizaci\u00f3n del 16-29 de junio de 2024 en once sedes de la isla. [Fotograf\u00eda: captura de pantalla de la DIA]<\/p><\/div>Los esfuerzos de evangelizaci\u00f3n no solo impactaron Guadalupe sino tambi\u00e9n Martinica y la Guyana Francesa del 16-29 de junio de 2024, gracias a diez oradores invitados del seminario de Universidad Andrews, cuatro de la Asociaci\u00f3n Allegheny Oriental y de la Asociaci\u00f3n Sureste de la Divisi\u00f3n Norteamericana, adem\u00e1s de un orador invitado proveniente de M\u00e9xico.<\/p>\n<p>El pastor Eddy-Michel Carpin, presidente de la Uni\u00f3n de Guyana y Antillas Francesas celebr\u00f3 la obra de los l\u00edderes y miembros de iglesia a la hora de asociarse para compartir el evangelio. \u201cSomos un grupo peque\u00f1o de islas, pero la iniciativa ha generado una nueva dedicaci\u00f3n y compromiso con la misi\u00f3n de compartir el evangelio\u201d, dijo Carpin.<\/p>\n<p><div id=\"attachment_116755\" style=\"width: 864px\" class=\"wp-caption aligncenter\"><img loading=\"lazy\" decoding=\"async\" aria-describedby=\"caption-attachment-116755\" class=\" wp-image-116753\" src=\"https:\/\/interamerica.org\/wp-content\/uploads\/2024\/07\/fagu-eddy-michel-carpin-guadeloupe.jpg\" alt=\"\" width=\"854\" height=\"569\" srcset=\"https:\/\/interamerica.org\/wp-content\/uploads\/2024\/07\/fagu-eddy-michel-carpin-guadeloupe.jpg 1000w, https:\/\/interamerica.org\/wp-content\/uploads\/2024\/07\/fagu-eddy-michel-carpin-guadeloupe-300x200.jpg 300w, https:\/\/interamerica.org\/wp-content\/uploads\/2024\/07\/fagu-eddy-michel-carpin-guadeloupe-768x512.jpg 768w\" sizes=\"(max-width: 854px) 100vw, 854px\" \/><p id=\"caption-attachment-116755\" class=\"wp-caption-text\">El pastor Eddy-Michel Carpin (derecha), presidente de la Uni\u00f3n Guyana y las Antillas Francesas, agradeci\u00f3 a los l\u00edderes y miembros locales que se comprometieron con la expansi\u00f3n del evangelio en todo el territorio durante las \u00faltimas dos semanas. Rubens Daub\u00e9 (izquierda) traduce el mensaje. [Fotograf\u00eda: Libna Stevens\/DIA]<\/p><\/div>Se llevaron a cabo m\u00e1s de trescientos bautismos durante el transcurso de dos semanas de campa\u00f1as de evangelizaci\u00f3n, un n\u00famero hist\u00f3rico, reportaron los l\u00edderes de la iglesia.<\/p>\n<p>El evento en vivo destac\u00f3 no solo la obra de los miembros activos y los l\u00edderes de la iglesia en el territorio de la Uni\u00f3n de Guyana y Antillas Francesas sino tambi\u00e9n la obra en diversas partes de M\u00e9xico, Colombia, Hait\u00ed, y las islas del Caribe Neerland\u00e9s.<\/p>\n<p><strong>Cultivo de relaciones<\/strong><\/p>\n<p>Durante su mensaje espiritual el s\u00e1bado por la ma\u00f1ana, el pastor Elie Henry, presidente de la Divisi\u00f3n Interamericana, se dirigi\u00f3 a los que pronto ser\u00e1n bautizados, a los miembros de larga data y a los nuevos creyentes, pidi\u00e9ndoles que sean una \u201cfuente de vida\u201d mientras guardan y desarrollan su relaci\u00f3n con Dios, discipulan a los miembros de sus familias y se comprometen a compartir el evangelio doquiera vayan.<\/p>\n<p><div id=\"attachment_116761\" style=\"width: 869px\" class=\"wp-caption aligncenter\"><img loading=\"lazy\" decoding=\"async\" aria-describedby=\"caption-attachment-116761\" class=\" wp-image-116759\" src=\"https:\/\/interamerica.org\/wp-content\/uploads\/2024\/07\/elie-henry-guadeloupe.jpg\" alt=\"\" width=\"859\" height=\"573\" srcset=\"https:\/\/interamerica.org\/wp-content\/uploads\/2024\/07\/elie-henry-guadeloupe.jpg 1000w, https:\/\/interamerica.org\/wp-content\/uploads\/2024\/07\/elie-henry-guadeloupe-300x200.jpg 300w, https:\/\/interamerica.org\/wp-content\/uploads\/2024\/07\/elie-henry-guadeloupe-768x512.jpg 768w\" sizes=\"(max-width: 859px) 100vw, 859px\" \/><p id=\"caption-attachment-116761\" class=\"wp-caption-text\">El pastor Elie Henry, presidente de la Divisi\u00f3n Interamericana (derecha) desaf\u00eda a los m\u00e1s de seiscientos miembros de iglesia, durante su mensaje el s\u00e1bado por la ma\u00f1ana, mientras que K\u00e9vanne Ramin (izquierda) traduce su mensaje. [Fotograf\u00eda: Libna Stevens\/DIA]<\/p><\/div>\u201cCuando hablamos de \u2018Toda la familia en misi\u00f3n\u2019, estamos hablando de padres y madres que hacen todo lo que pueden por sus hijos, para inculcar la misi\u00f3n que Dios nos ha dado\u201d, dijo el pastor Henry.<\/p>\n<p>\u201cSigan cultivando relaciones con sus hijos y con otros ni\u00f1os a su alrededor. \u00c1menlos, dediquen tiempo a perdonar y a usar cada d\u00eda para mostrarles su amor y el amor de Dios. H\u00e1ganlo hoy. No pueden dejarlo para ma\u00f1ana\u201d. El future est\u00e1 asegurado, a\u00f1adi\u00f3.<\/p>\n<p><div id=\"attachment_116737\" style=\"width: 848px\" class=\"wp-caption aligncenter\"><img loading=\"lazy\" decoding=\"async\" aria-describedby=\"caption-attachment-116737\" class=\"wp-image-116735\" src=\"https:\/\/interamerica.org\/wp-content\/uploads\/2024\/07\/guadeloupe-audience-closeup.jpg\" alt=\"\" width=\"838\" height=\"559\" srcset=\"https:\/\/interamerica.org\/wp-content\/uploads\/2024\/07\/guadeloupe-audience-closeup.jpg 1000w, https:\/\/interamerica.org\/wp-content\/uploads\/2024\/07\/guadeloupe-audience-closeup-300x200.jpg 300w, https:\/\/interamerica.org\/wp-content\/uploads\/2024\/07\/guadeloupe-audience-closeup-768x512.jpg 768w\" sizes=\"(max-width: 838px) 100vw, 838px\" \/><p id=\"caption-attachment-116737\" class=\"wp-caption-text\">Los miembros de iglesia siguen el programa de s\u00e1bado. [Fotograf\u00eda: Libna Stevens\/DIA]<\/p><\/div>El pastor Henry desafi\u00f3 a los miembros de iglesia para que hablen y vivan la misi\u00f3n de compartir el evangelio, aguardando el pronto regreso de Cristo. \u201cTenemos que avanzar por la fe\u201d, dijo.<\/p>\n<p><strong>Responder al llamado al bautismo <\/strong><\/p>\n<p>Avanzar es lo que Casimir Andes ha estado haciendo todos los d\u00edas durante ocho meses, gracias a dos miembros de iglesia que comenzaron a visitar su hogar para orar por \u00e9l y estudiar la Biblia. Hab\u00eda estado luchando contra la depresi\u00f3n y estaba dedicado a distracciones nada saludables, dijo, pero ha visto en cambio en su vida desde que aprendi\u00f3 del amor de Dios. \u201cEllos son mis hermanos, los que me han cuidado y visitado cada semana\u201d, dijo Andes. Cuando se acercaban las reuniones de evangelizaci\u00f3n, Andes fue invitado por primera vez a asistir a las reuniones de la iglesia. Fue durante esas reuniones de evangelizaci\u00f3n que una noche sinti\u00f3 el llamado a entregar su coraz\u00f3n a Dios. \u201cHe cometido muchos errores y mi vida ha sido dif\u00edcil, pero Dios me ha dado viva y estoy muy entusiasmado de ser bautizado\u201d, expres\u00f3.<\/p>\n<p><div id=\"attachment_116770\" style=\"width: 837px\" class=\"wp-caption aligncenter\"><img loading=\"lazy\" decoding=\"async\" aria-describedby=\"caption-attachment-116770\" class=\" wp-image-116768\" src=\"https:\/\/interamerica.org\/wp-content\/uploads\/2024\/07\/guatedoupe-casimir-andes-baptism-fagu.jpg\" alt=\"\" width=\"827\" height=\"551\" srcset=\"https:\/\/interamerica.org\/wp-content\/uploads\/2024\/07\/guatedoupe-casimir-andes-baptism-fagu.jpg 1000w, https:\/\/interamerica.org\/wp-content\/uploads\/2024\/07\/guatedoupe-casimir-andes-baptism-fagu-300x200.jpg 300w, https:\/\/interamerica.org\/wp-content\/uploads\/2024\/07\/guatedoupe-casimir-andes-baptism-fagu-768x512.jpg 768w\" sizes=\"(max-width: 827px) 100vw, 827px\" \/><p id=\"caption-attachment-116770\" class=\"wp-caption-text\">El pastor Rosan Lancien (izquierda) felicita a Casimir Andes (derecha) despu\u00e9s de bautizarlo. Andes estudi\u00f3 la Biblia durante ocho meses antes de asistir a las reuniones de evangelizaci\u00f3n en el auditorio de la Escuela Adventista La Pers\u00e9v\u00e9rance el mes pasado y tomar la decisi\u00f3n de ser bautizado. [Fotograf\u00eda: Uni\u00f3n de Guyana y Antillas Francesas]<\/p><\/div>Andes, que estuvo entre m\u00e1s de treinta personas bautizadas durante el programa en vivo, dijo que ha estado trabajando para mantener a sus tres hijos que viven en Dominica, su pa\u00eds natal. Ahora ora a Dios que pueda guiarlo en esta nueva vida para crecer en la fe, mientras asiste a la iglesia en Guadalupe.<\/p>\n<p>Mondette Fortun\u00e9 Salm\u00e9, de 76 a\u00f1os, hab\u00eda asistido a la Iglesia Adventista cuando era joven, pero jam\u00e1s fue bautizada y finalmente dej\u00f3 de asistir. Cuando vio un informe de video sobre un matrimonio que hab\u00eda fallecido tr\u00e1gicamente durante el terremoto de Hait\u00ed en 2010, se sinti\u00f3 emocionada e impresionada de tal manera que decidi\u00f3 cambiar. Comenz\u00f3 a leer y estudiar la Biblia, y tambi\u00e9n empez\u00f3 a guardar el s\u00e1bado.<\/p>\n<p><div id=\"attachment_116764\" style=\"width: 851px\" class=\"wp-caption aligncenter\"><img loading=\"lazy\" decoding=\"async\" aria-describedby=\"caption-attachment-116764\" class=\" wp-image-116762\" src=\"https:\/\/interamerica.org\/wp-content\/uploads\/2024\/07\/guadeloupe-fortune-baptism.jpg\" alt=\"\" width=\"841\" height=\"659\" srcset=\"https:\/\/interamerica.org\/wp-content\/uploads\/2024\/07\/guadeloupe-fortune-baptism.jpg 1000w, https:\/\/interamerica.org\/wp-content\/uploads\/2024\/07\/guadeloupe-fortune-baptism-300x235.jpg 300w, https:\/\/interamerica.org\/wp-content\/uploads\/2024\/07\/guadeloupe-fortune-baptism-768x602.jpg 768w\" sizes=\"(max-width: 841px) 100vw, 841px\" \/><p id=\"caption-attachment-116764\" class=\"wp-caption-text\">Mondette Fortun\u00e9 Salm\u00e9 (derecha) es bautizada despu\u00e9s de guardar el s\u00e1bado durante m\u00e1s de trece a\u00f1os. [Fotograf\u00eda: Libna Stevens\/DIA]<\/p><\/div>En abril de 2023, comenz\u00f3 a asistir a la iglesia adventista cercana a su casa. Cuando empez\u00f3 a asistir a las recientes reuniones de evangelizaci\u00f3n, complet\u00f3 una tarjeta de oraci\u00f3n y recibi\u00f3 el llamado de un pastor. Cuando el pastor descubri\u00f3 que no hab\u00eda sido bautizada, ella le dijo que sent\u00eda que no lo necesitaba. \u201cHe estado observando el s\u00e1bado y me he sentido miembro de la iglesia durante ya m\u00e1s de diez a\u00f1os\u201d, dijo Fortun\u00e9. \u201cPero me siento muy feliz de haberme bautizado hoy. Jes\u00fas es mi Salvador y mi todo\u201d.<\/p>\n<p><strong>Regreso a la iglesia <\/strong><\/p>\n<p>Gabrielle Gravinay, de 19 a\u00f1os, creci\u00f3 en la Iglesia Adventista, pero se fue de ella a los 6 a\u00f1os y regres\u00f3 a los 17. Sus estudios en Francia la mantuvieron ocupada, y cuando regres\u00f3 a su casa en Guadalupe para el verano en la iglesia adventista de Boisvin en Guadalupe, se sinti\u00f3 atra\u00edda a las reuniones de evangelizaci\u00f3n, y sinti\u00f3 el impulso de ser bautizada antes de regresar a continuar con sus estudios. Estudiar la Biblia y mantener una vida devocional de oraci\u00f3n es lo que quiere para asegurarse de seguir as\u00ed. Se necesita valor para ser fiel, expres\u00f3. \u201cEstoy aprendiendo a dejar todo en manos de Dios, a no tener miedo y a permitir que Dios decida el curso de mi vida\u201d, dijo Gravinay.<\/p>\n<p><div id=\"attachment_116773\" style=\"width: 826px\" class=\"wp-caption aligncenter\"><img loading=\"lazy\" decoding=\"async\" aria-describedby=\"caption-attachment-116773\" class=\" wp-image-116771\" src=\"https:\/\/interamerica.org\/wp-content\/uploads\/2024\/07\/guadeloupe-baptism-grabielle-1.jpg\" alt=\"\" width=\"816\" height=\"612\" srcset=\"https:\/\/interamerica.org\/wp-content\/uploads\/2024\/07\/guadeloupe-baptism-grabielle-1.jpg 1000w, https:\/\/interamerica.org\/wp-content\/uploads\/2024\/07\/guadeloupe-baptism-grabielle-1-300x225.jpg 300w, https:\/\/interamerica.org\/wp-content\/uploads\/2024\/07\/guadeloupe-baptism-grabielle-1-768x576.jpg 768w\" sizes=\"(max-width: 816px) 100vw, 816px\" \/><p id=\"caption-attachment-116773\" class=\"wp-caption-text\">Gabrielle Gravinay (derecha), de 19 a\u00f1os, regres\u00f3 a la iglesia en 2022 y tom\u00f3 la decisi\u00f3n de ser bautizada por primera vez despu\u00e9s de asistir a reuniones de evangelizaci\u00f3n durante el receso de verano. El pastor Rosan Lancien aparece junto a ella despu\u00e9s del bautismo. [Fotograf\u00eda: Libna Stevens\/DIA]<\/p><\/div>A Fred Romain, de 46 a\u00f1os, le llev\u00f3 un ataque de coraz\u00f3n tomar la decisi\u00f3n de regresar a la iglesia. Hab\u00eda sido bautizado a los 13 a\u00f1os, pero hab\u00eda estado en sus propios caminos, viviendo la clase de vida que lo mantuvo ocupado en un mundo de vicios. \u201cCuando me encontr\u00e9 afectado por un ataque de coraz\u00f3n, le ped\u00ed a Dios que me sanara y le promet\u00ed que regresar\u00eda a la iglesia\u201d, dijo. Ha estado asistiendo a la iglesia adventista de Dothemare en Guadalupe. Cuando comenzaron las reuniones de evangelizaci\u00f3n, sinti\u00f3 la convicci\u00f3n de ser bautizado. \u201cHe sentido tanta paz ahora y he dejado atr\u00e1s mi vida vieja. He llenado mi vida con una mayor experiencia con Dios, por medio de su Palabra, y he estado orando. Siento que Dios es mi amigo, y que siempre est\u00e1 all\u00ed\u201d.<\/p>\n<p>Romain se sinti\u00f3 emocionado por los mensajes del pastor David Springer, uno de diez oradores del Seminario de la Universidad Andrews que fue asignado para predicar en el auditorio de la Escuela Adventista Perseverance.<\/p>\n<p><div id=\"attachment_116746\" style=\"width: 819px\" class=\"wp-caption aligncenter\"><img loading=\"lazy\" decoding=\"async\" aria-describedby=\"caption-attachment-116746\" class=\" wp-image-116744\" src=\"https:\/\/interamerica.org\/wp-content\/uploads\/2024\/07\/guadeloupe-davidspringer.jpg\" alt=\"\" width=\"809\" height=\"539\" srcset=\"https:\/\/interamerica.org\/wp-content\/uploads\/2024\/07\/guadeloupe-davidspringer.jpg 1000w, https:\/\/interamerica.org\/wp-content\/uploads\/2024\/07\/guadeloupe-davidspringer-300x200.jpg 300w, https:\/\/interamerica.org\/wp-content\/uploads\/2024\/07\/guadeloupe-davidspringer-768x511.jpg 768w\" sizes=\"(max-width: 809px) 100vw, 809px\" \/><p id=\"caption-attachment-116746\" class=\"wp-caption-text\">El pastor David Springer del Seminario de la Universidad Andrews comparte su experiencia durante la campa\u00f1a en el auditorio de la Escuela Adventista La Pers\u00e9v\u00e9rance, junto con otros diez predicadores que estuvieron al frente de campa\u00f1as de evangelizaci\u00f3n en Guadalupe, del 16-29 de junio de 2024. [Fotograf\u00eda: Libna Stevens\/DIA]<\/p><\/div><strong>Impacto en Guadalupe<\/strong><\/p>\n<p>El pastor Springer, oriundo de Trinidad y quien llev\u00f3 a cabo reuniones de evangelizaci\u00f3n en Zambia el a\u00f1o pasado y en otras partes del mundo, dijo que \u201cen diversas partes del mundo, las personas est\u00e1n enfrentando los mismos problemas, no importa el contexto o cu\u00e1n dif\u00edcil pueda parecer alcanzar la mentalidad posmoderna\u201d. Springer dijo que muchas personas est\u00e1n luchando con la salud mental o el trauma, y que a veces no pueden aceptar el evangelio inmediatamente. El pastor Springer dice que su propia experiencia y sus estudios de trabajo social le ayudaron a remover las barreras de la verg\u00fcenza y a conectarse con las personas durante sus mensajes. Springer se sinti\u00f3 tocado por las decenas de creyentes que tomaron la decisi\u00f3n de bautizarse y que contin\u00faan creciendo en la fe durante las dos semanas en Guadalupe.<\/p>\n<p><div id=\"attachment_116752\" style=\"width: 851px\" class=\"wp-caption aligncenter\"><img loading=\"lazy\" decoding=\"async\" aria-describedby=\"caption-attachment-116752\" class=\" wp-image-116750\" src=\"https:\/\/interamerica.org\/wp-content\/uploads\/2024\/07\/balvin-braham-guadeloupe.jpg\" alt=\"\" width=\"841\" height=\"504\" srcset=\"https:\/\/interamerica.org\/wp-content\/uploads\/2024\/07\/balvin-braham-guadeloupe.jpg 1000w, https:\/\/interamerica.org\/wp-content\/uploads\/2024\/07\/balvin-braham-guadeloupe-300x180.jpg 300w, https:\/\/interamerica.org\/wp-content\/uploads\/2024\/07\/balvin-braham-guadeloupe-768x460.jpg 768w\" sizes=\"(max-width: 841px) 100vw, 841px\" \/><p id=\"caption-attachment-116752\" class=\"wp-caption-text\">El pastor Balvin Braham (derecha), vicepresidente de la Divisi\u00f3n Interamericana, explica la iniciativa \u201cToda la familia en misi\u00f3n\u201d que se est\u00e1 llevando a cabo en las 24 uniones. El pastor Jacques Bibrac (izquierda) traduce en el escenario. [Fotograf\u00eda: Libna Stevens\/DIA]<\/p><\/div>Animar a cada miembro a que crezca en la fe es uno de los elementos claves que est\u00e1 impulsando la iniciativa \u201cToda la familia en misi\u00f3n\u201d en el territorio de la Divisi\u00f3n Interamericana, dijo el pastor Balvin Braham, vicepresidente de la Divisi\u00f3n Interamericana, durante el evento en vivo. \u201cQueremos que cada miembro crezca el Cristo y discipule a otros, en preparaci\u00f3n para la segunda venida\u201d, dijo Braham. Implica garantizar que cada miembro sirva en la comunidad y comparta el evangelio, a\u00f1adi\u00f3. \u201cQueremos que cada familia est\u00e9 activa en la misi\u00f3n, se involucre de manera activa en la cosecha de almas para el reino\u201d, dijo Braham.<\/p>\n<p>Los 108 bautismos alcanzados al final de los esfuerzos de evangelizaci\u00f3n en Guadalupe han sumado 164 hasta el momento, sobrepasando los 140 alcanzados durante 2023, dijo el pastor Auguste. \u201cEsta iniciativa aqu\u00ed ha encendido el evangelismo en Guadalupe, y nos ha mostrado cu\u00e1n relevante es a\u00fan el evangelismo p\u00fablico, de qu\u00e9 manera podemos trabajar m\u00e1s unidos como equipo ministerial, y que tenemos que continuar alcanzando de manera activa a la comunidad\u201d, dijo Auguste. A veces, puede llevar m\u00e1s de un a\u00f1o de estudios b\u00edblicos antes de que una persona tome la decisi\u00f3n de ser bautizado, dijo, pero mayores esfuerzos conjuntos a nivel local pueden rendir mejores resultados, a\u00f1adi\u00f3. \u201cEs importante que nos conectemos con las personas y descubramos m\u00e1s cu\u00e1les son sus necesidades, usando las oportunidades para la misi\u00f3n\u201d.<\/p>\n<p><div id=\"attachment_116734\" style=\"width: 927px\" class=\"wp-caption aligncenter\"><img loading=\"lazy\" decoding=\"async\" aria-describedby=\"caption-attachment-116734\" class=\" wp-image-116732\" src=\"https:\/\/interamerica.org\/wp-content\/uploads\/2024\/07\/guadeloupe-union-leaders.jpg\" alt=\"\" width=\"917\" height=\"564\" srcset=\"https:\/\/interamerica.org\/wp-content\/uploads\/2024\/07\/guadeloupe-union-leaders.jpg 1000w, https:\/\/interamerica.org\/wp-content\/uploads\/2024\/07\/guadeloupe-union-leaders-300x185.jpg 300w, https:\/\/interamerica.org\/wp-content\/uploads\/2024\/07\/guadeloupe-union-leaders-768x472.jpg 768w\" sizes=\"(max-width: 917px) 100vw, 917px\" \/><p id=\"caption-attachment-116734\" class=\"wp-caption-text\">Administradores y l\u00edderes de la iglesia de siete de las uniones de la Divisi\u00f3n Interamericana, incluida Colombia, M\u00e9xico, el Caribe Neerland\u00e9s y Hait\u00ed, participaron de la celebraci\u00f3n de evangelismo, asistieron al evento, y contaron de qu\u00e9 manera los miembros de su regi\u00f3n est\u00e1n comprometidos con la misi\u00f3n. [Fotograf\u00eda: Libna Stevens\/DIA]<\/p><\/div>El pastor Auguste dijo que en las pr\u00f3ximas semanas se reunir\u00e1 con su equipo de l\u00edderes y pastores para evaluar los esfuerzos de evangelizaci\u00f3n y hacer ajustes a los planes estrat\u00e9gicos para el resto del a\u00f1o. Dijo que los pastores est\u00e1n aguardando con ansias ministrar a unas cincuenta personas que est\u00e1n interesadas en estudiar la Biblia y prepararse para el bautismo en los pr\u00f3ximos meses.<\/p>\n<p>Los l\u00edderes de las uniones de la Divisi\u00f3n Interamericana que visitaron el evento que marc\u00f3 la segunda edici\u00f3n de la celebraci\u00f3n \u201cToda la familia en misi\u00f3n\u201d reportaron que hasta junio de 2024 se han llevado a cabo m\u00e1s de 55 mil bautismos en M\u00e9xico, Hait\u00ed, la regi\u00f3n norte de Colombia y las islas del Caribe Neerland\u00e9s.<\/p>\n<p>Se les record\u00f3 a los l\u00edderes de las iglesias locales de cu\u00e1les son los pasos importantes para organizar esfuerzos de evangelizaci\u00f3n, lo que incluye preparar el campo, planificar, sembrar la semilla, cultivarla y conservar a los nuevos creyentes.<\/p>\n<p><div id=\"attachment_116749\" style=\"width: 962px\" class=\"wp-caption aligncenter\"><img loading=\"lazy\" decoding=\"async\" aria-describedby=\"caption-attachment-116749\" class=\" wp-image-116747\" src=\"https:\/\/interamerica.org\/wp-content\/uploads\/2024\/07\/guadeloupe-choir-singing.jpg\" alt=\"\" width=\"952\" height=\"421\" srcset=\"https:\/\/interamerica.org\/wp-content\/uploads\/2024\/07\/guadeloupe-choir-singing.jpg 1000w, https:\/\/interamerica.org\/wp-content\/uploads\/2024\/07\/guadeloupe-choir-singing-300x133.jpg 300w, https:\/\/interamerica.org\/wp-content\/uploads\/2024\/07\/guadeloupe-choir-singing-768x339.jpg 768w\" sizes=\"(max-width: 952px) 100vw, 952px\" \/><p id=\"caption-attachment-116749\" class=\"wp-caption-text\">[Fotograf\u00eda: Libna Stevens\/DIA]<\/p><\/div>La celebraci\u00f3n cont\u00f3 con m\u00fasica y representaciones dram\u00e1ticas, y destac\u00f3 las actividades de impacto alineadas con la iniciativa \u201cToda la familia en misi\u00f3n\u201d, lo que marc\u00f3 una diferencia en Guadalupe y el resto de la Uni\u00f3n de Guyana y las Antillas Francesas.<\/p>\n<p>El siguiente evento de \u201cToda la familia en misi\u00f3n\u201d de la Divisi\u00f3n Interamericana est\u00e1 planificado para el pr\u00f3ximo 28 de septiembre de 2024 en Kingston, Jamaica.<\/p>\n<p><em>Fatie Volet colabor\u00f3 con informaci\u00f3n para este informe.<\/em><\/p>\n<p>Para ver el evento en l\u00ednea, ingrese <a href=\"https:\/\/www.youtube.com\/watch?v=TEFD_NTzM5Y\">AQU\u00cd<\/a><\/p>\n<p>Para acceder a una galer\u00eda de fotograf\u00edas del evento, ingrese <a href=\"https:\/\/flickr.com\/photos\/interamerica\/albums\/72177720318480147\">AQU\u00cd<\/a><\/p>\n<p>Traducci\u00f3n de Marcos Paseggi<\/p>\n","protected":false},"excerpt":{"rendered":"<p>Cientos de nuevos creyentes se sumaron a la Iglesia Adventista en Guadalupe durante bautismos en todo el territorio. 4 de julio de 2024 | Pointe-\u00e0-Pitre, Guadalupe | Libna Stevens, Noticias&#8230;<\/p>\n","protected":false},"author":3,"featured_media":116779,"comment_status":"closed","ping_status":"closed","sticky":false,"template":"","format":"standard","meta":{"_acf_changed":false,"footnotes":""},"categories":[16,15],"tags":[],"class_list":["post-116813","post","type-post","status-publish","format-standard","has-post-thumbnail","hentry","category-desde-la-sede","category-rss-espanol"],"acf":[],"yoast_head":"<!-- This site is optimized with the Yoast SEO plugin v27.3 - https:\/\/yoast.com\/product\/yoast-seo-wordpress\/ -->\n<title>Los adventistas celebran fin hist\u00f3rico de esfuerzos de evangelizaci\u00f3n en Guadalupe - Iglesia Adventista del S\u00e9ptimo D\u00eda - Divisi\u00f3n Interamericana<\/title>\n<meta name=\"robots\" content=\"index, follow, max-snippet:-1, max-image-preview:large, max-video-preview:-1\" \/>\n<link rel=\"canonical\" href=\"https:\/\/interamerica.org\/es\/2024\/07\/los-adventistas-celebran-fin-historico-de-esfuerzos-de-evangelizacion-en-guadalupe\/\" \/>\n<meta property=\"og:locale\" content=\"es_ES\" \/>\n<meta property=\"og:type\" content=\"article\" \/>\n<meta property=\"og:title\" content=\"Los adventistas celebran fin hist\u00f3rico de esfuerzos de evangelizaci\u00f3n en Guadalupe - Iglesia Adventista del S\u00e9ptimo D\u00eda - Divisi\u00f3n Interamericana\" \/>\n<meta property=\"og:description\" content=\"Cientos de nuevos creyentes se sumaron a la Iglesia Adventista en Guadalupe durante bautismos en todo el territorio. 4 de julio de 2024 | Pointe-\u00e0-Pitre, Guadalupe | Libna Stevens, Noticias...\" \/>\n<meta property=\"og:url\" content=\"https:\/\/interamerica.org\/es\/2024\/07\/los-adventistas-celebran-fin-historico-de-esfuerzos-de-evangelizacion-en-guadalupe\/\" \/>\n<meta property=\"og:site_name\" content=\"Iglesia Adventista del S\u00e9ptimo D\u00eda - Divisi\u00f3n Interamericana\" \/>\n<meta property=\"article:published_time\" content=\"2024-07-05T15:08:03+00:00\" \/>\n<meta property=\"article:modified_time\" content=\"2024-07-06T00:13:26+00:00\" \/>\n<meta property=\"og:image\" content=\"https:\/\/interamerica.org\/wp-content\/uploads\/2024\/07\/guadeloupe-baptism-fagupic.png\" \/>\n\t<meta property=\"og:image:width\" content=\"1000\" \/>\n\t<meta property=\"og:image:height\" content=\"653\" \/>\n\t<meta property=\"og:image:type\" content=\"image\/png\" \/>\n<meta name=\"author\" content=\"libna\" \/>\n<meta name=\"twitter:card\" content=\"summary_large_image\" \/>\n<meta name=\"twitter:label1\" content=\"Escrito por\" \/>\n\t<meta name=\"twitter:data1\" content=\"libna\" \/>\n\t<meta name=\"twitter:label2\" content=\"Tiempo de lectura\" \/>\n\t<meta name=\"twitter:data2\" content=\"14 minutos\" \/>\n<script type=\"application\/ld+json\" class=\"yoast-schema-graph\">{\"@context\":\"https:\\\/\\\/schema.org\",\"@graph\":[{\"@type\":\"Article\",\"@id\":\"https:\\\/\\\/interamerica.org\\\/es\\\/2024\\\/07\\\/los-adventistas-celebran-fin-historico-de-esfuerzos-de-evangelizacion-en-guadalupe\\\/#article\",\"isPartOf\":{\"@id\":\"https:\\\/\\\/interamerica.org\\\/es\\\/2024\\\/07\\\/los-adventistas-celebran-fin-historico-de-esfuerzos-de-evangelizacion-en-guadalupe\\\/\"},\"author\":{\"name\":\"libna\",\"@id\":\"https:\\\/\\\/interamerica.org\\\/es\\\/#\\\/schema\\\/person\\\/29998f2bc2d8bd0d38662909289b54f1\"},\"headline\":\"Los adventistas celebran fin hist\u00f3rico de esfuerzos de evangelizaci\u00f3n en Guadalupe\",\"datePublished\":\"2024-07-05T15:08:03+00:00\",\"dateModified\":\"2024-07-06T00:13:26+00:00\",\"mainEntityOfPage\":{\"@id\":\"https:\\\/\\\/interamerica.org\\\/es\\\/2024\\\/07\\\/los-adventistas-celebran-fin-historico-de-esfuerzos-de-evangelizacion-en-guadalupe\\\/\"},\"wordCount\":2728,\"image\":{\"@id\":\"https:\\\/\\\/interamerica.org\\\/es\\\/2024\\\/07\\\/los-adventistas-celebran-fin-historico-de-esfuerzos-de-evangelizacion-en-guadalupe\\\/#primaryimage\"},\"thumbnailUrl\":\"https:\\\/\\\/interamerica.org\\\/wp-content\\\/uploads\\\/2024\\\/07\\\/guadeloupe-baptism-fagupic.png\",\"articleSection\":[\"Desde la sede\",\"RSS Espa\u00f1ol\"],\"inLanguage\":\"es\"},{\"@type\":\"WebPage\",\"@id\":\"https:\\\/\\\/interamerica.org\\\/es\\\/2024\\\/07\\\/los-adventistas-celebran-fin-historico-de-esfuerzos-de-evangelizacion-en-guadalupe\\\/\",\"url\":\"https:\\\/\\\/interamerica.org\\\/es\\\/2024\\\/07\\\/los-adventistas-celebran-fin-historico-de-esfuerzos-de-evangelizacion-en-guadalupe\\\/\",\"name\":\"Los adventistas celebran fin hist\u00f3rico de esfuerzos de evangelizaci\u00f3n en Guadalupe - Iglesia Adventista del S\u00e9ptimo D\u00eda - Divisi\u00f3n Interamericana\",\"isPartOf\":{\"@id\":\"https:\\\/\\\/interamerica.org\\\/es\\\/#website\"},\"primaryImageOfPage\":{\"@id\":\"https:\\\/\\\/interamerica.org\\\/es\\\/2024\\\/07\\\/los-adventistas-celebran-fin-historico-de-esfuerzos-de-evangelizacion-en-guadalupe\\\/#primaryimage\"},\"image\":{\"@id\":\"https:\\\/\\\/interamerica.org\\\/es\\\/2024\\\/07\\\/los-adventistas-celebran-fin-historico-de-esfuerzos-de-evangelizacion-en-guadalupe\\\/#primaryimage\"},\"thumbnailUrl\":\"https:\\\/\\\/interamerica.org\\\/wp-content\\\/uploads\\\/2024\\\/07\\\/guadeloupe-baptism-fagupic.png\",\"datePublished\":\"2024-07-05T15:08:03+00:00\",\"dateModified\":\"2024-07-06T00:13:26+00:00\",\"author\":{\"@id\":\"https:\\\/\\\/interamerica.org\\\/es\\\/#\\\/schema\\\/person\\\/29998f2bc2d8bd0d38662909289b54f1\"},\"breadcrumb\":{\"@id\":\"https:\\\/\\\/interamerica.org\\\/es\\\/2024\\\/07\\\/los-adventistas-celebran-fin-historico-de-esfuerzos-de-evangelizacion-en-guadalupe\\\/#breadcrumb\"},\"inLanguage\":\"es\",\"potentialAction\":[{\"@type\":\"ReadAction\",\"target\":[\"https:\\\/\\\/interamerica.org\\\/es\\\/2024\\\/07\\\/los-adventistas-celebran-fin-historico-de-esfuerzos-de-evangelizacion-en-guadalupe\\\/\"]}]},{\"@type\":\"ImageObject\",\"inLanguage\":\"es\",\"@id\":\"https:\\\/\\\/interamerica.org\\\/es\\\/2024\\\/07\\\/los-adventistas-celebran-fin-historico-de-esfuerzos-de-evangelizacion-en-guadalupe\\\/#primaryimage\",\"url\":\"https:\\\/\\\/interamerica.org\\\/wp-content\\\/uploads\\\/2024\\\/07\\\/guadeloupe-baptism-fagupic.png\",\"contentUrl\":\"https:\\\/\\\/interamerica.org\\\/wp-content\\\/uploads\\\/2024\\\/07\\\/guadeloupe-baptism-fagupic.png\",\"width\":1000,\"height\":653,\"caption\":\"[Photo: French Antilles Guiana Unioin]\"},{\"@type\":\"BreadcrumbList\",\"@id\":\"https:\\\/\\\/interamerica.org\\\/es\\\/2024\\\/07\\\/los-adventistas-celebran-fin-historico-de-esfuerzos-de-evangelizacion-en-guadalupe\\\/#breadcrumb\",\"itemListElement\":[{\"@type\":\"ListItem\",\"position\":1,\"name\":\"Home\",\"item\":\"https:\\\/\\\/interamerica.org\\\/es\\\/\"},{\"@type\":\"ListItem\",\"position\":2,\"name\":\"Los adventistas celebran fin hist\u00f3rico de esfuerzos de evangelizaci\u00f3n en Guadalupe\"}]},{\"@type\":\"WebSite\",\"@id\":\"https:\\\/\\\/interamerica.org\\\/es\\\/#website\",\"url\":\"https:\\\/\\\/interamerica.org\\\/es\\\/\",\"name\":\"Iglesia Adventista del S\u00e9ptimo D\u00eda - Divisi\u00f3n Interamericana\",\"description\":\"\",\"potentialAction\":[{\"@type\":\"SearchAction\",\"target\":{\"@type\":\"EntryPoint\",\"urlTemplate\":\"https:\\\/\\\/interamerica.org\\\/es\\\/?s={search_term_string}\"},\"query-input\":{\"@type\":\"PropertyValueSpecification\",\"valueRequired\":true,\"valueName\":\"search_term_string\"}}],\"inLanguage\":\"es\"},{\"@type\":\"Person\",\"@id\":\"https:\\\/\\\/interamerica.org\\\/es\\\/#\\\/schema\\\/person\\\/29998f2bc2d8bd0d38662909289b54f1\",\"name\":\"libna\",\"image\":{\"@type\":\"ImageObject\",\"inLanguage\":\"es\",\"@id\":\"https:\\\/\\\/secure.gravatar.com\\\/avatar\\\/7c5bd30ae4b47a9ba3c856590957fd1d96dc588bf3ac05719d247e126840331f?s=96&d=mm&r=g\",\"url\":\"https:\\\/\\\/secure.gravatar.com\\\/avatar\\\/7c5bd30ae4b47a9ba3c856590957fd1d96dc588bf3ac05719d247e126840331f?s=96&d=mm&r=g\",\"contentUrl\":\"https:\\\/\\\/secure.gravatar.com\\\/avatar\\\/7c5bd30ae4b47a9ba3c856590957fd1d96dc588bf3ac05719d247e126840331f?s=96&d=mm&r=g\",\"caption\":\"libna\"}}]}<\/script>\n<!-- \/ Yoast SEO plugin. -->","yoast_head_json":{"title":"Los adventistas celebran fin hist\u00f3rico de esfuerzos de evangelizaci\u00f3n en Guadalupe - Iglesia Adventista del S\u00e9ptimo D\u00eda - Divisi\u00f3n Interamericana","robots":{"index":"index","follow":"follow","max-snippet":"max-snippet:-1","max-image-preview":"max-image-preview:large","max-video-preview":"max-video-preview:-1"},"canonical":"https:\/\/interamerica.org\/es\/2024\/07\/los-adventistas-celebran-fin-historico-de-esfuerzos-de-evangelizacion-en-guadalupe\/","og_locale":"es_ES","og_type":"article","og_title":"Los adventistas celebran fin hist\u00f3rico de esfuerzos de evangelizaci\u00f3n en Guadalupe - Iglesia Adventista del S\u00e9ptimo D\u00eda - Divisi\u00f3n Interamericana","og_description":"Cientos de nuevos creyentes se sumaron a la Iglesia Adventista en Guadalupe durante bautismos en todo el territorio. 4 de julio de 2024 | Pointe-\u00e0-Pitre, Guadalupe | Libna Stevens, Noticias...","og_url":"https:\/\/interamerica.org\/es\/2024\/07\/los-adventistas-celebran-fin-historico-de-esfuerzos-de-evangelizacion-en-guadalupe\/","og_site_name":"Iglesia Adventista del S\u00e9ptimo D\u00eda - Divisi\u00f3n Interamericana","article_published_time":"2024-07-05T15:08:03+00:00","article_modified_time":"2024-07-06T00:13:26+00:00","og_image":[{"width":1000,"height":653,"url":"https:\/\/interamerica.org\/wp-content\/uploads\/2024\/07\/guadeloupe-baptism-fagupic.png","type":"image\/png"}],"author":"libna","twitter_card":"summary_large_image","twitter_misc":{"Escrito por":"libna","Tiempo de lectura":"14 minutos"},"schema":{"@context":"https:\/\/schema.org","@graph":[{"@type":"Article","@id":"https:\/\/interamerica.org\/es\/2024\/07\/los-adventistas-celebran-fin-historico-de-esfuerzos-de-evangelizacion-en-guadalupe\/#article","isPartOf":{"@id":"https:\/\/interamerica.org\/es\/2024\/07\/los-adventistas-celebran-fin-historico-de-esfuerzos-de-evangelizacion-en-guadalupe\/"},"author":{"name":"libna","@id":"https:\/\/interamerica.org\/es\/#\/schema\/person\/29998f2bc2d8bd0d38662909289b54f1"},"headline":"Los adventistas celebran fin hist\u00f3rico de esfuerzos de evangelizaci\u00f3n en Guadalupe","datePublished":"2024-07-05T15:08:03+00:00","dateModified":"2024-07-06T00:13:26+00:00","mainEntityOfPage":{"@id":"https:\/\/interamerica.org\/es\/2024\/07\/los-adventistas-celebran-fin-historico-de-esfuerzos-de-evangelizacion-en-guadalupe\/"},"wordCount":2728,"image":{"@id":"https:\/\/interamerica.org\/es\/2024\/07\/los-adventistas-celebran-fin-historico-de-esfuerzos-de-evangelizacion-en-guadalupe\/#primaryimage"},"thumbnailUrl":"https:\/\/interamerica.org\/wp-content\/uploads\/2024\/07\/guadeloupe-baptism-fagupic.png","articleSection":["Desde la sede","RSS Espa\u00f1ol"],"inLanguage":"es"},{"@type":"WebPage","@id":"https:\/\/interamerica.org\/es\/2024\/07\/los-adventistas-celebran-fin-historico-de-esfuerzos-de-evangelizacion-en-guadalupe\/","url":"https:\/\/interamerica.org\/es\/2024\/07\/los-adventistas-celebran-fin-historico-de-esfuerzos-de-evangelizacion-en-guadalupe\/","name":"Los adventistas celebran fin hist\u00f3rico de esfuerzos de evangelizaci\u00f3n en Guadalupe - Iglesia Adventista del S\u00e9ptimo D\u00eda - Divisi\u00f3n Interamericana","isPartOf":{"@id":"https:\/\/interamerica.org\/es\/#website"},"primaryImageOfPage":{"@id":"https:\/\/interamerica.org\/es\/2024\/07\/los-adventistas-celebran-fin-historico-de-esfuerzos-de-evangelizacion-en-guadalupe\/#primaryimage"},"image":{"@id":"https:\/\/interamerica.org\/es\/2024\/07\/los-adventistas-celebran-fin-historico-de-esfuerzos-de-evangelizacion-en-guadalupe\/#primaryimage"},"thumbnailUrl":"https:\/\/interamerica.org\/wp-content\/uploads\/2024\/07\/guadeloupe-baptism-fagupic.png","datePublished":"2024-07-05T15:08:03+00:00","dateModified":"2024-07-06T00:13:26+00:00","author":{"@id":"https:\/\/interamerica.org\/es\/#\/schema\/person\/29998f2bc2d8bd0d38662909289b54f1"},"breadcrumb":{"@id":"https:\/\/interamerica.org\/es\/2024\/07\/los-adventistas-celebran-fin-historico-de-esfuerzos-de-evangelizacion-en-guadalupe\/#breadcrumb"},"inLanguage":"es","potentialAction":[{"@type":"ReadAction","target":["https:\/\/interamerica.org\/es\/2024\/07\/los-adventistas-celebran-fin-historico-de-esfuerzos-de-evangelizacion-en-guadalupe\/"]}]},{"@type":"ImageObject","inLanguage":"es","@id":"https:\/\/interamerica.org\/es\/2024\/07\/los-adventistas-celebran-fin-historico-de-esfuerzos-de-evangelizacion-en-guadalupe\/#primaryimage","url":"https:\/\/interamerica.org\/wp-content\/uploads\/2024\/07\/guadeloupe-baptism-fagupic.png","contentUrl":"https:\/\/interamerica.org\/wp-content\/uploads\/2024\/07\/guadeloupe-baptism-fagupic.png","width":1000,"height":653,"caption":"[Photo: French Antilles Guiana Unioin]"},{"@type":"BreadcrumbList","@id":"https:\/\/interamerica.org\/es\/2024\/07\/los-adventistas-celebran-fin-historico-de-esfuerzos-de-evangelizacion-en-guadalupe\/#breadcrumb","itemListElement":[{"@type":"ListItem","position":1,"name":"Home","item":"https:\/\/interamerica.org\/es\/"},{"@type":"ListItem","position":2,"name":"Los adventistas celebran fin hist\u00f3rico de esfuerzos de evangelizaci\u00f3n en Guadalupe"}]},{"@type":"WebSite","@id":"https:\/\/interamerica.org\/es\/#website","url":"https:\/\/interamerica.org\/es\/","name":"Iglesia Adventista del S\u00e9ptimo D\u00eda - Divisi\u00f3n Interamericana","description":"","potentialAction":[{"@type":"SearchAction","target":{"@type":"EntryPoint","urlTemplate":"https:\/\/interamerica.org\/es\/?s={search_term_string}"},"query-input":{"@type":"PropertyValueSpecification","valueRequired":true,"valueName":"search_term_string"}}],"inLanguage":"es"},{"@type":"Person","@id":"https:\/\/interamerica.org\/es\/#\/schema\/person\/29998f2bc2d8bd0d38662909289b54f1","name":"libna","image":{"@type":"ImageObject","inLanguage":"es","@id":"https:\/\/secure.gravatar.com\/avatar\/7c5bd30ae4b47a9ba3c856590957fd1d96dc588bf3ac05719d247e126840331f?s=96&d=mm&r=g","url":"https:\/\/secure.gravatar.com\/avatar\/7c5bd30ae4b47a9ba3c856590957fd1d96dc588bf3ac05719d247e126840331f?s=96&d=mm&r=g","contentUrl":"https:\/\/secure.gravatar.com\/avatar\/7c5bd30ae4b47a9ba3c856590957fd1d96dc588bf3ac05719d247e126840331f?s=96&d=mm&r=g","caption":"libna"}}]}},"_links":{"self":[{"href":"https:\/\/interamerica.org\/es\/wp-json\/wp\/v2\/posts\/116813","targetHints":{"allow":["GET"]}}],"collection":[{"href":"https:\/\/interamerica.org\/es\/wp-json\/wp\/v2\/posts"}],"about":[{"href":"https:\/\/interamerica.org\/es\/wp-json\/wp\/v2\/types\/post"}],"author":[{"embeddable":true,"href":"https:\/\/interamerica.org\/es\/wp-json\/wp\/v2\/users\/3"}],"replies":[{"embeddable":true,"href":"https:\/\/interamerica.org\/es\/wp-json\/wp\/v2\/comments?post=116813"}],"version-history":[{"count":0,"href":"https:\/\/interamerica.org\/es\/wp-json\/wp\/v2\/posts\/116813\/revisions"}],"wp:featuredmedia":[{"embeddable":true,"href":"https:\/\/interamerica.org\/es\/wp-json\/wp\/v2\/media\/116779"}],"wp:attachment":[{"href":"https:\/\/interamerica.org\/es\/wp-json\/wp\/v2\/media?parent=116813"}],"wp:term":[{"taxonomy":"category","embeddable":true,"href":"https:\/\/interamerica.org\/es\/wp-json\/wp\/v2\/categories?post=116813"},{"taxonomy":"post_tag","embeddable":true,"href":"https:\/\/interamerica.org\/es\/wp-json\/wp\/v2\/tags?post=116813"}],"curies":[{"name":"wp","href":"https:\/\/api.w.org\/{rel}","templated":true}]}}