{"id":11683,"date":"2010-11-02T00:00:00","date_gmt":"2010-11-02T04:00:00","guid":{"rendered":"http:\/\/192.81.217.108\/interamerica\/2010\/11\/interamerica-las-juntas-institucionales-informan-sus-progresos-eligen-lideres\/"},"modified":"2017-06-02T08:58:34","modified_gmt":"2017-06-02T12:58:34","slug":"interamerica-las-juntas-institucionales-informan-sus-progresos-eligen-lideres","status":"publish","type":"post","link":"https:\/\/interamerica.org\/es\/2010\/11\/interamerica-las-juntas-institucionales-informan-sus-progresos-eligen-lideres\/","title":{"rendered":"Interam\u00e9rica: Las Juntas Institucionales informan sus progresos, eligen l\u00edderes"},"content":{"rendered":"<p>2 de noviembre, 2010, <em  >San Juan, Puerto Rico<\/em  >&#8230;Libna Stevens\/DIA <\/p>\n<p>Los l\u00edderes adventistas del s\u00e9ptimo d\u00eda de Interam\u00e9rica fueron puestos al corriente sobre el desarrollo y crecimiento financiero de las juntas de sus m\u00e1ximas organizaciones institucionales durante un d\u00eda copado con reuniones en San Juan, Puerto Rico, 1 de noviembre, 2010. Los l\u00edderes de la iglesia tambi\u00e9n eligieron sus l\u00edderes para administrar estas instituciones para los pr\u00f3ximos cinco a\u00f1os. <\/p>\n<p><strong  >STI <\/strong  ><\/p>\n<p><em  >El Seminario Teol\u00f3gico de Interam\u00e9rica<\/em  > (<em  >IATS siglas en ingl\u00e9s<\/em  >), el cual ofrece grados de maestr\u00edas y doctorado a sus ministros a trav\u00e9s de nueve recintos en su territorio, report\u00f3 estar en gesti\u00f3n de b\u00fasqueda de acreditaci\u00f3n para ofrecer un n\u00famero de grados acad\u00e9micos en los pr\u00f3ximos meses. <\/p>\n<p>STI ya est\u00e1 ofreciendo un n\u00famero de carreras de posgrado a sus 380 ministros esparcidos por todo el territorio. El seminario ofrece grado de maestr\u00eda en artes en teolog\u00eda pastoral, en ministerio juvenil, capellan\u00eda, crecimiento de iglesia y liderazgo pastoral, vida familiar y estudios generales. STI tambi\u00e9n ofrece una maestr\u00eda en artes en religi\u00f3n con \u00e9nfasis en estudios teol\u00f3gicos b\u00edblicos, estudios pastorales y teol\u00f3gicos. Adem\u00e1s, doctorados en ministerio y filosof\u00eda en estudios del Antiguo y Nuevo Testamentos seran ofrecidos en un futuro cercano. <\/p>\n<p>Ya se trazan planes para empezar el proceso para establecer un nuevo sitio STI en Hait\u00ed, dijo el doctor Jaime Castrej\u00f3n, reelegido como presidente. Castrej\u00f3n se ha desempe\u00f1ado como presidente de STI desde 1996 y fue clave en la formaci\u00f3n del seminario que, hasta ahora, ha graduado m\u00e1s de 400 ministros. <\/p>\n<p>Fueron aprobados para servir otro per\u00edodo de cinco a\u00f1os el doctor Efra\u00edn Vel\u00e1zquez, vicepresidente de asuntos acad\u00e9micos, Guillermo Gonz\u00e1lez como vicepresidente para asuntos financieros y Ketie Henry para admisiones y registros. <\/p>\n<p><strong  >CEI <\/strong  ><\/p>\n<p> El Centro de Educaci\u00f3n Interamericano, el cual ofrece cursos de pregrado en l\u00ednea en asociaci\u00f3n con <em  >Griggs University<\/em  >, report\u00f3 que ha ofrecido cursos a m\u00e1s de 60 estudiantes a trav\u00e9s de la regi\u00f3n y tiene planes de fortalecer sus programas en los pr\u00f3ximos meses tan pronto como los nuevos l\u00edderes de CEI sean elegidos, report\u00f3 la doctora Myrna Costa, anterior directora del centro y ahora vicepresidenta de la iglesia en Interam\u00e9rica. <\/p>\n<p>Hay planes para matricular a m\u00e1s estudiantes cuando el CEI ofrece dos nuevos  grados de maestr\u00eda, uno en administraci\u00f3n y liderazgo de la iglesia, y otro en dise\u00f1o de instrucci\u00f3n en l\u00ednea, seg\u00fan Costa que supervisa el centro y sus operaciones por el momento. <\/p>\n<p>\u00abEstamos buscando un director para este centro y esperamos que en los pr\u00f3ximos meses, este centro pueda continuar fuerte ofreciendo estudios de pregrado y posgrado a nuestros maestros y miembros\u00bb, dijo Costa. Costa dijo que m\u00e1ximos l\u00edderes de la iglesia est\u00e1n buscando por el director de CEI para que dirija la instituci\u00f3n en l\u00ednea. <\/p>\n<p><strong  >AHIS-IA <\/strong  > <\/p>\n<p>Servicios Internacionales para la Salud-Interam\u00e9rica aprob\u00f3 sus reglamentos rectores a fin de permitir a todos sus 13 hospitales y 21 cl\u00ednicas en todo el territorio beneficiarse de su asociaci\u00f3n con <em  >Adventist Health International<\/em  >, una organizaci\u00f3n gerencial organizada en la Universidad de Loma Linda, California, la cual est\u00e1 asociada con los servicios para el cuidado de la salud adventista en pa\u00edses en desarrollo para fortalecer la administraci\u00f3n y movilizar personal y recursos a fin de promover cuidado de la salud de calidad. <\/p>\n<p>Los hospitales y cl\u00ednicas interamericanos continuar\u00e1n siendo operados por sus organizaciones de iglesia locales bajo la asociaci\u00f3n con AHIS y AHIS-IA para ayudar a estructurar juntas y proveer respaldo t\u00e9cnico y recursos. <\/p>\n<p><strong  >Junta de la Universidad de Montemorelos <\/strong  ><\/p>\n<p>Como la \u00fanica instituci\u00f3n operada directamente por la Divisi\u00f3n Interamericana,  la Universidad de Montemorelos inform\u00f3 sobre su crecimiento, nuevas carreras, su plan estrat\u00e9gico para el presente quinquenio, y sus finanzas actuales durante la reuni\u00f3n de fin de a\u00f1o de la junta. <\/p>\n<p>Ismael Castillo, presidente de la Universidad de Montemorelos, dijo que la visi\u00f3n de la instituci\u00f3n para el a\u00f1o 2020 ha sido inculcar en sus j\u00f3venes estudiantes una pasi\u00f3n por el servicio alrededor del mundo. <\/p>\n<p>Con m\u00e1s de 3,098 estudiantes internos y a trav\u00e9s de sus sitios de extensi\u00f3n, la Universidad de Montemorelos ofrece actualmente 29 carreras de pregrado y 32 de posgrado. La matr\u00edcula actual representa a 48 pa\u00edses y 95 por ciento son adventistas del s\u00e9ptimo d\u00eda, seg\u00fan Castillo. <\/p>\n<p>Los l\u00edderes de la iglesia votaron aprobar un reporte de progreso sobre recomendaciones hechas por diferentes visitas acreditadoras a la instituci\u00f3n. Noventa y cinco de 102 recomendaciones han sido cumplidas y las siete restantes est\u00e1n en proceso de cumplirse. <\/p>\n<p>La universidad estar\u00e1 conduciendo un an\u00e1lisis interno y de autoevaluaci\u00f3n en los pr\u00f3ximos meses a medida que su plan estrat\u00e9gico para los pr\u00f3ximos a\u00f1os toma forma, dijo Castillo. <\/p>\n<p>Con su canal de televisi\u00f3n y estaci\u00f3n de radio corriendo diariamente, la Universidad de Montemorelos sigue impactando su comunidad alrededor por medio de diversos programas de alcance en salud y educacionales. <\/p>\n<p>Castillo anunci\u00f3 que la instituci\u00f3n ofrecer\u00e1 un doctorado en administraci\u00f3n comenzando con el verano de 2011. <\/p>\n<p>Los m\u00e1ximos l\u00edderes de la universidad para su pr\u00f3ximo quinquenio ser\u00e1n elegidos durante las pr\u00f3ximas reuniones del Comit\u00e9 Ejecutivo en mayo 2011. <\/p>\n<p><strong  >JES <\/strong  ><\/p>\n<p>La Junta de Educaci\u00f3n Superior aprob\u00f3 un acuerdo especial de colaboraci\u00f3n entre la Universidad Adventista de Angola y la Universidad de Montemorelos en su programa <em  >Bachelor of Arts<\/em  > (4 a\u00f1os) en teolog\u00eda. <\/p>\n<p>Tambi\u00e9n se aprob\u00f3 una maestr\u00eda en artes en el programa de nutrici\u00f3n en la Universidad de Navojoa, M\u00e9xico. <\/p>\n<p>A la <em  >North Caribbean University<\/em  >, con sede en Jamaica, tambi\u00e9n se le aprob\u00f3 un grado de maestr\u00eda en Sistemas de Informaci\u00f3n. <\/p>\n<p><strong  >GEMA <\/strong  ><\/p>\n<p>La casa publicadora GEMA, la segunda m\u00e1s grande de Interam\u00e9rica la cual sirve a M\u00e9xico, report\u00f3 sobre su marcado crecimiento durante los \u00faltimos cinco a\u00f1os. <\/p>\n<p>Erwin Gonz\u00e1lez, presidente de GEMA report\u00f3 que se vendieron 8.8 millones de d\u00f3lares en publicaciones durante 2005 a 2010. Las ventas totales de 2009 fueron 4.3 millones de d\u00f3lares, un aumento de 1.6 millones desde 2005. <\/p>\n<p>\u00abAvanzamos con nuestra visi\u00f3n para vender tres millones de libros en nuestro pa\u00eds y servirle a nuestros 750,000 miembros de iglesia, 30 campos locales y 4 uniones en M\u00e9xico\u00bb, dijo Gonz\u00e1lez. \u00abEstamos felices de producir nuestras propias publicaciones y compartir con el mundo\u00bb. <\/p>\n<p>Seg\u00fan Gonz\u00e1lez, GEMA se ha centrado en poner al d\u00eda su imagen corporativa, actualizar sus 47 tiendas de libros, proveyendo nuevos libros para colportores y aumentar sus ventas a otras tiendas de libros cristianos en M\u00e9xico. <\/p>\n<p>GEMA contin\u00faa produciendo e imprimiendo revistas adventistas, libros y coproducci\u00f3n con <em  >Pacific Press, Review and Herald<\/em  > y la <em  >Asociaci\u00f3n Publicadora Interamericana. <\/em  ><\/p>\n<p>Fueron elegidos para servir por los pr\u00f3ximos 5 a\u00f1os como m\u00e1ximos l\u00edderes de GEMA: Erwin Gonz\u00e1lez, presidente; Fernando Quiroz, vicepresidente para finanzas; Alejandro Medina, vicepresidente para servicios editoriales; Abel S\u00e1nchez, director de producci\u00f3n; Antonio Gil, director de promociones. <\/p>\n<p><strong  >CASI <\/strong  ><\/p>\n<p>La <em  >Compa\u00f1\u00eda de Alimentos Saludables de Interam\u00e9rica<\/em  > report\u00f3 sobre su presupuesto operativo para 2011 y reeligi\u00f3 sus m\u00e1ximos administradores para el pr\u00f3ximo quinquenio. <\/p>\n<p>Con sus siete principales sucursales en toda Interam\u00e9rica, productos nutricionales tales como leche soya, prote\u00edna vegetal, productos de trigo entero, y m\u00e1s, a trav\u00e9s de Colombia, Costa Rica, Rep\u00fablica Dominicana, Guatemala, M\u00e9xico, Panam\u00e1, Trinidad y Venezuela. <\/p>\n<p>Los miembros de la junta eligieron de nuevo a Joel Zukovski, como gerente general, Juan Mart\u00edn Meza para finanzas y Adolfo Ruiz para investigaci\u00f3n y desarrollo, para los pr\u00f3ximos cinco a\u00f1os. <\/p>\n<p>Los dirigentes de la iglesia continuar\u00e1n reuni\u00e9ndose durante la semana para votar sobre iniciativas y planes que afectan la iglesia en Interam\u00e9rica. <\/p>\n<p>Para m\u00e1s sobre decisiones tomadas esta semana por el <em  >Comit\u00e9 Ejecutivo de Interam\u00e9rica<\/em  >,  pulse en <a   href=\"https:\/\/recursing-golick.147-182-135-0.plesk.page\/\">www.interamerica.org<\/a  > <\/p>\n<p><em  >Traductora:  Aleida Romero<\/em  > <\/p>\n","protected":false},"excerpt":{"rendered":"<p>Los l\u00edderes adventistas de Interam\u00e9rica fueron puestos al corriente sobre el desarrollo y crecimiento financiero de las juntas de sus m\u00e1ximas organizaciones institucionales durante un d\u00eda copado de reuniones&#8230;<\/p>\n","protected":false},"author":1,"featured_media":0,"comment_status":"closed","ping_status":"closed","sticky":false,"template":"","format":"standard","meta":{"_acf_changed":false,"footnotes":""},"categories":[8],"tags":[],"class_list":["post-11683","post","type-post","status-publish","format-standard","hentry","category-archivo"],"acf":[],"yoast_head":"<!-- This site is optimized with the Yoast SEO plugin v27.3 - https:\/\/yoast.com\/product\/yoast-seo-wordpress\/ -->\n<title>Interam\u00e9rica: Las Juntas Institucionales informan sus progresos, eligen l\u00edderes - Iglesia Adventista del S\u00e9ptimo D\u00eda - Divisi\u00f3n Interamericana<\/title>\n<meta name=\"robots\" content=\"index, follow, max-snippet:-1, max-image-preview:large, max-video-preview:-1\" \/>\n<link rel=\"canonical\" href=\"https:\/\/interamerica.org\/es\/2010\/11\/interamerica-las-juntas-institucionales-informan-sus-progresos-eligen-lideres\/\" \/>\n<meta property=\"og:locale\" content=\"es_ES\" \/>\n<meta property=\"og:type\" content=\"article\" \/>\n<meta property=\"og:title\" content=\"Interam\u00e9rica: Las Juntas Institucionales informan sus progresos, eligen l\u00edderes - Iglesia Adventista del S\u00e9ptimo D\u00eda - Divisi\u00f3n Interamericana\" \/>\n<meta property=\"og:description\" content=\"Los l\u00edderes adventistas de Interam\u00e9rica fueron puestos al corriente sobre el desarrollo y crecimiento financiero de las juntas de sus m\u00e1ximas organizaciones institucionales durante un d\u00eda copado de reuniones...\" \/>\n<meta property=\"og:url\" content=\"https:\/\/interamerica.org\/es\/2010\/11\/interamerica-las-juntas-institucionales-informan-sus-progresos-eligen-lideres\/\" \/>\n<meta property=\"og:site_name\" content=\"Iglesia Adventista del S\u00e9ptimo D\u00eda - Divisi\u00f3n Interamericana\" \/>\n<meta property=\"article:published_time\" content=\"2010-11-02T04:00:00+00:00\" \/>\n<meta property=\"article:modified_time\" content=\"2017-06-02T12:58:34+00:00\" \/>\n<meta name=\"author\" content=\"Lorenzo Verduzco\" \/>\n<meta name=\"twitter:card\" content=\"summary_large_image\" \/>\n<meta name=\"twitter:label1\" content=\"Escrito por\" \/>\n\t<meta name=\"twitter:data1\" content=\"Lorenzo Verduzco\" \/>\n\t<meta name=\"twitter:label2\" content=\"Tiempo de lectura\" \/>\n\t<meta name=\"twitter:data2\" content=\"7 minutos\" \/>\n<script type=\"application\/ld+json\" class=\"yoast-schema-graph\">{\"@context\":\"https:\\\/\\\/schema.org\",\"@graph\":[{\"@type\":\"Article\",\"@id\":\"https:\\\/\\\/interamerica.org\\\/es\\\/2010\\\/11\\\/interamerica-las-juntas-institucionales-informan-sus-progresos-eligen-lideres\\\/#article\",\"isPartOf\":{\"@id\":\"https:\\\/\\\/interamerica.org\\\/es\\\/2010\\\/11\\\/interamerica-las-juntas-institucionales-informan-sus-progresos-eligen-lideres\\\/\"},\"author\":{\"name\":\"Lorenzo Verduzco\",\"@id\":\"https:\\\/\\\/interamerica.org\\\/es\\\/#\\\/schema\\\/person\\\/68ede8bdc292885bb76c1e3810e73c39\"},\"headline\":\"Interam\u00e9rica: Las Juntas Institucionales informan sus progresos, eligen l\u00edderes\",\"datePublished\":\"2010-11-02T04:00:00+00:00\",\"dateModified\":\"2017-06-02T12:58:34+00:00\",\"mainEntityOfPage\":{\"@id\":\"https:\\\/\\\/interamerica.org\\\/es\\\/2010\\\/11\\\/interamerica-las-juntas-institucionales-informan-sus-progresos-eligen-lideres\\\/\"},\"wordCount\":1382,\"articleSection\":[\"Archivo\"],\"inLanguage\":\"es\"},{\"@type\":\"WebPage\",\"@id\":\"https:\\\/\\\/interamerica.org\\\/es\\\/2010\\\/11\\\/interamerica-las-juntas-institucionales-informan-sus-progresos-eligen-lideres\\\/\",\"url\":\"https:\\\/\\\/interamerica.org\\\/es\\\/2010\\\/11\\\/interamerica-las-juntas-institucionales-informan-sus-progresos-eligen-lideres\\\/\",\"name\":\"Interam\u00e9rica: Las Juntas Institucionales informan sus progresos, eligen l\u00edderes - Iglesia Adventista del S\u00e9ptimo D\u00eda - Divisi\u00f3n Interamericana\",\"isPartOf\":{\"@id\":\"https:\\\/\\\/interamerica.org\\\/es\\\/#website\"},\"datePublished\":\"2010-11-02T04:00:00+00:00\",\"dateModified\":\"2017-06-02T12:58:34+00:00\",\"author\":{\"@id\":\"https:\\\/\\\/interamerica.org\\\/es\\\/#\\\/schema\\\/person\\\/68ede8bdc292885bb76c1e3810e73c39\"},\"breadcrumb\":{\"@id\":\"https:\\\/\\\/interamerica.org\\\/es\\\/2010\\\/11\\\/interamerica-las-juntas-institucionales-informan-sus-progresos-eligen-lideres\\\/#breadcrumb\"},\"inLanguage\":\"es\",\"potentialAction\":[{\"@type\":\"ReadAction\",\"target\":[\"https:\\\/\\\/interamerica.org\\\/es\\\/2010\\\/11\\\/interamerica-las-juntas-institucionales-informan-sus-progresos-eligen-lideres\\\/\"]}]},{\"@type\":\"BreadcrumbList\",\"@id\":\"https:\\\/\\\/interamerica.org\\\/es\\\/2010\\\/11\\\/interamerica-las-juntas-institucionales-informan-sus-progresos-eligen-lideres\\\/#breadcrumb\",\"itemListElement\":[{\"@type\":\"ListItem\",\"position\":1,\"name\":\"Home\",\"item\":\"https:\\\/\\\/interamerica.org\\\/es\\\/\"},{\"@type\":\"ListItem\",\"position\":2,\"name\":\"Interam\u00e9rica: Las Juntas Institucionales informan sus progresos, eligen l\u00edderes\"}]},{\"@type\":\"WebSite\",\"@id\":\"https:\\\/\\\/interamerica.org\\\/es\\\/#website\",\"url\":\"https:\\\/\\\/interamerica.org\\\/es\\\/\",\"name\":\"Iglesia Adventista del S\u00e9ptimo D\u00eda - Divisi\u00f3n Interamericana\",\"description\":\"\",\"potentialAction\":[{\"@type\":\"SearchAction\",\"target\":{\"@type\":\"EntryPoint\",\"urlTemplate\":\"https:\\\/\\\/interamerica.org\\\/es\\\/?s={search_term_string}\"},\"query-input\":{\"@type\":\"PropertyValueSpecification\",\"valueRequired\":true,\"valueName\":\"search_term_string\"}}],\"inLanguage\":\"es\"},{\"@type\":\"Person\",\"@id\":\"https:\\\/\\\/interamerica.org\\\/es\\\/#\\\/schema\\\/person\\\/68ede8bdc292885bb76c1e3810e73c39\",\"name\":\"Lorenzo Verduzco\",\"image\":{\"@type\":\"ImageObject\",\"inLanguage\":\"es\",\"@id\":\"https:\\\/\\\/secure.gravatar.com\\\/avatar\\\/fb81a55b6218459490a9c1dc841a34909185b81904c5337b4b27f7a6fd60c49e?s=96&d=mm&r=g\",\"url\":\"https:\\\/\\\/secure.gravatar.com\\\/avatar\\\/fb81a55b6218459490a9c1dc841a34909185b81904c5337b4b27f7a6fd60c49e?s=96&d=mm&r=g\",\"contentUrl\":\"https:\\\/\\\/secure.gravatar.com\\\/avatar\\\/fb81a55b6218459490a9c1dc841a34909185b81904c5337b4b27f7a6fd60c49e?s=96&d=mm&r=g\",\"caption\":\"Lorenzo Verduzco\"}}]}<\/script>\n<!-- \/ Yoast SEO plugin. -->","yoast_head_json":{"title":"Interam\u00e9rica: Las Juntas Institucionales informan sus progresos, eligen l\u00edderes - Iglesia Adventista del S\u00e9ptimo D\u00eda - Divisi\u00f3n Interamericana","robots":{"index":"index","follow":"follow","max-snippet":"max-snippet:-1","max-image-preview":"max-image-preview:large","max-video-preview":"max-video-preview:-1"},"canonical":"https:\/\/interamerica.org\/es\/2010\/11\/interamerica-las-juntas-institucionales-informan-sus-progresos-eligen-lideres\/","og_locale":"es_ES","og_type":"article","og_title":"Interam\u00e9rica: Las Juntas Institucionales informan sus progresos, eligen l\u00edderes - Iglesia Adventista del S\u00e9ptimo D\u00eda - Divisi\u00f3n Interamericana","og_description":"Los l\u00edderes adventistas de Interam\u00e9rica fueron puestos al corriente sobre el desarrollo y crecimiento financiero de las juntas de sus m\u00e1ximas organizaciones institucionales durante un d\u00eda copado de reuniones...","og_url":"https:\/\/interamerica.org\/es\/2010\/11\/interamerica-las-juntas-institucionales-informan-sus-progresos-eligen-lideres\/","og_site_name":"Iglesia Adventista del S\u00e9ptimo D\u00eda - Divisi\u00f3n Interamericana","article_published_time":"2010-11-02T04:00:00+00:00","article_modified_time":"2017-06-02T12:58:34+00:00","author":"Lorenzo Verduzco","twitter_card":"summary_large_image","twitter_misc":{"Escrito por":"Lorenzo Verduzco","Tiempo de lectura":"7 minutos"},"schema":{"@context":"https:\/\/schema.org","@graph":[{"@type":"Article","@id":"https:\/\/interamerica.org\/es\/2010\/11\/interamerica-las-juntas-institucionales-informan-sus-progresos-eligen-lideres\/#article","isPartOf":{"@id":"https:\/\/interamerica.org\/es\/2010\/11\/interamerica-las-juntas-institucionales-informan-sus-progresos-eligen-lideres\/"},"author":{"name":"Lorenzo Verduzco","@id":"https:\/\/interamerica.org\/es\/#\/schema\/person\/68ede8bdc292885bb76c1e3810e73c39"},"headline":"Interam\u00e9rica: Las Juntas Institucionales informan sus progresos, eligen l\u00edderes","datePublished":"2010-11-02T04:00:00+00:00","dateModified":"2017-06-02T12:58:34+00:00","mainEntityOfPage":{"@id":"https:\/\/interamerica.org\/es\/2010\/11\/interamerica-las-juntas-institucionales-informan-sus-progresos-eligen-lideres\/"},"wordCount":1382,"articleSection":["Archivo"],"inLanguage":"es"},{"@type":"WebPage","@id":"https:\/\/interamerica.org\/es\/2010\/11\/interamerica-las-juntas-institucionales-informan-sus-progresos-eligen-lideres\/","url":"https:\/\/interamerica.org\/es\/2010\/11\/interamerica-las-juntas-institucionales-informan-sus-progresos-eligen-lideres\/","name":"Interam\u00e9rica: Las Juntas Institucionales informan sus progresos, eligen l\u00edderes - Iglesia Adventista del S\u00e9ptimo D\u00eda - Divisi\u00f3n Interamericana","isPartOf":{"@id":"https:\/\/interamerica.org\/es\/#website"},"datePublished":"2010-11-02T04:00:00+00:00","dateModified":"2017-06-02T12:58:34+00:00","author":{"@id":"https:\/\/interamerica.org\/es\/#\/schema\/person\/68ede8bdc292885bb76c1e3810e73c39"},"breadcrumb":{"@id":"https:\/\/interamerica.org\/es\/2010\/11\/interamerica-las-juntas-institucionales-informan-sus-progresos-eligen-lideres\/#breadcrumb"},"inLanguage":"es","potentialAction":[{"@type":"ReadAction","target":["https:\/\/interamerica.org\/es\/2010\/11\/interamerica-las-juntas-institucionales-informan-sus-progresos-eligen-lideres\/"]}]},{"@type":"BreadcrumbList","@id":"https:\/\/interamerica.org\/es\/2010\/11\/interamerica-las-juntas-institucionales-informan-sus-progresos-eligen-lideres\/#breadcrumb","itemListElement":[{"@type":"ListItem","position":1,"name":"Home","item":"https:\/\/interamerica.org\/es\/"},{"@type":"ListItem","position":2,"name":"Interam\u00e9rica: Las Juntas Institucionales informan sus progresos, eligen l\u00edderes"}]},{"@type":"WebSite","@id":"https:\/\/interamerica.org\/es\/#website","url":"https:\/\/interamerica.org\/es\/","name":"Iglesia Adventista del S\u00e9ptimo D\u00eda - Divisi\u00f3n Interamericana","description":"","potentialAction":[{"@type":"SearchAction","target":{"@type":"EntryPoint","urlTemplate":"https:\/\/interamerica.org\/es\/?s={search_term_string}"},"query-input":{"@type":"PropertyValueSpecification","valueRequired":true,"valueName":"search_term_string"}}],"inLanguage":"es"},{"@type":"Person","@id":"https:\/\/interamerica.org\/es\/#\/schema\/person\/68ede8bdc292885bb76c1e3810e73c39","name":"Lorenzo Verduzco","image":{"@type":"ImageObject","inLanguage":"es","@id":"https:\/\/secure.gravatar.com\/avatar\/fb81a55b6218459490a9c1dc841a34909185b81904c5337b4b27f7a6fd60c49e?s=96&d=mm&r=g","url":"https:\/\/secure.gravatar.com\/avatar\/fb81a55b6218459490a9c1dc841a34909185b81904c5337b4b27f7a6fd60c49e?s=96&d=mm&r=g","contentUrl":"https:\/\/secure.gravatar.com\/avatar\/fb81a55b6218459490a9c1dc841a34909185b81904c5337b4b27f7a6fd60c49e?s=96&d=mm&r=g","caption":"Lorenzo Verduzco"}}]}},"_links":{"self":[{"href":"https:\/\/interamerica.org\/es\/wp-json\/wp\/v2\/posts\/11683","targetHints":{"allow":["GET"]}}],"collection":[{"href":"https:\/\/interamerica.org\/es\/wp-json\/wp\/v2\/posts"}],"about":[{"href":"https:\/\/interamerica.org\/es\/wp-json\/wp\/v2\/types\/post"}],"author":[{"embeddable":true,"href":"https:\/\/interamerica.org\/es\/wp-json\/wp\/v2\/users\/1"}],"replies":[{"embeddable":true,"href":"https:\/\/interamerica.org\/es\/wp-json\/wp\/v2\/comments?post=11683"}],"version-history":[{"count":0,"href":"https:\/\/interamerica.org\/es\/wp-json\/wp\/v2\/posts\/11683\/revisions"}],"wp:attachment":[{"href":"https:\/\/interamerica.org\/es\/wp-json\/wp\/v2\/media?parent=11683"}],"wp:term":[{"taxonomy":"category","embeddable":true,"href":"https:\/\/interamerica.org\/es\/wp-json\/wp\/v2\/categories?post=11683"},{"taxonomy":"post_tag","embeddable":true,"href":"https:\/\/interamerica.org\/es\/wp-json\/wp\/v2\/tags?post=11683"}],"curies":[{"name":"wp","href":"https:\/\/api.w.org\/{rel}","templated":true}]}}