{"id":11685,"date":"2010-11-02T00:00:00","date_gmt":"2010-11-02T04:00:00","guid":{"rendered":"http:\/\/192.81.217.108\/interamerica\/2010\/11\/puerto-rico-la-iglesia-da-la-bienvenida-a-lideres-de-interamerica\/"},"modified":"2017-06-02T08:58:35","modified_gmt":"2017-06-02T12:58:35","slug":"puerto-rico-la-iglesia-da-la-bienvenida-a-lideres-de-interamerica","status":"publish","type":"post","link":"https:\/\/interamerica.org\/es\/2010\/11\/puerto-rico-la-iglesia-da-la-bienvenida-a-lideres-de-interamerica\/","title":{"rendered":"Puerto Rico: la iglesia da la bienvenida a l\u00edderes de Interam\u00e9rica"},"content":{"rendered":"<p>San Juan, Puerto Rico, 2 de noviembre de 2010&#8230; Libna Stevens\/DIA<\/p>\n<p>Los l\u00edderes adventistas del s\u00e9ptimo d\u00eda de Puerto Rico dieron la bienvenida a docenas de l\u00edderes principales de la iglesia provenientes de todo el territorio de la Divisi\u00f3n Interamericana al reunirse \u00e9stos en San Juan, la ciudad capital de la isla, para dos d\u00edas de reuniones de juntas de sus instituciones organizacionales, el 1 y 2 de noviembre de 2010.<\/p>\n<p>\u00abEstamos muy felices de que ustedes est\u00e9n aqu\u00ed y que hayan pisado esta bella isla\u00bb, dijo el pastor Jos\u00e9 A. Rodr\u00edguez, presidente de la iglesia en Puerto Rico, minutos despu\u00e9s de que una presentaci\u00f3n cultural fuese ofrecida por parte de estudiantesde la Academia Metropolitana Adventista en el Centro Juvenil Eliezer Mel\u00e9ndez.<\/p>\n<p>El pastor Rodr\u00edguez salud\u00f3 a los que estaban presentes en nombre de los m\u00e1s de 36.000 miembros de iglesia y agradeci\u00f3 a la administraci\u00f3n de la DIA por efectuar sus reuniones de junta en Puerto Rico. Las reuniones del comit\u00e9 ejecutivo continuar\u00e1n en Martinica m\u00e1s tarde esta semana.<\/p>\n<p>Los l\u00edderes de la iglesia lograron probar el plato t\u00edpico de la isla durante un banquete de cena especial. <\/p>\n<p>La iglesia en Puerto Rico dirige m\u00e1s  de 300 iglesias y congregaciones, un hospital y cl\u00ednica, y docenas de escuelas en toda la isla.<\/p>\n<p>Para una galer\u00eda fotogr\u00e1fica del evento, vis\u00edtenos en <a  href=\"http:\/\/www.flickr.com\/photos\/interamerica\">http:\/\/www.flickr.com\/photos\/interamerica<\/a ><\/p>\n<\/p>\n<p>Traducci\u00f3n: Abraham Guerrero <\/p>\n","protected":false},"excerpt":{"rendered":"<p>Los l\u00edderes adventistas del s\u00e9ptimo d\u00eda de Puerto Rico dieron la bienvenida a docenas de l\u00edderes principales de la iglesia provenientes de todo el territorio de la Divisi\u00f3n Interamericana al reunirse \u00e9stos<\/p>\n","protected":false},"author":1,"featured_media":0,"comment_status":"closed","ping_status":"closed","sticky":false,"template":"","format":"standard","meta":{"_acf_changed":false,"footnotes":""},"categories":[8],"tags":[],"class_list":["post-11685","post","type-post","status-publish","format-standard","hentry","category-archivo"],"acf":[],"yoast_head":"<!-- This site is optimized with the Yoast SEO plugin v27.3 - https:\/\/yoast.com\/product\/yoast-seo-wordpress\/ -->\n<title>Puerto Rico: la iglesia da la bienvenida a l\u00edderes de Interam\u00e9rica - Iglesia Adventista del S\u00e9ptimo D\u00eda - Divisi\u00f3n Interamericana<\/title>\n<meta name=\"robots\" content=\"index, follow, max-snippet:-1, max-image-preview:large, max-video-preview:-1\" \/>\n<link rel=\"canonical\" href=\"https:\/\/interamerica.org\/es\/2010\/11\/puerto-rico-la-iglesia-da-la-bienvenida-a-lideres-de-interamerica\/\" \/>\n<meta property=\"og:locale\" content=\"es_ES\" \/>\n<meta property=\"og:type\" content=\"article\" \/>\n<meta property=\"og:title\" content=\"Puerto Rico: la iglesia da la bienvenida a l\u00edderes de Interam\u00e9rica - Iglesia Adventista del S\u00e9ptimo D\u00eda - Divisi\u00f3n Interamericana\" \/>\n<meta property=\"og:description\" content=\"Los l\u00edderes adventistas del s\u00e9ptimo d\u00eda de Puerto Rico dieron la bienvenida a docenas de l\u00edderes principales de la iglesia provenientes de todo el territorio de la Divisi\u00f3n Interamericana al reunirse \u00e9stos\" \/>\n<meta property=\"og:url\" content=\"https:\/\/interamerica.org\/es\/2010\/11\/puerto-rico-la-iglesia-da-la-bienvenida-a-lideres-de-interamerica\/\" \/>\n<meta property=\"og:site_name\" content=\"Iglesia Adventista del S\u00e9ptimo D\u00eda - Divisi\u00f3n Interamericana\" \/>\n<meta property=\"article:published_time\" content=\"2010-11-02T04:00:00+00:00\" \/>\n<meta property=\"article:modified_time\" content=\"2017-06-02T12:58:35+00:00\" \/>\n<meta name=\"author\" content=\"Lorenzo Verduzco\" \/>\n<meta name=\"twitter:card\" content=\"summary_large_image\" \/>\n<meta name=\"twitter:label1\" content=\"Escrito por\" \/>\n\t<meta name=\"twitter:data1\" content=\"Lorenzo Verduzco\" \/>\n\t<meta name=\"twitter:label2\" content=\"Tiempo de lectura\" \/>\n\t<meta name=\"twitter:data2\" content=\"1 minuto\" \/>\n<script type=\"application\/ld+json\" class=\"yoast-schema-graph\">{\"@context\":\"https:\\\/\\\/schema.org\",\"@graph\":[{\"@type\":\"Article\",\"@id\":\"https:\\\/\\\/interamerica.org\\\/es\\\/2010\\\/11\\\/puerto-rico-la-iglesia-da-la-bienvenida-a-lideres-de-interamerica\\\/#article\",\"isPartOf\":{\"@id\":\"https:\\\/\\\/interamerica.org\\\/es\\\/2010\\\/11\\\/puerto-rico-la-iglesia-da-la-bienvenida-a-lideres-de-interamerica\\\/\"},\"author\":{\"name\":\"Lorenzo Verduzco\",\"@id\":\"https:\\\/\\\/interamerica.org\\\/es\\\/#\\\/schema\\\/person\\\/68ede8bdc292885bb76c1e3810e73c39\"},\"headline\":\"Puerto Rico: la iglesia da la bienvenida a l\u00edderes de Interam\u00e9rica\",\"datePublished\":\"2010-11-02T04:00:00+00:00\",\"dateModified\":\"2017-06-02T12:58:35+00:00\",\"mainEntityOfPage\":{\"@id\":\"https:\\\/\\\/interamerica.org\\\/es\\\/2010\\\/11\\\/puerto-rico-la-iglesia-da-la-bienvenida-a-lideres-de-interamerica\\\/\"},\"wordCount\":261,\"articleSection\":[\"Archivo\"],\"inLanguage\":\"es\"},{\"@type\":\"WebPage\",\"@id\":\"https:\\\/\\\/interamerica.org\\\/es\\\/2010\\\/11\\\/puerto-rico-la-iglesia-da-la-bienvenida-a-lideres-de-interamerica\\\/\",\"url\":\"https:\\\/\\\/interamerica.org\\\/es\\\/2010\\\/11\\\/puerto-rico-la-iglesia-da-la-bienvenida-a-lideres-de-interamerica\\\/\",\"name\":\"Puerto Rico: la iglesia da la bienvenida a l\u00edderes de Interam\u00e9rica - Iglesia Adventista del S\u00e9ptimo D\u00eda - Divisi\u00f3n Interamericana\",\"isPartOf\":{\"@id\":\"https:\\\/\\\/interamerica.org\\\/es\\\/#website\"},\"datePublished\":\"2010-11-02T04:00:00+00:00\",\"dateModified\":\"2017-06-02T12:58:35+00:00\",\"author\":{\"@id\":\"https:\\\/\\\/interamerica.org\\\/es\\\/#\\\/schema\\\/person\\\/68ede8bdc292885bb76c1e3810e73c39\"},\"breadcrumb\":{\"@id\":\"https:\\\/\\\/interamerica.org\\\/es\\\/2010\\\/11\\\/puerto-rico-la-iglesia-da-la-bienvenida-a-lideres-de-interamerica\\\/#breadcrumb\"},\"inLanguage\":\"es\",\"potentialAction\":[{\"@type\":\"ReadAction\",\"target\":[\"https:\\\/\\\/interamerica.org\\\/es\\\/2010\\\/11\\\/puerto-rico-la-iglesia-da-la-bienvenida-a-lideres-de-interamerica\\\/\"]}]},{\"@type\":\"BreadcrumbList\",\"@id\":\"https:\\\/\\\/interamerica.org\\\/es\\\/2010\\\/11\\\/puerto-rico-la-iglesia-da-la-bienvenida-a-lideres-de-interamerica\\\/#breadcrumb\",\"itemListElement\":[{\"@type\":\"ListItem\",\"position\":1,\"name\":\"Home\",\"item\":\"https:\\\/\\\/interamerica.org\\\/es\\\/\"},{\"@type\":\"ListItem\",\"position\":2,\"name\":\"Puerto Rico: la iglesia da la bienvenida a l\u00edderes de Interam\u00e9rica\"}]},{\"@type\":\"WebSite\",\"@id\":\"https:\\\/\\\/interamerica.org\\\/es\\\/#website\",\"url\":\"https:\\\/\\\/interamerica.org\\\/es\\\/\",\"name\":\"Iglesia Adventista del S\u00e9ptimo D\u00eda - Divisi\u00f3n Interamericana\",\"description\":\"\",\"potentialAction\":[{\"@type\":\"SearchAction\",\"target\":{\"@type\":\"EntryPoint\",\"urlTemplate\":\"https:\\\/\\\/interamerica.org\\\/es\\\/?s={search_term_string}\"},\"query-input\":{\"@type\":\"PropertyValueSpecification\",\"valueRequired\":true,\"valueName\":\"search_term_string\"}}],\"inLanguage\":\"es\"},{\"@type\":\"Person\",\"@id\":\"https:\\\/\\\/interamerica.org\\\/es\\\/#\\\/schema\\\/person\\\/68ede8bdc292885bb76c1e3810e73c39\",\"name\":\"Lorenzo Verduzco\",\"image\":{\"@type\":\"ImageObject\",\"inLanguage\":\"es\",\"@id\":\"https:\\\/\\\/secure.gravatar.com\\\/avatar\\\/fb81a55b6218459490a9c1dc841a34909185b81904c5337b4b27f7a6fd60c49e?s=96&d=mm&r=g\",\"url\":\"https:\\\/\\\/secure.gravatar.com\\\/avatar\\\/fb81a55b6218459490a9c1dc841a34909185b81904c5337b4b27f7a6fd60c49e?s=96&d=mm&r=g\",\"contentUrl\":\"https:\\\/\\\/secure.gravatar.com\\\/avatar\\\/fb81a55b6218459490a9c1dc841a34909185b81904c5337b4b27f7a6fd60c49e?s=96&d=mm&r=g\",\"caption\":\"Lorenzo Verduzco\"}}]}<\/script>\n<!-- \/ Yoast SEO plugin. -->","yoast_head_json":{"title":"Puerto Rico: la iglesia da la bienvenida a l\u00edderes de Interam\u00e9rica - Iglesia Adventista del S\u00e9ptimo D\u00eda - Divisi\u00f3n Interamericana","robots":{"index":"index","follow":"follow","max-snippet":"max-snippet:-1","max-image-preview":"max-image-preview:large","max-video-preview":"max-video-preview:-1"},"canonical":"https:\/\/interamerica.org\/es\/2010\/11\/puerto-rico-la-iglesia-da-la-bienvenida-a-lideres-de-interamerica\/","og_locale":"es_ES","og_type":"article","og_title":"Puerto Rico: la iglesia da la bienvenida a l\u00edderes de Interam\u00e9rica - Iglesia Adventista del S\u00e9ptimo D\u00eda - Divisi\u00f3n Interamericana","og_description":"Los l\u00edderes adventistas del s\u00e9ptimo d\u00eda de Puerto Rico dieron la bienvenida a docenas de l\u00edderes principales de la iglesia provenientes de todo el territorio de la Divisi\u00f3n Interamericana al reunirse \u00e9stos","og_url":"https:\/\/interamerica.org\/es\/2010\/11\/puerto-rico-la-iglesia-da-la-bienvenida-a-lideres-de-interamerica\/","og_site_name":"Iglesia Adventista del S\u00e9ptimo D\u00eda - Divisi\u00f3n Interamericana","article_published_time":"2010-11-02T04:00:00+00:00","article_modified_time":"2017-06-02T12:58:35+00:00","author":"Lorenzo Verduzco","twitter_card":"summary_large_image","twitter_misc":{"Escrito por":"Lorenzo Verduzco","Tiempo de lectura":"1 minuto"},"schema":{"@context":"https:\/\/schema.org","@graph":[{"@type":"Article","@id":"https:\/\/interamerica.org\/es\/2010\/11\/puerto-rico-la-iglesia-da-la-bienvenida-a-lideres-de-interamerica\/#article","isPartOf":{"@id":"https:\/\/interamerica.org\/es\/2010\/11\/puerto-rico-la-iglesia-da-la-bienvenida-a-lideres-de-interamerica\/"},"author":{"name":"Lorenzo Verduzco","@id":"https:\/\/interamerica.org\/es\/#\/schema\/person\/68ede8bdc292885bb76c1e3810e73c39"},"headline":"Puerto Rico: la iglesia da la bienvenida a l\u00edderes de Interam\u00e9rica","datePublished":"2010-11-02T04:00:00+00:00","dateModified":"2017-06-02T12:58:35+00:00","mainEntityOfPage":{"@id":"https:\/\/interamerica.org\/es\/2010\/11\/puerto-rico-la-iglesia-da-la-bienvenida-a-lideres-de-interamerica\/"},"wordCount":261,"articleSection":["Archivo"],"inLanguage":"es"},{"@type":"WebPage","@id":"https:\/\/interamerica.org\/es\/2010\/11\/puerto-rico-la-iglesia-da-la-bienvenida-a-lideres-de-interamerica\/","url":"https:\/\/interamerica.org\/es\/2010\/11\/puerto-rico-la-iglesia-da-la-bienvenida-a-lideres-de-interamerica\/","name":"Puerto Rico: la iglesia da la bienvenida a l\u00edderes de Interam\u00e9rica - Iglesia Adventista del S\u00e9ptimo D\u00eda - Divisi\u00f3n Interamericana","isPartOf":{"@id":"https:\/\/interamerica.org\/es\/#website"},"datePublished":"2010-11-02T04:00:00+00:00","dateModified":"2017-06-02T12:58:35+00:00","author":{"@id":"https:\/\/interamerica.org\/es\/#\/schema\/person\/68ede8bdc292885bb76c1e3810e73c39"},"breadcrumb":{"@id":"https:\/\/interamerica.org\/es\/2010\/11\/puerto-rico-la-iglesia-da-la-bienvenida-a-lideres-de-interamerica\/#breadcrumb"},"inLanguage":"es","potentialAction":[{"@type":"ReadAction","target":["https:\/\/interamerica.org\/es\/2010\/11\/puerto-rico-la-iglesia-da-la-bienvenida-a-lideres-de-interamerica\/"]}]},{"@type":"BreadcrumbList","@id":"https:\/\/interamerica.org\/es\/2010\/11\/puerto-rico-la-iglesia-da-la-bienvenida-a-lideres-de-interamerica\/#breadcrumb","itemListElement":[{"@type":"ListItem","position":1,"name":"Home","item":"https:\/\/interamerica.org\/es\/"},{"@type":"ListItem","position":2,"name":"Puerto Rico: la iglesia da la bienvenida a l\u00edderes de Interam\u00e9rica"}]},{"@type":"WebSite","@id":"https:\/\/interamerica.org\/es\/#website","url":"https:\/\/interamerica.org\/es\/","name":"Iglesia Adventista del S\u00e9ptimo D\u00eda - Divisi\u00f3n Interamericana","description":"","potentialAction":[{"@type":"SearchAction","target":{"@type":"EntryPoint","urlTemplate":"https:\/\/interamerica.org\/es\/?s={search_term_string}"},"query-input":{"@type":"PropertyValueSpecification","valueRequired":true,"valueName":"search_term_string"}}],"inLanguage":"es"},{"@type":"Person","@id":"https:\/\/interamerica.org\/es\/#\/schema\/person\/68ede8bdc292885bb76c1e3810e73c39","name":"Lorenzo Verduzco","image":{"@type":"ImageObject","inLanguage":"es","@id":"https:\/\/secure.gravatar.com\/avatar\/fb81a55b6218459490a9c1dc841a34909185b81904c5337b4b27f7a6fd60c49e?s=96&d=mm&r=g","url":"https:\/\/secure.gravatar.com\/avatar\/fb81a55b6218459490a9c1dc841a34909185b81904c5337b4b27f7a6fd60c49e?s=96&d=mm&r=g","contentUrl":"https:\/\/secure.gravatar.com\/avatar\/fb81a55b6218459490a9c1dc841a34909185b81904c5337b4b27f7a6fd60c49e?s=96&d=mm&r=g","caption":"Lorenzo Verduzco"}}]}},"_links":{"self":[{"href":"https:\/\/interamerica.org\/es\/wp-json\/wp\/v2\/posts\/11685","targetHints":{"allow":["GET"]}}],"collection":[{"href":"https:\/\/interamerica.org\/es\/wp-json\/wp\/v2\/posts"}],"about":[{"href":"https:\/\/interamerica.org\/es\/wp-json\/wp\/v2\/types\/post"}],"author":[{"embeddable":true,"href":"https:\/\/interamerica.org\/es\/wp-json\/wp\/v2\/users\/1"}],"replies":[{"embeddable":true,"href":"https:\/\/interamerica.org\/es\/wp-json\/wp\/v2\/comments?post=11685"}],"version-history":[{"count":0,"href":"https:\/\/interamerica.org\/es\/wp-json\/wp\/v2\/posts\/11685\/revisions"}],"wp:attachment":[{"href":"https:\/\/interamerica.org\/es\/wp-json\/wp\/v2\/media?parent=11685"}],"wp:term":[{"taxonomy":"category","embeddable":true,"href":"https:\/\/interamerica.org\/es\/wp-json\/wp\/v2\/categories?post=11685"},{"taxonomy":"post_tag","embeddable":true,"href":"https:\/\/interamerica.org\/es\/wp-json\/wp\/v2\/tags?post=11685"}],"curies":[{"name":"wp","href":"https:\/\/api.w.org\/{rel}","templated":true}]}}