{"id":11687,"date":"2010-11-09T00:00:00","date_gmt":"2010-11-09T04:00:00","guid":{"rendered":"http:\/\/192.81.217.108\/interamerica\/2010\/11\/en-indonesia-adra-ayuda-a-familias-desplazadas-despues-de-la-erupcion-del-volcan\/"},"modified":"2017-06-02T08:58:32","modified_gmt":"2017-06-02T12:58:32","slug":"en-indonesia-adra-ayuda-a-familias-desplazadas-despues-de-la-erupcion-del-volcan","status":"publish","type":"post","link":"https:\/\/interamerica.org\/es\/2010\/11\/en-indonesia-adra-ayuda-a-familias-desplazadas-despues-de-la-erupcion-del-volcan\/","title":{"rendered":"En Indonesia, ADRA ayuda a familias desplazadas despu\u00e9s de la erupci\u00f3n del volc\u00e1n"},"content":{"rendered":"<p>Silver Spring, Maryland, Estados Unidos, 9 de noviembre de 2010 <\/p>\n<p>Personal de ADRA\/ANN <\/p>\n<p>La Agencia Adventista de Desarrollo y Recursos Asistenciales (ADRA) est\u00e1 entregando ayuda a una de las \u00e1reas m\u00e1s cercanas al sitio de la erupci\u00f3n de Mount Merapi en Java central el 26 de octubre, informaron oficiales de emergencia en Indonesia la semana pasada. <\/p>\n<p>La respuesta de emergencia de ADRA est\u00e1 centrada en la poblaci\u00f3n de Glagah Harjo, aproximadamente ocho kil\u00f3metros al sur de Mount Merapi. Alrededor de 500 familias desplazadas provenientes de cuatro poblaciones m\u00e1s peque\u00f1as est\u00e1n viviendo en albergues temporales all\u00ed, dijo Hector Carpintero, director nacional de ADRA Indonesia. <\/p>\n<p>ADRA tambi\u00e9n entreg\u00f3 equipos de higiene b\u00e1sicos con el apoyo de voluntarios locales, despu\u00e9s de coordinar con oficiales del gobierno local y familias desplazadas. <\/p>\n<p>M\u00e1s de 150 personas han muerto desde que el Merapi comenz\u00f3 a hacer erupci\u00f3n la semana pasada, inform\u00f3 la Agencia France-Presse. Se inform\u00f3 que cerca de 22.000 habitantes de la poblaci\u00f3n permanecen en 10 albergues operados por el gobierno en tres distritos separados. Las continuas erupciones del Merapi han causado evacuaciones masivas y una interrupci\u00f3n temporal del tr\u00e1fico a\u00e9reo. <\/p>\n<p>Merapi ha hecho erupci\u00f3n numerosas veces en el siglo pasado, ocasionando que muchos locales teman m\u00e1s erupciones significativas, inform\u00f3 la Associated Press. El volc\u00e1n ha arrojado ceniza desde el viernes, dijo la agencia AP. <\/p>\n<\/p>\n<p>Traducci\u00f3n: Abraham Guerrero <\/p>\n","protected":false},"excerpt":{"rendered":"<p>La Agencia Adventista de Desarrolloy Recursos Asistenciales (ADRA) est\u00e1 entregando ayuda a una de las \u00e1reas m\u00e1s cercanas al sitio de la erupci\u00f3n de Mount Merapi en Java central el 26 de octubre, informaron oficiales de<\/p>\n","protected":false},"author":1,"featured_media":0,"comment_status":"closed","ping_status":"closed","sticky":false,"template":"","format":"standard","meta":{"_acf_changed":false,"footnotes":""},"categories":[8],"tags":[],"class_list":["post-11687","post","type-post","status-publish","format-standard","hentry","category-archivo"],"acf":[],"yoast_head":"<!-- This site is optimized with the Yoast SEO plugin v27.3 - https:\/\/yoast.com\/product\/yoast-seo-wordpress\/ -->\n<title>En Indonesia, ADRA ayuda a familias desplazadas despu\u00e9s de la erupci\u00f3n del volc\u00e1n - Iglesia Adventista del S\u00e9ptimo D\u00eda - Divisi\u00f3n Interamericana<\/title>\n<meta name=\"robots\" content=\"index, follow, max-snippet:-1, max-image-preview:large, max-video-preview:-1\" \/>\n<link rel=\"canonical\" href=\"https:\/\/interamerica.org\/es\/2010\/11\/en-indonesia-adra-ayuda-a-familias-desplazadas-despues-de-la-erupcion-del-volcan\/\" \/>\n<meta property=\"og:locale\" content=\"es_ES\" \/>\n<meta property=\"og:type\" content=\"article\" \/>\n<meta property=\"og:title\" content=\"En Indonesia, ADRA ayuda a familias desplazadas despu\u00e9s de la erupci\u00f3n del volc\u00e1n - Iglesia Adventista del S\u00e9ptimo D\u00eda - Divisi\u00f3n Interamericana\" \/>\n<meta property=\"og:description\" content=\"La Agencia Adventista de Desarrolloy Recursos Asistenciales (ADRA) est\u00e1 entregando ayuda a una de las \u00e1reas m\u00e1s cercanas al sitio de la erupci\u00f3n de Mount Merapi en Java central el 26 de octubre, informaron oficiales de\" \/>\n<meta property=\"og:url\" content=\"https:\/\/interamerica.org\/es\/2010\/11\/en-indonesia-adra-ayuda-a-familias-desplazadas-despues-de-la-erupcion-del-volcan\/\" \/>\n<meta property=\"og:site_name\" content=\"Iglesia Adventista del S\u00e9ptimo D\u00eda - Divisi\u00f3n Interamericana\" \/>\n<meta property=\"article:published_time\" content=\"2010-11-09T04:00:00+00:00\" \/>\n<meta property=\"article:modified_time\" content=\"2017-06-02T12:58:32+00:00\" \/>\n<meta name=\"author\" content=\"Lorenzo Verduzco\" \/>\n<meta name=\"twitter:card\" content=\"summary_large_image\" \/>\n<meta name=\"twitter:label1\" content=\"Escrito por\" \/>\n\t<meta name=\"twitter:data1\" content=\"Lorenzo Verduzco\" \/>\n\t<meta name=\"twitter:label2\" content=\"Tiempo de lectura\" \/>\n\t<meta name=\"twitter:data2\" content=\"1 minuto\" \/>\n<script type=\"application\/ld+json\" class=\"yoast-schema-graph\">{\"@context\":\"https:\\\/\\\/schema.org\",\"@graph\":[{\"@type\":\"Article\",\"@id\":\"https:\\\/\\\/interamerica.org\\\/es\\\/2010\\\/11\\\/en-indonesia-adra-ayuda-a-familias-desplazadas-despues-de-la-erupcion-del-volcan\\\/#article\",\"isPartOf\":{\"@id\":\"https:\\\/\\\/interamerica.org\\\/es\\\/2010\\\/11\\\/en-indonesia-adra-ayuda-a-familias-desplazadas-despues-de-la-erupcion-del-volcan\\\/\"},\"author\":{\"name\":\"Lorenzo Verduzco\",\"@id\":\"https:\\\/\\\/interamerica.org\\\/es\\\/#\\\/schema\\\/person\\\/68ede8bdc292885bb76c1e3810e73c39\"},\"headline\":\"En Indonesia, ADRA ayuda a familias desplazadas despu\u00e9s de la erupci\u00f3n del volc\u00e1n\",\"datePublished\":\"2010-11-09T04:00:00+00:00\",\"dateModified\":\"2017-06-02T12:58:32+00:00\",\"mainEntityOfPage\":{\"@id\":\"https:\\\/\\\/interamerica.org\\\/es\\\/2010\\\/11\\\/en-indonesia-adra-ayuda-a-familias-desplazadas-despues-de-la-erupcion-del-volcan\\\/\"},\"wordCount\":253,\"articleSection\":[\"Archivo\"],\"inLanguage\":\"es\"},{\"@type\":\"WebPage\",\"@id\":\"https:\\\/\\\/interamerica.org\\\/es\\\/2010\\\/11\\\/en-indonesia-adra-ayuda-a-familias-desplazadas-despues-de-la-erupcion-del-volcan\\\/\",\"url\":\"https:\\\/\\\/interamerica.org\\\/es\\\/2010\\\/11\\\/en-indonesia-adra-ayuda-a-familias-desplazadas-despues-de-la-erupcion-del-volcan\\\/\",\"name\":\"En Indonesia, ADRA ayuda a familias desplazadas despu\u00e9s de la erupci\u00f3n del volc\u00e1n - Iglesia Adventista del S\u00e9ptimo D\u00eda - Divisi\u00f3n Interamericana\",\"isPartOf\":{\"@id\":\"https:\\\/\\\/interamerica.org\\\/es\\\/#website\"},\"datePublished\":\"2010-11-09T04:00:00+00:00\",\"dateModified\":\"2017-06-02T12:58:32+00:00\",\"author\":{\"@id\":\"https:\\\/\\\/interamerica.org\\\/es\\\/#\\\/schema\\\/person\\\/68ede8bdc292885bb76c1e3810e73c39\"},\"breadcrumb\":{\"@id\":\"https:\\\/\\\/interamerica.org\\\/es\\\/2010\\\/11\\\/en-indonesia-adra-ayuda-a-familias-desplazadas-despues-de-la-erupcion-del-volcan\\\/#breadcrumb\"},\"inLanguage\":\"es\",\"potentialAction\":[{\"@type\":\"ReadAction\",\"target\":[\"https:\\\/\\\/interamerica.org\\\/es\\\/2010\\\/11\\\/en-indonesia-adra-ayuda-a-familias-desplazadas-despues-de-la-erupcion-del-volcan\\\/\"]}]},{\"@type\":\"BreadcrumbList\",\"@id\":\"https:\\\/\\\/interamerica.org\\\/es\\\/2010\\\/11\\\/en-indonesia-adra-ayuda-a-familias-desplazadas-despues-de-la-erupcion-del-volcan\\\/#breadcrumb\",\"itemListElement\":[{\"@type\":\"ListItem\",\"position\":1,\"name\":\"Home\",\"item\":\"https:\\\/\\\/interamerica.org\\\/es\\\/\"},{\"@type\":\"ListItem\",\"position\":2,\"name\":\"En Indonesia, ADRA ayuda a familias desplazadas despu\u00e9s de la erupci\u00f3n del volc\u00e1n\"}]},{\"@type\":\"WebSite\",\"@id\":\"https:\\\/\\\/interamerica.org\\\/es\\\/#website\",\"url\":\"https:\\\/\\\/interamerica.org\\\/es\\\/\",\"name\":\"Iglesia Adventista del S\u00e9ptimo D\u00eda - Divisi\u00f3n Interamericana\",\"description\":\"\",\"potentialAction\":[{\"@type\":\"SearchAction\",\"target\":{\"@type\":\"EntryPoint\",\"urlTemplate\":\"https:\\\/\\\/interamerica.org\\\/es\\\/?s={search_term_string}\"},\"query-input\":{\"@type\":\"PropertyValueSpecification\",\"valueRequired\":true,\"valueName\":\"search_term_string\"}}],\"inLanguage\":\"es\"},{\"@type\":\"Person\",\"@id\":\"https:\\\/\\\/interamerica.org\\\/es\\\/#\\\/schema\\\/person\\\/68ede8bdc292885bb76c1e3810e73c39\",\"name\":\"Lorenzo Verduzco\",\"image\":{\"@type\":\"ImageObject\",\"inLanguage\":\"es\",\"@id\":\"https:\\\/\\\/secure.gravatar.com\\\/avatar\\\/fb81a55b6218459490a9c1dc841a34909185b81904c5337b4b27f7a6fd60c49e?s=96&d=mm&r=g\",\"url\":\"https:\\\/\\\/secure.gravatar.com\\\/avatar\\\/fb81a55b6218459490a9c1dc841a34909185b81904c5337b4b27f7a6fd60c49e?s=96&d=mm&r=g\",\"contentUrl\":\"https:\\\/\\\/secure.gravatar.com\\\/avatar\\\/fb81a55b6218459490a9c1dc841a34909185b81904c5337b4b27f7a6fd60c49e?s=96&d=mm&r=g\",\"caption\":\"Lorenzo Verduzco\"}}]}<\/script>\n<!-- \/ Yoast SEO plugin. -->","yoast_head_json":{"title":"En Indonesia, ADRA ayuda a familias desplazadas despu\u00e9s de la erupci\u00f3n del volc\u00e1n - Iglesia Adventista del S\u00e9ptimo D\u00eda - Divisi\u00f3n Interamericana","robots":{"index":"index","follow":"follow","max-snippet":"max-snippet:-1","max-image-preview":"max-image-preview:large","max-video-preview":"max-video-preview:-1"},"canonical":"https:\/\/interamerica.org\/es\/2010\/11\/en-indonesia-adra-ayuda-a-familias-desplazadas-despues-de-la-erupcion-del-volcan\/","og_locale":"es_ES","og_type":"article","og_title":"En Indonesia, ADRA ayuda a familias desplazadas despu\u00e9s de la erupci\u00f3n del volc\u00e1n - Iglesia Adventista del S\u00e9ptimo D\u00eda - Divisi\u00f3n Interamericana","og_description":"La Agencia Adventista de Desarrolloy Recursos Asistenciales (ADRA) est\u00e1 entregando ayuda a una de las \u00e1reas m\u00e1s cercanas al sitio de la erupci\u00f3n de Mount Merapi en Java central el 26 de octubre, informaron oficiales de","og_url":"https:\/\/interamerica.org\/es\/2010\/11\/en-indonesia-adra-ayuda-a-familias-desplazadas-despues-de-la-erupcion-del-volcan\/","og_site_name":"Iglesia Adventista del S\u00e9ptimo D\u00eda - Divisi\u00f3n Interamericana","article_published_time":"2010-11-09T04:00:00+00:00","article_modified_time":"2017-06-02T12:58:32+00:00","author":"Lorenzo Verduzco","twitter_card":"summary_large_image","twitter_misc":{"Escrito por":"Lorenzo Verduzco","Tiempo de lectura":"1 minuto"},"schema":{"@context":"https:\/\/schema.org","@graph":[{"@type":"Article","@id":"https:\/\/interamerica.org\/es\/2010\/11\/en-indonesia-adra-ayuda-a-familias-desplazadas-despues-de-la-erupcion-del-volcan\/#article","isPartOf":{"@id":"https:\/\/interamerica.org\/es\/2010\/11\/en-indonesia-adra-ayuda-a-familias-desplazadas-despues-de-la-erupcion-del-volcan\/"},"author":{"name":"Lorenzo Verduzco","@id":"https:\/\/interamerica.org\/es\/#\/schema\/person\/68ede8bdc292885bb76c1e3810e73c39"},"headline":"En Indonesia, ADRA ayuda a familias desplazadas despu\u00e9s de la erupci\u00f3n del volc\u00e1n","datePublished":"2010-11-09T04:00:00+00:00","dateModified":"2017-06-02T12:58:32+00:00","mainEntityOfPage":{"@id":"https:\/\/interamerica.org\/es\/2010\/11\/en-indonesia-adra-ayuda-a-familias-desplazadas-despues-de-la-erupcion-del-volcan\/"},"wordCount":253,"articleSection":["Archivo"],"inLanguage":"es"},{"@type":"WebPage","@id":"https:\/\/interamerica.org\/es\/2010\/11\/en-indonesia-adra-ayuda-a-familias-desplazadas-despues-de-la-erupcion-del-volcan\/","url":"https:\/\/interamerica.org\/es\/2010\/11\/en-indonesia-adra-ayuda-a-familias-desplazadas-despues-de-la-erupcion-del-volcan\/","name":"En Indonesia, ADRA ayuda a familias desplazadas despu\u00e9s de la erupci\u00f3n del volc\u00e1n - Iglesia Adventista del S\u00e9ptimo D\u00eda - Divisi\u00f3n Interamericana","isPartOf":{"@id":"https:\/\/interamerica.org\/es\/#website"},"datePublished":"2010-11-09T04:00:00+00:00","dateModified":"2017-06-02T12:58:32+00:00","author":{"@id":"https:\/\/interamerica.org\/es\/#\/schema\/person\/68ede8bdc292885bb76c1e3810e73c39"},"breadcrumb":{"@id":"https:\/\/interamerica.org\/es\/2010\/11\/en-indonesia-adra-ayuda-a-familias-desplazadas-despues-de-la-erupcion-del-volcan\/#breadcrumb"},"inLanguage":"es","potentialAction":[{"@type":"ReadAction","target":["https:\/\/interamerica.org\/es\/2010\/11\/en-indonesia-adra-ayuda-a-familias-desplazadas-despues-de-la-erupcion-del-volcan\/"]}]},{"@type":"BreadcrumbList","@id":"https:\/\/interamerica.org\/es\/2010\/11\/en-indonesia-adra-ayuda-a-familias-desplazadas-despues-de-la-erupcion-del-volcan\/#breadcrumb","itemListElement":[{"@type":"ListItem","position":1,"name":"Home","item":"https:\/\/interamerica.org\/es\/"},{"@type":"ListItem","position":2,"name":"En Indonesia, ADRA ayuda a familias desplazadas despu\u00e9s de la erupci\u00f3n del volc\u00e1n"}]},{"@type":"WebSite","@id":"https:\/\/interamerica.org\/es\/#website","url":"https:\/\/interamerica.org\/es\/","name":"Iglesia Adventista del S\u00e9ptimo D\u00eda - Divisi\u00f3n Interamericana","description":"","potentialAction":[{"@type":"SearchAction","target":{"@type":"EntryPoint","urlTemplate":"https:\/\/interamerica.org\/es\/?s={search_term_string}"},"query-input":{"@type":"PropertyValueSpecification","valueRequired":true,"valueName":"search_term_string"}}],"inLanguage":"es"},{"@type":"Person","@id":"https:\/\/interamerica.org\/es\/#\/schema\/person\/68ede8bdc292885bb76c1e3810e73c39","name":"Lorenzo Verduzco","image":{"@type":"ImageObject","inLanguage":"es","@id":"https:\/\/secure.gravatar.com\/avatar\/fb81a55b6218459490a9c1dc841a34909185b81904c5337b4b27f7a6fd60c49e?s=96&d=mm&r=g","url":"https:\/\/secure.gravatar.com\/avatar\/fb81a55b6218459490a9c1dc841a34909185b81904c5337b4b27f7a6fd60c49e?s=96&d=mm&r=g","contentUrl":"https:\/\/secure.gravatar.com\/avatar\/fb81a55b6218459490a9c1dc841a34909185b81904c5337b4b27f7a6fd60c49e?s=96&d=mm&r=g","caption":"Lorenzo Verduzco"}}]}},"_links":{"self":[{"href":"https:\/\/interamerica.org\/es\/wp-json\/wp\/v2\/posts\/11687","targetHints":{"allow":["GET"]}}],"collection":[{"href":"https:\/\/interamerica.org\/es\/wp-json\/wp\/v2\/posts"}],"about":[{"href":"https:\/\/interamerica.org\/es\/wp-json\/wp\/v2\/types\/post"}],"author":[{"embeddable":true,"href":"https:\/\/interamerica.org\/es\/wp-json\/wp\/v2\/users\/1"}],"replies":[{"embeddable":true,"href":"https:\/\/interamerica.org\/es\/wp-json\/wp\/v2\/comments?post=11687"}],"version-history":[{"count":0,"href":"https:\/\/interamerica.org\/es\/wp-json\/wp\/v2\/posts\/11687\/revisions"}],"wp:attachment":[{"href":"https:\/\/interamerica.org\/es\/wp-json\/wp\/v2\/media?parent=11687"}],"wp:term":[{"taxonomy":"category","embeddable":true,"href":"https:\/\/interamerica.org\/es\/wp-json\/wp\/v2\/categories?post=11687"},{"taxonomy":"post_tag","embeddable":true,"href":"https:\/\/interamerica.org\/es\/wp-json\/wp\/v2\/tags?post=11687"}],"curies":[{"name":"wp","href":"https:\/\/api.w.org\/{rel}","templated":true}]}}