{"id":11689,"date":"2010-11-16T00:00:00","date_gmt":"2010-11-16T04:00:00","guid":{"rendered":"http:\/\/192.81.217.108\/interamerica\/2010\/11\/centro-adventista-de-medios-de-comunicacion-amplia-su-ministerio\/"},"modified":"2017-06-02T08:58:30","modified_gmt":"2017-06-02T12:58:30","slug":"centro-adventista-de-medios-de-comunicacion-amplia-su-ministerio","status":"publish","type":"post","link":"https:\/\/interamerica.org\/es\/2010\/11\/centro-adventista-de-medios-de-comunicacion-amplia-su-ministerio\/","title":{"rendered":"Centro adventista de medios de comunicaci\u00f3n ampl\u00eda su ministerio"},"content":{"rendered":"<p>Bucha, Ucrania, 16 de noviembre de 2010\u2026Elizabeth Lechleitner\/ANN <\/p>\n<p>En un lugar donde propaganda comunista sol\u00eda inundar los hogares de la \u00e9poca de la Uni\u00f3n Sovi\u00e9tica a trav\u00e9s de parlantes previamente programados que a los residentes se les prohib\u00eda apagar, un centro adventista de medios de comunicaciones celebr\u00f3 el mes pasado 20 a\u00f1os de ministerio a trav\u00e9s de esos mismos radios\u2014muchos de los cuales todav\u00eda permanecen en los mesones de cocina y en salas en todo Rusia y Europa Oriental. <br  \/><\/p>\n<p>Cientos de l\u00edderes adventistas y otros l\u00edderes protestantes, representantes del gobierno y profesionales de las transmisiones se reunieron en el terreno de la Universidad de Zaoksky en Mosc\u00fa, una instituci\u00f3n dirigida por la iglesia adventista, el 24 de octubre, para conmemorar el impacto del centro de medios de comunicaci\u00f3n Voice of Hope (Voz de Esperanza) en Eurasia. <br  \/><\/p>\n<p>La celebraci\u00f3n tuvo lugar un a\u00f1o despu\u00e9s que el parlamento ruso resalt\u00f3 la contribuci\u00f3n de Voice of Hope a la comunidad por medio de su galard\u00f3n anual \u201cEmpresa de Conciencia Social\u201d, marcando la primera vez que una organizaci\u00f3n religiosa recibe dicho reconocimiento anual. <br  \/><\/p>\n<p>El ministerio radial es vital para la regi\u00f3n, dijo Sergey Kuzmin, orador y director de Voice of Hope. Eurasia comprende 11 zonas horarias e incluye seis de los pa\u00edses de la Ventana 10\/40, un \u00e1rea donde vive cerca de dos tercios de la poblaci\u00f3n mundial, pero s\u00f3lo el 1 por ciento es cristiano. <br  \/><\/p>\n<p>\u201cEs imposible llegar a cada poblaci\u00f3n aislada, pero la radio no tiene fronteras\u201d, dijo Kuzmin. \u201cPuede alcanzar con el evangelio las partes m\u00e1s remotas de la regi\u00f3n\u201d. <br  \/><\/p>\n<p>Las m\u00e1s de un mill\u00f3n de cartas y paquetes que el centro de medios de comunicaci\u00f3n ha recibido desde su lanzamiento cuentan las historias de quienes escuchan en todo el territorio de Eurasia. Algunos vienen de radioescuchas adultos y confinados a sus hogares quienes encuentran consuelo y una conexi\u00f3n con cristianos de pensamiento semejante a trav\u00e9s de las transmisiones. Muchos de los radioyentes dicen que la programaci\u00f3n de Voice of Hope llena una necesidad espiritual que horas de adoraci\u00f3n en una iglesia ortodoxa no pueden llenar. <br  \/><\/p>\n<p>Un radioyente ruso escribi\u00f3 que \u00e9l se sent\u00eda impulsado a asistir a la iglesia, pero encuentran que los servicios de adoraci\u00f3n ortodoxos\u2014efectuados en un idioma eslavo antiguo\u2014son vac\u00edos y enajenantes. La programaci\u00f3n radial adventista \u201csimple y convincente\u201d, a\u00f1adi\u00f3 \u00e9l, le prove\u00eda a \u00e9l una conexi\u00f3n personal y significativa con Dios. <br  \/><\/p>\n<p>Otro oyente de Bielorrusia escribi\u00f3 para decir que la programaci\u00f3n de Voice of Hope le ofrece a ella \u201cgozo y paz\u201d despu\u00e9s de una vida dif\u00edcil\u2014como ni\u00f1a durante la Segunda Guerra Mundial, ella recuerda so\u00f1ando con comer leche con pan alg\u00fan  d\u00eda. Ahora, incapaz de leer o salir de casa con regularidad, ella encuentra comunidad a trav\u00e9s de la radio adventista. <br  \/><\/p>\n<p>Con un enfoque en programas para fortalecer las familias e impulsar la vida saludable, Voice of Hope asegur\u00f3 su transmisi\u00f3n inaugural de 20 minutos desde un estudio casero privado en 1990, convirti\u00e9ndose en la primera estaci\u00f3n religiosa en lanzar al aire programaci\u00f3n en medio de tensiones pol\u00edticas un a\u00f1o antes de que la Uni\u00f3n Sovi\u00e9tica colapsase. <br  \/><\/p>\n<p>Ahora, desde sus estudios en Tula, un poco al sur de Mosc\u00fa, Voice of Hope provee programaci\u00f3n radial en m\u00e1s de 1.000 estaciones. A\u00fan es conocida por muchas de las caracter\u00edsticas que le otorgaron su lugar inicialmente en el aire, incluyendo un enfoque en el bienestar. En 1994, el centro de medios de comunicaci\u00f3n expandi\u00f3 el alcance de su ministerio para ofrecer varias horas de transmisiones televisivas por d\u00eda. <br  \/><\/p>\n<p>Kuzmin dijo que un canal de televisi\u00f3n de 24 horas por d\u00eda, 7 d\u00edas a la semana\u2014un Hope Channel Rusia con todas sus caracter\u00edsticas\u2014est\u00e1 en el horizonte de Hope. As\u00ed tambi\u00e9n un medio para distribuci\u00f3n de programaci\u00f3n radial\u2014podcast. El director de Radio Mundial Adventista para la regi\u00f3n de Europa, Tihomir Zestic, dijo que las transmisiones podcast est\u00e1n encontrando una audiencia creciente en la regi\u00f3n. Disponible a trav\u00e9s del sitio Web de Radio Mundial Adventista y en iTunes, tan s\u00f3lo la transmisi\u00f3n podcast rusa tiene cerca de 4.000 suscriptores. Veinticuatro mil se suscriben a la transmisi\u00f3n podcast en \u00e1rabe. <br  \/><\/p>\n<p>\u201cEstas no son simplemente personas que visitan el sitio Web y se van. Ni siquiera son los que bajan un programa y no vuelven m\u00e1s\u201d, dijo Zestic. \u201cEstas personas est\u00e1n obteniendo cada nueva edici\u00f3n de la transmisi\u00f3n\u201d. <br  \/><\/p>\n<p>La programaci\u00f3n radial de Voice of Hope, tambi\u00e9n, tiene futuro en Internet, dijo Kuzmin. Mientras el centro de comunicaciones adopta nueva tecnolog\u00eda y expande su misi\u00f3n, sin embargo, mantendr\u00e1 su presencia radial fundamental, dijo \u00e9l. <br  \/><\/p>\n<p>\u201cEstamos felices de tener nueva tecnolog\u00eda, pero la radio a\u00fan funciona\u201d, dijo Zestic. \u201cEs econ\u00f3mica, el equipo ya est\u00e1 disponible y la mayor\u00eda de nuestros estudiantes de Biblia por correspondencia son un resultado del contacto por la radio. <br  \/><\/p>\n<p>Cerca de 60.000 estudiantes est\u00e1n inscritos actualmente en la escuela b\u00edblica por correspondencia, con 3.500 nuevas personas inscritas cada a\u00f1o, dijo Kuzmin. <\/p>\n<\/p>\n<p>Traducci\u00f3n: Abraham Guerrero <\/p>\n","protected":false},"excerpt":{"rendered":"<p>En un lugar donde propaganda comunista sol\u00eda inundar los hogares de la \u00e9poca de la Uni\u00f3n Sovi\u00e9tica a trav\u00e9s de parlantes previamente programados que a los residentes se les prohib\u00eda apagar, un centro adven<\/p>\n","protected":false},"author":1,"featured_media":0,"comment_status":"closed","ping_status":"closed","sticky":false,"template":"","format":"standard","meta":{"_acf_changed":false,"footnotes":""},"categories":[8],"tags":[],"class_list":["post-11689","post","type-post","status-publish","format-standard","hentry","category-archivo"],"acf":[],"yoast_head":"<!-- This site is optimized with the Yoast SEO plugin v27.3 - https:\/\/yoast.com\/product\/yoast-seo-wordpress\/ -->\n<title>Centro adventista de medios de comunicaci\u00f3n ampl\u00eda su ministerio - Iglesia Adventista del S\u00e9ptimo D\u00eda - Divisi\u00f3n Interamericana<\/title>\n<meta name=\"robots\" content=\"index, follow, max-snippet:-1, max-image-preview:large, max-video-preview:-1\" \/>\n<link rel=\"canonical\" href=\"https:\/\/interamerica.org\/es\/2010\/11\/centro-adventista-de-medios-de-comunicacion-amplia-su-ministerio\/\" \/>\n<meta property=\"og:locale\" content=\"es_ES\" \/>\n<meta property=\"og:type\" content=\"article\" \/>\n<meta property=\"og:title\" content=\"Centro adventista de medios de comunicaci\u00f3n ampl\u00eda su ministerio - Iglesia Adventista del S\u00e9ptimo D\u00eda - Divisi\u00f3n Interamericana\" \/>\n<meta property=\"og:description\" content=\"En un lugar donde propaganda comunista sol\u00eda inundar los hogares de la \u00e9poca de la Uni\u00f3n Sovi\u00e9tica a trav\u00e9s de parlantes previamente programados que a los residentes se les prohib\u00eda apagar, un centro adven\" \/>\n<meta property=\"og:url\" content=\"https:\/\/interamerica.org\/es\/2010\/11\/centro-adventista-de-medios-de-comunicacion-amplia-su-ministerio\/\" \/>\n<meta property=\"og:site_name\" content=\"Iglesia Adventista del S\u00e9ptimo D\u00eda - Divisi\u00f3n Interamericana\" \/>\n<meta property=\"article:published_time\" content=\"2010-11-16T04:00:00+00:00\" \/>\n<meta property=\"article:modified_time\" content=\"2017-06-02T12:58:30+00:00\" \/>\n<meta name=\"author\" content=\"Lorenzo Verduzco\" \/>\n<meta name=\"twitter:card\" content=\"summary_large_image\" \/>\n<meta name=\"twitter:label1\" content=\"Escrito por\" \/>\n\t<meta name=\"twitter:data1\" content=\"Lorenzo Verduzco\" \/>\n\t<meta name=\"twitter:label2\" content=\"Tiempo de lectura\" \/>\n\t<meta name=\"twitter:data2\" content=\"4 minutos\" \/>\n<script type=\"application\/ld+json\" class=\"yoast-schema-graph\">{\"@context\":\"https:\\\/\\\/schema.org\",\"@graph\":[{\"@type\":\"Article\",\"@id\":\"https:\\\/\\\/interamerica.org\\\/es\\\/2010\\\/11\\\/centro-adventista-de-medios-de-comunicacion-amplia-su-ministerio\\\/#article\",\"isPartOf\":{\"@id\":\"https:\\\/\\\/interamerica.org\\\/es\\\/2010\\\/11\\\/centro-adventista-de-medios-de-comunicacion-amplia-su-ministerio\\\/\"},\"author\":{\"name\":\"Lorenzo Verduzco\",\"@id\":\"https:\\\/\\\/interamerica.org\\\/es\\\/#\\\/schema\\\/person\\\/68ede8bdc292885bb76c1e3810e73c39\"},\"headline\":\"Centro adventista de medios de comunicaci\u00f3n ampl\u00eda su ministerio\",\"datePublished\":\"2010-11-16T04:00:00+00:00\",\"dateModified\":\"2017-06-02T12:58:30+00:00\",\"mainEntityOfPage\":{\"@id\":\"https:\\\/\\\/interamerica.org\\\/es\\\/2010\\\/11\\\/centro-adventista-de-medios-de-comunicacion-amplia-su-ministerio\\\/\"},\"wordCount\":909,\"articleSection\":[\"Archivo\"],\"inLanguage\":\"es\"},{\"@type\":\"WebPage\",\"@id\":\"https:\\\/\\\/interamerica.org\\\/es\\\/2010\\\/11\\\/centro-adventista-de-medios-de-comunicacion-amplia-su-ministerio\\\/\",\"url\":\"https:\\\/\\\/interamerica.org\\\/es\\\/2010\\\/11\\\/centro-adventista-de-medios-de-comunicacion-amplia-su-ministerio\\\/\",\"name\":\"Centro adventista de medios de comunicaci\u00f3n ampl\u00eda su ministerio - Iglesia Adventista del S\u00e9ptimo D\u00eda - Divisi\u00f3n Interamericana\",\"isPartOf\":{\"@id\":\"https:\\\/\\\/interamerica.org\\\/es\\\/#website\"},\"datePublished\":\"2010-11-16T04:00:00+00:00\",\"dateModified\":\"2017-06-02T12:58:30+00:00\",\"author\":{\"@id\":\"https:\\\/\\\/interamerica.org\\\/es\\\/#\\\/schema\\\/person\\\/68ede8bdc292885bb76c1e3810e73c39\"},\"breadcrumb\":{\"@id\":\"https:\\\/\\\/interamerica.org\\\/es\\\/2010\\\/11\\\/centro-adventista-de-medios-de-comunicacion-amplia-su-ministerio\\\/#breadcrumb\"},\"inLanguage\":\"es\",\"potentialAction\":[{\"@type\":\"ReadAction\",\"target\":[\"https:\\\/\\\/interamerica.org\\\/es\\\/2010\\\/11\\\/centro-adventista-de-medios-de-comunicacion-amplia-su-ministerio\\\/\"]}]},{\"@type\":\"BreadcrumbList\",\"@id\":\"https:\\\/\\\/interamerica.org\\\/es\\\/2010\\\/11\\\/centro-adventista-de-medios-de-comunicacion-amplia-su-ministerio\\\/#breadcrumb\",\"itemListElement\":[{\"@type\":\"ListItem\",\"position\":1,\"name\":\"Home\",\"item\":\"https:\\\/\\\/interamerica.org\\\/es\\\/\"},{\"@type\":\"ListItem\",\"position\":2,\"name\":\"Centro adventista de medios de comunicaci\u00f3n ampl\u00eda su ministerio\"}]},{\"@type\":\"WebSite\",\"@id\":\"https:\\\/\\\/interamerica.org\\\/es\\\/#website\",\"url\":\"https:\\\/\\\/interamerica.org\\\/es\\\/\",\"name\":\"Iglesia Adventista del S\u00e9ptimo D\u00eda - Divisi\u00f3n Interamericana\",\"description\":\"\",\"potentialAction\":[{\"@type\":\"SearchAction\",\"target\":{\"@type\":\"EntryPoint\",\"urlTemplate\":\"https:\\\/\\\/interamerica.org\\\/es\\\/?s={search_term_string}\"},\"query-input\":{\"@type\":\"PropertyValueSpecification\",\"valueRequired\":true,\"valueName\":\"search_term_string\"}}],\"inLanguage\":\"es\"},{\"@type\":\"Person\",\"@id\":\"https:\\\/\\\/interamerica.org\\\/es\\\/#\\\/schema\\\/person\\\/68ede8bdc292885bb76c1e3810e73c39\",\"name\":\"Lorenzo Verduzco\",\"image\":{\"@type\":\"ImageObject\",\"inLanguage\":\"es\",\"@id\":\"https:\\\/\\\/secure.gravatar.com\\\/avatar\\\/fb81a55b6218459490a9c1dc841a34909185b81904c5337b4b27f7a6fd60c49e?s=96&d=mm&r=g\",\"url\":\"https:\\\/\\\/secure.gravatar.com\\\/avatar\\\/fb81a55b6218459490a9c1dc841a34909185b81904c5337b4b27f7a6fd60c49e?s=96&d=mm&r=g\",\"contentUrl\":\"https:\\\/\\\/secure.gravatar.com\\\/avatar\\\/fb81a55b6218459490a9c1dc841a34909185b81904c5337b4b27f7a6fd60c49e?s=96&d=mm&r=g\",\"caption\":\"Lorenzo Verduzco\"}}]}<\/script>\n<!-- \/ Yoast SEO plugin. -->","yoast_head_json":{"title":"Centro adventista de medios de comunicaci\u00f3n ampl\u00eda su ministerio - Iglesia Adventista del S\u00e9ptimo D\u00eda - Divisi\u00f3n Interamericana","robots":{"index":"index","follow":"follow","max-snippet":"max-snippet:-1","max-image-preview":"max-image-preview:large","max-video-preview":"max-video-preview:-1"},"canonical":"https:\/\/interamerica.org\/es\/2010\/11\/centro-adventista-de-medios-de-comunicacion-amplia-su-ministerio\/","og_locale":"es_ES","og_type":"article","og_title":"Centro adventista de medios de comunicaci\u00f3n ampl\u00eda su ministerio - Iglesia Adventista del S\u00e9ptimo D\u00eda - Divisi\u00f3n Interamericana","og_description":"En un lugar donde propaganda comunista sol\u00eda inundar los hogares de la \u00e9poca de la Uni\u00f3n Sovi\u00e9tica a trav\u00e9s de parlantes previamente programados que a los residentes se les prohib\u00eda apagar, un centro adven","og_url":"https:\/\/interamerica.org\/es\/2010\/11\/centro-adventista-de-medios-de-comunicacion-amplia-su-ministerio\/","og_site_name":"Iglesia Adventista del S\u00e9ptimo D\u00eda - Divisi\u00f3n Interamericana","article_published_time":"2010-11-16T04:00:00+00:00","article_modified_time":"2017-06-02T12:58:30+00:00","author":"Lorenzo Verduzco","twitter_card":"summary_large_image","twitter_misc":{"Escrito por":"Lorenzo Verduzco","Tiempo de lectura":"4 minutos"},"schema":{"@context":"https:\/\/schema.org","@graph":[{"@type":"Article","@id":"https:\/\/interamerica.org\/es\/2010\/11\/centro-adventista-de-medios-de-comunicacion-amplia-su-ministerio\/#article","isPartOf":{"@id":"https:\/\/interamerica.org\/es\/2010\/11\/centro-adventista-de-medios-de-comunicacion-amplia-su-ministerio\/"},"author":{"name":"Lorenzo Verduzco","@id":"https:\/\/interamerica.org\/es\/#\/schema\/person\/68ede8bdc292885bb76c1e3810e73c39"},"headline":"Centro adventista de medios de comunicaci\u00f3n ampl\u00eda su ministerio","datePublished":"2010-11-16T04:00:00+00:00","dateModified":"2017-06-02T12:58:30+00:00","mainEntityOfPage":{"@id":"https:\/\/interamerica.org\/es\/2010\/11\/centro-adventista-de-medios-de-comunicacion-amplia-su-ministerio\/"},"wordCount":909,"articleSection":["Archivo"],"inLanguage":"es"},{"@type":"WebPage","@id":"https:\/\/interamerica.org\/es\/2010\/11\/centro-adventista-de-medios-de-comunicacion-amplia-su-ministerio\/","url":"https:\/\/interamerica.org\/es\/2010\/11\/centro-adventista-de-medios-de-comunicacion-amplia-su-ministerio\/","name":"Centro adventista de medios de comunicaci\u00f3n ampl\u00eda su ministerio - Iglesia Adventista del S\u00e9ptimo D\u00eda - Divisi\u00f3n Interamericana","isPartOf":{"@id":"https:\/\/interamerica.org\/es\/#website"},"datePublished":"2010-11-16T04:00:00+00:00","dateModified":"2017-06-02T12:58:30+00:00","author":{"@id":"https:\/\/interamerica.org\/es\/#\/schema\/person\/68ede8bdc292885bb76c1e3810e73c39"},"breadcrumb":{"@id":"https:\/\/interamerica.org\/es\/2010\/11\/centro-adventista-de-medios-de-comunicacion-amplia-su-ministerio\/#breadcrumb"},"inLanguage":"es","potentialAction":[{"@type":"ReadAction","target":["https:\/\/interamerica.org\/es\/2010\/11\/centro-adventista-de-medios-de-comunicacion-amplia-su-ministerio\/"]}]},{"@type":"BreadcrumbList","@id":"https:\/\/interamerica.org\/es\/2010\/11\/centro-adventista-de-medios-de-comunicacion-amplia-su-ministerio\/#breadcrumb","itemListElement":[{"@type":"ListItem","position":1,"name":"Home","item":"https:\/\/interamerica.org\/es\/"},{"@type":"ListItem","position":2,"name":"Centro adventista de medios de comunicaci\u00f3n ampl\u00eda su ministerio"}]},{"@type":"WebSite","@id":"https:\/\/interamerica.org\/es\/#website","url":"https:\/\/interamerica.org\/es\/","name":"Iglesia Adventista del S\u00e9ptimo D\u00eda - Divisi\u00f3n Interamericana","description":"","potentialAction":[{"@type":"SearchAction","target":{"@type":"EntryPoint","urlTemplate":"https:\/\/interamerica.org\/es\/?s={search_term_string}"},"query-input":{"@type":"PropertyValueSpecification","valueRequired":true,"valueName":"search_term_string"}}],"inLanguage":"es"},{"@type":"Person","@id":"https:\/\/interamerica.org\/es\/#\/schema\/person\/68ede8bdc292885bb76c1e3810e73c39","name":"Lorenzo Verduzco","image":{"@type":"ImageObject","inLanguage":"es","@id":"https:\/\/secure.gravatar.com\/avatar\/fb81a55b6218459490a9c1dc841a34909185b81904c5337b4b27f7a6fd60c49e?s=96&d=mm&r=g","url":"https:\/\/secure.gravatar.com\/avatar\/fb81a55b6218459490a9c1dc841a34909185b81904c5337b4b27f7a6fd60c49e?s=96&d=mm&r=g","contentUrl":"https:\/\/secure.gravatar.com\/avatar\/fb81a55b6218459490a9c1dc841a34909185b81904c5337b4b27f7a6fd60c49e?s=96&d=mm&r=g","caption":"Lorenzo Verduzco"}}]}},"_links":{"self":[{"href":"https:\/\/interamerica.org\/es\/wp-json\/wp\/v2\/posts\/11689","targetHints":{"allow":["GET"]}}],"collection":[{"href":"https:\/\/interamerica.org\/es\/wp-json\/wp\/v2\/posts"}],"about":[{"href":"https:\/\/interamerica.org\/es\/wp-json\/wp\/v2\/types\/post"}],"author":[{"embeddable":true,"href":"https:\/\/interamerica.org\/es\/wp-json\/wp\/v2\/users\/1"}],"replies":[{"embeddable":true,"href":"https:\/\/interamerica.org\/es\/wp-json\/wp\/v2\/comments?post=11689"}],"version-history":[{"count":0,"href":"https:\/\/interamerica.org\/es\/wp-json\/wp\/v2\/posts\/11689\/revisions"}],"wp:attachment":[{"href":"https:\/\/interamerica.org\/es\/wp-json\/wp\/v2\/media?parent=11689"}],"wp:term":[{"taxonomy":"category","embeddable":true,"href":"https:\/\/interamerica.org\/es\/wp-json\/wp\/v2\/categories?post=11689"},{"taxonomy":"post_tag","embeddable":true,"href":"https:\/\/interamerica.org\/es\/wp-json\/wp\/v2\/tags?post=11689"}],"curies":[{"name":"wp","href":"https:\/\/api.w.org\/{rel}","templated":true}]}}