{"id":11690,"date":"2010-11-18T00:00:00","date_gmt":"2010-11-18T04:00:00","guid":{"rendered":"http:\/\/192.81.217.108\/interamerica\/2010\/11\/haitila-iglesia-confirma-la-muerte-de-siete-miembros-debido-al-colera\/"},"modified":"2017-06-02T08:58:30","modified_gmt":"2017-06-02T12:58:30","slug":"haitila-iglesia-confirma-la-muerte-de-siete-miembros-debido-al-colera","status":"publish","type":"post","link":"https:\/\/interamerica.org\/es\/2010\/11\/haitila-iglesia-confirma-la-muerte-de-siete-miembros-debido-al-colera\/","title":{"rendered":"Hait\u00ed:la iglesia confirma la muerte de siete miembros debido al c\u00f3lera"},"content":{"rendered":"<p>Puerto Pr\u00edncipe, Hait\u00ed, 18 de noviembre de 2010&#8230;.Libna Stevens\/DIA<br  \/><\/p>\n<p>L\u00edderes adventistas del s\u00e9ptimo d\u00eda confirmaron esta semana que siete de sus miembros de iglesia han muerto por causa del c\u00f3lera desde que la epidemia golpe\u00f3 a Hait\u00ed hace tres semanas. Con el n\u00famero de v\u00edctimas aumentando diariamente entre la poblaci\u00f3n general, los l\u00edderes de la iglesia temen que m\u00e1s adventistas del s\u00e9ptimo d\u00eda sucumban ante la enfermedad. <br  \/><\/p>\n<p>Hasta ahora, m\u00e1s de 1.100 han muerto y miles de casos m\u00e1s han sido reportados en el pa\u00eds. <br  \/><\/p>\n<p>\u201cEnfrentar esto ahora es terrible para nosotros\u201d, dijo el pastor Theart Mathias St Pierre, presidente de la iglesia en Hait\u00ed. \u201cLamentamos ahora la muerte de quienes han fallecido por causa de esta enfermedad, y estamos llamando a nuestros miembros de iglesia y a la gente de la comunidad para educarles de modo que ellos tomen precauciones en materia de salud\u201d. Las siete v\u00edctimas adventistas eran de Gros Morne, Terre Sonneall, Nicole en La Branle y comunidades en el noroccidente de Hait\u00ed, de acuerdo con St Pierre. <br  \/><\/p>\n<p>El c\u00f3lera es una infecci\u00f3n del intestino delgado que es ocasionada por la bacteria vibrio cholerae. Algunos s\u00edntomas son diarrea abundante y v\u00f3mito, lo cual puede conducir a una r\u00e1pida deshidrataci\u00f3n. El c\u00f3lera es transmitido principalmente a trav\u00e9s del consumo de agua potable contaminada o comida. <br  \/><\/p>\n<p>El pastor St Pierre dijo que despu\u00e9s que los primeros casos de c\u00f3lera fueron reportados el mes pasado, los l\u00edderes de la iglesia y pastores emprendieron una campa\u00f1a de prevenci\u00f3n en todas sus congregaciones, distribuyendo panfletos acerca de los peligros de la epidemia del c\u00f3lera y sobre c\u00f3mo tomar medidas sanitarias preventivas para evitar la infecci\u00f3n. <br  \/><\/p>\n<p>Pronto despu\u00e9s, la iglesia se uni\u00f3 con la Agencia Adventista para el Desarrollo y Recursos Asistenciales (ADRA) de Hait\u00ed, para proveer servicio de purificaci\u00f3n del agua a las densas comunidades en las zonas aleda\u00f1as al noroccidente de Puerto Pr\u00edncipe, dijeron los l\u00edderes de la iglesia. <br  \/><\/p>\n<p>\u201cHemos emprendido un proyecto de 30 d\u00edas con ADRA Hait\u00ed para enviar 10 unidades m\u00f3viles de purificaci\u00f3n de agua a zonas devastadas por el c\u00f3lera\u201d, dijo Fritz Bissereth, director de ADRA Hait\u00ed. Las unidades de purificaci\u00f3n de agua est\u00e1n siendo transportadas diariamente en motocicletas por miembros voluntarios de la iglesia. Las m\u00e1quinas proveen cerca de 240 litros de agua pura cada hora. <br  \/><\/p>\n<p>ADRA Hait\u00ed est\u00e1 evaluando regularmente el agua en la Universidad Adventista de Carrefour y distribuyendo tabletas de purificaci\u00f3n de agua, de acuerdo con Bissereth. Cerca de 500 familias desplazadas todav\u00eda est\u00e1n ubicadas en el terreno de la Universidad como resultado del devastador terremoto del mes de enero. <br  \/><\/p>\n<p>Los administradores del Hospital Adventista de Hait\u00ed en Carrefour informaron que han atendido 22 pacientes de c\u00f3lera. <br  \/><\/p>\n<p>\u201cAlgunos de los pacientes que atendimos fueron enviados al centro para el tratamiento de c\u00f3lera en Carrefour y nuestros pacientes afectados m\u00e1s recientemente han sido estabilizados por nuestro personal m\u00e9dico\u201d, dijo el Dr. Simeon Yolande, director m\u00e9dico del Hopital Adventiste d&#39;Haiti. <br  \/><\/p>\n<p>Mientras tanto, los l\u00edderes de la iglesia contin\u00faan difundiendo el mensaje acerca de la epidemia del c\u00f3lera mientras la gente todav\u00eda est\u00e1 refugi\u00e1ndose en los terrenos de la iglesia. <br  \/><\/p>\n<p>\u201cSolicitamos sus oraciones para nuestra gente en Hait\u00ed, que Dios nos tenga en su mirada durante esta epidemia\u201d, dijo el pastor St Pierre.<\/p>\n<\/p>\n<p>Traducci\u00f3n: Abraham Guerrero <\/p>\n","protected":false},"excerpt":{"rendered":"<p>L\u00edderes adventistas del s\u00e9ptimo d\u00eda confirmaron esta semana que siete de sus miembros de iglesia han muerto por causa del c\u00f3lera desde que la epidemia golpe\u00f3 a Hait\u00ed hace tres semanas. Con el n\u00famero de v&#038;ia<\/p>\n","protected":false},"author":1,"featured_media":0,"comment_status":"closed","ping_status":"closed","sticky":false,"template":"","format":"standard","meta":{"_acf_changed":false,"footnotes":""},"categories":[8],"tags":[],"class_list":["post-11690","post","type-post","status-publish","format-standard","hentry","category-archivo"],"acf":[],"yoast_head":"<!-- This site is optimized with the Yoast SEO plugin v27.3 - https:\/\/yoast.com\/product\/yoast-seo-wordpress\/ -->\n<title>Hait\u00ed:la iglesia confirma la muerte de siete miembros debido al c\u00f3lera - Iglesia Adventista del S\u00e9ptimo D\u00eda - Divisi\u00f3n Interamericana<\/title>\n<meta name=\"robots\" content=\"index, follow, max-snippet:-1, max-image-preview:large, max-video-preview:-1\" \/>\n<link rel=\"canonical\" href=\"https:\/\/interamerica.org\/es\/2010\/11\/haitila-iglesia-confirma-la-muerte-de-siete-miembros-debido-al-colera\/\" \/>\n<meta property=\"og:locale\" content=\"es_ES\" \/>\n<meta property=\"og:type\" content=\"article\" \/>\n<meta property=\"og:title\" content=\"Hait\u00ed:la iglesia confirma la muerte de siete miembros debido al c\u00f3lera - Iglesia Adventista del S\u00e9ptimo D\u00eda - Divisi\u00f3n Interamericana\" \/>\n<meta property=\"og:description\" content=\"L\u00edderes adventistas del s\u00e9ptimo d\u00eda confirmaron esta semana que siete de sus miembros de iglesia han muerto por causa del c\u00f3lera desde que la epidemia golpe\u00f3 a Hait\u00ed hace tres semanas. Con el n\u00famero de v&amp;ia\" \/>\n<meta property=\"og:url\" content=\"https:\/\/interamerica.org\/es\/2010\/11\/haitila-iglesia-confirma-la-muerte-de-siete-miembros-debido-al-colera\/\" \/>\n<meta property=\"og:site_name\" content=\"Iglesia Adventista del S\u00e9ptimo D\u00eda - Divisi\u00f3n Interamericana\" \/>\n<meta property=\"article:published_time\" content=\"2010-11-18T04:00:00+00:00\" \/>\n<meta property=\"article:modified_time\" content=\"2017-06-02T12:58:30+00:00\" \/>\n<meta name=\"author\" content=\"Lorenzo Verduzco\" \/>\n<meta name=\"twitter:card\" content=\"summary_large_image\" \/>\n<meta name=\"twitter:label1\" content=\"Escrito por\" \/>\n\t<meta name=\"twitter:data1\" content=\"Lorenzo Verduzco\" \/>\n\t<meta name=\"twitter:label2\" content=\"Tiempo de lectura\" \/>\n\t<meta name=\"twitter:data2\" content=\"3 minutos\" \/>\n<script type=\"application\/ld+json\" class=\"yoast-schema-graph\">{\"@context\":\"https:\\\/\\\/schema.org\",\"@graph\":[{\"@type\":\"Article\",\"@id\":\"https:\\\/\\\/interamerica.org\\\/es\\\/2010\\\/11\\\/haitila-iglesia-confirma-la-muerte-de-siete-miembros-debido-al-colera\\\/#article\",\"isPartOf\":{\"@id\":\"https:\\\/\\\/interamerica.org\\\/es\\\/2010\\\/11\\\/haitila-iglesia-confirma-la-muerte-de-siete-miembros-debido-al-colera\\\/\"},\"author\":{\"name\":\"Lorenzo Verduzco\",\"@id\":\"https:\\\/\\\/interamerica.org\\\/es\\\/#\\\/schema\\\/person\\\/68ede8bdc292885bb76c1e3810e73c39\"},\"headline\":\"Hait\u00ed:la iglesia confirma la muerte de siete miembros debido al c\u00f3lera\",\"datePublished\":\"2010-11-18T04:00:00+00:00\",\"dateModified\":\"2017-06-02T12:58:30+00:00\",\"mainEntityOfPage\":{\"@id\":\"https:\\\/\\\/interamerica.org\\\/es\\\/2010\\\/11\\\/haitila-iglesia-confirma-la-muerte-de-siete-miembros-debido-al-colera\\\/\"},\"wordCount\":606,\"articleSection\":[\"Archivo\"],\"inLanguage\":\"es\"},{\"@type\":\"WebPage\",\"@id\":\"https:\\\/\\\/interamerica.org\\\/es\\\/2010\\\/11\\\/haitila-iglesia-confirma-la-muerte-de-siete-miembros-debido-al-colera\\\/\",\"url\":\"https:\\\/\\\/interamerica.org\\\/es\\\/2010\\\/11\\\/haitila-iglesia-confirma-la-muerte-de-siete-miembros-debido-al-colera\\\/\",\"name\":\"Hait\u00ed:la iglesia confirma la muerte de siete miembros debido al c\u00f3lera - Iglesia Adventista del S\u00e9ptimo D\u00eda - Divisi\u00f3n Interamericana\",\"isPartOf\":{\"@id\":\"https:\\\/\\\/interamerica.org\\\/es\\\/#website\"},\"datePublished\":\"2010-11-18T04:00:00+00:00\",\"dateModified\":\"2017-06-02T12:58:30+00:00\",\"author\":{\"@id\":\"https:\\\/\\\/interamerica.org\\\/es\\\/#\\\/schema\\\/person\\\/68ede8bdc292885bb76c1e3810e73c39\"},\"breadcrumb\":{\"@id\":\"https:\\\/\\\/interamerica.org\\\/es\\\/2010\\\/11\\\/haitila-iglesia-confirma-la-muerte-de-siete-miembros-debido-al-colera\\\/#breadcrumb\"},\"inLanguage\":\"es\",\"potentialAction\":[{\"@type\":\"ReadAction\",\"target\":[\"https:\\\/\\\/interamerica.org\\\/es\\\/2010\\\/11\\\/haitila-iglesia-confirma-la-muerte-de-siete-miembros-debido-al-colera\\\/\"]}]},{\"@type\":\"BreadcrumbList\",\"@id\":\"https:\\\/\\\/interamerica.org\\\/es\\\/2010\\\/11\\\/haitila-iglesia-confirma-la-muerte-de-siete-miembros-debido-al-colera\\\/#breadcrumb\",\"itemListElement\":[{\"@type\":\"ListItem\",\"position\":1,\"name\":\"Home\",\"item\":\"https:\\\/\\\/interamerica.org\\\/es\\\/\"},{\"@type\":\"ListItem\",\"position\":2,\"name\":\"Hait\u00ed:la iglesia confirma la muerte de siete miembros debido al c\u00f3lera\"}]},{\"@type\":\"WebSite\",\"@id\":\"https:\\\/\\\/interamerica.org\\\/es\\\/#website\",\"url\":\"https:\\\/\\\/interamerica.org\\\/es\\\/\",\"name\":\"Iglesia Adventista del S\u00e9ptimo D\u00eda - Divisi\u00f3n Interamericana\",\"description\":\"\",\"potentialAction\":[{\"@type\":\"SearchAction\",\"target\":{\"@type\":\"EntryPoint\",\"urlTemplate\":\"https:\\\/\\\/interamerica.org\\\/es\\\/?s={search_term_string}\"},\"query-input\":{\"@type\":\"PropertyValueSpecification\",\"valueRequired\":true,\"valueName\":\"search_term_string\"}}],\"inLanguage\":\"es\"},{\"@type\":\"Person\",\"@id\":\"https:\\\/\\\/interamerica.org\\\/es\\\/#\\\/schema\\\/person\\\/68ede8bdc292885bb76c1e3810e73c39\",\"name\":\"Lorenzo Verduzco\",\"image\":{\"@type\":\"ImageObject\",\"inLanguage\":\"es\",\"@id\":\"https:\\\/\\\/secure.gravatar.com\\\/avatar\\\/fb81a55b6218459490a9c1dc841a34909185b81904c5337b4b27f7a6fd60c49e?s=96&d=mm&r=g\",\"url\":\"https:\\\/\\\/secure.gravatar.com\\\/avatar\\\/fb81a55b6218459490a9c1dc841a34909185b81904c5337b4b27f7a6fd60c49e?s=96&d=mm&r=g\",\"contentUrl\":\"https:\\\/\\\/secure.gravatar.com\\\/avatar\\\/fb81a55b6218459490a9c1dc841a34909185b81904c5337b4b27f7a6fd60c49e?s=96&d=mm&r=g\",\"caption\":\"Lorenzo Verduzco\"}}]}<\/script>\n<!-- \/ Yoast SEO plugin. -->","yoast_head_json":{"title":"Hait\u00ed:la iglesia confirma la muerte de siete miembros debido al c\u00f3lera - Iglesia Adventista del S\u00e9ptimo D\u00eda - Divisi\u00f3n Interamericana","robots":{"index":"index","follow":"follow","max-snippet":"max-snippet:-1","max-image-preview":"max-image-preview:large","max-video-preview":"max-video-preview:-1"},"canonical":"https:\/\/interamerica.org\/es\/2010\/11\/haitila-iglesia-confirma-la-muerte-de-siete-miembros-debido-al-colera\/","og_locale":"es_ES","og_type":"article","og_title":"Hait\u00ed:la iglesia confirma la muerte de siete miembros debido al c\u00f3lera - Iglesia Adventista del S\u00e9ptimo D\u00eda - Divisi\u00f3n Interamericana","og_description":"L\u00edderes adventistas del s\u00e9ptimo d\u00eda confirmaron esta semana que siete de sus miembros de iglesia han muerto por causa del c\u00f3lera desde que la epidemia golpe\u00f3 a Hait\u00ed hace tres semanas. Con el n\u00famero de v&ia","og_url":"https:\/\/interamerica.org\/es\/2010\/11\/haitila-iglesia-confirma-la-muerte-de-siete-miembros-debido-al-colera\/","og_site_name":"Iglesia Adventista del S\u00e9ptimo D\u00eda - Divisi\u00f3n Interamericana","article_published_time":"2010-11-18T04:00:00+00:00","article_modified_time":"2017-06-02T12:58:30+00:00","author":"Lorenzo Verduzco","twitter_card":"summary_large_image","twitter_misc":{"Escrito por":"Lorenzo Verduzco","Tiempo de lectura":"3 minutos"},"schema":{"@context":"https:\/\/schema.org","@graph":[{"@type":"Article","@id":"https:\/\/interamerica.org\/es\/2010\/11\/haitila-iglesia-confirma-la-muerte-de-siete-miembros-debido-al-colera\/#article","isPartOf":{"@id":"https:\/\/interamerica.org\/es\/2010\/11\/haitila-iglesia-confirma-la-muerte-de-siete-miembros-debido-al-colera\/"},"author":{"name":"Lorenzo Verduzco","@id":"https:\/\/interamerica.org\/es\/#\/schema\/person\/68ede8bdc292885bb76c1e3810e73c39"},"headline":"Hait\u00ed:la iglesia confirma la muerte de siete miembros debido al c\u00f3lera","datePublished":"2010-11-18T04:00:00+00:00","dateModified":"2017-06-02T12:58:30+00:00","mainEntityOfPage":{"@id":"https:\/\/interamerica.org\/es\/2010\/11\/haitila-iglesia-confirma-la-muerte-de-siete-miembros-debido-al-colera\/"},"wordCount":606,"articleSection":["Archivo"],"inLanguage":"es"},{"@type":"WebPage","@id":"https:\/\/interamerica.org\/es\/2010\/11\/haitila-iglesia-confirma-la-muerte-de-siete-miembros-debido-al-colera\/","url":"https:\/\/interamerica.org\/es\/2010\/11\/haitila-iglesia-confirma-la-muerte-de-siete-miembros-debido-al-colera\/","name":"Hait\u00ed:la iglesia confirma la muerte de siete miembros debido al c\u00f3lera - Iglesia Adventista del S\u00e9ptimo D\u00eda - Divisi\u00f3n Interamericana","isPartOf":{"@id":"https:\/\/interamerica.org\/es\/#website"},"datePublished":"2010-11-18T04:00:00+00:00","dateModified":"2017-06-02T12:58:30+00:00","author":{"@id":"https:\/\/interamerica.org\/es\/#\/schema\/person\/68ede8bdc292885bb76c1e3810e73c39"},"breadcrumb":{"@id":"https:\/\/interamerica.org\/es\/2010\/11\/haitila-iglesia-confirma-la-muerte-de-siete-miembros-debido-al-colera\/#breadcrumb"},"inLanguage":"es","potentialAction":[{"@type":"ReadAction","target":["https:\/\/interamerica.org\/es\/2010\/11\/haitila-iglesia-confirma-la-muerte-de-siete-miembros-debido-al-colera\/"]}]},{"@type":"BreadcrumbList","@id":"https:\/\/interamerica.org\/es\/2010\/11\/haitila-iglesia-confirma-la-muerte-de-siete-miembros-debido-al-colera\/#breadcrumb","itemListElement":[{"@type":"ListItem","position":1,"name":"Home","item":"https:\/\/interamerica.org\/es\/"},{"@type":"ListItem","position":2,"name":"Hait\u00ed:la iglesia confirma la muerte de siete miembros debido al c\u00f3lera"}]},{"@type":"WebSite","@id":"https:\/\/interamerica.org\/es\/#website","url":"https:\/\/interamerica.org\/es\/","name":"Iglesia Adventista del S\u00e9ptimo D\u00eda - Divisi\u00f3n Interamericana","description":"","potentialAction":[{"@type":"SearchAction","target":{"@type":"EntryPoint","urlTemplate":"https:\/\/interamerica.org\/es\/?s={search_term_string}"},"query-input":{"@type":"PropertyValueSpecification","valueRequired":true,"valueName":"search_term_string"}}],"inLanguage":"es"},{"@type":"Person","@id":"https:\/\/interamerica.org\/es\/#\/schema\/person\/68ede8bdc292885bb76c1e3810e73c39","name":"Lorenzo Verduzco","image":{"@type":"ImageObject","inLanguage":"es","@id":"https:\/\/secure.gravatar.com\/avatar\/fb81a55b6218459490a9c1dc841a34909185b81904c5337b4b27f7a6fd60c49e?s=96&d=mm&r=g","url":"https:\/\/secure.gravatar.com\/avatar\/fb81a55b6218459490a9c1dc841a34909185b81904c5337b4b27f7a6fd60c49e?s=96&d=mm&r=g","contentUrl":"https:\/\/secure.gravatar.com\/avatar\/fb81a55b6218459490a9c1dc841a34909185b81904c5337b4b27f7a6fd60c49e?s=96&d=mm&r=g","caption":"Lorenzo Verduzco"}}]}},"_links":{"self":[{"href":"https:\/\/interamerica.org\/es\/wp-json\/wp\/v2\/posts\/11690","targetHints":{"allow":["GET"]}}],"collection":[{"href":"https:\/\/interamerica.org\/es\/wp-json\/wp\/v2\/posts"}],"about":[{"href":"https:\/\/interamerica.org\/es\/wp-json\/wp\/v2\/types\/post"}],"author":[{"embeddable":true,"href":"https:\/\/interamerica.org\/es\/wp-json\/wp\/v2\/users\/1"}],"replies":[{"embeddable":true,"href":"https:\/\/interamerica.org\/es\/wp-json\/wp\/v2\/comments?post=11690"}],"version-history":[{"count":0,"href":"https:\/\/interamerica.org\/es\/wp-json\/wp\/v2\/posts\/11690\/revisions"}],"wp:attachment":[{"href":"https:\/\/interamerica.org\/es\/wp-json\/wp\/v2\/media?parent=11690"}],"wp:term":[{"taxonomy":"category","embeddable":true,"href":"https:\/\/interamerica.org\/es\/wp-json\/wp\/v2\/categories?post=11690"},{"taxonomy":"post_tag","embeddable":true,"href":"https:\/\/interamerica.org\/es\/wp-json\/wp\/v2\/tags?post=11690"}],"curies":[{"name":"wp","href":"https:\/\/api.w.org\/{rel}","templated":true}]}}