{"id":11691,"date":"2010-11-23T00:00:00","date_gmt":"2010-11-23T04:00:00","guid":{"rendered":"http:\/\/192.81.217.108\/interamerica\/2010\/11\/asia-europea-liderazgo-adventista-se-conecta-con-miembros-extraviados\/"},"modified":"2017-06-02T08:58:29","modified_gmt":"2017-06-02T12:58:29","slug":"asia-europea-liderazgo-adventista-se-conecta-con-miembros-extraviados","status":"publish","type":"post","link":"https:\/\/interamerica.org\/es\/2010\/11\/asia-europea-liderazgo-adventista-se-conecta-con-miembros-extraviados\/","title":{"rendered":"Asia Europea, Liderazgo adventista se conecta con miembros extraviados"},"content":{"rendered":"<p>23 de noviembre, 2010, Bucha, Ucrania&#8230;Elizabeth Lechleitner\/ANN <\/p>\n<p>Oficiales de la iglesia adventista del s\u00e9ptimo d\u00eda en Rusia y en Europa oriental est\u00e1n extendiendo una invitaci\u00f3n a miembros extraviados y, en algunos casos, pidi\u00e9ndoles perd\u00f3n p\u00fablicamente&#8211; todo parte del plan de la regi\u00f3n de darles una bienvenida de regreso a los miembros inactivos. <\/p>\n<p>Lanzado en 2008,  \u00abVuelve a Casa\u00bb se est\u00e1 acelerando cuando los l\u00edderes de la iglesia desde Ucrania a Siberia procuran encontrar y conectarse con miembros extraviados antes de una revisi\u00f3n de largo alcance de los registros de la membrec\u00eda el pr\u00f3ximo a\u00f1o. <\/p>\n<p>La regi\u00f3n, en a\u00f1os recientes, ha realizado auditor\u00edas aisladas de feligres\u00eda &#8211; entre 1992 y 2010, el liderazgo removi\u00f3 unos 130,000 miembros de los registros oficiales.  Sin embargo, durante las reuniones de negocio regionales de fin de a\u00f1o, este mes, los delgados votaron llevar a cabo la primera auditor\u00eda de la feligres\u00eda total regional. <\/p>\n<p>Donde las auditor\u00edas de rutina de la feligres\u00eda se han enfocado en remover miembros que han muerto, emigrado o de otra forma transferido la membrec\u00eda, esta revisi\u00f3n pondr\u00e1 \u00e9nfasis en los as\u00ed llamados miembros \u00abextraviados\u00bb, muchos de ellos quienes aceptaron la fe adventista despu\u00e9s de uno de muchos eventos de evangelizaci\u00f3n p\u00fablica en la regi\u00f3n, pero que dejaron de asistir poco tiempo despu\u00e9s. <\/p>\n<p>Mientras los eventos p\u00fablicos continuar\u00e1n jugando un papel clave en los esfuerzos por alcanzar la gente en Asia Europea, los l\u00edderes regionales urgen una evangelizaci\u00f3n responsable, donde los miembros reci\u00e9n bautizados sean bienvenidos a una familia de iglesia y capacitados para el ministerio. <\/p>\n<p>\u00abLas auditor\u00edas de la feligres\u00eda no son solo para chequear nuestros registros, sino para evaluar nuestro c\u00edrculo de inter\u00e9s y responsabilidad\u00bb, Guillermo Biaggi, presidente de la iglesia en Asia Europea, dijo a los delegados reunidos en el campus del colegio adventista en Bucha. <\/p>\n<p>El secretario de la iglesia a nivel mundial, G.T. Ng, que asisti\u00f3 a las reuniones, elogi\u00f3 la dedicaci\u00f3n de la regi\u00f3n hacia un registro de membrec\u00eda honesto y urgi\u00f3 a los l\u00edderes locales a no evitar la tarea porque se preocupan de que su reputaci\u00f3n o representaci\u00f3n est\u00e9 en juego. <\/p>\n<p>\u00abNo se pierde nada en ser honesto\u00bb, dijo Ng. \u00abCiertamente nos enorgullecemos de nuestro trabajo, pero nuestro orgullo debe basarse, sobre todo, en algo m\u00e1s s\u00f3lido que lo que hemos anotado en los libros\u00bb. <\/p>\n<p>Ng, quien hasta 2006 sirvi\u00f3 como secretario para la regi\u00f3n Sure\u00f1a del Pac\u00edfico Asi\u00e1tico, fue testigo de una auditoria de la feligres\u00eda all\u00e1, la cual \u00e9l recuerda, fue penosa y meticulosa, llevando la regi\u00f3n a una eventual p\u00e9rdida de 300,000 miembros. La iglesia en Sudam\u00e9rica tuvo p\u00e9rdidas similares cuando realizaron una auditoria de la feligres\u00eda poco despu\u00e9s. Aunque no es animador, comenzar de nuevo con n\u00fameros reales finalmente llev\u00f3 a un crecimiento en la membrec\u00eda en ambas regiones, dijo Ng. <\/p>\n<p>Una auditoria de la feligres\u00eda puede ser un chequeo de la realidad para los l\u00edderes de la iglesia as\u00ed como para los miembros de la iglesia local, quienes comprenden que sus acciones o apat\u00eda &#8211; deliberada o no &#8211; puede haber ahuyentado a nuevos creyentes, dijo Mikhael Kaminsky, director de la Oficina de Evaluaci\u00f3n y Evaluaci\u00f3n de Programa para la iglesia en Euro Asia. <\/p>\n<p>Cambiar el clima en las bancas, dijo Kaminskiy, es una prioridad primordial de \u00abVuelve a Casa\u00bb. Los <\/p>\n<p>miembros extraviados probablemente no \u00abvuelvan a casa\u00bb si nunca se sintieron en casa en la iglesia\u00bb para empezar.  \u00abS\u00e9 amigable, abierto, sonr\u00eda, d\u00e9 la bienvenida a la gente. No hiera o juzgue\u00bb, dijo Kaminskiy, quien tambi\u00e9n se desempe\u00f1a como vicepresidente de la regi\u00f3n. <\/p>\n<p>Vladimir Krupskyi, secretario para la iglesia adventista en Asia Europea, concuerda. \u00abDentro de la iglesia debe haber cambios a fin de que llegue a ser atractiva a la comunidad\u00bb dijo \u00e9l. \u00abLa iglesia debe resolver sus propios problemas antes de que pueda resolver los de la comunidad. <\/p>\n<p>Los miembros extraviados que se sintieron marginados despu\u00e9s del bautismo, pronto tendr\u00e1n una carta del anterior presidente de la regi\u00f3n, Artur Stele, en sus apartados de correo donde se les pide disculpa. La carta, que pide perd\u00f3n por heridas del pasado o negligencia, tambi\u00e9n incluye una invitaci\u00f3n personal a que le den a la iglesia otra oportunidad. <\/p>\n<p>Muchas de las congregaciones de la regi\u00f3n tambi\u00e9n est\u00e1n orando regularmente por miembros extraviados por nombre, visit\u00e1ndolos y buscando reconectarse y construir relaci\u00f3n. Los pastores en Asia Europea est\u00e1n animados para emplear, al menos 10 minutos por cada servicio de adoraci\u00f3n del s\u00e1bado para concientizar a cerca de \u00abVuelve a Casa\u00bb, dijo Kaminskiy. <\/p>\n<p>Hace poco, cuando su pastor le\u00eda los nombres de miembros extraviados para oraci\u00f3n especial, un delegado laico de Moldova dijo un antiguo drogadicto en la lista levant\u00f3 su mano cuando su nombre fue le\u00eddo. \u00abUstedes pueden eliminar mi nombre, yo he vuelto a casa\u00bb, dijo \u00e9l. <\/p>\n<p>El liderazgo regional proveer\u00e1 recursos &#8211; incluyendo una muestra de serm\u00f3n sobre amor cristiano, perd\u00f3n y aceptaci\u00f3n &#8211; para cada pastor que quiere prepararse para \u00abVuelve a Casa\u00bb, dijo Kaminskiy. \u00abEsto debe ser parte de los servicios, cultos y peque\u00f1os grupos. No queremos dejar que \u00abVuelve a Casa\u00bb corra por su cuenta\u00bb. <\/p>\n<p>A\u00fan, algunas Iglesias no est\u00e1n involucradas en el programa. Kaminskiy admite que llevar una iniciativa desde la m\u00e1xima administraci\u00f3n a que tome ra\u00edz a nivel local queda como una de las \u00ab\u00e1reas d\u00e9biles\u00bb de la iglesia adventista\u00bb. \u00c9l espera que enfatizando el programa en las m\u00e1ximas reuniones de negocio de la regi\u00f3n ayudar\u00e1 a \u00abgenerar inter\u00e9s\u00bb, en especial entre l\u00edderes a nivel de la administraci\u00f3n de asociaci\u00f3n, que tiene m\u00e1s contacto con las iglesias locales. <\/p>\n<p>Cuando los l\u00edderes empiecen a auditar la feligres\u00eda de la iglesia el pr\u00f3ximo a\u00f1o, \u00abVuelve a Casa\u00bb no terminar\u00e1. Kaminskiy ve los programas funcionando paralelos el uno del otro, indefinidamente. <\/p>\n<p>De la misma forma lo ve V\u00edctor Alekseenko, presidente de la iglesia adventista en Ucrania. \u00abNo queremos simplemente borrar los miembros extraviados, reconciliar los n\u00fameros. Queremos traerlos de regreso\u00bb, dijo \u00e9l. <\/p>\n<p>Traducci\u00f3n: Aleida Romero  <\/p><\/p>\n","protected":false},"excerpt":{"rendered":"<p>Oficiales de la Iglesia Adventista del S\u00e9ptimo D\u00eda en Rusia y en Europa oriental est\u00e1n extendiendo una invitaci\u00f3n a miembros extraviados y, en algunos casos, pidi\u00e9ndoles perd\u00f3n p\u00fablicamente.<\/p>\n","protected":false},"author":1,"featured_media":0,"comment_status":"closed","ping_status":"closed","sticky":false,"template":"","format":"standard","meta":{"_acf_changed":false,"footnotes":""},"categories":[8],"tags":[],"class_list":["post-11691","post","type-post","status-publish","format-standard","hentry","category-archivo"],"acf":[],"yoast_head":"<!-- This site is optimized with the Yoast SEO plugin v27.3 - https:\/\/yoast.com\/product\/yoast-seo-wordpress\/ -->\n<title>Asia Europea, Liderazgo adventista se conecta con miembros extraviados - Iglesia Adventista del S\u00e9ptimo D\u00eda - Divisi\u00f3n Interamericana<\/title>\n<meta name=\"robots\" content=\"index, follow, max-snippet:-1, max-image-preview:large, max-video-preview:-1\" \/>\n<link rel=\"canonical\" href=\"https:\/\/interamerica.org\/es\/2010\/11\/asia-europea-liderazgo-adventista-se-conecta-con-miembros-extraviados\/\" \/>\n<meta property=\"og:locale\" content=\"es_ES\" \/>\n<meta property=\"og:type\" content=\"article\" \/>\n<meta property=\"og:title\" content=\"Asia Europea, Liderazgo adventista se conecta con miembros extraviados - Iglesia Adventista del S\u00e9ptimo D\u00eda - Divisi\u00f3n Interamericana\" \/>\n<meta property=\"og:description\" content=\"Oficiales de la Iglesia Adventista del S\u00e9ptimo D\u00eda en Rusia y en Europa oriental est\u00e1n extendiendo una invitaci\u00f3n a miembros extraviados y, en algunos casos, pidi\u00e9ndoles perd\u00f3n p\u00fablicamente.\" \/>\n<meta property=\"og:url\" content=\"https:\/\/interamerica.org\/es\/2010\/11\/asia-europea-liderazgo-adventista-se-conecta-con-miembros-extraviados\/\" \/>\n<meta property=\"og:site_name\" content=\"Iglesia Adventista del S\u00e9ptimo D\u00eda - Divisi\u00f3n Interamericana\" \/>\n<meta property=\"article:published_time\" content=\"2010-11-23T04:00:00+00:00\" \/>\n<meta property=\"article:modified_time\" content=\"2017-06-02T12:58:29+00:00\" \/>\n<meta name=\"author\" content=\"Lorenzo Verduzco\" \/>\n<meta name=\"twitter:card\" content=\"summary_large_image\" \/>\n<meta name=\"twitter:label1\" content=\"Escrito por\" \/>\n\t<meta name=\"twitter:data1\" content=\"Lorenzo Verduzco\" \/>\n\t<meta name=\"twitter:label2\" content=\"Tiempo de lectura\" \/>\n\t<meta name=\"twitter:data2\" content=\"5 minutos\" \/>\n<script type=\"application\/ld+json\" class=\"yoast-schema-graph\">{\"@context\":\"https:\\\/\\\/schema.org\",\"@graph\":[{\"@type\":\"Article\",\"@id\":\"https:\\\/\\\/interamerica.org\\\/es\\\/2010\\\/11\\\/asia-europea-liderazgo-adventista-se-conecta-con-miembros-extraviados\\\/#article\",\"isPartOf\":{\"@id\":\"https:\\\/\\\/interamerica.org\\\/es\\\/2010\\\/11\\\/asia-europea-liderazgo-adventista-se-conecta-con-miembros-extraviados\\\/\"},\"author\":{\"name\":\"Lorenzo Verduzco\",\"@id\":\"https:\\\/\\\/interamerica.org\\\/es\\\/#\\\/schema\\\/person\\\/68ede8bdc292885bb76c1e3810e73c39\"},\"headline\":\"Asia Europea, Liderazgo adventista se conecta con miembros extraviados\",\"datePublished\":\"2010-11-23T04:00:00+00:00\",\"dateModified\":\"2017-06-02T12:58:29+00:00\",\"mainEntityOfPage\":{\"@id\":\"https:\\\/\\\/interamerica.org\\\/es\\\/2010\\\/11\\\/asia-europea-liderazgo-adventista-se-conecta-con-miembros-extraviados\\\/\"},\"wordCount\":1091,\"articleSection\":[\"Archivo\"],\"inLanguage\":\"es\"},{\"@type\":\"WebPage\",\"@id\":\"https:\\\/\\\/interamerica.org\\\/es\\\/2010\\\/11\\\/asia-europea-liderazgo-adventista-se-conecta-con-miembros-extraviados\\\/\",\"url\":\"https:\\\/\\\/interamerica.org\\\/es\\\/2010\\\/11\\\/asia-europea-liderazgo-adventista-se-conecta-con-miembros-extraviados\\\/\",\"name\":\"Asia Europea, Liderazgo adventista se conecta con miembros extraviados - Iglesia Adventista del S\u00e9ptimo D\u00eda - Divisi\u00f3n Interamericana\",\"isPartOf\":{\"@id\":\"https:\\\/\\\/interamerica.org\\\/es\\\/#website\"},\"datePublished\":\"2010-11-23T04:00:00+00:00\",\"dateModified\":\"2017-06-02T12:58:29+00:00\",\"author\":{\"@id\":\"https:\\\/\\\/interamerica.org\\\/es\\\/#\\\/schema\\\/person\\\/68ede8bdc292885bb76c1e3810e73c39\"},\"breadcrumb\":{\"@id\":\"https:\\\/\\\/interamerica.org\\\/es\\\/2010\\\/11\\\/asia-europea-liderazgo-adventista-se-conecta-con-miembros-extraviados\\\/#breadcrumb\"},\"inLanguage\":\"es\",\"potentialAction\":[{\"@type\":\"ReadAction\",\"target\":[\"https:\\\/\\\/interamerica.org\\\/es\\\/2010\\\/11\\\/asia-europea-liderazgo-adventista-se-conecta-con-miembros-extraviados\\\/\"]}]},{\"@type\":\"BreadcrumbList\",\"@id\":\"https:\\\/\\\/interamerica.org\\\/es\\\/2010\\\/11\\\/asia-europea-liderazgo-adventista-se-conecta-con-miembros-extraviados\\\/#breadcrumb\",\"itemListElement\":[{\"@type\":\"ListItem\",\"position\":1,\"name\":\"Home\",\"item\":\"https:\\\/\\\/interamerica.org\\\/es\\\/\"},{\"@type\":\"ListItem\",\"position\":2,\"name\":\"Asia Europea, Liderazgo adventista se conecta con miembros extraviados\"}]},{\"@type\":\"WebSite\",\"@id\":\"https:\\\/\\\/interamerica.org\\\/es\\\/#website\",\"url\":\"https:\\\/\\\/interamerica.org\\\/es\\\/\",\"name\":\"Iglesia Adventista del S\u00e9ptimo D\u00eda - Divisi\u00f3n Interamericana\",\"description\":\"\",\"potentialAction\":[{\"@type\":\"SearchAction\",\"target\":{\"@type\":\"EntryPoint\",\"urlTemplate\":\"https:\\\/\\\/interamerica.org\\\/es\\\/?s={search_term_string}\"},\"query-input\":{\"@type\":\"PropertyValueSpecification\",\"valueRequired\":true,\"valueName\":\"search_term_string\"}}],\"inLanguage\":\"es\"},{\"@type\":\"Person\",\"@id\":\"https:\\\/\\\/interamerica.org\\\/es\\\/#\\\/schema\\\/person\\\/68ede8bdc292885bb76c1e3810e73c39\",\"name\":\"Lorenzo Verduzco\",\"image\":{\"@type\":\"ImageObject\",\"inLanguage\":\"es\",\"@id\":\"https:\\\/\\\/secure.gravatar.com\\\/avatar\\\/fb81a55b6218459490a9c1dc841a34909185b81904c5337b4b27f7a6fd60c49e?s=96&d=mm&r=g\",\"url\":\"https:\\\/\\\/secure.gravatar.com\\\/avatar\\\/fb81a55b6218459490a9c1dc841a34909185b81904c5337b4b27f7a6fd60c49e?s=96&d=mm&r=g\",\"contentUrl\":\"https:\\\/\\\/secure.gravatar.com\\\/avatar\\\/fb81a55b6218459490a9c1dc841a34909185b81904c5337b4b27f7a6fd60c49e?s=96&d=mm&r=g\",\"caption\":\"Lorenzo Verduzco\"}}]}<\/script>\n<!-- \/ Yoast SEO plugin. -->","yoast_head_json":{"title":"Asia Europea, Liderazgo adventista se conecta con miembros extraviados - Iglesia Adventista del S\u00e9ptimo D\u00eda - Divisi\u00f3n Interamericana","robots":{"index":"index","follow":"follow","max-snippet":"max-snippet:-1","max-image-preview":"max-image-preview:large","max-video-preview":"max-video-preview:-1"},"canonical":"https:\/\/interamerica.org\/es\/2010\/11\/asia-europea-liderazgo-adventista-se-conecta-con-miembros-extraviados\/","og_locale":"es_ES","og_type":"article","og_title":"Asia Europea, Liderazgo adventista se conecta con miembros extraviados - Iglesia Adventista del S\u00e9ptimo D\u00eda - Divisi\u00f3n Interamericana","og_description":"Oficiales de la Iglesia Adventista del S\u00e9ptimo D\u00eda en Rusia y en Europa oriental est\u00e1n extendiendo una invitaci\u00f3n a miembros extraviados y, en algunos casos, pidi\u00e9ndoles perd\u00f3n p\u00fablicamente.","og_url":"https:\/\/interamerica.org\/es\/2010\/11\/asia-europea-liderazgo-adventista-se-conecta-con-miembros-extraviados\/","og_site_name":"Iglesia Adventista del S\u00e9ptimo D\u00eda - Divisi\u00f3n Interamericana","article_published_time":"2010-11-23T04:00:00+00:00","article_modified_time":"2017-06-02T12:58:29+00:00","author":"Lorenzo Verduzco","twitter_card":"summary_large_image","twitter_misc":{"Escrito por":"Lorenzo Verduzco","Tiempo de lectura":"5 minutos"},"schema":{"@context":"https:\/\/schema.org","@graph":[{"@type":"Article","@id":"https:\/\/interamerica.org\/es\/2010\/11\/asia-europea-liderazgo-adventista-se-conecta-con-miembros-extraviados\/#article","isPartOf":{"@id":"https:\/\/interamerica.org\/es\/2010\/11\/asia-europea-liderazgo-adventista-se-conecta-con-miembros-extraviados\/"},"author":{"name":"Lorenzo Verduzco","@id":"https:\/\/interamerica.org\/es\/#\/schema\/person\/68ede8bdc292885bb76c1e3810e73c39"},"headline":"Asia Europea, Liderazgo adventista se conecta con miembros extraviados","datePublished":"2010-11-23T04:00:00+00:00","dateModified":"2017-06-02T12:58:29+00:00","mainEntityOfPage":{"@id":"https:\/\/interamerica.org\/es\/2010\/11\/asia-europea-liderazgo-adventista-se-conecta-con-miembros-extraviados\/"},"wordCount":1091,"articleSection":["Archivo"],"inLanguage":"es"},{"@type":"WebPage","@id":"https:\/\/interamerica.org\/es\/2010\/11\/asia-europea-liderazgo-adventista-se-conecta-con-miembros-extraviados\/","url":"https:\/\/interamerica.org\/es\/2010\/11\/asia-europea-liderazgo-adventista-se-conecta-con-miembros-extraviados\/","name":"Asia Europea, Liderazgo adventista se conecta con miembros extraviados - Iglesia Adventista del S\u00e9ptimo D\u00eda - Divisi\u00f3n Interamericana","isPartOf":{"@id":"https:\/\/interamerica.org\/es\/#website"},"datePublished":"2010-11-23T04:00:00+00:00","dateModified":"2017-06-02T12:58:29+00:00","author":{"@id":"https:\/\/interamerica.org\/es\/#\/schema\/person\/68ede8bdc292885bb76c1e3810e73c39"},"breadcrumb":{"@id":"https:\/\/interamerica.org\/es\/2010\/11\/asia-europea-liderazgo-adventista-se-conecta-con-miembros-extraviados\/#breadcrumb"},"inLanguage":"es","potentialAction":[{"@type":"ReadAction","target":["https:\/\/interamerica.org\/es\/2010\/11\/asia-europea-liderazgo-adventista-se-conecta-con-miembros-extraviados\/"]}]},{"@type":"BreadcrumbList","@id":"https:\/\/interamerica.org\/es\/2010\/11\/asia-europea-liderazgo-adventista-se-conecta-con-miembros-extraviados\/#breadcrumb","itemListElement":[{"@type":"ListItem","position":1,"name":"Home","item":"https:\/\/interamerica.org\/es\/"},{"@type":"ListItem","position":2,"name":"Asia Europea, Liderazgo adventista se conecta con miembros extraviados"}]},{"@type":"WebSite","@id":"https:\/\/interamerica.org\/es\/#website","url":"https:\/\/interamerica.org\/es\/","name":"Iglesia Adventista del S\u00e9ptimo D\u00eda - Divisi\u00f3n Interamericana","description":"","potentialAction":[{"@type":"SearchAction","target":{"@type":"EntryPoint","urlTemplate":"https:\/\/interamerica.org\/es\/?s={search_term_string}"},"query-input":{"@type":"PropertyValueSpecification","valueRequired":true,"valueName":"search_term_string"}}],"inLanguage":"es"},{"@type":"Person","@id":"https:\/\/interamerica.org\/es\/#\/schema\/person\/68ede8bdc292885bb76c1e3810e73c39","name":"Lorenzo Verduzco","image":{"@type":"ImageObject","inLanguage":"es","@id":"https:\/\/secure.gravatar.com\/avatar\/fb81a55b6218459490a9c1dc841a34909185b81904c5337b4b27f7a6fd60c49e?s=96&d=mm&r=g","url":"https:\/\/secure.gravatar.com\/avatar\/fb81a55b6218459490a9c1dc841a34909185b81904c5337b4b27f7a6fd60c49e?s=96&d=mm&r=g","contentUrl":"https:\/\/secure.gravatar.com\/avatar\/fb81a55b6218459490a9c1dc841a34909185b81904c5337b4b27f7a6fd60c49e?s=96&d=mm&r=g","caption":"Lorenzo Verduzco"}}]}},"_links":{"self":[{"href":"https:\/\/interamerica.org\/es\/wp-json\/wp\/v2\/posts\/11691","targetHints":{"allow":["GET"]}}],"collection":[{"href":"https:\/\/interamerica.org\/es\/wp-json\/wp\/v2\/posts"}],"about":[{"href":"https:\/\/interamerica.org\/es\/wp-json\/wp\/v2\/types\/post"}],"author":[{"embeddable":true,"href":"https:\/\/interamerica.org\/es\/wp-json\/wp\/v2\/users\/1"}],"replies":[{"embeddable":true,"href":"https:\/\/interamerica.org\/es\/wp-json\/wp\/v2\/comments?post=11691"}],"version-history":[{"count":0,"href":"https:\/\/interamerica.org\/es\/wp-json\/wp\/v2\/posts\/11691\/revisions"}],"wp:attachment":[{"href":"https:\/\/interamerica.org\/es\/wp-json\/wp\/v2\/media?parent=11691"}],"wp:term":[{"taxonomy":"category","embeddable":true,"href":"https:\/\/interamerica.org\/es\/wp-json\/wp\/v2\/categories?post=11691"},{"taxonomy":"post_tag","embeddable":true,"href":"https:\/\/interamerica.org\/es\/wp-json\/wp\/v2\/tags?post=11691"}],"curies":[{"name":"wp","href":"https:\/\/api.w.org\/{rel}","templated":true}]}}