{"id":116998,"date":"2024-07-17T13:09:27","date_gmt":"2024-07-17T17:09:27","guid":{"rendered":"https:\/\/interamerica.org\/?p=116998"},"modified":"2024-07-17T18:53:12","modified_gmt":"2024-07-17T22:53:12","slug":"encuentro-de-comunicadores-digitales-adventistas-se-enfoca-en-esfuerzos-por-compartir-el-evangelio","status":"publish","type":"post","link":"https:\/\/interamerica.org\/es\/2024\/07\/encuentro-de-comunicadores-digitales-adventistas-se-enfoca-en-esfuerzos-por-compartir-el-evangelio\/","title":{"rendered":"Encuentro de comunicadores digitales adventistas se enfoca en esfuerzos por compartir el evangelio"},"content":{"rendered":"<p class=\"c-post-header__subtitle\"><em> Evento de Tailandia celebr\u00f3 veinte a\u00f1os de la Red Global Adventista de Internet (GAiN).<\/em><\/p>\n<p>15 de julio de 2024 | Chiang Mai, Tailandia | Felipe Lemos, Divisi\u00f3n Sudamericana, y Adventist Review<\/p>\n<p>Los desaf\u00edos comunicacionales de una iglesia mundial son proporcionalmente gigantescos. Durante dos d\u00e9cadas, los adventistas han estado analizando maneras de comunicar efectivamente el mensaje b\u00edblico de salvaci\u00f3n a diversas audiencias con caracter\u00edsticas culturales extremadamente diversas. El encuentro mundial llamado GAiN, un acr\u00f3nimo para designar a la Red Global Adventista de Internet, es una reuni\u00f3n de la red mundial de comunicadores, que se enfoca especialmente en la acci\u00f3n de evangelizaci\u00f3n en el ambiente digital.<\/p>\n<p>El encuentro re\u00fane a profesionales de una diversidad de categor\u00edas de comunicaci\u00f3n que trabajan directa o indirectamente en proyectos de comunicaci\u00f3n institucionales o no institucionales. El evento ya ha sido organizado por pa\u00edses y regiones como Jamaica, los Estados Unidos, Hong Kong, Corea del Sur y Brasil, y su vig\u00e9simo encuentro, en 2024, se llev\u00f3 a cabo del 10-13 de julio en la ciudad de Chiang Mai, en el norte de Tailandia.<\/p>\n<p><div id=\"attachment_116966\" style=\"width: 868px\" class=\"wp-caption aligncenter\"><img fetchpriority=\"high\" decoding=\"async\" aria-describedby=\"caption-attachment-116966\" class=\" wp-image-116964\" src=\"https:\/\/interamerica.org\/wp-content\/uploads\/2024\/07\/gain-headline20-anos-1024x576.jpg\" alt=\"\" width=\"858\" height=\"483\" srcset=\"https:\/\/interamerica.org\/wp-content\/uploads\/2024\/07\/gain-headline20-anos-1024x576.jpg 1024w, https:\/\/interamerica.org\/wp-content\/uploads\/2024\/07\/gain-headline20-anos-300x169.jpg 300w, https:\/\/interamerica.org\/wp-content\/uploads\/2024\/07\/gain-headline20-anos-768x432.jpg 768w, https:\/\/interamerica.org\/wp-content\/uploads\/2024\/07\/gain-headline20-anos-1536x864.jpg 1536w, https:\/\/interamerica.org\/wp-content\/uploads\/2024\/07\/gain-headline20-anos.jpg 2048w\" sizes=\"(max-width: 858px) 100vw, 858px\" \/><p id=\"caption-attachment-116966\" class=\"wp-caption-text\">La cumbre del vig\u00e9simo aniversario de GAiN en Tailandia cont\u00f3 con momentos de reflexi\u00f3n sobre medidas estrat\u00e9gicas adoptadas en varias regiones del mundo para compartir el evangelio. [Fotograf\u00eda: cortes\u00eda de la Divisi\u00f3n de Asia-Pac\u00edfico Sur]<\/p><\/div>El inmenso foro hizo que sus 550 participantes tuvieran conocimiento de dos dimensiones muy claras. Una de ellas es la producci\u00f3n de filmes, series y otros productos cinematogr\u00e1ficos en el contexto del evangelismo. Se dio \u00e9nfasis a la necesidad de incrementar la producci\u00f3n de contenidos para alcanzar a aquellos que quieren saber m\u00e1s de la Biblia.<\/p>\n<p>GAiN tambi\u00e9n ofreci\u00f3 inspiraci\u00f3n en relaci\u00f3n con proyectos misioneros, en especial los que se llevan a cabo en Asia. Muchas de esas iniciativas usan la tecnolog\u00eda digital para mejorar los resultados.<\/p>\n<p><strong>Un desaf\u00edo llamado Asia<\/strong><\/p>\n<p>Asia es un inmenso continente en el que el cristianismo es una religi\u00f3n minoritaria y el adventismo se encuentra en su infancia. Aun as\u00ed, los esfuerzos misioneros de la iglesia se est\u00e1n incrementando en intensidad y frecuencia.<\/p>\n<p>La religiosidad en el Sudeste Asi\u00e1tico, que es mayormente budista, es considerada una barrera natural para el progreso de iniciativas cristianas. Lo que est\u00e1 claro es las t\u00edpicas producciones de comunicaci\u00f3n de los cristianos necesitan ser a\u00f1adidas al trabajo de la comunicaci\u00f3n basado en las relaciones interpersonales.<\/p>\n<p>El director del Centro de Religiones de Asia Oriental en la Asociaci\u00f3n General de la Iglesia Adventista (GC), Khamsay Phetchareun, explic\u00f3 que los sistemas de creencias como es el caso del budismo poseen una perspectiva totalmente divergente del cristianismo en lo que respecta a su concepci\u00f3n de Dios, el sufrimiento humano, y aun los rituales de fe. En su evaluaci\u00f3n, un nuevo miembro adventista que provenga de ese trasfondo religiosa necesita por lo tanto ser recibido mucho mejor, porque cuando esa persona cambia de religi\u00f3n, llegan literalmente a ser parte de una nueva familia.<\/p>\n<p><div id=\"attachment_116969\" style=\"width: 582px\" class=\"wp-caption aligncenter\"><img decoding=\"async\" aria-describedby=\"caption-attachment-116969\" class=\" wp-image-116967\" src=\"https:\/\/interamerica.org\/wp-content\/uploads\/2024\/07\/gain-220-anos2-836x1024.jpg\" alt=\"\" width=\"572\" height=\"701\" srcset=\"https:\/\/interamerica.org\/wp-content\/uploads\/2024\/07\/gain-220-anos2-836x1024.jpg 836w, https:\/\/interamerica.org\/wp-content\/uploads\/2024\/07\/gain-220-anos2-245x300.jpg 245w, https:\/\/interamerica.org\/wp-content\/uploads\/2024\/07\/gain-220-anos2-768x941.jpg 768w, https:\/\/interamerica.org\/wp-content\/uploads\/2024\/07\/gain-220-anos2-1254x1536.jpg 1254w, https:\/\/interamerica.org\/wp-content\/uploads\/2024\/07\/gain-220-anos2.jpg 1500w\" sizes=\"(max-width: 572px) 100vw, 572px\" \/><p id=\"caption-attachment-116969\" class=\"wp-caption-text\">Equipo de voluntarios que trabaja en proyectos de evangelizaci\u00f3n digital en las Filipinas. [Fotograf\u00eda: cortes\u00eda de la Divisi\u00f3n de Asia-Pac\u00edfico Sur]<\/p><\/div><strong>Comunicaci\u00f3n eficiente<\/strong><\/p>\n<p>En las Filipinas, la Iglesia Adventista del S\u00e9ptimo D\u00eda mantiene un centro de evangelismo en l\u00ednea. En el presente, 42 misioneros j\u00f3venes de entre 20 y 25 a\u00f1os, que representan a veinte pa\u00edses diferentes, ense\u00f1an la Biblia y ayudan a las personas interesadas en saber m\u00e1s de Dios seg\u00fan lo revelan los adventistas.<\/p>\n<p>El director del centro, Elexis Mercado, dijo que cada mes, se env\u00edan unas cincuenta Biblias a la gente, la mayor\u00eda de las cuales vive en pa\u00edses de Asia. Entre enero y julio de 2024, al menos 16 personas fueron bautizadas mediante la influencia directa de esta obra. En la pr\u00e1ctica, esos misioneros suelen trabajar en el proyecto durante un a\u00f1o, dirigir las oraciones, el di\u00e1logo, y los cursos b\u00edblicos para personas que llegan a ellos mediante el contacto con el contenido generado y diseminado en las redes sociales.<\/p>\n<p>En Corea del Sur, un experimento con avisos pagos en los medios sociales busca atraer a las personas para aprender m\u00e1s de los adventistas y sus ense\u00f1anzas. Seung Cheon Ji es el director de comunicaci\u00f3n y evangelismo digital en la sede administrativa de Gwangju, a tres horas de Se\u00fal, la capital del pa\u00eds. Destac\u00f3 que el proyecto piloto comenz\u00f3 hace poco m\u00e1s de un mes en cuatro congregaciones. Seg\u00fan Ji, en una iglesia, las campa\u00f1as digitales ofrecieron oraciones por las personas por medio de Facebook e Instagram.<\/p>\n<p>El alcance de los avisos en solo una iglesia y durante m\u00e1s de treinta d\u00edas fue de m\u00e1s de 63 mil personas en un radio de cinco kil\u00f3metros de la congregaci\u00f3n. De esas personas, 101 respondieron, y un total de cuarenta fueron catalogados como los contactos m\u00e1s prometedores. De entre los cuarenta m\u00e1s interesados, solo un poco m\u00e1s del sesenta por ciento mantuvo alg\u00fan tipo de participaci\u00f3n como resultado de los pedidos de oraci\u00f3n. El veinte por ciento, sin embargo, respondi\u00f3 de manera activa, y aun mostr\u00f3 inter\u00e9s en asistir a un culto de una congregaci\u00f3n adventista.<\/p>\n<p><div id=\"attachment_116972\" style=\"width: 859px\" class=\"wp-caption aligncenter\"><img decoding=\"async\" aria-describedby=\"caption-attachment-116972\" class=\" wp-image-116970\" src=\"https:\/\/interamerica.org\/wp-content\/uploads\/2024\/07\/20-anos5jpeg-1536x864-1-1024x576.jpeg\" alt=\"\" width=\"849\" height=\"478\" srcset=\"https:\/\/interamerica.org\/wp-content\/uploads\/2024\/07\/20-anos5jpeg-1536x864-1-1024x576.jpeg 1024w, https:\/\/interamerica.org\/wp-content\/uploads\/2024\/07\/20-anos5jpeg-1536x864-1-300x169.jpeg 300w, https:\/\/interamerica.org\/wp-content\/uploads\/2024\/07\/20-anos5jpeg-1536x864-1-768x432.jpeg 768w, https:\/\/interamerica.org\/wp-content\/uploads\/2024\/07\/20-anos5jpeg-1536x864-1.jpeg 1536w\" sizes=\"(max-width: 849px) 100vw, 849px\" \/><p id=\"caption-attachment-116972\" class=\"wp-caption-text\">Varias iniciativas en diversas partes del mundo est\u00e1n haciendo uso de contenidos audiovisuales para llevar a las personas al conocimiento de la Biblia. [Fotograf\u00eda: cortes\u00eda de la Divisi\u00f3n de Asia-Pac\u00edfico Sur]<\/p><\/div>M\u00e1s al sur, en la India, los medios sociales tambi\u00e9n han llegado a ser un canal importante a la hora de esparcir la esperanza b\u00edblica. El director de comunicaci\u00f3n de la sede adventista en la regi\u00f3n, Ramesh Jadhav, mencion\u00f3 el uso de redes sociales como Facebook y otros sistemas (WhatsApp, YouTube, y aun los mensajes de textos tradicionales) para llevar el mensaje b\u00edblico a las personas de una regi\u00f3n de 18 dialectos e idiomas diferentes. \u201cNuestro trabajo es constante, y mantenemos una conexi\u00f3n con los pastores locales para visitar a las personas que contactamos en l\u00ednea\u201d, dijo Jadhav.<\/p>\n<p>La capacitaci\u00f3n de futuros comunicadores y especialistas en tecnolog\u00eda tambi\u00e9n representa una preocupaci\u00f3n. Durante el evento, el director de educaci\u00f3n de la Iglesia Adventista en Mongolia, Joanne Myoung Kim, present\u00f3 planes de construir una instituci\u00f3n educativa internacional para hasta doscientos estudiantes en un sitio a 25 kil\u00f3metros de Ul\u00e1n Bator, la capital del pa\u00eds. La idea es que los cursos comiencen a operar plenamente en 2026 y que se enfoquen en la comunicaci\u00f3n, la tecnolog\u00eda, la agricultura, la salud, el bienestar y otras \u00e1reas.<\/p>\n<p><strong>Pel\u00edculas y series con impacto espiritual<\/strong><\/p>\n<p>Williams Costa Jr., director del departamento de comunicaci\u00f3n de la Asociaci\u00f3n General, enfatiz\u00f3 la importancia de incrementar la producci\u00f3n de filmes y series para la evangelizaci\u00f3n. Record\u00f3 a su audiencia que el prop\u00f3sito de los filmes y las series, es decir, del material audiovisual, no es ofrecer entretenimiento sino servir como recurso misionero para llevar a miles de personas a Cristo.<\/p>\n<p>La motivaci\u00f3n para expandir el n\u00famero de expandir el n\u00famero de t\u00edtulos adventistas en esta \u00e1rea provino de los que ya los est\u00e1n produciendo. Ese fue el caso de Kyle Portbury, director y productor del filme <em>The Hopeful<\/em> (Llenos de esperanza), que muestra los principios del movimiento adventista. \u00c9l destac\u00f3 la importancia de los recursos audiovisuales para crear una mejor experiencia para las personas y, por lo tanto, tener un impacto m\u00e1s significativo en el caso del mensaje b\u00edblico.<\/p>\n<p>La misma idea fue expuesta por Terry Benedict, coproductor del filme <em>Hacksaw Ridge<\/em> (Hasta el \u00faltimo hombre), sobre el objetor de conciencia adventista Desmond Doss. El cineasta adventista se\u00f1al\u00f3 que Jes\u00fas us\u00f3 con \u00e9xito las par\u00e1bolas (el recurso moderno denominado narraci\u00f3n) para llevar su mensaje a personas de todas las clases y trasfondos.<\/p>\n<p>Carlos Magalh\u00e3es, director de estrategias digitales de la Divisi\u00f3n Sudamericana, present\u00f3 los resultados de una de las plataformas m\u00e1s antiguas de contenidos audiovisuales adventistas del mundo, Feliz7Play, que ya tiene siete a\u00f1os. En el presente, el canal adventista en la Divisi\u00f3n Sudamericana incluye m\u00e1s de tres mil t\u00edtulos y alrededor de cuatro millones de visitas por mes. Magalh\u00e3es enfatiz\u00f3 que \u201cno fue creada simplemente para compartir filmes y series, sino para dialogar con las nuevas generaciones, porque es necesario contar con un espacio para hablarles mediante este tipo de contenidos\u201d.<\/p>\n<p><strong>Comunicaci\u00f3n estrat\u00e9gica e innovaci\u00f3n<\/strong><\/p>\n<p>El evento tambi\u00e9n destac\u00f3 la relevancia de la comunicaci\u00f3n estrat\u00e9gica. Sam Neves, director asociado de comunicaci\u00f3n de la Asociaci\u00f3n General, reafirm\u00f3 la necesidad de unir los esfuerzos de las diferentes instituciones de comunicaci\u00f3n adventistas, para que los profesionales sean partidarios estrat\u00e9gicos del liderazgo, con el prop\u00f3sito de cumplir la misi\u00f3n de predicar el evangelio.<\/p>\n<p>Respecto de la innovaci\u00f3n, Jorge Rampogna, director de comunicaci\u00f3n de la SAD, comparti\u00f3 algunos resultados de la movilizaci\u00f3n y la participaci\u00f3n de los j\u00f3venes en una plataforma de Metaverso establecida por la Iglesia Adventista para fortalecer la comunidad de oraci\u00f3n y estudio de la Biblia. Un ejemplo concreto es la vida de Ideli Pirani Ferreira, de San Pablo, que fue bautizada en 2024 en una congregaci\u00f3n adventista despu\u00e9s de participar en el programa 10 D\u00edas de Oraci\u00f3n y ser abrazada por la comunidad virtual.<\/p>\n<p>Deborah Lessa, que es voluntaria de la misi\u00f3n adventista con sede en Irlanda, explic\u00f3 que uno de los proyectos de la iglesia de Irlanda para alcanzar a m\u00e1s personas para el evangelio es la producci\u00f3n de un documental titulado <em>A Leap of Faith<\/em> (Un salto de fe), que explorar\u00e1 el crecimiento de la Iglesia Adventista en la Rep\u00fablica de Irlanda y el Norte de Irlanda.<\/p>\n<p>Para Lessa, GAiN \u201cha sido una experiencia incre\u00edble e inspiradora\u201d. Y a\u00f1adi\u00f3: \u201cLa participaci\u00f3n en eventos como este nos da una mayor dimensi\u00f3n de la manera en que la Iglesia Adventista ha cumplido su misi\u00f3n por medio de la tecnolog\u00eda y los medios digitales en diversas partes del mundo\u201d.<\/p>\n<p><em>La <\/em><a href=\"https:\/\/noticias.adventistas.org\/pt\/encontro-mundial-adventista-reforca-maior-unidade-e-esforcos-para-potencializar-a-pregacao-do-evangelho\/\" target=\"_blank\" rel=\"noopener\"><em>versi\u00f3n original<\/em><\/a><em> de esta noticia fue publicada en el <\/em><a href=\"https:\/\/noticias.adventistas.org\/pt\/\" target=\"_blank\" rel=\"noopener\"><em>sitio de noticias<\/em> en portugu\u00e9s de la Divisi\u00f3n Sudamericana<\/a><em>.<\/em><\/p>\n<p>Traducci\u00f3n de Marcos Paseggi<\/p>\n","protected":false},"excerpt":{"rendered":"<p>Evento de Tailandia celebr\u00f3 veinte a\u00f1os de la Red Global Adventista de Internet (GAiN). 15 de julio de 2024 | Chiang Mai, Tailandia | Felipe Lemos, Divisi\u00f3n Sudamericana, y Adventist&#8230;<\/p>\n","protected":false},"author":3,"featured_media":116966,"comment_status":"closed","ping_status":"closed","sticky":false,"template":"","format":"standard","meta":{"_acf_changed":false,"footnotes":""},"categories":[14,15],"tags":[],"class_list":["post-116998","post","type-post","status-publish","format-standard","has-post-thumbnail","hentry","category-de-la-iglesia-mundial","category-rss-espanol"],"acf":[],"yoast_head":"<!-- This site is optimized with the Yoast SEO plugin v27.3 - https:\/\/yoast.com\/product\/yoast-seo-wordpress\/ -->\n<title>Encuentro de comunicadores digitales adventistas se enfoca en esfuerzos por compartir el evangelio - Iglesia Adventista del S\u00e9ptimo D\u00eda - Divisi\u00f3n Interamericana<\/title>\n<meta name=\"robots\" content=\"index, follow, max-snippet:-1, max-image-preview:large, max-video-preview:-1\" \/>\n<link rel=\"canonical\" href=\"https:\/\/interamerica.org\/es\/2024\/07\/encuentro-de-comunicadores-digitales-adventistas-se-enfoca-en-esfuerzos-por-compartir-el-evangelio\/\" \/>\n<meta property=\"og:locale\" content=\"es_ES\" \/>\n<meta property=\"og:type\" content=\"article\" \/>\n<meta property=\"og:title\" content=\"Encuentro de comunicadores digitales adventistas se enfoca en esfuerzos por compartir el evangelio - Iglesia Adventista del S\u00e9ptimo D\u00eda - Divisi\u00f3n Interamericana\" \/>\n<meta property=\"og:description\" content=\"Evento de Tailandia celebr\u00f3 veinte a\u00f1os de la Red Global Adventista de Internet (GAiN). 15 de julio de 2024 | Chiang Mai, Tailandia | Felipe Lemos, Divisi\u00f3n Sudamericana, y Adventist...\" \/>\n<meta property=\"og:url\" content=\"https:\/\/interamerica.org\/es\/2024\/07\/encuentro-de-comunicadores-digitales-adventistas-se-enfoca-en-esfuerzos-por-compartir-el-evangelio\/\" \/>\n<meta property=\"og:site_name\" content=\"Iglesia Adventista del S\u00e9ptimo D\u00eda - Divisi\u00f3n Interamericana\" \/>\n<meta property=\"article:published_time\" content=\"2024-07-17T17:09:27+00:00\" \/>\n<meta property=\"article:modified_time\" content=\"2024-07-17T22:53:12+00:00\" \/>\n<meta property=\"og:image\" content=\"https:\/\/interamerica.org\/wp-content\/uploads\/2024\/07\/gain-headline20-anos.jpg\" \/>\n\t<meta property=\"og:image:width\" content=\"2048\" \/>\n\t<meta property=\"og:image:height\" content=\"1152\" \/>\n\t<meta property=\"og:image:type\" content=\"image\/jpeg\" \/>\n<meta name=\"author\" content=\"libna\" \/>\n<meta name=\"twitter:card\" content=\"summary_large_image\" \/>\n<meta name=\"twitter:label1\" content=\"Escrito por\" \/>\n\t<meta name=\"twitter:data1\" content=\"libna\" \/>\n\t<meta name=\"twitter:label2\" content=\"Tiempo de lectura\" \/>\n\t<meta name=\"twitter:data2\" content=\"8 minutos\" \/>\n<script type=\"application\/ld+json\" class=\"yoast-schema-graph\">{\"@context\":\"https:\\\/\\\/schema.org\",\"@graph\":[{\"@type\":\"Article\",\"@id\":\"https:\\\/\\\/interamerica.org\\\/es\\\/2024\\\/07\\\/encuentro-de-comunicadores-digitales-adventistas-se-enfoca-en-esfuerzos-por-compartir-el-evangelio\\\/#article\",\"isPartOf\":{\"@id\":\"https:\\\/\\\/interamerica.org\\\/es\\\/2024\\\/07\\\/encuentro-de-comunicadores-digitales-adventistas-se-enfoca-en-esfuerzos-por-compartir-el-evangelio\\\/\"},\"author\":{\"name\":\"libna\",\"@id\":\"https:\\\/\\\/interamerica.org\\\/es\\\/#\\\/schema\\\/person\\\/29998f2bc2d8bd0d38662909289b54f1\"},\"headline\":\"Encuentro de comunicadores digitales adventistas se enfoca en esfuerzos por compartir el evangelio\",\"datePublished\":\"2024-07-17T17:09:27+00:00\",\"dateModified\":\"2024-07-17T22:53:12+00:00\",\"mainEntityOfPage\":{\"@id\":\"https:\\\/\\\/interamerica.org\\\/es\\\/2024\\\/07\\\/encuentro-de-comunicadores-digitales-adventistas-se-enfoca-en-esfuerzos-por-compartir-el-evangelio\\\/\"},\"wordCount\":1799,\"image\":{\"@id\":\"https:\\\/\\\/interamerica.org\\\/es\\\/2024\\\/07\\\/encuentro-de-comunicadores-digitales-adventistas-se-enfoca-en-esfuerzos-por-compartir-el-evangelio\\\/#primaryimage\"},\"thumbnailUrl\":\"https:\\\/\\\/interamerica.org\\\/wp-content\\\/uploads\\\/2024\\\/07\\\/gain-headline20-anos.jpg\",\"articleSection\":[\"Desde la iglesia mundial\",\"RSS Espa\u00f1ol\"],\"inLanguage\":\"es\"},{\"@type\":\"WebPage\",\"@id\":\"https:\\\/\\\/interamerica.org\\\/es\\\/2024\\\/07\\\/encuentro-de-comunicadores-digitales-adventistas-se-enfoca-en-esfuerzos-por-compartir-el-evangelio\\\/\",\"url\":\"https:\\\/\\\/interamerica.org\\\/es\\\/2024\\\/07\\\/encuentro-de-comunicadores-digitales-adventistas-se-enfoca-en-esfuerzos-por-compartir-el-evangelio\\\/\",\"name\":\"Encuentro de comunicadores digitales adventistas se enfoca en esfuerzos por compartir el evangelio - Iglesia Adventista del S\u00e9ptimo D\u00eda - Divisi\u00f3n Interamericana\",\"isPartOf\":{\"@id\":\"https:\\\/\\\/interamerica.org\\\/es\\\/#website\"},\"primaryImageOfPage\":{\"@id\":\"https:\\\/\\\/interamerica.org\\\/es\\\/2024\\\/07\\\/encuentro-de-comunicadores-digitales-adventistas-se-enfoca-en-esfuerzos-por-compartir-el-evangelio\\\/#primaryimage\"},\"image\":{\"@id\":\"https:\\\/\\\/interamerica.org\\\/es\\\/2024\\\/07\\\/encuentro-de-comunicadores-digitales-adventistas-se-enfoca-en-esfuerzos-por-compartir-el-evangelio\\\/#primaryimage\"},\"thumbnailUrl\":\"https:\\\/\\\/interamerica.org\\\/wp-content\\\/uploads\\\/2024\\\/07\\\/gain-headline20-anos.jpg\",\"datePublished\":\"2024-07-17T17:09:27+00:00\",\"dateModified\":\"2024-07-17T22:53:12+00:00\",\"author\":{\"@id\":\"https:\\\/\\\/interamerica.org\\\/es\\\/#\\\/schema\\\/person\\\/29998f2bc2d8bd0d38662909289b54f1\"},\"breadcrumb\":{\"@id\":\"https:\\\/\\\/interamerica.org\\\/es\\\/2024\\\/07\\\/encuentro-de-comunicadores-digitales-adventistas-se-enfoca-en-esfuerzos-por-compartir-el-evangelio\\\/#breadcrumb\"},\"inLanguage\":\"es\",\"potentialAction\":[{\"@type\":\"ReadAction\",\"target\":[\"https:\\\/\\\/interamerica.org\\\/es\\\/2024\\\/07\\\/encuentro-de-comunicadores-digitales-adventistas-se-enfoca-en-esfuerzos-por-compartir-el-evangelio\\\/\"]}]},{\"@type\":\"ImageObject\",\"inLanguage\":\"es\",\"@id\":\"https:\\\/\\\/interamerica.org\\\/es\\\/2024\\\/07\\\/encuentro-de-comunicadores-digitales-adventistas-se-enfoca-en-esfuerzos-por-compartir-el-evangelio\\\/#primaryimage\",\"url\":\"https:\\\/\\\/interamerica.org\\\/wp-content\\\/uploads\\\/2024\\\/07\\\/gain-headline20-anos.jpg\",\"contentUrl\":\"https:\\\/\\\/interamerica.org\\\/wp-content\\\/uploads\\\/2024\\\/07\\\/gain-headline20-anos.jpg\",\"width\":2048,\"height\":1152,\"caption\":\"The 20th-anniversary GAiN summit in Thailand featured moments of reflection on strategic measures adopted in various regions of the world to share the gospel. [Photo: courtesy of the Southern Asia-Pacific Division]\"},{\"@type\":\"BreadcrumbList\",\"@id\":\"https:\\\/\\\/interamerica.org\\\/es\\\/2024\\\/07\\\/encuentro-de-comunicadores-digitales-adventistas-se-enfoca-en-esfuerzos-por-compartir-el-evangelio\\\/#breadcrumb\",\"itemListElement\":[{\"@type\":\"ListItem\",\"position\":1,\"name\":\"Home\",\"item\":\"https:\\\/\\\/interamerica.org\\\/es\\\/\"},{\"@type\":\"ListItem\",\"position\":2,\"name\":\"Encuentro de comunicadores digitales adventistas se enfoca en esfuerzos por compartir el evangelio\"}]},{\"@type\":\"WebSite\",\"@id\":\"https:\\\/\\\/interamerica.org\\\/es\\\/#website\",\"url\":\"https:\\\/\\\/interamerica.org\\\/es\\\/\",\"name\":\"Iglesia Adventista del S\u00e9ptimo D\u00eda - Divisi\u00f3n Interamericana\",\"description\":\"\",\"potentialAction\":[{\"@type\":\"SearchAction\",\"target\":{\"@type\":\"EntryPoint\",\"urlTemplate\":\"https:\\\/\\\/interamerica.org\\\/es\\\/?s={search_term_string}\"},\"query-input\":{\"@type\":\"PropertyValueSpecification\",\"valueRequired\":true,\"valueName\":\"search_term_string\"}}],\"inLanguage\":\"es\"},{\"@type\":\"Person\",\"@id\":\"https:\\\/\\\/interamerica.org\\\/es\\\/#\\\/schema\\\/person\\\/29998f2bc2d8bd0d38662909289b54f1\",\"name\":\"libna\",\"image\":{\"@type\":\"ImageObject\",\"inLanguage\":\"es\",\"@id\":\"https:\\\/\\\/secure.gravatar.com\\\/avatar\\\/7c5bd30ae4b47a9ba3c856590957fd1d96dc588bf3ac05719d247e126840331f?s=96&d=mm&r=g\",\"url\":\"https:\\\/\\\/secure.gravatar.com\\\/avatar\\\/7c5bd30ae4b47a9ba3c856590957fd1d96dc588bf3ac05719d247e126840331f?s=96&d=mm&r=g\",\"contentUrl\":\"https:\\\/\\\/secure.gravatar.com\\\/avatar\\\/7c5bd30ae4b47a9ba3c856590957fd1d96dc588bf3ac05719d247e126840331f?s=96&d=mm&r=g\",\"caption\":\"libna\"}}]}<\/script>\n<!-- \/ Yoast SEO plugin. -->","yoast_head_json":{"title":"Encuentro de comunicadores digitales adventistas se enfoca en esfuerzos por compartir el evangelio - Iglesia Adventista del S\u00e9ptimo D\u00eda - Divisi\u00f3n Interamericana","robots":{"index":"index","follow":"follow","max-snippet":"max-snippet:-1","max-image-preview":"max-image-preview:large","max-video-preview":"max-video-preview:-1"},"canonical":"https:\/\/interamerica.org\/es\/2024\/07\/encuentro-de-comunicadores-digitales-adventistas-se-enfoca-en-esfuerzos-por-compartir-el-evangelio\/","og_locale":"es_ES","og_type":"article","og_title":"Encuentro de comunicadores digitales adventistas se enfoca en esfuerzos por compartir el evangelio - Iglesia Adventista del S\u00e9ptimo D\u00eda - Divisi\u00f3n Interamericana","og_description":"Evento de Tailandia celebr\u00f3 veinte a\u00f1os de la Red Global Adventista de Internet (GAiN). 15 de julio de 2024 | Chiang Mai, Tailandia | Felipe Lemos, Divisi\u00f3n Sudamericana, y Adventist...","og_url":"https:\/\/interamerica.org\/es\/2024\/07\/encuentro-de-comunicadores-digitales-adventistas-se-enfoca-en-esfuerzos-por-compartir-el-evangelio\/","og_site_name":"Iglesia Adventista del S\u00e9ptimo D\u00eda - Divisi\u00f3n Interamericana","article_published_time":"2024-07-17T17:09:27+00:00","article_modified_time":"2024-07-17T22:53:12+00:00","og_image":[{"width":2048,"height":1152,"url":"https:\/\/interamerica.org\/wp-content\/uploads\/2024\/07\/gain-headline20-anos.jpg","type":"image\/jpeg"}],"author":"libna","twitter_card":"summary_large_image","twitter_misc":{"Escrito por":"libna","Tiempo de lectura":"8 minutos"},"schema":{"@context":"https:\/\/schema.org","@graph":[{"@type":"Article","@id":"https:\/\/interamerica.org\/es\/2024\/07\/encuentro-de-comunicadores-digitales-adventistas-se-enfoca-en-esfuerzos-por-compartir-el-evangelio\/#article","isPartOf":{"@id":"https:\/\/interamerica.org\/es\/2024\/07\/encuentro-de-comunicadores-digitales-adventistas-se-enfoca-en-esfuerzos-por-compartir-el-evangelio\/"},"author":{"name":"libna","@id":"https:\/\/interamerica.org\/es\/#\/schema\/person\/29998f2bc2d8bd0d38662909289b54f1"},"headline":"Encuentro de comunicadores digitales adventistas se enfoca en esfuerzos por compartir el evangelio","datePublished":"2024-07-17T17:09:27+00:00","dateModified":"2024-07-17T22:53:12+00:00","mainEntityOfPage":{"@id":"https:\/\/interamerica.org\/es\/2024\/07\/encuentro-de-comunicadores-digitales-adventistas-se-enfoca-en-esfuerzos-por-compartir-el-evangelio\/"},"wordCount":1799,"image":{"@id":"https:\/\/interamerica.org\/es\/2024\/07\/encuentro-de-comunicadores-digitales-adventistas-se-enfoca-en-esfuerzos-por-compartir-el-evangelio\/#primaryimage"},"thumbnailUrl":"https:\/\/interamerica.org\/wp-content\/uploads\/2024\/07\/gain-headline20-anos.jpg","articleSection":["Desde la iglesia mundial","RSS Espa\u00f1ol"],"inLanguage":"es"},{"@type":"WebPage","@id":"https:\/\/interamerica.org\/es\/2024\/07\/encuentro-de-comunicadores-digitales-adventistas-se-enfoca-en-esfuerzos-por-compartir-el-evangelio\/","url":"https:\/\/interamerica.org\/es\/2024\/07\/encuentro-de-comunicadores-digitales-adventistas-se-enfoca-en-esfuerzos-por-compartir-el-evangelio\/","name":"Encuentro de comunicadores digitales adventistas se enfoca en esfuerzos por compartir el evangelio - Iglesia Adventista del S\u00e9ptimo D\u00eda - Divisi\u00f3n Interamericana","isPartOf":{"@id":"https:\/\/interamerica.org\/es\/#website"},"primaryImageOfPage":{"@id":"https:\/\/interamerica.org\/es\/2024\/07\/encuentro-de-comunicadores-digitales-adventistas-se-enfoca-en-esfuerzos-por-compartir-el-evangelio\/#primaryimage"},"image":{"@id":"https:\/\/interamerica.org\/es\/2024\/07\/encuentro-de-comunicadores-digitales-adventistas-se-enfoca-en-esfuerzos-por-compartir-el-evangelio\/#primaryimage"},"thumbnailUrl":"https:\/\/interamerica.org\/wp-content\/uploads\/2024\/07\/gain-headline20-anos.jpg","datePublished":"2024-07-17T17:09:27+00:00","dateModified":"2024-07-17T22:53:12+00:00","author":{"@id":"https:\/\/interamerica.org\/es\/#\/schema\/person\/29998f2bc2d8bd0d38662909289b54f1"},"breadcrumb":{"@id":"https:\/\/interamerica.org\/es\/2024\/07\/encuentro-de-comunicadores-digitales-adventistas-se-enfoca-en-esfuerzos-por-compartir-el-evangelio\/#breadcrumb"},"inLanguage":"es","potentialAction":[{"@type":"ReadAction","target":["https:\/\/interamerica.org\/es\/2024\/07\/encuentro-de-comunicadores-digitales-adventistas-se-enfoca-en-esfuerzos-por-compartir-el-evangelio\/"]}]},{"@type":"ImageObject","inLanguage":"es","@id":"https:\/\/interamerica.org\/es\/2024\/07\/encuentro-de-comunicadores-digitales-adventistas-se-enfoca-en-esfuerzos-por-compartir-el-evangelio\/#primaryimage","url":"https:\/\/interamerica.org\/wp-content\/uploads\/2024\/07\/gain-headline20-anos.jpg","contentUrl":"https:\/\/interamerica.org\/wp-content\/uploads\/2024\/07\/gain-headline20-anos.jpg","width":2048,"height":1152,"caption":"The 20th-anniversary GAiN summit in Thailand featured moments of reflection on strategic measures adopted in various regions of the world to share the gospel. [Photo: courtesy of the Southern Asia-Pacific Division]"},{"@type":"BreadcrumbList","@id":"https:\/\/interamerica.org\/es\/2024\/07\/encuentro-de-comunicadores-digitales-adventistas-se-enfoca-en-esfuerzos-por-compartir-el-evangelio\/#breadcrumb","itemListElement":[{"@type":"ListItem","position":1,"name":"Home","item":"https:\/\/interamerica.org\/es\/"},{"@type":"ListItem","position":2,"name":"Encuentro de comunicadores digitales adventistas se enfoca en esfuerzos por compartir el evangelio"}]},{"@type":"WebSite","@id":"https:\/\/interamerica.org\/es\/#website","url":"https:\/\/interamerica.org\/es\/","name":"Iglesia Adventista del S\u00e9ptimo D\u00eda - Divisi\u00f3n Interamericana","description":"","potentialAction":[{"@type":"SearchAction","target":{"@type":"EntryPoint","urlTemplate":"https:\/\/interamerica.org\/es\/?s={search_term_string}"},"query-input":{"@type":"PropertyValueSpecification","valueRequired":true,"valueName":"search_term_string"}}],"inLanguage":"es"},{"@type":"Person","@id":"https:\/\/interamerica.org\/es\/#\/schema\/person\/29998f2bc2d8bd0d38662909289b54f1","name":"libna","image":{"@type":"ImageObject","inLanguage":"es","@id":"https:\/\/secure.gravatar.com\/avatar\/7c5bd30ae4b47a9ba3c856590957fd1d96dc588bf3ac05719d247e126840331f?s=96&d=mm&r=g","url":"https:\/\/secure.gravatar.com\/avatar\/7c5bd30ae4b47a9ba3c856590957fd1d96dc588bf3ac05719d247e126840331f?s=96&d=mm&r=g","contentUrl":"https:\/\/secure.gravatar.com\/avatar\/7c5bd30ae4b47a9ba3c856590957fd1d96dc588bf3ac05719d247e126840331f?s=96&d=mm&r=g","caption":"libna"}}]}},"_links":{"self":[{"href":"https:\/\/interamerica.org\/es\/wp-json\/wp\/v2\/posts\/116998","targetHints":{"allow":["GET"]}}],"collection":[{"href":"https:\/\/interamerica.org\/es\/wp-json\/wp\/v2\/posts"}],"about":[{"href":"https:\/\/interamerica.org\/es\/wp-json\/wp\/v2\/types\/post"}],"author":[{"embeddable":true,"href":"https:\/\/interamerica.org\/es\/wp-json\/wp\/v2\/users\/3"}],"replies":[{"embeddable":true,"href":"https:\/\/interamerica.org\/es\/wp-json\/wp\/v2\/comments?post=116998"}],"version-history":[{"count":0,"href":"https:\/\/interamerica.org\/es\/wp-json\/wp\/v2\/posts\/116998\/revisions"}],"wp:featuredmedia":[{"embeddable":true,"href":"https:\/\/interamerica.org\/es\/wp-json\/wp\/v2\/media\/116966"}],"wp:attachment":[{"href":"https:\/\/interamerica.org\/es\/wp-json\/wp\/v2\/media?parent=116998"}],"wp:term":[{"taxonomy":"category","embeddable":true,"href":"https:\/\/interamerica.org\/es\/wp-json\/wp\/v2\/categories?post=116998"},{"taxonomy":"post_tag","embeddable":true,"href":"https:\/\/interamerica.org\/es\/wp-json\/wp\/v2\/tags?post=116998"}],"curies":[{"name":"wp","href":"https:\/\/api.w.org\/{rel}","templated":true}]}}