{"id":117025,"date":"2024-07-17T15:32:39","date_gmt":"2024-07-17T19:32:39","guid":{"rendered":"https:\/\/interamerica.org\/?p=117025"},"modified":"2024-07-18T09:54:46","modified_gmt":"2024-07-18T13:54:46","slug":"adventistas-de-la-isla-san-vicente-brindan-alimento-en-los-refugios-despues-de-la-destruccion-del-huracan-beryl","status":"publish","type":"post","link":"https:\/\/interamerica.org\/es\/2024\/07\/adventistas-de-la-isla-san-vicente-brindan-alimento-en-los-refugios-despues-de-la-destruccion-del-huracan-beryl\/","title":{"rendered":"Adventistas de la isla San Vicente brindan alimento en los refugios despu\u00e9s de la destrucci\u00f3n del Hurac\u00e1n Beryl"},"content":{"rendered":"<p><div id=\"attachment_117014\" style=\"width: 745px\" class=\"wp-caption aligncenter\"><img fetchpriority=\"high\" decoding=\"async\" aria-describedby=\"caption-attachment-117014\" class=\" wp-image-117012\" src=\"https:\/\/interamerica.org\/wp-content\/uploads\/2024\/07\/svg-hotmeals-thumbnail.jpg\" alt=\"\" width=\"735\" height=\"601\" srcset=\"https:\/\/interamerica.org\/wp-content\/uploads\/2024\/07\/svg-hotmeals-thumbnail.jpg 960w, https:\/\/interamerica.org\/wp-content\/uploads\/2024\/07\/svg-hotmeals-thumbnail-300x245.jpg 300w, https:\/\/interamerica.org\/wp-content\/uploads\/2024\/07\/svg-hotmeals-thumbnail-768x628.jpg 768w\" sizes=\"(max-width: 735px) 100vw, 735px\" \/><p id=\"caption-attachment-117014\" class=\"wp-caption-text\">Un miembro de iglesia voluntario sirve raciones de comida a m\u00e1s de 150 personas alojadas en refugios en la isla de San Vicente. La Iglesia Adventista ha estado sirviendo comidas diarias a decenas de familias que fueron evacuadas de las islas m\u00e1s peque\u00f1as, despu\u00e9s de que el Hurac\u00e1n Beryl destruy\u00f3 sus casas y edificaciones hace un par de semanas. [Fotograf\u00eda: Misi\u00f3n de San Vicente y las Granadinas]<\/p><\/div><em>Se est\u00e1n distribuyendo comidas y paquetes de alimentos todos los d\u00edas en San Vicente y las Granadinas. <\/em><\/p>\n<p>17 de julio de 2024 | San Vicente | Royston Philbert y Noticias de la Divisi\u00f3n Interamericana<\/p>\n<p>Los adventistas del s\u00e9ptimo d\u00eda de San Vicente se pusieron en acci\u00f3n para ayudar a decenas de familias desplazadas por los da\u00f1os causados por el Hurac\u00e1n Beryl. La tormenta de Categor\u00eda 4 azot\u00f3 varias islas del Caribe hace un par de semanas.<\/p>\n<p>Los servicios comunitarios y la Agencia Adventista de Desarrollo y Recursos Asistenciales (ADRA) en San Vicente se han asociado para distribuir 150 comidas por d\u00eda a decenas de familias que est\u00e1n albergadas en refugios, dijeron los l\u00edderes de la iglesia. Hay seis refugios en la isla de San Vicente.<\/p>\n<p><div id=\"attachment_117008\" style=\"width: 738px\" class=\"wp-caption aligncenter\"><img decoding=\"async\" aria-describedby=\"caption-attachment-117008\" class=\" wp-image-117006\" src=\"https:\/\/interamerica.org\/wp-content\/uploads\/2024\/07\/svg-meals-packaging.jpg\" alt=\"\" width=\"728\" height=\"480\" srcset=\"https:\/\/interamerica.org\/wp-content\/uploads\/2024\/07\/svg-meals-packaging.jpg 1024w, https:\/\/interamerica.org\/wp-content\/uploads\/2024\/07\/svg-meals-packaging-300x198.jpg 300w, https:\/\/interamerica.org\/wp-content\/uploads\/2024\/07\/svg-meals-packaging-768x506.jpg 768w\" sizes=\"(max-width: 728px) 100vw, 728px\" \/><p id=\"caption-attachment-117008\" class=\"wp-caption-text\">Los miembros empacan comidas para distribuir en seis refugios de San Vicente. [Fotograf\u00eda: Misi\u00f3n de San Vicente y las Granadinas]<\/p><\/div>Adem\u00e1s de ello, los miembros de iglesia prepararon paquetes de alimentos que distribuyeron a decenas de individuos afectados en las islas de m\u00e1s al sur.<\/p>\n<p>El primer ministro de San Vicente y las Granadinas, Ralph Gonsalves, inform\u00f3 que el noventa por ciento de las casas de la Isla Uni\u00f3n qued\u00f3 destruido, y que \u201cniveles similares de devastaci\u00f3n\u201d se produjeron en las islas de Myreau y Canouan.<\/p>\n<p>El 4 de julio, los l\u00edderes de la iglesia visitaron varias islas para evaluar las necesidades de los miembros y ministrarles.<\/p>\n<p><div id=\"attachment_117005\" style=\"width: 767px\" class=\"wp-caption aligncenter\"><img decoding=\"async\" aria-describedby=\"caption-attachment-117005\" class=\" wp-image-117003\" src=\"https:\/\/interamerica.org\/wp-content\/uploads\/2024\/07\/svg-canouan-sda-church.jpg\" alt=\"\" width=\"757\" height=\"568\" srcset=\"https:\/\/interamerica.org\/wp-content\/uploads\/2024\/07\/svg-canouan-sda-church.jpg 950w, https:\/\/interamerica.org\/wp-content\/uploads\/2024\/07\/svg-canouan-sda-church-300x225.jpg 300w, https:\/\/interamerica.org\/wp-content\/uploads\/2024\/07\/svg-canouan-sda-church-768x576.jpg 768w\" sizes=\"(max-width: 757px) 100vw, 757px\" \/><p id=\"caption-attachment-117005\" class=\"wp-caption-text\">La Iglesia Adventista en la Isla Canouan, que pertenece a San Vicente y las Granadinas, soport\u00f3 da\u00f1os extensos debido al paso del Hurac\u00e1n Beryl. [Fotograf\u00eda: Misi\u00f3n de San Vicente y las Granadinas]<\/p><\/div>\u201cUno mira todo eso y piensa, \u00bfd\u00f3nde comenzar? \u00bfD\u00f3nde reconstruir? \u00bfCu\u00e1ndo ser\u00e1 posible que [los isle\u00f1os] reinicien sus vidas?\u201d dijo el pastor Henry Snagg, presidente de la Misi\u00f3n de San Vicente y las Granadinas en su visita a la Isla Uni\u00f3n. Snagg, que proviene de la Isla Uni\u00f3n, viaj\u00f3 con otros administradores, y all\u00ed fueron testigos de postes de electricidad ca\u00eddos, edificios de acero destrozados, vecindarios aplastados y escombros por todos lados.<\/p>\n<p>La iglesia adventista de la Isla Uni\u00f3n soport\u00f3 da\u00f1os extensivos, informaron los l\u00edderes de la iglesia. \u201cEs probable que la iglesia necesite una completa reconstrucci\u00f3n\u201d, dijo el pastor Chan Nichols, director de comunicaci\u00f3n de la Misi\u00f3n de San Vicente.<\/p>\n<p>El Hurac\u00e1n Beryl afect\u00f3 a toda la feligres\u00eda, dijo Snagg. Las empresas de los miembros, incluidas las relacionadas con la industria pesquera, tambi\u00e9n fueron da\u00f1adas. \u201cEl sustento de la vida a partir de ahora parece pesimista y duro para ellos, dado que muchos de ellos tienen emprendimientos privados relacionados con el sector del turismo, que qued\u00f3 destruido\u201d, a\u00f1adi\u00f3.<\/p>\n<p><div id=\"attachment_117002\" style=\"width: 798px\" class=\"wp-caption aligncenter\"><img loading=\"lazy\" decoding=\"async\" aria-describedby=\"caption-attachment-117002\" class=\" wp-image-117000\" src=\"https:\/\/interamerica.org\/wp-content\/uploads\/2024\/07\/svg-cauocan-preschool.jpg\" alt=\"\" width=\"788\" height=\"483\" srcset=\"https:\/\/interamerica.org\/wp-content\/uploads\/2024\/07\/svg-cauocan-preschool.jpg 1000w, https:\/\/interamerica.org\/wp-content\/uploads\/2024\/07\/svg-cauocan-preschool-300x184.jpg 300w, https:\/\/interamerica.org\/wp-content\/uploads\/2024\/07\/svg-cauocan-preschool-768x471.jpg 768w\" sizes=\"(max-width: 788px) 100vw, 788px\" \/><p id=\"caption-attachment-117002\" class=\"wp-caption-text\">El jard\u00edn de infantes que est\u00e1 detr\u00e1s de la iglesia adventista de Canouan tambi\u00e9n sufri\u00f3 da\u00f1os por el paso del hurac\u00e1n. [Fotograf\u00eda: Misi\u00f3n de San Vicente y las Granadinas]<\/p><\/div>El viaje no solo busc\u00f3 evaluar los da\u00f1os causados por el hurac\u00e1n, dijo Snagg. \u201cFue mucho m\u00e1s apremiante encontrarse con los miembros de iglesia y enterarse de su gran fe en Dios, para comprender de qu\u00e9 manera Dios los salv\u00f3 despu\u00e9s de que oraron pidiendo su protecci\u00f3n\u201d.<\/p>\n<p>Aunque la Organizaci\u00f3n Nacional de Gesti\u00f3n de Emergencias (NEMO) trat\u00f3 de hacer que las personas dejaran la isla, muchos residentes, en especial en la aldea de Ashton, escogieron quedarse para asegurar sus propiedades y dedicarse al proceso de reconstrucci\u00f3n, explic\u00f3 el pastor Kenan Cain, pastor de la iglesia adventista de la Isla Uni\u00f3n. Entre los que se quedaron hay miembros de iglesia, expres\u00f3.<\/p>\n<p>Los miembros dieron de su tiempo, un generador y equipos de cocina para que el proyecto comenzara a funcionar.<\/p>\n<p>Susan Charles, primera anciana de la iglesia en la Isla Uni\u00f3n, ofreci\u00f3 su casa para que sirviera como centro de operaciones, mientras que Fitzgerald Hutchinson, uno de los miembros de iglesia, ha abierto su hogar para llevar a cabo cultos de adoraci\u00f3n.<\/p>\n<p><div id=\"attachment_117011\" style=\"width: 757px\" class=\"wp-caption aligncenter\"><img loading=\"lazy\" decoding=\"async\" aria-describedby=\"caption-attachment-117011\" class=\" wp-image-117009\" src=\"https:\/\/interamerica.org\/wp-content\/uploads\/2024\/07\/svg-shelter-visit.jpg\" alt=\"\" width=\"747\" height=\"670\" srcset=\"https:\/\/interamerica.org\/wp-content\/uploads\/2024\/07\/svg-shelter-visit.jpg 960w, https:\/\/interamerica.org\/wp-content\/uploads\/2024\/07\/svg-shelter-visit-300x269.jpg 300w, https:\/\/interamerica.org\/wp-content\/uploads\/2024\/07\/svg-shelter-visit-768x689.jpg 768w\" sizes=\"(max-width: 747px) 100vw, 747px\" \/><p id=\"caption-attachment-117011\" class=\"wp-caption-text\">El pastor Aldon Ambrose (al centro) director ministerial de la Misi\u00f3n de San Vicente y las Granadinas, y su esposa Veronica Ambrose, directora de ministerios de la mujer, el ni\u00f1o y el adolescente, ministra a Franklyn Joseph, un miembro de iglesia que tuvo que evacuar la Isla Uni\u00f3n y alojarse en un refugio en San Vicente. [Fotograf\u00eda: Misi\u00f3n de San Vicente y las Granadinas]<\/p><\/div>\u201cFue fundamental establecer un centro gestionado por un representante de ADRA, para atender las necesidades de los miembros de iglesia y la comunidad que qued\u00f3 en las islas\u201d, explic\u00f3 el pastor Cain.<\/p>\n<p>El pastor Aldon Ambrose, secretario ministerial de la Misi\u00f3n de San Vicente y las Granadinas, dijo que \u00e9l y Veronica Ambrose, directora de ministerios de la mujer, el ni\u00f1o y el adolescente, han estado ayudando aconsejando qu\u00e9 hacer a las familias desplazadas en los refugios.<\/p>\n<div>\n<p>Franklyn Joseph estuvo entre los que se qued\u00f3 en un refugio de San Vicente, despu\u00e9s de ser evacuado de su casa en la Isla Uni\u00f3n una vez que pas\u00f3 el hurac\u00e1n. Milagrosamente, su casa, que fue construida por la iglesia adventista all\u00ed, no sufri\u00f3 ning\u00fan da\u00f1o como el resto de su vecindario, reportaron los l\u00edderes de la iglesia. Por el momento, Joseph, que tiene 60 a\u00f1os, tendr\u00e1 que permanecer en San Vicente.<\/p>\n<\/div>\n<div><div id=\"attachment_117029\" style=\"width: 854px\" class=\"wp-caption aligncenter\"><img loading=\"lazy\" decoding=\"async\" aria-describedby=\"caption-attachment-117029\" class=\" wp-image-117029\" src=\"https:\/\/interamerica.org\/wp-content\/uploads\/2024\/07\/svg-union-island-home-franklyn.jpg\" alt=\"\" width=\"844\" height=\"475\" srcset=\"https:\/\/interamerica.org\/wp-content\/uploads\/2024\/07\/svg-union-island-home-franklyn.jpg 1000w, https:\/\/interamerica.org\/wp-content\/uploads\/2024\/07\/svg-union-island-home-franklyn-300x169.jpg 300w, https:\/\/interamerica.org\/wp-content\/uploads\/2024\/07\/svg-union-island-home-franklyn-768x432.jpg 768w\" sizes=\"(max-width: 844px) 100vw, 844px\" \/><p id=\"caption-attachment-117029\" class=\"wp-caption-text\">La casa de Franklyn Joseph, un adventista de la Isla Uni\u00f3n que sobrevivi\u00f3 al Hurac\u00e1n Beryl despu\u00e9s de que la tormenta destruy\u00f3 las casas de su vecindario y en todas las Granadinas hace un par de semanas. [Photo: cortes\u00eda de Thaila Parker-Baptiste]<\/p><\/div><\/div>\n<div><\/div>\n<div>Los l\u00edderes de la iglesia en San Vicente est\u00e1n haciendo arreglos para que un grupo de pastores pueda ministrar a las necesidades de las personas en los pr\u00f3ximos d\u00edas y semanas.<\/div>\n<p>La sede de ADRA en la Uni\u00f3n Asociaci\u00f3n del Caribe continuar\u00e1 evaluando las necesidades m\u00e1s apremiantes en las islas y ofreciendo orientaci\u00f3n y ayuda despu\u00e9s del paso del Hurac\u00e1n Beryl, dijo Isaac Alexander, director de ADRA en la Uni\u00f3n del Caribe.<\/p>\n<p>Traducci\u00f3n de Marcos Paseggi<\/p>\n","protected":false},"excerpt":{"rendered":"<p>Se est\u00e1n distribuyendo comidas y paquetes de alimentos todos los d\u00edas en San Vicente y las Granadinas. 17 de julio de 2024 | San Vicente | Royston Philbert y Noticias&#8230;<\/p>\n","protected":false},"author":3,"featured_media":117014,"comment_status":"closed","ping_status":"closed","sticky":false,"template":"","format":"standard","meta":{"_acf_changed":false,"footnotes":""},"categories":[17,15],"tags":[],"class_list":["post-117025","post","type-post","status-publish","format-standard","has-post-thumbnail","hentry","category-desde-el-campo","category-rss-espanol"],"acf":[],"yoast_head":"<!-- This site is optimized with the Yoast SEO plugin v27.3 - https:\/\/yoast.com\/product\/yoast-seo-wordpress\/ -->\n<title>Adventistas de la isla San Vicente brindan alimento en los refugios despu\u00e9s de la destrucci\u00f3n del Hurac\u00e1n Beryl - Iglesia Adventista del S\u00e9ptimo D\u00eda - Divisi\u00f3n Interamericana<\/title>\n<meta name=\"robots\" content=\"index, follow, max-snippet:-1, max-image-preview:large, max-video-preview:-1\" \/>\n<link rel=\"canonical\" href=\"https:\/\/interamerica.org\/es\/2024\/07\/adventistas-de-la-isla-san-vicente-brindan-alimento-en-los-refugios-despues-de-la-destruccion-del-huracan-beryl\/\" \/>\n<meta property=\"og:locale\" content=\"es_ES\" \/>\n<meta property=\"og:type\" content=\"article\" \/>\n<meta property=\"og:title\" content=\"Adventistas de la isla San Vicente brindan alimento en los refugios despu\u00e9s de la destrucci\u00f3n del Hurac\u00e1n Beryl - Iglesia Adventista del S\u00e9ptimo D\u00eda - Divisi\u00f3n Interamericana\" \/>\n<meta property=\"og:description\" content=\"Se est\u00e1n distribuyendo comidas y paquetes de alimentos todos los d\u00edas en San Vicente y las Granadinas. 17 de julio de 2024 | San Vicente | Royston Philbert y Noticias...\" \/>\n<meta property=\"og:url\" content=\"https:\/\/interamerica.org\/es\/2024\/07\/adventistas-de-la-isla-san-vicente-brindan-alimento-en-los-refugios-despues-de-la-destruccion-del-huracan-beryl\/\" \/>\n<meta property=\"og:site_name\" content=\"Iglesia Adventista del S\u00e9ptimo D\u00eda - Divisi\u00f3n Interamericana\" \/>\n<meta property=\"article:published_time\" content=\"2024-07-17T19:32:39+00:00\" \/>\n<meta property=\"article:modified_time\" content=\"2024-07-18T13:54:46+00:00\" \/>\n<meta property=\"og:image\" content=\"https:\/\/interamerica.org\/wp-content\/uploads\/2024\/07\/svg-hotmeals-thumbnail.jpg\" \/>\n\t<meta property=\"og:image:width\" content=\"960\" \/>\n\t<meta property=\"og:image:height\" content=\"785\" \/>\n\t<meta property=\"og:image:type\" content=\"image\/jpeg\" \/>\n<meta name=\"author\" content=\"libna\" \/>\n<meta name=\"twitter:card\" content=\"summary_large_image\" \/>\n<meta name=\"twitter:label1\" content=\"Escrito por\" \/>\n\t<meta name=\"twitter:data1\" content=\"libna\" \/>\n\t<meta name=\"twitter:label2\" content=\"Tiempo de lectura\" \/>\n\t<meta name=\"twitter:data2\" content=\"7 minutos\" \/>\n<script type=\"application\/ld+json\" class=\"yoast-schema-graph\">{\"@context\":\"https:\\\/\\\/schema.org\",\"@graph\":[{\"@type\":\"Article\",\"@id\":\"https:\\\/\\\/interamerica.org\\\/es\\\/2024\\\/07\\\/adventistas-de-la-isla-san-vicente-brindan-alimento-en-los-refugios-despues-de-la-destruccion-del-huracan-beryl\\\/#article\",\"isPartOf\":{\"@id\":\"https:\\\/\\\/interamerica.org\\\/es\\\/2024\\\/07\\\/adventistas-de-la-isla-san-vicente-brindan-alimento-en-los-refugios-despues-de-la-destruccion-del-huracan-beryl\\\/\"},\"author\":{\"name\":\"libna\",\"@id\":\"https:\\\/\\\/interamerica.org\\\/es\\\/#\\\/schema\\\/person\\\/29998f2bc2d8bd0d38662909289b54f1\"},\"headline\":\"Adventistas de la isla San Vicente brindan alimento en los refugios despu\u00e9s de la destrucci\u00f3n del Hurac\u00e1n Beryl\",\"datePublished\":\"2024-07-17T19:32:39+00:00\",\"dateModified\":\"2024-07-18T13:54:46+00:00\",\"mainEntityOfPage\":{\"@id\":\"https:\\\/\\\/interamerica.org\\\/es\\\/2024\\\/07\\\/adventistas-de-la-isla-san-vicente-brindan-alimento-en-los-refugios-despues-de-la-destruccion-del-huracan-beryl\\\/\"},\"wordCount\":1182,\"image\":{\"@id\":\"https:\\\/\\\/interamerica.org\\\/es\\\/2024\\\/07\\\/adventistas-de-la-isla-san-vicente-brindan-alimento-en-los-refugios-despues-de-la-destruccion-del-huracan-beryl\\\/#primaryimage\"},\"thumbnailUrl\":\"https:\\\/\\\/interamerica.org\\\/wp-content\\\/uploads\\\/2024\\\/07\\\/svg-hotmeals-thumbnail.jpg\",\"articleSection\":[\"Desde el campo\",\"RSS Espa\u00f1ol\"],\"inLanguage\":\"es\"},{\"@type\":\"WebPage\",\"@id\":\"https:\\\/\\\/interamerica.org\\\/es\\\/2024\\\/07\\\/adventistas-de-la-isla-san-vicente-brindan-alimento-en-los-refugios-despues-de-la-destruccion-del-huracan-beryl\\\/\",\"url\":\"https:\\\/\\\/interamerica.org\\\/es\\\/2024\\\/07\\\/adventistas-de-la-isla-san-vicente-brindan-alimento-en-los-refugios-despues-de-la-destruccion-del-huracan-beryl\\\/\",\"name\":\"Adventistas de la isla San Vicente brindan alimento en los refugios despu\u00e9s de la destrucci\u00f3n del Hurac\u00e1n Beryl - Iglesia Adventista del S\u00e9ptimo D\u00eda - Divisi\u00f3n Interamericana\",\"isPartOf\":{\"@id\":\"https:\\\/\\\/interamerica.org\\\/es\\\/#website\"},\"primaryImageOfPage\":{\"@id\":\"https:\\\/\\\/interamerica.org\\\/es\\\/2024\\\/07\\\/adventistas-de-la-isla-san-vicente-brindan-alimento-en-los-refugios-despues-de-la-destruccion-del-huracan-beryl\\\/#primaryimage\"},\"image\":{\"@id\":\"https:\\\/\\\/interamerica.org\\\/es\\\/2024\\\/07\\\/adventistas-de-la-isla-san-vicente-brindan-alimento-en-los-refugios-despues-de-la-destruccion-del-huracan-beryl\\\/#primaryimage\"},\"thumbnailUrl\":\"https:\\\/\\\/interamerica.org\\\/wp-content\\\/uploads\\\/2024\\\/07\\\/svg-hotmeals-thumbnail.jpg\",\"datePublished\":\"2024-07-17T19:32:39+00:00\",\"dateModified\":\"2024-07-18T13:54:46+00:00\",\"author\":{\"@id\":\"https:\\\/\\\/interamerica.org\\\/es\\\/#\\\/schema\\\/person\\\/29998f2bc2d8bd0d38662909289b54f1\"},\"breadcrumb\":{\"@id\":\"https:\\\/\\\/interamerica.org\\\/es\\\/2024\\\/07\\\/adventistas-de-la-isla-san-vicente-brindan-alimento-en-los-refugios-despues-de-la-destruccion-del-huracan-beryl\\\/#breadcrumb\"},\"inLanguage\":\"es\",\"potentialAction\":[{\"@type\":\"ReadAction\",\"target\":[\"https:\\\/\\\/interamerica.org\\\/es\\\/2024\\\/07\\\/adventistas-de-la-isla-san-vicente-brindan-alimento-en-los-refugios-despues-de-la-destruccion-del-huracan-beryl\\\/\"]}]},{\"@type\":\"ImageObject\",\"inLanguage\":\"es\",\"@id\":\"https:\\\/\\\/interamerica.org\\\/es\\\/2024\\\/07\\\/adventistas-de-la-isla-san-vicente-brindan-alimento-en-los-refugios-despues-de-la-destruccion-del-huracan-beryl\\\/#primaryimage\",\"url\":\"https:\\\/\\\/interamerica.org\\\/wp-content\\\/uploads\\\/2024\\\/07\\\/svg-hotmeals-thumbnail.jpg\",\"contentUrl\":\"https:\\\/\\\/interamerica.org\\\/wp-content\\\/uploads\\\/2024\\\/07\\\/svg-hotmeals-thumbnail.jpg\",\"width\":960,\"height\":785,\"caption\":\"A church member volunteer serves hot meals for more than 150 people staying at shelters in St. Vincent. [Photo: St. Vincent and the Grenadines Mission]\"},{\"@type\":\"BreadcrumbList\",\"@id\":\"https:\\\/\\\/interamerica.org\\\/es\\\/2024\\\/07\\\/adventistas-de-la-isla-san-vicente-brindan-alimento-en-los-refugios-despues-de-la-destruccion-del-huracan-beryl\\\/#breadcrumb\",\"itemListElement\":[{\"@type\":\"ListItem\",\"position\":1,\"name\":\"Home\",\"item\":\"https:\\\/\\\/interamerica.org\\\/es\\\/\"},{\"@type\":\"ListItem\",\"position\":2,\"name\":\"Adventistas de la isla San Vicente brindan alimento en los refugios despu\u00e9s de la destrucci\u00f3n del Hurac\u00e1n Beryl\"}]},{\"@type\":\"WebSite\",\"@id\":\"https:\\\/\\\/interamerica.org\\\/es\\\/#website\",\"url\":\"https:\\\/\\\/interamerica.org\\\/es\\\/\",\"name\":\"Iglesia Adventista del S\u00e9ptimo D\u00eda - Divisi\u00f3n Interamericana\",\"description\":\"\",\"potentialAction\":[{\"@type\":\"SearchAction\",\"target\":{\"@type\":\"EntryPoint\",\"urlTemplate\":\"https:\\\/\\\/interamerica.org\\\/es\\\/?s={search_term_string}\"},\"query-input\":{\"@type\":\"PropertyValueSpecification\",\"valueRequired\":true,\"valueName\":\"search_term_string\"}}],\"inLanguage\":\"es\"},{\"@type\":\"Person\",\"@id\":\"https:\\\/\\\/interamerica.org\\\/es\\\/#\\\/schema\\\/person\\\/29998f2bc2d8bd0d38662909289b54f1\",\"name\":\"libna\",\"image\":{\"@type\":\"ImageObject\",\"inLanguage\":\"es\",\"@id\":\"https:\\\/\\\/secure.gravatar.com\\\/avatar\\\/7c5bd30ae4b47a9ba3c856590957fd1d96dc588bf3ac05719d247e126840331f?s=96&d=mm&r=g\",\"url\":\"https:\\\/\\\/secure.gravatar.com\\\/avatar\\\/7c5bd30ae4b47a9ba3c856590957fd1d96dc588bf3ac05719d247e126840331f?s=96&d=mm&r=g\",\"contentUrl\":\"https:\\\/\\\/secure.gravatar.com\\\/avatar\\\/7c5bd30ae4b47a9ba3c856590957fd1d96dc588bf3ac05719d247e126840331f?s=96&d=mm&r=g\",\"caption\":\"libna\"}}]}<\/script>\n<!-- \/ Yoast SEO plugin. -->","yoast_head_json":{"title":"Adventistas de la isla San Vicente brindan alimento en los refugios despu\u00e9s de la destrucci\u00f3n del Hurac\u00e1n Beryl - Iglesia Adventista del S\u00e9ptimo D\u00eda - Divisi\u00f3n Interamericana","robots":{"index":"index","follow":"follow","max-snippet":"max-snippet:-1","max-image-preview":"max-image-preview:large","max-video-preview":"max-video-preview:-1"},"canonical":"https:\/\/interamerica.org\/es\/2024\/07\/adventistas-de-la-isla-san-vicente-brindan-alimento-en-los-refugios-despues-de-la-destruccion-del-huracan-beryl\/","og_locale":"es_ES","og_type":"article","og_title":"Adventistas de la isla San Vicente brindan alimento en los refugios despu\u00e9s de la destrucci\u00f3n del Hurac\u00e1n Beryl - Iglesia Adventista del S\u00e9ptimo D\u00eda - Divisi\u00f3n Interamericana","og_description":"Se est\u00e1n distribuyendo comidas y paquetes de alimentos todos los d\u00edas en San Vicente y las Granadinas. 17 de julio de 2024 | San Vicente | Royston Philbert y Noticias...","og_url":"https:\/\/interamerica.org\/es\/2024\/07\/adventistas-de-la-isla-san-vicente-brindan-alimento-en-los-refugios-despues-de-la-destruccion-del-huracan-beryl\/","og_site_name":"Iglesia Adventista del S\u00e9ptimo D\u00eda - Divisi\u00f3n Interamericana","article_published_time":"2024-07-17T19:32:39+00:00","article_modified_time":"2024-07-18T13:54:46+00:00","og_image":[{"width":960,"height":785,"url":"https:\/\/interamerica.org\/wp-content\/uploads\/2024\/07\/svg-hotmeals-thumbnail.jpg","type":"image\/jpeg"}],"author":"libna","twitter_card":"summary_large_image","twitter_misc":{"Escrito por":"libna","Tiempo de lectura":"7 minutos"},"schema":{"@context":"https:\/\/schema.org","@graph":[{"@type":"Article","@id":"https:\/\/interamerica.org\/es\/2024\/07\/adventistas-de-la-isla-san-vicente-brindan-alimento-en-los-refugios-despues-de-la-destruccion-del-huracan-beryl\/#article","isPartOf":{"@id":"https:\/\/interamerica.org\/es\/2024\/07\/adventistas-de-la-isla-san-vicente-brindan-alimento-en-los-refugios-despues-de-la-destruccion-del-huracan-beryl\/"},"author":{"name":"libna","@id":"https:\/\/interamerica.org\/es\/#\/schema\/person\/29998f2bc2d8bd0d38662909289b54f1"},"headline":"Adventistas de la isla San Vicente brindan alimento en los refugios despu\u00e9s de la destrucci\u00f3n del Hurac\u00e1n Beryl","datePublished":"2024-07-17T19:32:39+00:00","dateModified":"2024-07-18T13:54:46+00:00","mainEntityOfPage":{"@id":"https:\/\/interamerica.org\/es\/2024\/07\/adventistas-de-la-isla-san-vicente-brindan-alimento-en-los-refugios-despues-de-la-destruccion-del-huracan-beryl\/"},"wordCount":1182,"image":{"@id":"https:\/\/interamerica.org\/es\/2024\/07\/adventistas-de-la-isla-san-vicente-brindan-alimento-en-los-refugios-despues-de-la-destruccion-del-huracan-beryl\/#primaryimage"},"thumbnailUrl":"https:\/\/interamerica.org\/wp-content\/uploads\/2024\/07\/svg-hotmeals-thumbnail.jpg","articleSection":["Desde el campo","RSS Espa\u00f1ol"],"inLanguage":"es"},{"@type":"WebPage","@id":"https:\/\/interamerica.org\/es\/2024\/07\/adventistas-de-la-isla-san-vicente-brindan-alimento-en-los-refugios-despues-de-la-destruccion-del-huracan-beryl\/","url":"https:\/\/interamerica.org\/es\/2024\/07\/adventistas-de-la-isla-san-vicente-brindan-alimento-en-los-refugios-despues-de-la-destruccion-del-huracan-beryl\/","name":"Adventistas de la isla San Vicente brindan alimento en los refugios despu\u00e9s de la destrucci\u00f3n del Hurac\u00e1n Beryl - Iglesia Adventista del S\u00e9ptimo D\u00eda - Divisi\u00f3n Interamericana","isPartOf":{"@id":"https:\/\/interamerica.org\/es\/#website"},"primaryImageOfPage":{"@id":"https:\/\/interamerica.org\/es\/2024\/07\/adventistas-de-la-isla-san-vicente-brindan-alimento-en-los-refugios-despues-de-la-destruccion-del-huracan-beryl\/#primaryimage"},"image":{"@id":"https:\/\/interamerica.org\/es\/2024\/07\/adventistas-de-la-isla-san-vicente-brindan-alimento-en-los-refugios-despues-de-la-destruccion-del-huracan-beryl\/#primaryimage"},"thumbnailUrl":"https:\/\/interamerica.org\/wp-content\/uploads\/2024\/07\/svg-hotmeals-thumbnail.jpg","datePublished":"2024-07-17T19:32:39+00:00","dateModified":"2024-07-18T13:54:46+00:00","author":{"@id":"https:\/\/interamerica.org\/es\/#\/schema\/person\/29998f2bc2d8bd0d38662909289b54f1"},"breadcrumb":{"@id":"https:\/\/interamerica.org\/es\/2024\/07\/adventistas-de-la-isla-san-vicente-brindan-alimento-en-los-refugios-despues-de-la-destruccion-del-huracan-beryl\/#breadcrumb"},"inLanguage":"es","potentialAction":[{"@type":"ReadAction","target":["https:\/\/interamerica.org\/es\/2024\/07\/adventistas-de-la-isla-san-vicente-brindan-alimento-en-los-refugios-despues-de-la-destruccion-del-huracan-beryl\/"]}]},{"@type":"ImageObject","inLanguage":"es","@id":"https:\/\/interamerica.org\/es\/2024\/07\/adventistas-de-la-isla-san-vicente-brindan-alimento-en-los-refugios-despues-de-la-destruccion-del-huracan-beryl\/#primaryimage","url":"https:\/\/interamerica.org\/wp-content\/uploads\/2024\/07\/svg-hotmeals-thumbnail.jpg","contentUrl":"https:\/\/interamerica.org\/wp-content\/uploads\/2024\/07\/svg-hotmeals-thumbnail.jpg","width":960,"height":785,"caption":"A church member volunteer serves hot meals for more than 150 people staying at shelters in St. Vincent. [Photo: St. Vincent and the Grenadines Mission]"},{"@type":"BreadcrumbList","@id":"https:\/\/interamerica.org\/es\/2024\/07\/adventistas-de-la-isla-san-vicente-brindan-alimento-en-los-refugios-despues-de-la-destruccion-del-huracan-beryl\/#breadcrumb","itemListElement":[{"@type":"ListItem","position":1,"name":"Home","item":"https:\/\/interamerica.org\/es\/"},{"@type":"ListItem","position":2,"name":"Adventistas de la isla San Vicente brindan alimento en los refugios despu\u00e9s de la destrucci\u00f3n del Hurac\u00e1n Beryl"}]},{"@type":"WebSite","@id":"https:\/\/interamerica.org\/es\/#website","url":"https:\/\/interamerica.org\/es\/","name":"Iglesia Adventista del S\u00e9ptimo D\u00eda - Divisi\u00f3n Interamericana","description":"","potentialAction":[{"@type":"SearchAction","target":{"@type":"EntryPoint","urlTemplate":"https:\/\/interamerica.org\/es\/?s={search_term_string}"},"query-input":{"@type":"PropertyValueSpecification","valueRequired":true,"valueName":"search_term_string"}}],"inLanguage":"es"},{"@type":"Person","@id":"https:\/\/interamerica.org\/es\/#\/schema\/person\/29998f2bc2d8bd0d38662909289b54f1","name":"libna","image":{"@type":"ImageObject","inLanguage":"es","@id":"https:\/\/secure.gravatar.com\/avatar\/7c5bd30ae4b47a9ba3c856590957fd1d96dc588bf3ac05719d247e126840331f?s=96&d=mm&r=g","url":"https:\/\/secure.gravatar.com\/avatar\/7c5bd30ae4b47a9ba3c856590957fd1d96dc588bf3ac05719d247e126840331f?s=96&d=mm&r=g","contentUrl":"https:\/\/secure.gravatar.com\/avatar\/7c5bd30ae4b47a9ba3c856590957fd1d96dc588bf3ac05719d247e126840331f?s=96&d=mm&r=g","caption":"libna"}}]}},"_links":{"self":[{"href":"https:\/\/interamerica.org\/es\/wp-json\/wp\/v2\/posts\/117025","targetHints":{"allow":["GET"]}}],"collection":[{"href":"https:\/\/interamerica.org\/es\/wp-json\/wp\/v2\/posts"}],"about":[{"href":"https:\/\/interamerica.org\/es\/wp-json\/wp\/v2\/types\/post"}],"author":[{"embeddable":true,"href":"https:\/\/interamerica.org\/es\/wp-json\/wp\/v2\/users\/3"}],"replies":[{"embeddable":true,"href":"https:\/\/interamerica.org\/es\/wp-json\/wp\/v2\/comments?post=117025"}],"version-history":[{"count":0,"href":"https:\/\/interamerica.org\/es\/wp-json\/wp\/v2\/posts\/117025\/revisions"}],"wp:featuredmedia":[{"embeddable":true,"href":"https:\/\/interamerica.org\/es\/wp-json\/wp\/v2\/media\/117014"}],"wp:attachment":[{"href":"https:\/\/interamerica.org\/es\/wp-json\/wp\/v2\/media?parent=117025"}],"wp:term":[{"taxonomy":"category","embeddable":true,"href":"https:\/\/interamerica.org\/es\/wp-json\/wp\/v2\/categories?post=117025"},{"taxonomy":"post_tag","embeddable":true,"href":"https:\/\/interamerica.org\/es\/wp-json\/wp\/v2\/tags?post=117025"}],"curies":[{"name":"wp","href":"https:\/\/api.w.org\/{rel}","templated":true}]}}