{"id":11703,"date":"2010-12-14T00:00:00","date_gmt":"2010-12-14T04:00:00","guid":{"rendered":"http:\/\/192.81.217.108\/interamerica\/2010\/12\/neal-c-wilson-antiguo-presidente-de-la-iglesia-adventista-muere-a-los-90-anos\/"},"modified":"2017-06-02T08:58:21","modified_gmt":"2017-06-02T12:58:21","slug":"neal-c-wilson-antiguo-presidente-de-la-iglesia-adventista-muere-a-los-90-anos","status":"publish","type":"post","link":"https:\/\/interamerica.org\/es\/2010\/12\/neal-c-wilson-antiguo-presidente-de-la-iglesia-adventista-muere-a-los-90-anos\/","title":{"rendered":"Neal C. Wilson, antiguo presidente de la Iglesia Adventista, muere a los 90 a\u00f1os"},"content":{"rendered":"<p>Silver Spring, Maryland, Estados Unidos, 14 de diciembre de 2010 <\/p>\n<p>Personal de ANN <\/p>\n<p>Neal C. Wilson, quien sirvi\u00f3 como presidente de la Iglesia Adventista del S\u00e9ptimo D\u00eda desde 1979 hasta 1990, y padre de el actual presidente de la denominaci\u00f3n, muri\u00f3 hoy en un centro de atenci\u00f3n en Silver Spring, Maryland, Estados Unidos. \u00c9l ten\u00eda 90 a\u00f1os. <\/p>\n<p>Como presidente, Wilson impuls\u00f3 la misi\u00f3n de la iglesia en la antigua Uni\u00f3n Sovi\u00e9tica dos a\u00f1os antes de la ca\u00edda del comunismo all\u00ed, ayudando a obtener permiso para establecer un seminario adventista y sedes administrativas cerca de Mosc\u00fa en 1987. El tambi\u00e9n supervis\u00f3 la reubicaci\u00f3n de la sede mundial de la denominaci\u00f3n desde Takoma Park, Maryland, hasta su ubicaci\u00f3n actual en Silver Spring. <\/p>\n<p>Durante su administraci\u00f3n, Wilson visit\u00f3 170 pa\u00edses donde la iglesia manejaba instituciones de atenci\u00f3n m\u00e9dica, educaci\u00f3n, evangelismo y publicaciones. \u00c9l era conocido por recordar miles de personas, incluso despu\u00e9s de reuniones cortas. <\/p>\n<p>\u00abYo le considero a \u00e9l como uno de los l\u00edderes sobresalientes en la historia de esta iglesia\u00bb, dijo Bill Johnson, antiguo editor de la Revista Adventista. \u00abUna vez le pregunt\u00e9 c\u00f3mo recordaba tan bien los nombres de la gente y \u00e9l dijo que simplemente lo consideraba importante\u00bb. <\/p>\n<p>Despu\u00e9s de su jubilaci\u00f3n en 1900, Wilson pastore\u00f3 iglesias en California y sirvi\u00f3 como consejero para la Divisi\u00f3n Euroasi\u00e1tica de la denominaci\u00f3n. Johnson dijo que el Departamento de Estado de los Estados Unidos llamaba peri\u00f3dicamente a Wilson en relaci\u00f3n con situaciones en el Medio Oriente, considerando su conociimento sobre de la regi\u00f3n como resultado de un servicio de 15 a\u00f1os en Egipto. <\/p>\n<p>\u00ab\u00c9l pudo haber sido un estadista o un diplom\u00e1tico, pero eligi\u00f3 dar sus talentos a la iglesia y todos nosotros fuimos bendecidos por ello\u00bb, dijo Johnson. <\/p>\n<p>Neal Clayton Wilson naci\u00f3 en Lodi, California, en 1920, hijo de un misionero y administrador de la iglesia. Wilson asisti\u00f3 a escuelas en Zambia, Malawi, Sud\u00e1frica e India antes de obtener su t\u00edtulo de licenciatura de parte de Pacific Union College, una instituci\u00f3n adventista en Angwin, California, en 1942. En 1944 obtuvo un t\u00edtulo del Seminario Teol\u00f3gico Adventista, entonces ubicado en Takoma Park, Maryland. <\/p>\n<p>Wilson sirvi\u00f3 a la iglesia en Egipto desde 1944 hasta 1958, primero como pastor y evangelista y luego como el presidente administrativo regional. Luego trabaj\u00f3 como administrador en California y Maryland antes de su designaci\u00f3n como presidente de la Divisi\u00f3n Norteamericana de la iglesia en 1966. Wilson sirvi\u00f3 en esa posici\u00f3n hasta su designaci\u00f3n como presidente de la denominaci\u00f3n. <\/p>\n<p>El hijo de Wilson, Ted N.C. Wilson, fue elegido presidente de la iglesia adventista mundial en junio. <\/p>\n<p>En lugar de flores, presentes conmemorativos pueden ser enviados a la Agencia Adventista para el Desarrollo y Recursos Asistenciales (ADRA), Adventist Heritage Ministry, Adventist World Radio (Radio Mundial Adventista) o Christian Record Services for the Blind (Servicios Cristianos de Grabaci\u00f3n para los Ciegos). <\/p>\n<p>Traductor: Abraham Guerrero <\/p>\n","protected":false},"excerpt":{"rendered":"<p>Neal C. Wilson, quien sirvi\u00f3 como presidente de la Iglesia Adventista del S\u00e9ptimo D\u00eda desde 1979 hasta 1990, y padre de el actual presidente de la denominaci\u00f3n, muri\u00f3 hoy en un centro de atenci\u00f3n en Silver S<\/p>\n","protected":false},"author":1,"featured_media":0,"comment_status":"closed","ping_status":"closed","sticky":false,"template":"","format":"standard","meta":{"_acf_changed":false,"footnotes":""},"categories":[8],"tags":[],"class_list":["post-11703","post","type-post","status-publish","format-standard","hentry","category-archivo"],"acf":[],"yoast_head":"<!-- This site is optimized with the Yoast SEO plugin v27.3 - https:\/\/yoast.com\/product\/yoast-seo-wordpress\/ -->\n<title>Neal C. Wilson, antiguo presidente de la Iglesia Adventista, muere a los 90 a\u00f1os - Iglesia Adventista del S\u00e9ptimo D\u00eda - Divisi\u00f3n Interamericana<\/title>\n<meta name=\"robots\" content=\"index, follow, max-snippet:-1, max-image-preview:large, max-video-preview:-1\" \/>\n<link rel=\"canonical\" href=\"https:\/\/interamerica.org\/es\/2010\/12\/neal-c-wilson-antiguo-presidente-de-la-iglesia-adventista-muere-a-los-90-anos\/\" \/>\n<meta property=\"og:locale\" content=\"es_ES\" \/>\n<meta property=\"og:type\" content=\"article\" \/>\n<meta property=\"og:title\" content=\"Neal C. Wilson, antiguo presidente de la Iglesia Adventista, muere a los 90 a\u00f1os - Iglesia Adventista del S\u00e9ptimo D\u00eda - Divisi\u00f3n Interamericana\" \/>\n<meta property=\"og:description\" content=\"Neal C. Wilson, quien sirvi\u00f3 como presidente de la Iglesia Adventista del S\u00e9ptimo D\u00eda desde 1979 hasta 1990, y padre de el actual presidente de la denominaci\u00f3n, muri\u00f3 hoy en un centro de atenci\u00f3n en Silver S\" \/>\n<meta property=\"og:url\" content=\"https:\/\/interamerica.org\/es\/2010\/12\/neal-c-wilson-antiguo-presidente-de-la-iglesia-adventista-muere-a-los-90-anos\/\" \/>\n<meta property=\"og:site_name\" content=\"Iglesia Adventista del S\u00e9ptimo D\u00eda - Divisi\u00f3n Interamericana\" \/>\n<meta property=\"article:published_time\" content=\"2010-12-14T04:00:00+00:00\" \/>\n<meta property=\"article:modified_time\" content=\"2017-06-02T12:58:21+00:00\" \/>\n<meta name=\"author\" content=\"Lorenzo Verduzco\" \/>\n<meta name=\"twitter:card\" content=\"summary_large_image\" \/>\n<meta name=\"twitter:label1\" content=\"Escrito por\" \/>\n\t<meta name=\"twitter:data1\" content=\"Lorenzo Verduzco\" \/>\n\t<meta name=\"twitter:label2\" content=\"Tiempo de lectura\" \/>\n\t<meta name=\"twitter:data2\" content=\"3 minutos\" \/>\n<script type=\"application\/ld+json\" class=\"yoast-schema-graph\">{\"@context\":\"https:\\\/\\\/schema.org\",\"@graph\":[{\"@type\":\"Article\",\"@id\":\"https:\\\/\\\/interamerica.org\\\/es\\\/2010\\\/12\\\/neal-c-wilson-antiguo-presidente-de-la-iglesia-adventista-muere-a-los-90-anos\\\/#article\",\"isPartOf\":{\"@id\":\"https:\\\/\\\/interamerica.org\\\/es\\\/2010\\\/12\\\/neal-c-wilson-antiguo-presidente-de-la-iglesia-adventista-muere-a-los-90-anos\\\/\"},\"author\":{\"name\":\"Lorenzo Verduzco\",\"@id\":\"https:\\\/\\\/interamerica.org\\\/es\\\/#\\\/schema\\\/person\\\/68ede8bdc292885bb76c1e3810e73c39\"},\"headline\":\"Neal C. Wilson, antiguo presidente de la Iglesia Adventista, muere a los 90 a\u00f1os\",\"datePublished\":\"2010-12-14T04:00:00+00:00\",\"dateModified\":\"2017-06-02T12:58:21+00:00\",\"mainEntityOfPage\":{\"@id\":\"https:\\\/\\\/interamerica.org\\\/es\\\/2010\\\/12\\\/neal-c-wilson-antiguo-presidente-de-la-iglesia-adventista-muere-a-los-90-anos\\\/\"},\"wordCount\":517,\"articleSection\":[\"Archivo\"],\"inLanguage\":\"es\"},{\"@type\":\"WebPage\",\"@id\":\"https:\\\/\\\/interamerica.org\\\/es\\\/2010\\\/12\\\/neal-c-wilson-antiguo-presidente-de-la-iglesia-adventista-muere-a-los-90-anos\\\/\",\"url\":\"https:\\\/\\\/interamerica.org\\\/es\\\/2010\\\/12\\\/neal-c-wilson-antiguo-presidente-de-la-iglesia-adventista-muere-a-los-90-anos\\\/\",\"name\":\"Neal C. Wilson, antiguo presidente de la Iglesia Adventista, muere a los 90 a\u00f1os - Iglesia Adventista del S\u00e9ptimo D\u00eda - Divisi\u00f3n Interamericana\",\"isPartOf\":{\"@id\":\"https:\\\/\\\/interamerica.org\\\/es\\\/#website\"},\"datePublished\":\"2010-12-14T04:00:00+00:00\",\"dateModified\":\"2017-06-02T12:58:21+00:00\",\"author\":{\"@id\":\"https:\\\/\\\/interamerica.org\\\/es\\\/#\\\/schema\\\/person\\\/68ede8bdc292885bb76c1e3810e73c39\"},\"breadcrumb\":{\"@id\":\"https:\\\/\\\/interamerica.org\\\/es\\\/2010\\\/12\\\/neal-c-wilson-antiguo-presidente-de-la-iglesia-adventista-muere-a-los-90-anos\\\/#breadcrumb\"},\"inLanguage\":\"es\",\"potentialAction\":[{\"@type\":\"ReadAction\",\"target\":[\"https:\\\/\\\/interamerica.org\\\/es\\\/2010\\\/12\\\/neal-c-wilson-antiguo-presidente-de-la-iglesia-adventista-muere-a-los-90-anos\\\/\"]}]},{\"@type\":\"BreadcrumbList\",\"@id\":\"https:\\\/\\\/interamerica.org\\\/es\\\/2010\\\/12\\\/neal-c-wilson-antiguo-presidente-de-la-iglesia-adventista-muere-a-los-90-anos\\\/#breadcrumb\",\"itemListElement\":[{\"@type\":\"ListItem\",\"position\":1,\"name\":\"Home\",\"item\":\"https:\\\/\\\/interamerica.org\\\/es\\\/\"},{\"@type\":\"ListItem\",\"position\":2,\"name\":\"Neal C. Wilson, antiguo presidente de la Iglesia Adventista, muere a los 90 a\u00f1os\"}]},{\"@type\":\"WebSite\",\"@id\":\"https:\\\/\\\/interamerica.org\\\/es\\\/#website\",\"url\":\"https:\\\/\\\/interamerica.org\\\/es\\\/\",\"name\":\"Iglesia Adventista del S\u00e9ptimo D\u00eda - Divisi\u00f3n Interamericana\",\"description\":\"\",\"potentialAction\":[{\"@type\":\"SearchAction\",\"target\":{\"@type\":\"EntryPoint\",\"urlTemplate\":\"https:\\\/\\\/interamerica.org\\\/es\\\/?s={search_term_string}\"},\"query-input\":{\"@type\":\"PropertyValueSpecification\",\"valueRequired\":true,\"valueName\":\"search_term_string\"}}],\"inLanguage\":\"es\"},{\"@type\":\"Person\",\"@id\":\"https:\\\/\\\/interamerica.org\\\/es\\\/#\\\/schema\\\/person\\\/68ede8bdc292885bb76c1e3810e73c39\",\"name\":\"Lorenzo Verduzco\",\"image\":{\"@type\":\"ImageObject\",\"inLanguage\":\"es\",\"@id\":\"https:\\\/\\\/secure.gravatar.com\\\/avatar\\\/fb81a55b6218459490a9c1dc841a34909185b81904c5337b4b27f7a6fd60c49e?s=96&d=mm&r=g\",\"url\":\"https:\\\/\\\/secure.gravatar.com\\\/avatar\\\/fb81a55b6218459490a9c1dc841a34909185b81904c5337b4b27f7a6fd60c49e?s=96&d=mm&r=g\",\"contentUrl\":\"https:\\\/\\\/secure.gravatar.com\\\/avatar\\\/fb81a55b6218459490a9c1dc841a34909185b81904c5337b4b27f7a6fd60c49e?s=96&d=mm&r=g\",\"caption\":\"Lorenzo Verduzco\"}}]}<\/script>\n<!-- \/ Yoast SEO plugin. -->","yoast_head_json":{"title":"Neal C. Wilson, antiguo presidente de la Iglesia Adventista, muere a los 90 a\u00f1os - Iglesia Adventista del S\u00e9ptimo D\u00eda - Divisi\u00f3n Interamericana","robots":{"index":"index","follow":"follow","max-snippet":"max-snippet:-1","max-image-preview":"max-image-preview:large","max-video-preview":"max-video-preview:-1"},"canonical":"https:\/\/interamerica.org\/es\/2010\/12\/neal-c-wilson-antiguo-presidente-de-la-iglesia-adventista-muere-a-los-90-anos\/","og_locale":"es_ES","og_type":"article","og_title":"Neal C. Wilson, antiguo presidente de la Iglesia Adventista, muere a los 90 a\u00f1os - Iglesia Adventista del S\u00e9ptimo D\u00eda - Divisi\u00f3n Interamericana","og_description":"Neal C. Wilson, quien sirvi\u00f3 como presidente de la Iglesia Adventista del S\u00e9ptimo D\u00eda desde 1979 hasta 1990, y padre de el actual presidente de la denominaci\u00f3n, muri\u00f3 hoy en un centro de atenci\u00f3n en Silver S","og_url":"https:\/\/interamerica.org\/es\/2010\/12\/neal-c-wilson-antiguo-presidente-de-la-iglesia-adventista-muere-a-los-90-anos\/","og_site_name":"Iglesia Adventista del S\u00e9ptimo D\u00eda - Divisi\u00f3n Interamericana","article_published_time":"2010-12-14T04:00:00+00:00","article_modified_time":"2017-06-02T12:58:21+00:00","author":"Lorenzo Verduzco","twitter_card":"summary_large_image","twitter_misc":{"Escrito por":"Lorenzo Verduzco","Tiempo de lectura":"3 minutos"},"schema":{"@context":"https:\/\/schema.org","@graph":[{"@type":"Article","@id":"https:\/\/interamerica.org\/es\/2010\/12\/neal-c-wilson-antiguo-presidente-de-la-iglesia-adventista-muere-a-los-90-anos\/#article","isPartOf":{"@id":"https:\/\/interamerica.org\/es\/2010\/12\/neal-c-wilson-antiguo-presidente-de-la-iglesia-adventista-muere-a-los-90-anos\/"},"author":{"name":"Lorenzo Verduzco","@id":"https:\/\/interamerica.org\/es\/#\/schema\/person\/68ede8bdc292885bb76c1e3810e73c39"},"headline":"Neal C. Wilson, antiguo presidente de la Iglesia Adventista, muere a los 90 a\u00f1os","datePublished":"2010-12-14T04:00:00+00:00","dateModified":"2017-06-02T12:58:21+00:00","mainEntityOfPage":{"@id":"https:\/\/interamerica.org\/es\/2010\/12\/neal-c-wilson-antiguo-presidente-de-la-iglesia-adventista-muere-a-los-90-anos\/"},"wordCount":517,"articleSection":["Archivo"],"inLanguage":"es"},{"@type":"WebPage","@id":"https:\/\/interamerica.org\/es\/2010\/12\/neal-c-wilson-antiguo-presidente-de-la-iglesia-adventista-muere-a-los-90-anos\/","url":"https:\/\/interamerica.org\/es\/2010\/12\/neal-c-wilson-antiguo-presidente-de-la-iglesia-adventista-muere-a-los-90-anos\/","name":"Neal C. Wilson, antiguo presidente de la Iglesia Adventista, muere a los 90 a\u00f1os - Iglesia Adventista del S\u00e9ptimo D\u00eda - Divisi\u00f3n Interamericana","isPartOf":{"@id":"https:\/\/interamerica.org\/es\/#website"},"datePublished":"2010-12-14T04:00:00+00:00","dateModified":"2017-06-02T12:58:21+00:00","author":{"@id":"https:\/\/interamerica.org\/es\/#\/schema\/person\/68ede8bdc292885bb76c1e3810e73c39"},"breadcrumb":{"@id":"https:\/\/interamerica.org\/es\/2010\/12\/neal-c-wilson-antiguo-presidente-de-la-iglesia-adventista-muere-a-los-90-anos\/#breadcrumb"},"inLanguage":"es","potentialAction":[{"@type":"ReadAction","target":["https:\/\/interamerica.org\/es\/2010\/12\/neal-c-wilson-antiguo-presidente-de-la-iglesia-adventista-muere-a-los-90-anos\/"]}]},{"@type":"BreadcrumbList","@id":"https:\/\/interamerica.org\/es\/2010\/12\/neal-c-wilson-antiguo-presidente-de-la-iglesia-adventista-muere-a-los-90-anos\/#breadcrumb","itemListElement":[{"@type":"ListItem","position":1,"name":"Home","item":"https:\/\/interamerica.org\/es\/"},{"@type":"ListItem","position":2,"name":"Neal C. Wilson, antiguo presidente de la Iglesia Adventista, muere a los 90 a\u00f1os"}]},{"@type":"WebSite","@id":"https:\/\/interamerica.org\/es\/#website","url":"https:\/\/interamerica.org\/es\/","name":"Iglesia Adventista del S\u00e9ptimo D\u00eda - Divisi\u00f3n Interamericana","description":"","potentialAction":[{"@type":"SearchAction","target":{"@type":"EntryPoint","urlTemplate":"https:\/\/interamerica.org\/es\/?s={search_term_string}"},"query-input":{"@type":"PropertyValueSpecification","valueRequired":true,"valueName":"search_term_string"}}],"inLanguage":"es"},{"@type":"Person","@id":"https:\/\/interamerica.org\/es\/#\/schema\/person\/68ede8bdc292885bb76c1e3810e73c39","name":"Lorenzo Verduzco","image":{"@type":"ImageObject","inLanguage":"es","@id":"https:\/\/secure.gravatar.com\/avatar\/fb81a55b6218459490a9c1dc841a34909185b81904c5337b4b27f7a6fd60c49e?s=96&d=mm&r=g","url":"https:\/\/secure.gravatar.com\/avatar\/fb81a55b6218459490a9c1dc841a34909185b81904c5337b4b27f7a6fd60c49e?s=96&d=mm&r=g","contentUrl":"https:\/\/secure.gravatar.com\/avatar\/fb81a55b6218459490a9c1dc841a34909185b81904c5337b4b27f7a6fd60c49e?s=96&d=mm&r=g","caption":"Lorenzo Verduzco"}}]}},"_links":{"self":[{"href":"https:\/\/interamerica.org\/es\/wp-json\/wp\/v2\/posts\/11703","targetHints":{"allow":["GET"]}}],"collection":[{"href":"https:\/\/interamerica.org\/es\/wp-json\/wp\/v2\/posts"}],"about":[{"href":"https:\/\/interamerica.org\/es\/wp-json\/wp\/v2\/types\/post"}],"author":[{"embeddable":true,"href":"https:\/\/interamerica.org\/es\/wp-json\/wp\/v2\/users\/1"}],"replies":[{"embeddable":true,"href":"https:\/\/interamerica.org\/es\/wp-json\/wp\/v2\/comments?post=11703"}],"version-history":[{"count":0,"href":"https:\/\/interamerica.org\/es\/wp-json\/wp\/v2\/posts\/11703\/revisions"}],"wp:attachment":[{"href":"https:\/\/interamerica.org\/es\/wp-json\/wp\/v2\/media?parent=11703"}],"wp:term":[{"taxonomy":"category","embeddable":true,"href":"https:\/\/interamerica.org\/es\/wp-json\/wp\/v2\/categories?post=11703"},{"taxonomy":"post_tag","embeddable":true,"href":"https:\/\/interamerica.org\/es\/wp-json\/wp\/v2\/tags?post=11703"}],"curies":[{"name":"wp","href":"https:\/\/api.w.org\/{rel}","templated":true}]}}