{"id":117076,"date":"2024-07-18T19:01:24","date_gmt":"2024-07-18T23:01:24","guid":{"rendered":"https:\/\/interamerica.org\/?p=117076"},"modified":"2024-07-19T03:23:42","modified_gmt":"2024-07-19T07:23:42","slug":"la-mentira-de-satanas","status":"publish","type":"post","link":"https:\/\/interamerica.org\/es\/2024\/07\/la-mentira-de-satanas\/","title":{"rendered":"La mentira de Satan\u00e1s"},"content":{"rendered":"<p>18 de julio del 2024 | Silver Spring, Maryland, Estados Unidos | Ted N.C. Wilson, Presidente de la Asociaci\u00f3n General de los Adventistas del S\u00e9ptimo D\u00eda<\/p>\n<p>Hola, amigos. Al principio, cuando Dios cre\u00f3 este mundo, todo era perfecto. El jard\u00edn en el que coloc\u00f3 a nuestros primeros padres era exuberante y hermoso. Los animales eran amigables, la fruta deliciosa y las flores nunca se marchitaban. Ad\u00e1n y Eva se amaban y juntos disfrutaban no solo del asombroso lugar que Dios les hab\u00eda dado, sino tambi\u00e9n de la comuni\u00f3n cara a cara con los \u00e1ngeles y con el Creador mismo.<\/p>\n<p>Mientras hab\u00eda muchas cosas maravillosas para comer en este hogar de jard\u00edn, un \u00e1rbol se destacaba por encima de todos los dem\u00e1s: el \u00c1rbol de la Vida, que se encontraba en medio del jard\u00edn. Al comer la fruta de este \u00e1rbol, Ad\u00e1n y Eva vivir\u00edan para siempre.<\/p>\n<p>Pero hab\u00eda otro \u00e1rbol \u00aben medio del jard\u00edn\u00bb (G\u00e9n. 2:9) que traer\u00eda la muerte: \u00abel \u00e1rbol del conocimiento del bien y del mal\u00bb. Dios les advirti\u00f3 que no comieran de este \u00e1rbol, diciendo \u00abporque el d\u00eda que de \u00e9l com\u00e1is, ciertamente morir\u00e9is\u00bb.<\/p>\n<p>\u00bfPor qu\u00e9 hab\u00eda un \u00e1rbol as\u00ed en el Jard\u00edn del Ed\u00e9n, te preguntar\u00e1s. Es porque Dios es un Dios de libertad, y \u00c9l da a las personas la oportunidad de elegir seguirlo o no. Invita a sus criaturas a elegirlo por amor, en lugar de ser obligados a obedecerlo.<\/p>\n<p>Como hemos visto anteriormente en nuestro estudio, hab\u00eda un \u00e1ngel en el cielo que permiti\u00f3 que el orgullo y la envidia crecieran y se pudrieran en su coraz\u00f3n. Se rebel\u00f3 contra su Creador, afirmando que Dios era un tirano injusto. Ese \u00e1ngel malvado, ahora conocido como Satan\u00e1s, fue expulsado del cielo, junto con los \u00e1ngeles que lo siguieron.<\/p>\n<p>Cuando Dios cre\u00f3 a Ad\u00e1n y Eva, Satan\u00e1s estaba decidido a arruinarlos a ellos y a sus descendientes, y reclamar el mundo como suyo.<\/p>\n<p>Le\u00edmos en El Gran Conflicto que Ad\u00e1n y Eva \u00abhab\u00edan sido perfectamente felices en obediencia a la ley de Dios, y este hecho era un testimonio constante contra la afirmaci\u00f3n que Satan\u00e1s hab\u00eda hecho en el cielo, de que la ley de Dios era opresiva y contraria al bien de sus criaturas\u00bb.<\/p>\n<p>El pensamiento de que la ley de Dios era opresiva nunca cruz\u00f3 por la mente de Ad\u00e1n y Eva, pero Satan\u00e1s hizo planes para atraparlos. El \u00fanico lugar donde se le permit\u00eda estar en el jard\u00edn era el \u00c1rbol del Conocimiento del Bien y del Mal, el \u00fanico lugar en el que nuestros primeros padres deb\u00edan mantenerse alejados, habiendo sido advertidos sobre su enemigo sat\u00e1nico.<\/p>\n<p>Pero un d\u00eda, Eva se encontr\u00f3 sola en el \u00e1rbol, mirando su fruto magn\u00edfico. Utilizando una serpiente brillante como su medio, Satan\u00e1s se dirigi\u00f3 a Eva con una voz agradable y fascinante:<\/p>\n<p>\u00bfRealmente dijo Dios, &#8216;No debes comer de ning\u00fan \u00e1rbol en el jard\u00edn&#8217;?\u00bb. Ella respondi\u00f3: \u00abPodemos comer fruta de los \u00e1rboles en el jard\u00edn, pero Dios dijo, &#8216;No debes comer fruta del \u00e1rbol que est\u00e1 en medio del jard\u00edn, y no debes tocarlo, o morir\u00e1s'\u00bb.<\/p>\n<p>Aqu\u00ed, Eva est\u00e1 tergiversando a Dios a\u00f1adiendo algo que \u00e9l no hab\u00eda dicho, un error del que Satan\u00e1s se aprovech\u00f3. Siempre es peligroso a\u00f1adir o quitar lo que Dios ha dicho.<\/p>\n<p>A trav\u00e9s de la serpiente, Satan\u00e1s proclam\u00f3 la primera mentira jam\u00e1s dicha en la Tierra. Contradiciendo directamente a Dios, dijo: \u00abNo morir\u00e1s ciertamente&#8230; Porque Dios sabe que cuando comas de \u00e9l, se abrir\u00e1n tus ojos y ser\u00e1s como Dios, conociendo el bien y el mal\u00bb.<\/p>\n<p>Siempre es peligroso discutir con el diablo. Leemos en El Gran Conflicto, \u00abSi Eva hubiera evitado entrar en discusi\u00f3n con el tentador, habr\u00eda estado a salvo; pero se atrevi\u00f3 a dialogar con \u00e9l y cay\u00f3 v\u00edctima de sus artima\u00f1as\u00bb. El autor contin\u00faa, \u00abAs\u00ed es como muchos todav\u00eda son vencidos. Dudan y discuten sobre los requisitos de Dios; y en lugar de obedecer los mandamientos divinos, aceptan teor\u00edas humanas, que no hacen m\u00e1s que disfrazar los planes de Satan\u00e1s\u00bb.<\/p>\n<p>Para hacer sus mentiras m\u00e1s atractivas, Satan\u00e1s siempre mezcla un poco de verdad. En este caso, la verdad era que sus ojos realmente se abrir\u00edan, y conocer\u00edan el mal as\u00ed como el bien, algo que Dios nunca tuvo la intenci\u00f3n de que experimentaran.<\/p>\n<p>Como sabemos, \u00abEva cedi\u00f3 a la tentaci\u00f3n; y a trav\u00e9s de su influencia, Ad\u00e1n fue llevado al pecado. Aceptaron las palabras de la serpiente, que Dios no quer\u00eda decir lo que dijo; desconfiaron de su Creador e imaginaron que \u00c9l estaba restringiendo su libertad y que podr\u00edan obtener gran sabidur\u00eda y exaltaci\u00f3n al transgredir su ley\u00bb.<\/p>\n<p>La mentira de Satan\u00e1s contada en Ed\u00e9n, \u00abNo morir\u00e1s seguramente\u00bb, sigue vigente hoy, en contradicci\u00f3n directa con la advertencia de Dios en el Jard\u00edn del Ed\u00e9n y lo que nos dice en Su Palabra hoy.<\/p>\n<p>\u00abPorque polvo eres, y al polvo volver\u00e1s\u00bb, proclam\u00f3 Cristo a Ad\u00e1n despu\u00e9s de la ca\u00edda. \u00abRomanos 5:12 nos dice que \u00ab&#8230;por un solo hombre entr\u00f3 el pecado en el mundo, y por el pecado la muerte, y as\u00ed la muerte se extendi\u00f3 a todos los hombres, porque todos pecaron.\u00bb Y en Ezequiel 18:20 se nos asegura, \u00abEl alma que peque, esa morir\u00e1\u00bb.<\/p>\n<p>Y sin embargo, en contra de la Palabra de Dios, muchos creen que el alma nunca muere, viviendo eternamente ya sea en el cielo o en el infierno. Esta doctrina del diablo ha causado un da\u00f1o incalculable en los corazones y mentes de generaciones, presentando a Dios de la peor manera posible.<\/p>\n<p>En nuestro pr\u00f3ximo video, examinaremos m\u00e1s de cerca lo que dice la Biblia sobre la muerte y lo que nos dice sobre el car\u00e1cter de Dios. Mientras tanto, podemos estar seguros de que la Palabra de Dios es verdadera, creyendo que \u00ablos vivos saben que morir\u00e1n; pero los muertos no saben nada, y no tienen m\u00e1s recompensa, porque su memoria ha sido olvidada\u00bb.<\/p>\n<p>Al considerar este tema tan importante, te invito a orar conmigo en este momento.<\/p>\n<p>Padre en el Cielo, gracias por la clara instrucci\u00f3n en la Biblia que nos has dado sobre el estado de los muertos. Entendemos por las Escrituras que los vivos saben que morir\u00e1n, pero los muertos no saben nada. Se\u00f1or, ay\u00fadanos a alejarnos de falsos entendimientos. Falsas doctrinas que han sido inspiradas por el mismo diablo, que el alma vive despu\u00e9s de la muerte.<\/p>\n<p>Porque la Biblia no dice eso. Se\u00f1or, gu\u00edanos mientras entendemos por nosotros mismos esta preciosa verdad sobre la muerte y la vida. Y Se\u00f1or, nos colocamos completamente de tu lado, del lado de la Biblia, para entender la verdad m\u00e1s completa sobre el estado de los muertos. Gracias por escucharnos ahora y bendecir a cada uno de nosotros hasta que nos encontremos de nuevo. Mira este tema importante. En el nombre de Jes\u00fas, te lo pedimos. Am\u00e9n.<\/p>\n<p><iframe title=\"La Gran Controversia: La Primera Gran Decepci\u00f3n | Un Mensaje Especial del Pastor Ted Wilson\" width=\"500\" height=\"281\" src=\"https:\/\/www.youtube.com\/embed\/YgYwKPP3dR4?feature=oembed\" frameborder=\"0\" allow=\"accelerometer; autoplay; clipboard-write; encrypted-media; gyroscope; picture-in-picture; web-share\" referrerpolicy=\"strict-origin-when-cross-origin\" allowfullscreen><\/iframe><\/p>\n","protected":false},"excerpt":{"rendered":"<p>18 de julio del 2024 | Silver Spring, Maryland, Estados Unidos | Ted N.C. Wilson, Presidente de la Asociaci\u00f3n General de los Adventistas del S\u00e9ptimo D\u00eda Hola, amigos. Al principio,&#8230;<\/p>\n","protected":false},"author":3,"featured_media":117070,"comment_status":"closed","ping_status":"closed","sticky":false,"template":"","format":"standard","meta":{"_acf_changed":false,"footnotes":""},"categories":[14,2,15],"tags":[],"class_list":["post-117076","post","type-post","status-publish","format-standard","has-post-thumbnail","hentry","category-de-la-iglesia-mundial","category-sin-categorizar","category-rss-espanol"],"acf":[],"yoast_head":"<!-- This site is optimized with the Yoast SEO plugin v27.3 - https:\/\/yoast.com\/product\/yoast-seo-wordpress\/ -->\n<title>La mentira de Satan\u00e1s - Iglesia Adventista del S\u00e9ptimo D\u00eda - Divisi\u00f3n Interamericana<\/title>\n<meta name=\"robots\" content=\"index, follow, max-snippet:-1, max-image-preview:large, max-video-preview:-1\" \/>\n<link rel=\"canonical\" href=\"https:\/\/interamerica.org\/es\/2024\/07\/la-mentira-de-satanas\/\" \/>\n<meta property=\"og:locale\" content=\"es_ES\" \/>\n<meta property=\"og:type\" content=\"article\" \/>\n<meta property=\"og:title\" content=\"La mentira de Satan\u00e1s - Iglesia Adventista del S\u00e9ptimo D\u00eda - Divisi\u00f3n Interamericana\" \/>\n<meta property=\"og:description\" content=\"18 de julio del 2024 | Silver Spring, Maryland, Estados Unidos | Ted N.C. Wilson, Presidente de la Asociaci\u00f3n General de los Adventistas del S\u00e9ptimo D\u00eda Hola, amigos. Al principio,...\" \/>\n<meta property=\"og:url\" content=\"https:\/\/interamerica.org\/es\/2024\/07\/la-mentira-de-satanas\/\" \/>\n<meta property=\"og:site_name\" content=\"Iglesia Adventista del S\u00e9ptimo D\u00eda - Divisi\u00f3n Interamericana\" \/>\n<meta property=\"article:published_time\" content=\"2024-07-18T23:01:24+00:00\" \/>\n<meta property=\"article:modified_time\" content=\"2024-07-19T07:23:42+00:00\" \/>\n<meta property=\"og:image\" content=\"https:\/\/interamerica.org\/wp-content\/uploads\/2024\/07\/satans-lie-es.png\" \/>\n\t<meta property=\"og:image:width\" content=\"1441\" \/>\n\t<meta property=\"og:image:height\" content=\"810\" \/>\n\t<meta property=\"og:image:type\" content=\"image\/png\" \/>\n<meta name=\"author\" content=\"libna\" \/>\n<meta name=\"twitter:card\" content=\"summary_large_image\" \/>\n<meta name=\"twitter:label1\" content=\"Escrito por\" \/>\n\t<meta name=\"twitter:data1\" content=\"libna\" \/>\n\t<meta name=\"twitter:label2\" content=\"Tiempo de lectura\" \/>\n\t<meta name=\"twitter:data2\" content=\"6 minutos\" \/>\n<script type=\"application\/ld+json\" class=\"yoast-schema-graph\">{\"@context\":\"https:\\\/\\\/schema.org\",\"@graph\":[{\"@type\":\"Article\",\"@id\":\"https:\\\/\\\/interamerica.org\\\/es\\\/2024\\\/07\\\/la-mentira-de-satanas\\\/#article\",\"isPartOf\":{\"@id\":\"https:\\\/\\\/interamerica.org\\\/es\\\/2024\\\/07\\\/la-mentira-de-satanas\\\/\"},\"author\":{\"name\":\"libna\",\"@id\":\"https:\\\/\\\/interamerica.org\\\/es\\\/#\\\/schema\\\/person\\\/29998f2bc2d8bd0d38662909289b54f1\"},\"headline\":\"La mentira de Satan\u00e1s\",\"datePublished\":\"2024-07-18T23:01:24+00:00\",\"dateModified\":\"2024-07-19T07:23:42+00:00\",\"mainEntityOfPage\":{\"@id\":\"https:\\\/\\\/interamerica.org\\\/es\\\/2024\\\/07\\\/la-mentira-de-satanas\\\/\"},\"wordCount\":1246,\"image\":{\"@id\":\"https:\\\/\\\/interamerica.org\\\/es\\\/2024\\\/07\\\/la-mentira-de-satanas\\\/#primaryimage\"},\"thumbnailUrl\":\"https:\\\/\\\/interamerica.org\\\/wp-content\\\/uploads\\\/2024\\\/07\\\/satans-lie-es.png\",\"articleSection\":[\"Desde la iglesia mundial\",\"No clasificado\",\"RSS Espa\u00f1ol\"],\"inLanguage\":\"es\"},{\"@type\":\"WebPage\",\"@id\":\"https:\\\/\\\/interamerica.org\\\/es\\\/2024\\\/07\\\/la-mentira-de-satanas\\\/\",\"url\":\"https:\\\/\\\/interamerica.org\\\/es\\\/2024\\\/07\\\/la-mentira-de-satanas\\\/\",\"name\":\"La mentira de Satan\u00e1s - Iglesia Adventista del S\u00e9ptimo D\u00eda - Divisi\u00f3n Interamericana\",\"isPartOf\":{\"@id\":\"https:\\\/\\\/interamerica.org\\\/es\\\/#website\"},\"primaryImageOfPage\":{\"@id\":\"https:\\\/\\\/interamerica.org\\\/es\\\/2024\\\/07\\\/la-mentira-de-satanas\\\/#primaryimage\"},\"image\":{\"@id\":\"https:\\\/\\\/interamerica.org\\\/es\\\/2024\\\/07\\\/la-mentira-de-satanas\\\/#primaryimage\"},\"thumbnailUrl\":\"https:\\\/\\\/interamerica.org\\\/wp-content\\\/uploads\\\/2024\\\/07\\\/satans-lie-es.png\",\"datePublished\":\"2024-07-18T23:01:24+00:00\",\"dateModified\":\"2024-07-19T07:23:42+00:00\",\"author\":{\"@id\":\"https:\\\/\\\/interamerica.org\\\/es\\\/#\\\/schema\\\/person\\\/29998f2bc2d8bd0d38662909289b54f1\"},\"breadcrumb\":{\"@id\":\"https:\\\/\\\/interamerica.org\\\/es\\\/2024\\\/07\\\/la-mentira-de-satanas\\\/#breadcrumb\"},\"inLanguage\":\"es\",\"potentialAction\":[{\"@type\":\"ReadAction\",\"target\":[\"https:\\\/\\\/interamerica.org\\\/es\\\/2024\\\/07\\\/la-mentira-de-satanas\\\/\"]}]},{\"@type\":\"ImageObject\",\"inLanguage\":\"es\",\"@id\":\"https:\\\/\\\/interamerica.org\\\/es\\\/2024\\\/07\\\/la-mentira-de-satanas\\\/#primaryimage\",\"url\":\"https:\\\/\\\/interamerica.org\\\/wp-content\\\/uploads\\\/2024\\\/07\\\/satans-lie-es.png\",\"contentUrl\":\"https:\\\/\\\/interamerica.org\\\/wp-content\\\/uploads\\\/2024\\\/07\\\/satans-lie-es.png\",\"width\":1441,\"height\":810},{\"@type\":\"BreadcrumbList\",\"@id\":\"https:\\\/\\\/interamerica.org\\\/es\\\/2024\\\/07\\\/la-mentira-de-satanas\\\/#breadcrumb\",\"itemListElement\":[{\"@type\":\"ListItem\",\"position\":1,\"name\":\"Home\",\"item\":\"https:\\\/\\\/interamerica.org\\\/es\\\/\"},{\"@type\":\"ListItem\",\"position\":2,\"name\":\"La mentira de Satan\u00e1s\"}]},{\"@type\":\"WebSite\",\"@id\":\"https:\\\/\\\/interamerica.org\\\/es\\\/#website\",\"url\":\"https:\\\/\\\/interamerica.org\\\/es\\\/\",\"name\":\"Iglesia Adventista del S\u00e9ptimo D\u00eda - Divisi\u00f3n Interamericana\",\"description\":\"\",\"potentialAction\":[{\"@type\":\"SearchAction\",\"target\":{\"@type\":\"EntryPoint\",\"urlTemplate\":\"https:\\\/\\\/interamerica.org\\\/es\\\/?s={search_term_string}\"},\"query-input\":{\"@type\":\"PropertyValueSpecification\",\"valueRequired\":true,\"valueName\":\"search_term_string\"}}],\"inLanguage\":\"es\"},{\"@type\":\"Person\",\"@id\":\"https:\\\/\\\/interamerica.org\\\/es\\\/#\\\/schema\\\/person\\\/29998f2bc2d8bd0d38662909289b54f1\",\"name\":\"libna\",\"image\":{\"@type\":\"ImageObject\",\"inLanguage\":\"es\",\"@id\":\"https:\\\/\\\/secure.gravatar.com\\\/avatar\\\/7c5bd30ae4b47a9ba3c856590957fd1d96dc588bf3ac05719d247e126840331f?s=96&d=mm&r=g\",\"url\":\"https:\\\/\\\/secure.gravatar.com\\\/avatar\\\/7c5bd30ae4b47a9ba3c856590957fd1d96dc588bf3ac05719d247e126840331f?s=96&d=mm&r=g\",\"contentUrl\":\"https:\\\/\\\/secure.gravatar.com\\\/avatar\\\/7c5bd30ae4b47a9ba3c856590957fd1d96dc588bf3ac05719d247e126840331f?s=96&d=mm&r=g\",\"caption\":\"libna\"}}]}<\/script>\n<!-- \/ Yoast SEO plugin. -->","yoast_head_json":{"title":"La mentira de Satan\u00e1s - Iglesia Adventista del S\u00e9ptimo D\u00eda - Divisi\u00f3n Interamericana","robots":{"index":"index","follow":"follow","max-snippet":"max-snippet:-1","max-image-preview":"max-image-preview:large","max-video-preview":"max-video-preview:-1"},"canonical":"https:\/\/interamerica.org\/es\/2024\/07\/la-mentira-de-satanas\/","og_locale":"es_ES","og_type":"article","og_title":"La mentira de Satan\u00e1s - Iglesia Adventista del S\u00e9ptimo D\u00eda - Divisi\u00f3n Interamericana","og_description":"18 de julio del 2024 | Silver Spring, Maryland, Estados Unidos | Ted N.C. Wilson, Presidente de la Asociaci\u00f3n General de los Adventistas del S\u00e9ptimo D\u00eda Hola, amigos. Al principio,...","og_url":"https:\/\/interamerica.org\/es\/2024\/07\/la-mentira-de-satanas\/","og_site_name":"Iglesia Adventista del S\u00e9ptimo D\u00eda - Divisi\u00f3n Interamericana","article_published_time":"2024-07-18T23:01:24+00:00","article_modified_time":"2024-07-19T07:23:42+00:00","og_image":[{"width":1441,"height":810,"url":"https:\/\/interamerica.org\/wp-content\/uploads\/2024\/07\/satans-lie-es.png","type":"image\/png"}],"author":"libna","twitter_card":"summary_large_image","twitter_misc":{"Escrito por":"libna","Tiempo de lectura":"6 minutos"},"schema":{"@context":"https:\/\/schema.org","@graph":[{"@type":"Article","@id":"https:\/\/interamerica.org\/es\/2024\/07\/la-mentira-de-satanas\/#article","isPartOf":{"@id":"https:\/\/interamerica.org\/es\/2024\/07\/la-mentira-de-satanas\/"},"author":{"name":"libna","@id":"https:\/\/interamerica.org\/es\/#\/schema\/person\/29998f2bc2d8bd0d38662909289b54f1"},"headline":"La mentira de Satan\u00e1s","datePublished":"2024-07-18T23:01:24+00:00","dateModified":"2024-07-19T07:23:42+00:00","mainEntityOfPage":{"@id":"https:\/\/interamerica.org\/es\/2024\/07\/la-mentira-de-satanas\/"},"wordCount":1246,"image":{"@id":"https:\/\/interamerica.org\/es\/2024\/07\/la-mentira-de-satanas\/#primaryimage"},"thumbnailUrl":"https:\/\/interamerica.org\/wp-content\/uploads\/2024\/07\/satans-lie-es.png","articleSection":["Desde la iglesia mundial","No clasificado","RSS Espa\u00f1ol"],"inLanguage":"es"},{"@type":"WebPage","@id":"https:\/\/interamerica.org\/es\/2024\/07\/la-mentira-de-satanas\/","url":"https:\/\/interamerica.org\/es\/2024\/07\/la-mentira-de-satanas\/","name":"La mentira de Satan\u00e1s - Iglesia Adventista del S\u00e9ptimo D\u00eda - Divisi\u00f3n Interamericana","isPartOf":{"@id":"https:\/\/interamerica.org\/es\/#website"},"primaryImageOfPage":{"@id":"https:\/\/interamerica.org\/es\/2024\/07\/la-mentira-de-satanas\/#primaryimage"},"image":{"@id":"https:\/\/interamerica.org\/es\/2024\/07\/la-mentira-de-satanas\/#primaryimage"},"thumbnailUrl":"https:\/\/interamerica.org\/wp-content\/uploads\/2024\/07\/satans-lie-es.png","datePublished":"2024-07-18T23:01:24+00:00","dateModified":"2024-07-19T07:23:42+00:00","author":{"@id":"https:\/\/interamerica.org\/es\/#\/schema\/person\/29998f2bc2d8bd0d38662909289b54f1"},"breadcrumb":{"@id":"https:\/\/interamerica.org\/es\/2024\/07\/la-mentira-de-satanas\/#breadcrumb"},"inLanguage":"es","potentialAction":[{"@type":"ReadAction","target":["https:\/\/interamerica.org\/es\/2024\/07\/la-mentira-de-satanas\/"]}]},{"@type":"ImageObject","inLanguage":"es","@id":"https:\/\/interamerica.org\/es\/2024\/07\/la-mentira-de-satanas\/#primaryimage","url":"https:\/\/interamerica.org\/wp-content\/uploads\/2024\/07\/satans-lie-es.png","contentUrl":"https:\/\/interamerica.org\/wp-content\/uploads\/2024\/07\/satans-lie-es.png","width":1441,"height":810},{"@type":"BreadcrumbList","@id":"https:\/\/interamerica.org\/es\/2024\/07\/la-mentira-de-satanas\/#breadcrumb","itemListElement":[{"@type":"ListItem","position":1,"name":"Home","item":"https:\/\/interamerica.org\/es\/"},{"@type":"ListItem","position":2,"name":"La mentira de Satan\u00e1s"}]},{"@type":"WebSite","@id":"https:\/\/interamerica.org\/es\/#website","url":"https:\/\/interamerica.org\/es\/","name":"Iglesia Adventista del S\u00e9ptimo D\u00eda - Divisi\u00f3n Interamericana","description":"","potentialAction":[{"@type":"SearchAction","target":{"@type":"EntryPoint","urlTemplate":"https:\/\/interamerica.org\/es\/?s={search_term_string}"},"query-input":{"@type":"PropertyValueSpecification","valueRequired":true,"valueName":"search_term_string"}}],"inLanguage":"es"},{"@type":"Person","@id":"https:\/\/interamerica.org\/es\/#\/schema\/person\/29998f2bc2d8bd0d38662909289b54f1","name":"libna","image":{"@type":"ImageObject","inLanguage":"es","@id":"https:\/\/secure.gravatar.com\/avatar\/7c5bd30ae4b47a9ba3c856590957fd1d96dc588bf3ac05719d247e126840331f?s=96&d=mm&r=g","url":"https:\/\/secure.gravatar.com\/avatar\/7c5bd30ae4b47a9ba3c856590957fd1d96dc588bf3ac05719d247e126840331f?s=96&d=mm&r=g","contentUrl":"https:\/\/secure.gravatar.com\/avatar\/7c5bd30ae4b47a9ba3c856590957fd1d96dc588bf3ac05719d247e126840331f?s=96&d=mm&r=g","caption":"libna"}}]}},"_links":{"self":[{"href":"https:\/\/interamerica.org\/es\/wp-json\/wp\/v2\/posts\/117076","targetHints":{"allow":["GET"]}}],"collection":[{"href":"https:\/\/interamerica.org\/es\/wp-json\/wp\/v2\/posts"}],"about":[{"href":"https:\/\/interamerica.org\/es\/wp-json\/wp\/v2\/types\/post"}],"author":[{"embeddable":true,"href":"https:\/\/interamerica.org\/es\/wp-json\/wp\/v2\/users\/3"}],"replies":[{"embeddable":true,"href":"https:\/\/interamerica.org\/es\/wp-json\/wp\/v2\/comments?post=117076"}],"version-history":[{"count":0,"href":"https:\/\/interamerica.org\/es\/wp-json\/wp\/v2\/posts\/117076\/revisions"}],"wp:featuredmedia":[{"embeddable":true,"href":"https:\/\/interamerica.org\/es\/wp-json\/wp\/v2\/media\/117070"}],"wp:attachment":[{"href":"https:\/\/interamerica.org\/es\/wp-json\/wp\/v2\/media?parent=117076"}],"wp:term":[{"taxonomy":"category","embeddable":true,"href":"https:\/\/interamerica.org\/es\/wp-json\/wp\/v2\/categories?post=117076"},{"taxonomy":"post_tag","embeddable":true,"href":"https:\/\/interamerica.org\/es\/wp-json\/wp\/v2\/tags?post=117076"}],"curies":[{"name":"wp","href":"https:\/\/api.w.org\/{rel}","templated":true}]}}