{"id":11709,"date":"2011-01-18T00:00:00","date_gmt":"2011-01-18T04:00:00","guid":{"rendered":"http:\/\/192.81.217.108\/interamerica\/2011\/01\/el-presupuesto-mundial-adventista-para-2011-destaca-respaldo-administrativo-a-la-mision\/"},"modified":"2017-06-02T08:58:16","modified_gmt":"2017-06-02T12:58:16","slug":"el-presupuesto-mundial-adventista-para-2011-destaca-respaldo-administrativo-a-la-mision","status":"publish","type":"post","link":"https:\/\/interamerica.org\/es\/2011\/01\/el-presupuesto-mundial-adventista-para-2011-destaca-respaldo-administrativo-a-la-mision\/","title":{"rendered":"El presupuesto mundial adventista para 2011 destaca respaldo administrativo a la misi\u00f3n"},"content":{"rendered":"<p>18 de enero, 2011, <em >Silver Spring, Maryland<\/em >, <em >Estados<\/em > <em >Unidos<\/em >&#8230;Ansel Oliver\/ANN <\/p>\n<p>Continuando la tradici\u00f3n, los componentes mayores del presupuesto mundial de la iglesia adventista, este a\u00f1o, financiar\u00e1 aprop\u00edaciones para el trabajo administrativo y de las misiones fuera de Norteam\u00e9rica, al igual que la operaci\u00f3n del edificio de la sede mundial. <\/p>\n<p>El presupuesto de US$159.4 millones de la denominaci\u00f3n para 2011 contin\u00faa el apoyo al trabajo de la misi\u00f3n &#8212; cerca de $37.5 millones en apropiaciones a los campos mundiales, con unos $26 millones adicionales en financiaci\u00f3n para misioneros y empleados a otras regiones mundiales. <\/p>\n<p>Los costos operacionales para la sede de la denominaci\u00f3n en Silver Spring, Maryland, Estados Unidos est\u00e1n limitados a 2 por ciento del diezmo mundial, cerca de $38 millones este a\u00f1o. Oficiales financieros dicen que la iglesia, t\u00edpicamente, se queda por debajo de la marca por $1 mill\u00f3n o $2 millones. <\/p>\n<p>\u00abEstamos presupuestando para 2011 en una econom\u00eda que nos est\u00e1 dando menos dinero de lo que necesitamos, pero es un presupuesto balanceado\u00bb, dijo el subtesorero de la iglesia Juan R. Prestol. <\/p>\n<p>Mientras las apropiaciones para el campo mundial aumentaron ligeramente, dos de las 12 divisiones recipientes retirar\u00e1n menos en apropiaciones del diezmo comparado con el a\u00f1o anterior. Las Divisiones Interamericana y Sudamericana recibir\u00e1n 13 y 7 por ciento menos respectivamente en apropiaciones del diezmo. La mayor\u00eda de las divisiones recipientes son apropiaciones a ser pagadas de fundos del diezmo y otros fondos que no son diezmo, dando un total de entre $1 y $4 millones anualmente. <\/p>\n<p>Prestol dijo que la tendencia en Am\u00e9rica Latina reconoce la \u00abmadurez\u00bb de la iglesia all\u00e1, as\u00ed como la \u00abfortaleza y el crecimiento financiero\u00bb. <\/p>\n<p>\u00abEsto tambi\u00e9n reconoce la necesidad, en otros lugares, y que se necesita una tasa de distribuci\u00f3n diferente ahora\u00bb, dijo \u00e9l. <\/p>\n<p>Las reducciones en apropiaciones de estas regiones ser\u00e1n enviadas, m\u00e1s bien, a la Ventana 10\/40, una regi\u00f3n del mundo que va de 10 grados latitud norte a 40 grados latitud norte desde Africa del Norte al Este de Asia, donde s\u00f3lo cerca a 1 por ciento de la poblaci\u00f3n es cristiana. <\/p>\n<p>Otras apropiaciones mayores de el presupuesto mundial para 2011 incluyen: <\/p>\n<p>\u2022 $9.8 millones para la Universidad Loma Linda <\/p>\n<p>\u2022 $5.5 millones para la Revista Mundo Adventista <\/p>\n<p>\u2022 $4.3 millones para Universidad Andrews <\/p>\n<p>\u2022 $3.5 Millones para operaciones de Hope Channel (Esperanza TV) <\/p>\n<p>\u2022 $2.2 Millones para el Patrimonio White <\/p>\n<p>\u2022 $2.1 Millones para Radio Mundial Adventista <\/p>\n<p>\u2022 $1.4 millones para la Sesi\u00f3n de la Asociaci\u00f3n General de 2015 (esta misma suma se ahorra todos los a\u00f1os por cinco a\u00f1os hasta la Sesi\u00f3n) <\/p>\n<p>Para ver una copia completa del presupuesto mundial para 2011, en formato Excel, por favor, env\u00ede una petici\u00f3n al editor de ANN a <a  href=\"http:\/\/news.adventist.org\/contact.html\">AdventistNews@gc.adventist.org<\/a >.  <\/p>\n<p><em >Traducci\u00f3n: Aleida Romero  <\/em ><\/p>\n<\/p><\/p>\n","protected":false},"excerpt":{"rendered":"<p>Continuando la tradici\u00f3n, los componentes mayores del presupuesto mundial de la iglesia adventista, este a\u00f1o, financiar\u00e1 aprop\u00edaciones para el trabajo administrativo y de las misiones fuera de Norteam\u00e9rica, al igual que<\/p>\n","protected":false},"author":1,"featured_media":0,"comment_status":"closed","ping_status":"closed","sticky":false,"template":"","format":"standard","meta":{"_acf_changed":false,"footnotes":""},"categories":[8],"tags":[],"class_list":["post-11709","post","type-post","status-publish","format-standard","hentry","category-archivo"],"acf":[],"yoast_head":"<!-- This site is optimized with the Yoast SEO plugin v27.3 - https:\/\/yoast.com\/product\/yoast-seo-wordpress\/ -->\n<title>El presupuesto mundial adventista para 2011 destaca respaldo administrativo a la misi\u00f3n - Iglesia Adventista del S\u00e9ptimo D\u00eda - Divisi\u00f3n Interamericana<\/title>\n<meta name=\"robots\" content=\"index, follow, max-snippet:-1, max-image-preview:large, max-video-preview:-1\" \/>\n<link rel=\"canonical\" href=\"https:\/\/interamerica.org\/es\/2011\/01\/el-presupuesto-mundial-adventista-para-2011-destaca-respaldo-administrativo-a-la-mision\/\" \/>\n<meta property=\"og:locale\" content=\"es_ES\" \/>\n<meta property=\"og:type\" content=\"article\" \/>\n<meta property=\"og:title\" content=\"El presupuesto mundial adventista para 2011 destaca respaldo administrativo a la misi\u00f3n - Iglesia Adventista del S\u00e9ptimo D\u00eda - Divisi\u00f3n Interamericana\" \/>\n<meta property=\"og:description\" content=\"Continuando la tradici\u00f3n, los componentes mayores del presupuesto mundial de la iglesia adventista, este a\u00f1o, financiar\u00e1 aprop\u00edaciones para el trabajo administrativo y de las misiones fuera de Norteam\u00e9rica, al igual que\" \/>\n<meta property=\"og:url\" content=\"https:\/\/interamerica.org\/es\/2011\/01\/el-presupuesto-mundial-adventista-para-2011-destaca-respaldo-administrativo-a-la-mision\/\" \/>\n<meta property=\"og:site_name\" content=\"Iglesia Adventista del S\u00e9ptimo D\u00eda - Divisi\u00f3n Interamericana\" \/>\n<meta property=\"article:published_time\" content=\"2011-01-18T04:00:00+00:00\" \/>\n<meta property=\"article:modified_time\" content=\"2017-06-02T12:58:16+00:00\" \/>\n<meta name=\"author\" content=\"Lorenzo Verduzco\" \/>\n<meta name=\"twitter:card\" content=\"summary_large_image\" \/>\n<meta name=\"twitter:label1\" content=\"Escrito por\" \/>\n\t<meta name=\"twitter:data1\" content=\"Lorenzo Verduzco\" \/>\n\t<meta name=\"twitter:label2\" content=\"Tiempo de lectura\" \/>\n\t<meta name=\"twitter:data2\" content=\"2 minutos\" \/>\n<script type=\"application\/ld+json\" class=\"yoast-schema-graph\">{\"@context\":\"https:\\\/\\\/schema.org\",\"@graph\":[{\"@type\":\"Article\",\"@id\":\"https:\\\/\\\/interamerica.org\\\/es\\\/2011\\\/01\\\/el-presupuesto-mundial-adventista-para-2011-destaca-respaldo-administrativo-a-la-mision\\\/#article\",\"isPartOf\":{\"@id\":\"https:\\\/\\\/interamerica.org\\\/es\\\/2011\\\/01\\\/el-presupuesto-mundial-adventista-para-2011-destaca-respaldo-administrativo-a-la-mision\\\/\"},\"author\":{\"name\":\"Lorenzo Verduzco\",\"@id\":\"https:\\\/\\\/interamerica.org\\\/es\\\/#\\\/schema\\\/person\\\/68ede8bdc292885bb76c1e3810e73c39\"},\"headline\":\"El presupuesto mundial adventista para 2011 destaca respaldo administrativo a la misi\u00f3n\",\"datePublished\":\"2011-01-18T04:00:00+00:00\",\"dateModified\":\"2017-06-02T12:58:16+00:00\",\"mainEntityOfPage\":{\"@id\":\"https:\\\/\\\/interamerica.org\\\/es\\\/2011\\\/01\\\/el-presupuesto-mundial-adventista-para-2011-destaca-respaldo-administrativo-a-la-mision\\\/\"},\"wordCount\":468,\"articleSection\":[\"Archivo\"],\"inLanguage\":\"es\"},{\"@type\":\"WebPage\",\"@id\":\"https:\\\/\\\/interamerica.org\\\/es\\\/2011\\\/01\\\/el-presupuesto-mundial-adventista-para-2011-destaca-respaldo-administrativo-a-la-mision\\\/\",\"url\":\"https:\\\/\\\/interamerica.org\\\/es\\\/2011\\\/01\\\/el-presupuesto-mundial-adventista-para-2011-destaca-respaldo-administrativo-a-la-mision\\\/\",\"name\":\"El presupuesto mundial adventista para 2011 destaca respaldo administrativo a la misi\u00f3n - Iglesia Adventista del S\u00e9ptimo D\u00eda - Divisi\u00f3n Interamericana\",\"isPartOf\":{\"@id\":\"https:\\\/\\\/interamerica.org\\\/es\\\/#website\"},\"datePublished\":\"2011-01-18T04:00:00+00:00\",\"dateModified\":\"2017-06-02T12:58:16+00:00\",\"author\":{\"@id\":\"https:\\\/\\\/interamerica.org\\\/es\\\/#\\\/schema\\\/person\\\/68ede8bdc292885bb76c1e3810e73c39\"},\"breadcrumb\":{\"@id\":\"https:\\\/\\\/interamerica.org\\\/es\\\/2011\\\/01\\\/el-presupuesto-mundial-adventista-para-2011-destaca-respaldo-administrativo-a-la-mision\\\/#breadcrumb\"},\"inLanguage\":\"es\",\"potentialAction\":[{\"@type\":\"ReadAction\",\"target\":[\"https:\\\/\\\/interamerica.org\\\/es\\\/2011\\\/01\\\/el-presupuesto-mundial-adventista-para-2011-destaca-respaldo-administrativo-a-la-mision\\\/\"]}]},{\"@type\":\"BreadcrumbList\",\"@id\":\"https:\\\/\\\/interamerica.org\\\/es\\\/2011\\\/01\\\/el-presupuesto-mundial-adventista-para-2011-destaca-respaldo-administrativo-a-la-mision\\\/#breadcrumb\",\"itemListElement\":[{\"@type\":\"ListItem\",\"position\":1,\"name\":\"Home\",\"item\":\"https:\\\/\\\/interamerica.org\\\/es\\\/\"},{\"@type\":\"ListItem\",\"position\":2,\"name\":\"El presupuesto mundial adventista para 2011 destaca respaldo administrativo a la misi\u00f3n\"}]},{\"@type\":\"WebSite\",\"@id\":\"https:\\\/\\\/interamerica.org\\\/es\\\/#website\",\"url\":\"https:\\\/\\\/interamerica.org\\\/es\\\/\",\"name\":\"Iglesia Adventista del S\u00e9ptimo D\u00eda - Divisi\u00f3n Interamericana\",\"description\":\"\",\"potentialAction\":[{\"@type\":\"SearchAction\",\"target\":{\"@type\":\"EntryPoint\",\"urlTemplate\":\"https:\\\/\\\/interamerica.org\\\/es\\\/?s={search_term_string}\"},\"query-input\":{\"@type\":\"PropertyValueSpecification\",\"valueRequired\":true,\"valueName\":\"search_term_string\"}}],\"inLanguage\":\"es\"},{\"@type\":\"Person\",\"@id\":\"https:\\\/\\\/interamerica.org\\\/es\\\/#\\\/schema\\\/person\\\/68ede8bdc292885bb76c1e3810e73c39\",\"name\":\"Lorenzo Verduzco\",\"image\":{\"@type\":\"ImageObject\",\"inLanguage\":\"es\",\"@id\":\"https:\\\/\\\/secure.gravatar.com\\\/avatar\\\/fb81a55b6218459490a9c1dc841a34909185b81904c5337b4b27f7a6fd60c49e?s=96&d=mm&r=g\",\"url\":\"https:\\\/\\\/secure.gravatar.com\\\/avatar\\\/fb81a55b6218459490a9c1dc841a34909185b81904c5337b4b27f7a6fd60c49e?s=96&d=mm&r=g\",\"contentUrl\":\"https:\\\/\\\/secure.gravatar.com\\\/avatar\\\/fb81a55b6218459490a9c1dc841a34909185b81904c5337b4b27f7a6fd60c49e?s=96&d=mm&r=g\",\"caption\":\"Lorenzo Verduzco\"}}]}<\/script>\n<!-- \/ Yoast SEO plugin. -->","yoast_head_json":{"title":"El presupuesto mundial adventista para 2011 destaca respaldo administrativo a la misi\u00f3n - Iglesia Adventista del S\u00e9ptimo D\u00eda - Divisi\u00f3n Interamericana","robots":{"index":"index","follow":"follow","max-snippet":"max-snippet:-1","max-image-preview":"max-image-preview:large","max-video-preview":"max-video-preview:-1"},"canonical":"https:\/\/interamerica.org\/es\/2011\/01\/el-presupuesto-mundial-adventista-para-2011-destaca-respaldo-administrativo-a-la-mision\/","og_locale":"es_ES","og_type":"article","og_title":"El presupuesto mundial adventista para 2011 destaca respaldo administrativo a la misi\u00f3n - Iglesia Adventista del S\u00e9ptimo D\u00eda - Divisi\u00f3n Interamericana","og_description":"Continuando la tradici\u00f3n, los componentes mayores del presupuesto mundial de la iglesia adventista, este a\u00f1o, financiar\u00e1 aprop\u00edaciones para el trabajo administrativo y de las misiones fuera de Norteam\u00e9rica, al igual que","og_url":"https:\/\/interamerica.org\/es\/2011\/01\/el-presupuesto-mundial-adventista-para-2011-destaca-respaldo-administrativo-a-la-mision\/","og_site_name":"Iglesia Adventista del S\u00e9ptimo D\u00eda - Divisi\u00f3n Interamericana","article_published_time":"2011-01-18T04:00:00+00:00","article_modified_time":"2017-06-02T12:58:16+00:00","author":"Lorenzo Verduzco","twitter_card":"summary_large_image","twitter_misc":{"Escrito por":"Lorenzo Verduzco","Tiempo de lectura":"2 minutos"},"schema":{"@context":"https:\/\/schema.org","@graph":[{"@type":"Article","@id":"https:\/\/interamerica.org\/es\/2011\/01\/el-presupuesto-mundial-adventista-para-2011-destaca-respaldo-administrativo-a-la-mision\/#article","isPartOf":{"@id":"https:\/\/interamerica.org\/es\/2011\/01\/el-presupuesto-mundial-adventista-para-2011-destaca-respaldo-administrativo-a-la-mision\/"},"author":{"name":"Lorenzo Verduzco","@id":"https:\/\/interamerica.org\/es\/#\/schema\/person\/68ede8bdc292885bb76c1e3810e73c39"},"headline":"El presupuesto mundial adventista para 2011 destaca respaldo administrativo a la misi\u00f3n","datePublished":"2011-01-18T04:00:00+00:00","dateModified":"2017-06-02T12:58:16+00:00","mainEntityOfPage":{"@id":"https:\/\/interamerica.org\/es\/2011\/01\/el-presupuesto-mundial-adventista-para-2011-destaca-respaldo-administrativo-a-la-mision\/"},"wordCount":468,"articleSection":["Archivo"],"inLanguage":"es"},{"@type":"WebPage","@id":"https:\/\/interamerica.org\/es\/2011\/01\/el-presupuesto-mundial-adventista-para-2011-destaca-respaldo-administrativo-a-la-mision\/","url":"https:\/\/interamerica.org\/es\/2011\/01\/el-presupuesto-mundial-adventista-para-2011-destaca-respaldo-administrativo-a-la-mision\/","name":"El presupuesto mundial adventista para 2011 destaca respaldo administrativo a la misi\u00f3n - Iglesia Adventista del S\u00e9ptimo D\u00eda - Divisi\u00f3n Interamericana","isPartOf":{"@id":"https:\/\/interamerica.org\/es\/#website"},"datePublished":"2011-01-18T04:00:00+00:00","dateModified":"2017-06-02T12:58:16+00:00","author":{"@id":"https:\/\/interamerica.org\/es\/#\/schema\/person\/68ede8bdc292885bb76c1e3810e73c39"},"breadcrumb":{"@id":"https:\/\/interamerica.org\/es\/2011\/01\/el-presupuesto-mundial-adventista-para-2011-destaca-respaldo-administrativo-a-la-mision\/#breadcrumb"},"inLanguage":"es","potentialAction":[{"@type":"ReadAction","target":["https:\/\/interamerica.org\/es\/2011\/01\/el-presupuesto-mundial-adventista-para-2011-destaca-respaldo-administrativo-a-la-mision\/"]}]},{"@type":"BreadcrumbList","@id":"https:\/\/interamerica.org\/es\/2011\/01\/el-presupuesto-mundial-adventista-para-2011-destaca-respaldo-administrativo-a-la-mision\/#breadcrumb","itemListElement":[{"@type":"ListItem","position":1,"name":"Home","item":"https:\/\/interamerica.org\/es\/"},{"@type":"ListItem","position":2,"name":"El presupuesto mundial adventista para 2011 destaca respaldo administrativo a la misi\u00f3n"}]},{"@type":"WebSite","@id":"https:\/\/interamerica.org\/es\/#website","url":"https:\/\/interamerica.org\/es\/","name":"Iglesia Adventista del S\u00e9ptimo D\u00eda - Divisi\u00f3n Interamericana","description":"","potentialAction":[{"@type":"SearchAction","target":{"@type":"EntryPoint","urlTemplate":"https:\/\/interamerica.org\/es\/?s={search_term_string}"},"query-input":{"@type":"PropertyValueSpecification","valueRequired":true,"valueName":"search_term_string"}}],"inLanguage":"es"},{"@type":"Person","@id":"https:\/\/interamerica.org\/es\/#\/schema\/person\/68ede8bdc292885bb76c1e3810e73c39","name":"Lorenzo Verduzco","image":{"@type":"ImageObject","inLanguage":"es","@id":"https:\/\/secure.gravatar.com\/avatar\/fb81a55b6218459490a9c1dc841a34909185b81904c5337b4b27f7a6fd60c49e?s=96&d=mm&r=g","url":"https:\/\/secure.gravatar.com\/avatar\/fb81a55b6218459490a9c1dc841a34909185b81904c5337b4b27f7a6fd60c49e?s=96&d=mm&r=g","contentUrl":"https:\/\/secure.gravatar.com\/avatar\/fb81a55b6218459490a9c1dc841a34909185b81904c5337b4b27f7a6fd60c49e?s=96&d=mm&r=g","caption":"Lorenzo Verduzco"}}]}},"_links":{"self":[{"href":"https:\/\/interamerica.org\/es\/wp-json\/wp\/v2\/posts\/11709","targetHints":{"allow":["GET"]}}],"collection":[{"href":"https:\/\/interamerica.org\/es\/wp-json\/wp\/v2\/posts"}],"about":[{"href":"https:\/\/interamerica.org\/es\/wp-json\/wp\/v2\/types\/post"}],"author":[{"embeddable":true,"href":"https:\/\/interamerica.org\/es\/wp-json\/wp\/v2\/users\/1"}],"replies":[{"embeddable":true,"href":"https:\/\/interamerica.org\/es\/wp-json\/wp\/v2\/comments?post=11709"}],"version-history":[{"count":0,"href":"https:\/\/interamerica.org\/es\/wp-json\/wp\/v2\/posts\/11709\/revisions"}],"wp:attachment":[{"href":"https:\/\/interamerica.org\/es\/wp-json\/wp\/v2\/media?parent=11709"}],"wp:term":[{"taxonomy":"category","embeddable":true,"href":"https:\/\/interamerica.org\/es\/wp-json\/wp\/v2\/categories?post=11709"},{"taxonomy":"post_tag","embeddable":true,"href":"https:\/\/interamerica.org\/es\/wp-json\/wp\/v2\/tags?post=11709"}],"curies":[{"name":"wp","href":"https:\/\/api.w.org\/{rel}","templated":true}]}}