{"id":11727,"date":"2011-02-15T00:00:00","date_gmt":"2011-02-15T04:00:00","guid":{"rendered":"http:\/\/192.81.217.108\/interamerica\/2011\/02\/adra-nombra-nuevos-ejecutivos-para-finanzas-programas\/"},"modified":"2017-06-02T08:57:58","modified_gmt":"2017-06-02T12:57:58","slug":"adra-nombra-nuevos-ejecutivos-para-finanzas-programas","status":"publish","type":"post","link":"https:\/\/interamerica.org\/es\/2011\/02\/adra-nombra-nuevos-ejecutivos-para-finanzas-programas\/","title":{"rendered":"ADRA nombra nuevos ejecutivos para finanzas, programas"},"content":{"rendered":"<p><em >14 de febrero 2011, Silver Spring, Maryland,<\/em > Estados Unidos&#8230; Personal de ANN <\/p>\n<p>La Junta de Directores de la Agencia de Desarrollo y Recursos Asistenciales (ADRA) Internacional anunci\u00f3 los nombramientos de dos nuevos ejecutivos la semana pasada. <\/p>\n<p>Robyn Mordeno fue nombrado vicepresidente para finanzas y Ken Flemmer vicepresidente para programas, de acuerdo a un reporte del 10 de febrero. <\/p>\n<p>Mordeno viene en lugar de Gideo Mutero, que sirvi\u00f3 como vicepresidente para programas desde octubre, 2008, dijo un vocero. Tambi\u00e9n, el t\u00edtulo de Vicepresidente Ejecutivo de Mario Ochoa fue cambiado a Vicepresidente para Relaciones de Red, dijo Hearly Mayr, vocero de la agencia en un correo electr\u00f3nico. <\/p>\n<p>\u00abLa selecci\u00f3n de este equipo de liderazgo subraya los continuos esfuerzos globales de ADRA para dar asistencia de desarrollo y ayuda humanitaria en un entorno fluctuante\u00bb, dijo Geoffrey Mbwana, presidente de la junta de ADRA y vicepresidente de la iglesia adventista del s\u00e9ptimo d\u00eda a nivel mundial. <\/p>\n<p>Avanzando, este equipo tiene una sobresaliente oportunidad de asegurar que la agencia est\u00e9 preparada para enfrentar las crecientes necesidades de tantas comunidades suba bastecidas alrededor del mundo\u00bb. <\/p>\n<p>Mordeno, ahora S<em >enior Finance Director Field-Support for the Washington D.C. &#8211; based Academy for Educational Development -AED (principal director financiero para respaldo de campo para el desarrollo, <\/em >sirvi\u00f3 en varios roles de direcci\u00f3n financiera desde que ella se uni\u00f3 por primera vez a ADRA en 1994, incluyendo posiciones en la Regi\u00f3n de Asia de ADRA, oficina en Tailandia, as\u00ed como Somalia, Albania, Aserbijan, y Vietnam. Mordeno tiene una maestr\u00eda en Ciencias en Administraci\u00f3n en Contabilidad y Gerencia de la Souther Adventist University. <\/p>\n<p>Desde que se uni\u00f3 a ADRA en 1984, Flemmer ha tenido varias posiciones, incluyen director para protecci\u00f3n y seguridad, jefe de la oficina para el cumplimiento interno, asistente vicepresidente  y director Regional en Asia de ADRA. En esta nueva funci\u00f3n [\u00e9l] supervisar\u00e1 los proyectos de planeaci\u00f3n de la agencia y los esfuerzos de desarrollo de nuevos negocios, y monitoreo de proyectos financiados privadamente y por el gobierno de Estados Unidos en el mundo. Flemmer tiene una maestr\u00eda en Ciencia en Administraci\u00f3n Agr\u00edcola de la Universidad Polit\u00e9cnica Estatal de California &#8211; San Lu\u00eds Obispo &#8211; y un Bachillerato en Artes del idioma ingl\u00e9s de la Universidad Andrews. <\/p>\n<p>Chileno y abogado, Ochoa ha sido vicepresidente en ADRA Internacional desde 1986. Se uni\u00f3 a la agencia en 1981 como asistente del presidente, as\u00ed como asesor para Asuntos Legales Internacionales. Previamente se desempe\u00f1\u00f3 como director de ADRA Chile y decano acad\u00e9mico de la Universidad Adventista de Chile. Es candidato doctoral en el Programa de Liderazgo en la Universidad Andrews y tiene un grado en leyes de la Universidad de Concepci\u00f3n en Chile. <\/p>\n<p>El reporte dijo que los nombramientos \u00abcompletan el nuevo equipo de dirigentes dirigido por el doctor Rudi Maier, que fue nombrado presidente y director ejecutivo de ADRA Internacional en octubre 2010\u00bb. <\/p>\n<p>Para informaci\u00f3n adicional sobre ADRA, visite <a  href=\"http:\/\/www.adra.org\/\">http:\/\/www.adra.org\/<\/a >. <\/p>\n<p>Traducci\u00f3n:  Aleida T. Romero <\/p>\n","protected":false},"excerpt":{"rendered":"<p>La Junta de Directores de la Agencia Adventista de Desarrollo y Recursos Asistenciales (ADRA) Internacional anunci\u00f3 los nombramientos de dos nuevos ejecutivos la semana pasada.<\/p>\n","protected":false},"author":1,"featured_media":0,"comment_status":"closed","ping_status":"closed","sticky":false,"template":"","format":"standard","meta":{"_acf_changed":false,"footnotes":""},"categories":[8],"tags":[],"class_list":["post-11727","post","type-post","status-publish","format-standard","hentry","category-archivo"],"acf":[],"yoast_head":"<!-- This site is optimized with the Yoast SEO plugin v27.3 - https:\/\/yoast.com\/product\/yoast-seo-wordpress\/ -->\n<title>ADRA nombra nuevos ejecutivos para finanzas, programas - Iglesia Adventista del S\u00e9ptimo D\u00eda - Divisi\u00f3n Interamericana<\/title>\n<meta name=\"robots\" content=\"index, follow, max-snippet:-1, max-image-preview:large, max-video-preview:-1\" \/>\n<link rel=\"canonical\" href=\"https:\/\/interamerica.org\/es\/2011\/02\/adra-nombra-nuevos-ejecutivos-para-finanzas-programas\/\" \/>\n<meta property=\"og:locale\" content=\"es_ES\" \/>\n<meta property=\"og:type\" content=\"article\" \/>\n<meta property=\"og:title\" content=\"ADRA nombra nuevos ejecutivos para finanzas, programas - Iglesia Adventista del S\u00e9ptimo D\u00eda - Divisi\u00f3n Interamericana\" \/>\n<meta property=\"og:description\" content=\"La Junta de Directores de la Agencia Adventista de Desarrollo y Recursos Asistenciales (ADRA) Internacional anunci\u00f3 los nombramientos de dos nuevos ejecutivos la semana pasada.\" \/>\n<meta property=\"og:url\" content=\"https:\/\/interamerica.org\/es\/2011\/02\/adra-nombra-nuevos-ejecutivos-para-finanzas-programas\/\" \/>\n<meta property=\"og:site_name\" content=\"Iglesia Adventista del S\u00e9ptimo D\u00eda - Divisi\u00f3n Interamericana\" \/>\n<meta property=\"article:published_time\" content=\"2011-02-15T04:00:00+00:00\" \/>\n<meta property=\"article:modified_time\" content=\"2017-06-02T12:57:58+00:00\" \/>\n<meta name=\"author\" content=\"Lorenzo Verduzco\" \/>\n<meta name=\"twitter:card\" content=\"summary_large_image\" \/>\n<meta name=\"twitter:label1\" content=\"Escrito por\" \/>\n\t<meta name=\"twitter:data1\" content=\"Lorenzo Verduzco\" \/>\n\t<meta name=\"twitter:label2\" content=\"Tiempo de lectura\" \/>\n\t<meta name=\"twitter:data2\" content=\"2 minutos\" \/>\n<script type=\"application\/ld+json\" class=\"yoast-schema-graph\">{\"@context\":\"https:\\\/\\\/schema.org\",\"@graph\":[{\"@type\":\"Article\",\"@id\":\"https:\\\/\\\/interamerica.org\\\/es\\\/2011\\\/02\\\/adra-nombra-nuevos-ejecutivos-para-finanzas-programas\\\/#article\",\"isPartOf\":{\"@id\":\"https:\\\/\\\/interamerica.org\\\/es\\\/2011\\\/02\\\/adra-nombra-nuevos-ejecutivos-para-finanzas-programas\\\/\"},\"author\":{\"name\":\"Lorenzo Verduzco\",\"@id\":\"https:\\\/\\\/interamerica.org\\\/es\\\/#\\\/schema\\\/person\\\/68ede8bdc292885bb76c1e3810e73c39\"},\"headline\":\"ADRA nombra nuevos ejecutivos para finanzas, programas\",\"datePublished\":\"2011-02-15T04:00:00+00:00\",\"dateModified\":\"2017-06-02T12:57:58+00:00\",\"mainEntityOfPage\":{\"@id\":\"https:\\\/\\\/interamerica.org\\\/es\\\/2011\\\/02\\\/adra-nombra-nuevos-ejecutivos-para-finanzas-programas\\\/\"},\"wordCount\":506,\"articleSection\":[\"Archivo\"],\"inLanguage\":\"es\"},{\"@type\":\"WebPage\",\"@id\":\"https:\\\/\\\/interamerica.org\\\/es\\\/2011\\\/02\\\/adra-nombra-nuevos-ejecutivos-para-finanzas-programas\\\/\",\"url\":\"https:\\\/\\\/interamerica.org\\\/es\\\/2011\\\/02\\\/adra-nombra-nuevos-ejecutivos-para-finanzas-programas\\\/\",\"name\":\"ADRA nombra nuevos ejecutivos para finanzas, programas - Iglesia Adventista del S\u00e9ptimo D\u00eda - Divisi\u00f3n Interamericana\",\"isPartOf\":{\"@id\":\"https:\\\/\\\/interamerica.org\\\/es\\\/#website\"},\"datePublished\":\"2011-02-15T04:00:00+00:00\",\"dateModified\":\"2017-06-02T12:57:58+00:00\",\"author\":{\"@id\":\"https:\\\/\\\/interamerica.org\\\/es\\\/#\\\/schema\\\/person\\\/68ede8bdc292885bb76c1e3810e73c39\"},\"breadcrumb\":{\"@id\":\"https:\\\/\\\/interamerica.org\\\/es\\\/2011\\\/02\\\/adra-nombra-nuevos-ejecutivos-para-finanzas-programas\\\/#breadcrumb\"},\"inLanguage\":\"es\",\"potentialAction\":[{\"@type\":\"ReadAction\",\"target\":[\"https:\\\/\\\/interamerica.org\\\/es\\\/2011\\\/02\\\/adra-nombra-nuevos-ejecutivos-para-finanzas-programas\\\/\"]}]},{\"@type\":\"BreadcrumbList\",\"@id\":\"https:\\\/\\\/interamerica.org\\\/es\\\/2011\\\/02\\\/adra-nombra-nuevos-ejecutivos-para-finanzas-programas\\\/#breadcrumb\",\"itemListElement\":[{\"@type\":\"ListItem\",\"position\":1,\"name\":\"Home\",\"item\":\"https:\\\/\\\/interamerica.org\\\/es\\\/\"},{\"@type\":\"ListItem\",\"position\":2,\"name\":\"ADRA nombra nuevos ejecutivos para finanzas, programas\"}]},{\"@type\":\"WebSite\",\"@id\":\"https:\\\/\\\/interamerica.org\\\/es\\\/#website\",\"url\":\"https:\\\/\\\/interamerica.org\\\/es\\\/\",\"name\":\"Iglesia Adventista del S\u00e9ptimo D\u00eda - Divisi\u00f3n Interamericana\",\"description\":\"\",\"potentialAction\":[{\"@type\":\"SearchAction\",\"target\":{\"@type\":\"EntryPoint\",\"urlTemplate\":\"https:\\\/\\\/interamerica.org\\\/es\\\/?s={search_term_string}\"},\"query-input\":{\"@type\":\"PropertyValueSpecification\",\"valueRequired\":true,\"valueName\":\"search_term_string\"}}],\"inLanguage\":\"es\"},{\"@type\":\"Person\",\"@id\":\"https:\\\/\\\/interamerica.org\\\/es\\\/#\\\/schema\\\/person\\\/68ede8bdc292885bb76c1e3810e73c39\",\"name\":\"Lorenzo Verduzco\",\"image\":{\"@type\":\"ImageObject\",\"inLanguage\":\"es\",\"@id\":\"https:\\\/\\\/secure.gravatar.com\\\/avatar\\\/fb81a55b6218459490a9c1dc841a34909185b81904c5337b4b27f7a6fd60c49e?s=96&d=mm&r=g\",\"url\":\"https:\\\/\\\/secure.gravatar.com\\\/avatar\\\/fb81a55b6218459490a9c1dc841a34909185b81904c5337b4b27f7a6fd60c49e?s=96&d=mm&r=g\",\"contentUrl\":\"https:\\\/\\\/secure.gravatar.com\\\/avatar\\\/fb81a55b6218459490a9c1dc841a34909185b81904c5337b4b27f7a6fd60c49e?s=96&d=mm&r=g\",\"caption\":\"Lorenzo Verduzco\"}}]}<\/script>\n<!-- \/ Yoast SEO plugin. -->","yoast_head_json":{"title":"ADRA nombra nuevos ejecutivos para finanzas, programas - Iglesia Adventista del S\u00e9ptimo D\u00eda - Divisi\u00f3n Interamericana","robots":{"index":"index","follow":"follow","max-snippet":"max-snippet:-1","max-image-preview":"max-image-preview:large","max-video-preview":"max-video-preview:-1"},"canonical":"https:\/\/interamerica.org\/es\/2011\/02\/adra-nombra-nuevos-ejecutivos-para-finanzas-programas\/","og_locale":"es_ES","og_type":"article","og_title":"ADRA nombra nuevos ejecutivos para finanzas, programas - Iglesia Adventista del S\u00e9ptimo D\u00eda - Divisi\u00f3n Interamericana","og_description":"La Junta de Directores de la Agencia Adventista de Desarrollo y Recursos Asistenciales (ADRA) Internacional anunci\u00f3 los nombramientos de dos nuevos ejecutivos la semana pasada.","og_url":"https:\/\/interamerica.org\/es\/2011\/02\/adra-nombra-nuevos-ejecutivos-para-finanzas-programas\/","og_site_name":"Iglesia Adventista del S\u00e9ptimo D\u00eda - Divisi\u00f3n Interamericana","article_published_time":"2011-02-15T04:00:00+00:00","article_modified_time":"2017-06-02T12:57:58+00:00","author":"Lorenzo Verduzco","twitter_card":"summary_large_image","twitter_misc":{"Escrito por":"Lorenzo Verduzco","Tiempo de lectura":"2 minutos"},"schema":{"@context":"https:\/\/schema.org","@graph":[{"@type":"Article","@id":"https:\/\/interamerica.org\/es\/2011\/02\/adra-nombra-nuevos-ejecutivos-para-finanzas-programas\/#article","isPartOf":{"@id":"https:\/\/interamerica.org\/es\/2011\/02\/adra-nombra-nuevos-ejecutivos-para-finanzas-programas\/"},"author":{"name":"Lorenzo Verduzco","@id":"https:\/\/interamerica.org\/es\/#\/schema\/person\/68ede8bdc292885bb76c1e3810e73c39"},"headline":"ADRA nombra nuevos ejecutivos para finanzas, programas","datePublished":"2011-02-15T04:00:00+00:00","dateModified":"2017-06-02T12:57:58+00:00","mainEntityOfPage":{"@id":"https:\/\/interamerica.org\/es\/2011\/02\/adra-nombra-nuevos-ejecutivos-para-finanzas-programas\/"},"wordCount":506,"articleSection":["Archivo"],"inLanguage":"es"},{"@type":"WebPage","@id":"https:\/\/interamerica.org\/es\/2011\/02\/adra-nombra-nuevos-ejecutivos-para-finanzas-programas\/","url":"https:\/\/interamerica.org\/es\/2011\/02\/adra-nombra-nuevos-ejecutivos-para-finanzas-programas\/","name":"ADRA nombra nuevos ejecutivos para finanzas, programas - Iglesia Adventista del S\u00e9ptimo D\u00eda - Divisi\u00f3n Interamericana","isPartOf":{"@id":"https:\/\/interamerica.org\/es\/#website"},"datePublished":"2011-02-15T04:00:00+00:00","dateModified":"2017-06-02T12:57:58+00:00","author":{"@id":"https:\/\/interamerica.org\/es\/#\/schema\/person\/68ede8bdc292885bb76c1e3810e73c39"},"breadcrumb":{"@id":"https:\/\/interamerica.org\/es\/2011\/02\/adra-nombra-nuevos-ejecutivos-para-finanzas-programas\/#breadcrumb"},"inLanguage":"es","potentialAction":[{"@type":"ReadAction","target":["https:\/\/interamerica.org\/es\/2011\/02\/adra-nombra-nuevos-ejecutivos-para-finanzas-programas\/"]}]},{"@type":"BreadcrumbList","@id":"https:\/\/interamerica.org\/es\/2011\/02\/adra-nombra-nuevos-ejecutivos-para-finanzas-programas\/#breadcrumb","itemListElement":[{"@type":"ListItem","position":1,"name":"Home","item":"https:\/\/interamerica.org\/es\/"},{"@type":"ListItem","position":2,"name":"ADRA nombra nuevos ejecutivos para finanzas, programas"}]},{"@type":"WebSite","@id":"https:\/\/interamerica.org\/es\/#website","url":"https:\/\/interamerica.org\/es\/","name":"Iglesia Adventista del S\u00e9ptimo D\u00eda - Divisi\u00f3n Interamericana","description":"","potentialAction":[{"@type":"SearchAction","target":{"@type":"EntryPoint","urlTemplate":"https:\/\/interamerica.org\/es\/?s={search_term_string}"},"query-input":{"@type":"PropertyValueSpecification","valueRequired":true,"valueName":"search_term_string"}}],"inLanguage":"es"},{"@type":"Person","@id":"https:\/\/interamerica.org\/es\/#\/schema\/person\/68ede8bdc292885bb76c1e3810e73c39","name":"Lorenzo Verduzco","image":{"@type":"ImageObject","inLanguage":"es","@id":"https:\/\/secure.gravatar.com\/avatar\/fb81a55b6218459490a9c1dc841a34909185b81904c5337b4b27f7a6fd60c49e?s=96&d=mm&r=g","url":"https:\/\/secure.gravatar.com\/avatar\/fb81a55b6218459490a9c1dc841a34909185b81904c5337b4b27f7a6fd60c49e?s=96&d=mm&r=g","contentUrl":"https:\/\/secure.gravatar.com\/avatar\/fb81a55b6218459490a9c1dc841a34909185b81904c5337b4b27f7a6fd60c49e?s=96&d=mm&r=g","caption":"Lorenzo Verduzco"}}]}},"_links":{"self":[{"href":"https:\/\/interamerica.org\/es\/wp-json\/wp\/v2\/posts\/11727","targetHints":{"allow":["GET"]}}],"collection":[{"href":"https:\/\/interamerica.org\/es\/wp-json\/wp\/v2\/posts"}],"about":[{"href":"https:\/\/interamerica.org\/es\/wp-json\/wp\/v2\/types\/post"}],"author":[{"embeddable":true,"href":"https:\/\/interamerica.org\/es\/wp-json\/wp\/v2\/users\/1"}],"replies":[{"embeddable":true,"href":"https:\/\/interamerica.org\/es\/wp-json\/wp\/v2\/comments?post=11727"}],"version-history":[{"count":0,"href":"https:\/\/interamerica.org\/es\/wp-json\/wp\/v2\/posts\/11727\/revisions"}],"wp:attachment":[{"href":"https:\/\/interamerica.org\/es\/wp-json\/wp\/v2\/media?parent=11727"}],"wp:term":[{"taxonomy":"category","embeddable":true,"href":"https:\/\/interamerica.org\/es\/wp-json\/wp\/v2\/categories?post=11727"},{"taxonomy":"post_tag","embeddable":true,"href":"https:\/\/interamerica.org\/es\/wp-json\/wp\/v2\/tags?post=11727"}],"curies":[{"name":"wp","href":"https:\/\/api.w.org\/{rel}","templated":true}]}}