{"id":117890,"date":"2024-08-07T09:44:48","date_gmt":"2024-08-07T13:44:48","guid":{"rendered":"https:\/\/interamerica.org\/?p=117890"},"modified":"2024-08-08T08:36:20","modified_gmt":"2024-08-08T12:36:20","slug":"exalumno-de-la-universidad-de-montemorelos-preparo-a-atletas-olimpicos-para-paris-2024","status":"publish","type":"post","link":"https:\/\/interamerica.org\/es\/2024\/08\/exalumno-de-la-universidad-de-montemorelos-preparo-a-atletas-olimpicos-para-paris-2024\/","title":{"rendered":"Exalumno de la Universidad de Montemorelos prepar\u00f3 a atletas ol\u00edmpicos para Par\u00eds 2024"},"content":{"rendered":"<p><em>El fisioterapeuta Franklin C\u00f3rdova ayuda a atletas de elite y comparte su fe. <\/em><\/p>\n<p>7 de agosto de 2024 | Montemorelos, Nuevo Le\u00f3n, M\u00e9xico | Laura Marrero, Laura Cer\u00f3n y Noticias de la Divisi\u00f3n Interamericana<\/p>\n<p>Franklin C\u00f3rdova, quien se gradu\u00f3 de la carrera de Fisioterapia y Rehabilitaci\u00f3n en la Universidad de Montemorelos (Clase 2022), se dedica a hacer lo que le gusta. \u201cDedicarme la rehabilitaci\u00f3n deportiva de alto rendimiento fue lo que me motiv\u00f3 a estudiar esta profesi\u00f3n\u201d, dijo C\u00f3rdova. Durante meses, ha estado preparando a atletas de alto rendimiento que est\u00e1n compitiendo en los Juegos Ol\u00edmpicos de Par\u00eds 2024.<\/p>\n<p>Dos de esos atletas de elite son Uziel Mu\u0144oz, dos veces medallista del lanzamiento de bala (plata en 2023, bronce en 2019), medallista de bronce de los Juegos Mundiales Universitarios 2019 y campe\u00f3n de los Juegos Centroamericanos y del Caribe 2023; y el lanzador de martillo Diego del Real, dos veces atleta ol\u00edmpico, ambos de Monterrey, M\u00e9xico.<\/p>\n<p><div id=\"attachment_117796\" style=\"width: 899px\" class=\"wp-caption aligncenter\"><img fetchpriority=\"high\" decoding=\"async\" aria-describedby=\"caption-attachment-117796\" class=\" wp-image-117794\" src=\"https:\/\/interamerica.org\/wp-content\/uploads\/2024\/08\/um-pt-trainer.jpg\" alt=\"\" width=\"889\" height=\"500\" srcset=\"https:\/\/interamerica.org\/wp-content\/uploads\/2024\/08\/um-pt-trainer.jpg 1024w, https:\/\/interamerica.org\/wp-content\/uploads\/2024\/08\/um-pt-trainer-300x169.jpg 300w, https:\/\/interamerica.org\/wp-content\/uploads\/2024\/08\/um-pt-trainer-768x432.jpg 768w\" sizes=\"(max-width: 889px) 100vw, 889px\" \/><p id=\"caption-attachment-117796\" class=\"wp-caption-text\">Franklin C\u00f3rdova (izquierda), graduado de fisioterapia en la Universidad de Montemorelos en M\u00e9xico, posa junto a Uziel Mu\u00f1oz (al centro), lanzador de bala que viaj\u00f3 a los Juegos Ol\u00edmpicos de Par\u00eds 2024, y su entrenador Alejandro Laberdesque. [Fotograf\u00eda: cortes\u00eda de Franklin C\u00f3rdova]<\/p><\/div>C\u00f3rdova est\u00e1 comprometido con la tarea de mejorar el desempe\u00f1o y prevenir lesiones para Mu\u00f1oz, del Real y muchos otros. Decidi\u00f3 especializarse en fisioterapia debido a su pasi\u00f3n por los deportes, con un \u00e9nfasis particular en el alto rendimiento.<\/p>\n<p>Mientras asist\u00eda a Montemorelos, complet\u00f3 su a\u00f1o requerido de servicio social en la Cl\u00ednica Sportsmed de Monterrey, conocida por su experiencia con los atletas de alto rendimiento. Fue all\u00ed que fue contratado como empleado de tiempo parcial tres meses despu\u00e9s de comenzar. Eso marc\u00f3 el comienzo de su carrera profesional. \u201cEn la cl\u00ednica me encontr\u00e9 con muchos atletas de alto rendimiento que valoraron mi trabajo, lo que me abri\u00f3 las puertas para colaborar directamente con ellos\u201d, coment\u00f3. Durante los dos a\u00f1os que pas\u00f3 en Sportsmed, C\u00f3rdova dijo que no solo adquiri\u00f3 capacidades t\u00e9cnicas avanzadas sino que tambi\u00e9n estableci\u00f3 contactos claves que le permitieron sumarse al c\u00edrculo de entrenadores de elite.<\/p>\n<p>M\u00e1s all\u00e1 de su papel de fisioterapeuta, C\u00f3rdova destaca lo que considera importante: la necesidad de integrar la fe a su pr\u00e1ctica profesional. \u201cConsidero que no existe un marco \u00fanico para predicar el evangelio, y en muchas ocasiones, he tenido que hacer obra misionera en esa \u00e1rea\u201d, expres\u00f3. \u201cMuchas veces, los atletas necesitan esperanza, y fortaleza extra que no consiguen de ninguna otra manera sino con Dios\u201d.<\/p>\n<p><div id=\"attachment_117809\" style=\"width: 906px\" class=\"wp-caption aligncenter\"><img decoding=\"async\" aria-describedby=\"caption-attachment-117809\" class=\" wp-image-117807\" src=\"https:\/\/interamerica.org\/wp-content\/uploads\/2024\/08\/cordova-ptherapy.jpg\" alt=\"\" width=\"896\" height=\"506\" srcset=\"https:\/\/interamerica.org\/wp-content\/uploads\/2024\/08\/cordova-ptherapy.jpg 1000w, https:\/\/interamerica.org\/wp-content\/uploads\/2024\/08\/cordova-ptherapy-300x170.jpg 300w, https:\/\/interamerica.org\/wp-content\/uploads\/2024\/08\/cordova-ptherapy-768x434.jpg 768w\" sizes=\"(max-width: 896px) 100vw, 896px\" \/><p id=\"caption-attachment-117809\" class=\"wp-caption-text\">Franklin C\u00f3rdova provee de fisioterapia a un paciente en su consultorio. [Fotograf\u00eda: cortes\u00eda de Franklin C\u00f3rdova]<\/p><\/div>C\u00f3rdova ha tenido la oportunidad de ver de qu\u00e9 manera la comuni\u00f3n con Dios puede impactar en forma positiva a los atletas, ayud\u00e1ndolos a sentirse m\u00e1s seguros y en paz, lo que a su vez mejora tanto su desempe\u00f1o psicol\u00f3gico como f\u00edsico.<\/p>\n<p>La fisioterapia en los deportes de alto rendimiento juega un papel esencial no solo para la recuperaci\u00f3n de las lesiones, sino tambi\u00e9n para optimizar el desempe\u00f1o atl\u00e9tico y prevenir los problemas musculoesquel\u00e9ticos, adem\u00e1s de reducir significativamente el riesgo de lesiones y mejorar la funcionalidad f\u00edsica, dijo C\u00f3rdova. \u201cLo que m\u00e1s me gusta de la rehabilitaci\u00f3n deportiva son los protocolos y m\u00e9todos que se usan para rehabilitar a esas personas que tienen que dar el ciento por ciento, porque se basan en movimientos saludables y patrones de movimiento, y se aplican a todo el que tiene huesos, m\u00fasculos, tendones o articulaciones\u201d.<\/p>\n<p>Adem\u00e1s de su pr\u00e1ctica independiente, C\u00f3rdova actualmente est\u00e1 haciendo una especialidad en rehabilitaci\u00f3n deportiva. Su capacitaci\u00f3n continua y experiencia pr\u00e1ctica le permiten aplicar un enfoque abarcador a la salud de sus pacientes, considerando tanto la rehabilitaci\u00f3n como la prevenci\u00f3n. \u201cHe comprendido que, como fisioterapeutas, deber\u00edamos llamarnos especialistas del movimiento. Esta ciencia del movimiento es lo que tenemos que integrar a cada atleta, para que ellos puedan desempe\u00f1arse mejor sobre lo que ya saben hacer\u201d, explic\u00f3 C\u00f3rdova.<\/p>\n<p><div id=\"attachment_117799\" style=\"width: 646px\" class=\"wp-caption aligncenter\"><img decoding=\"async\" aria-describedby=\"caption-attachment-117799\" class=\" wp-image-117797\" src=\"https:\/\/interamerica.org\/wp-content\/uploads\/2024\/08\/um-trainign-munoz.jpeg\" alt=\"\" width=\"636\" height=\"628\" srcset=\"https:\/\/interamerica.org\/wp-content\/uploads\/2024\/08\/um-trainign-munoz.jpeg 536w, https:\/\/interamerica.org\/wp-content\/uploads\/2024\/08\/um-trainign-munoz-300x297.jpeg 300w\" sizes=\"(max-width: 636px) 100vw, 636px\" \/><p id=\"caption-attachment-117799\" class=\"wp-caption-text\">Uziel Mu\u00f1oz (derecha) habla con su entrenador Alejandro Laberdesque (al centro), mientras Franklin C\u00f3rdova observa, durante una competencia reciente. [Fotograf\u00eda: cortes\u00eda de Franklin C\u00f3rdova].<\/p><\/div>La ciencia del movimiento humano es un campo que combina el conocimiento de anatom\u00eda, biomec\u00e1nica y fisiolog\u00eda, y es fundamental para el dise\u00f1o de programas de capacitaci\u00f3n y la rehabilitaci\u00f3n que maximicen el desempleo y minimicen los riesgos de sufrir lesiones. Los fisioterapeutas deportivos como \u00e9l trabajan de cerca con otros profesionales de salud y deportivos, tales como m\u00e9dicos, entrenadores y nutricionistas, para crear un enfoque multidisciplinario que se encarga de todas las necesidades de los atletas, a\u00f1adi\u00f3 C\u00f3rdova.<\/p>\n<p>\u201cLa preparaci\u00f3n que tuve en la instituci\u00f3n fue lo que me dio los fundamentos para dedicarme a esta nueva \u00e1rea\u201d, expres\u00f3. \u201cEspero poder siempre tener un buen juicio cl\u00ednico y tener la capacidad de ofrecer la mejor rehabilitaci\u00f3n a cada paciente\u201d. C\u00f3rdova est\u00e1 decidido a continuar dedic\u00e1ndose a los deportes y la fisioterapia de alto rendimiento mientras Dios lo permita. Quiere ayudar a atletas de todos los niveles para que alcancen su m\u00e1ximo potencial mientras comparte orientaciones espirituales con ellos. \u201cEs un escenario en el que necesitamos y deber\u00edamos hablar de Dios m\u00e1s a menudo\u201d, dijo C\u00f3rdova.<\/p>\n<p>Los resultados final en los Juegos Ol\u00edmpicos colocaron a Mu\u00f1oz en octavo lugar el pasado 3 de agosto, y del Real en vig\u00e9simo segundo puesto el 2 de agosto de 2024.<\/p>\n<p>Ahora C\u00f3rdova est\u00e1 esperando escuchar de las experiencias ol\u00edmpicas de Mu\u00f1oz y de del Real una vez que regresen a casa.<\/p>\n<p>Traducci\u00f3n de Marcos Paseggi<\/p>\n","protected":false},"excerpt":{"rendered":"<p>El fisioterapeuta Franklin C\u00f3rdova ayuda a atletas de elite y comparte su fe. 7 de agosto de 2024 | Montemorelos, Nuevo Le\u00f3n, M\u00e9xico | Laura Marrero, Laura Cer\u00f3n y Noticias&#8230;<\/p>\n","protected":false},"author":3,"featured_media":117796,"comment_status":"closed","ping_status":"closed","sticky":false,"template":"","format":"standard","meta":{"_acf_changed":false,"footnotes":""},"categories":[16,15],"tags":[],"class_list":["post-117890","post","type-post","status-publish","format-standard","has-post-thumbnail","hentry","category-desde-la-sede","category-rss-espanol"],"acf":[],"yoast_head":"<!-- This site is optimized with the Yoast SEO plugin v27.3 - https:\/\/yoast.com\/product\/yoast-seo-wordpress\/ -->\n<title>Exalumno de la Universidad de Montemorelos prepar\u00f3 a atletas ol\u00edmpicos para Par\u00eds 2024 - Iglesia Adventista del S\u00e9ptimo D\u00eda - Divisi\u00f3n Interamericana<\/title>\n<meta name=\"robots\" content=\"index, follow, max-snippet:-1, max-image-preview:large, max-video-preview:-1\" \/>\n<link rel=\"canonical\" href=\"https:\/\/interamerica.org\/es\/2024\/08\/exalumno-de-la-universidad-de-montemorelos-preparo-a-atletas-olimpicos-para-paris-2024\/\" \/>\n<meta property=\"og:locale\" content=\"es_ES\" \/>\n<meta property=\"og:type\" content=\"article\" \/>\n<meta property=\"og:title\" content=\"Exalumno de la Universidad de Montemorelos prepar\u00f3 a atletas ol\u00edmpicos para Par\u00eds 2024 - Iglesia Adventista del S\u00e9ptimo D\u00eda - Divisi\u00f3n Interamericana\" \/>\n<meta property=\"og:description\" content=\"El fisioterapeuta Franklin C\u00f3rdova ayuda a atletas de elite y comparte su fe. 7 de agosto de 2024 | Montemorelos, Nuevo Le\u00f3n, M\u00e9xico | Laura Marrero, Laura Cer\u00f3n y Noticias...\" \/>\n<meta property=\"og:url\" content=\"https:\/\/interamerica.org\/es\/2024\/08\/exalumno-de-la-universidad-de-montemorelos-preparo-a-atletas-olimpicos-para-paris-2024\/\" \/>\n<meta property=\"og:site_name\" content=\"Iglesia Adventista del S\u00e9ptimo D\u00eda - Divisi\u00f3n Interamericana\" \/>\n<meta property=\"article:published_time\" content=\"2024-08-07T13:44:48+00:00\" \/>\n<meta property=\"article:modified_time\" content=\"2024-08-08T12:36:20+00:00\" \/>\n<meta property=\"og:image\" content=\"https:\/\/interamerica.org\/wp-content\/uploads\/2024\/08\/um-pt-trainer.jpg\" \/>\n\t<meta property=\"og:image:width\" content=\"1024\" \/>\n\t<meta property=\"og:image:height\" content=\"576\" \/>\n\t<meta property=\"og:image:type\" content=\"image\/jpeg\" \/>\n<meta name=\"author\" content=\"libna\" \/>\n<meta name=\"twitter:card\" content=\"summary_large_image\" \/>\n<meta name=\"twitter:label1\" content=\"Escrito por\" \/>\n\t<meta name=\"twitter:data1\" content=\"libna\" \/>\n\t<meta name=\"twitter:label2\" content=\"Tiempo de lectura\" \/>\n\t<meta name=\"twitter:data2\" content=\"5 minutos\" \/>\n<script type=\"application\/ld+json\" class=\"yoast-schema-graph\">{\"@context\":\"https:\\\/\\\/schema.org\",\"@graph\":[{\"@type\":\"Article\",\"@id\":\"https:\\\/\\\/interamerica.org\\\/es\\\/2024\\\/08\\\/exalumno-de-la-universidad-de-montemorelos-preparo-a-atletas-olimpicos-para-paris-2024\\\/#article\",\"isPartOf\":{\"@id\":\"https:\\\/\\\/interamerica.org\\\/es\\\/2024\\\/08\\\/exalumno-de-la-universidad-de-montemorelos-preparo-a-atletas-olimpicos-para-paris-2024\\\/\"},\"author\":{\"name\":\"libna\",\"@id\":\"https:\\\/\\\/interamerica.org\\\/es\\\/#\\\/schema\\\/person\\\/29998f2bc2d8bd0d38662909289b54f1\"},\"headline\":\"Exalumno de la Universidad de Montemorelos prepar\u00f3 a atletas ol\u00edmpicos para Par\u00eds 2024\",\"datePublished\":\"2024-08-07T13:44:48+00:00\",\"dateModified\":\"2024-08-08T12:36:20+00:00\",\"mainEntityOfPage\":{\"@id\":\"https:\\\/\\\/interamerica.org\\\/es\\\/2024\\\/08\\\/exalumno-de-la-universidad-de-montemorelos-preparo-a-atletas-olimpicos-para-paris-2024\\\/\"},\"wordCount\":1032,\"image\":{\"@id\":\"https:\\\/\\\/interamerica.org\\\/es\\\/2024\\\/08\\\/exalumno-de-la-universidad-de-montemorelos-preparo-a-atletas-olimpicos-para-paris-2024\\\/#primaryimage\"},\"thumbnailUrl\":\"https:\\\/\\\/interamerica.org\\\/wp-content\\\/uploads\\\/2024\\\/08\\\/um-pt-trainer.jpg\",\"articleSection\":[\"Desde la sede\",\"RSS Espa\u00f1ol\"],\"inLanguage\":\"es\"},{\"@type\":\"WebPage\",\"@id\":\"https:\\\/\\\/interamerica.org\\\/es\\\/2024\\\/08\\\/exalumno-de-la-universidad-de-montemorelos-preparo-a-atletas-olimpicos-para-paris-2024\\\/\",\"url\":\"https:\\\/\\\/interamerica.org\\\/es\\\/2024\\\/08\\\/exalumno-de-la-universidad-de-montemorelos-preparo-a-atletas-olimpicos-para-paris-2024\\\/\",\"name\":\"Exalumno de la Universidad de Montemorelos prepar\u00f3 a atletas ol\u00edmpicos para Par\u00eds 2024 - Iglesia Adventista del S\u00e9ptimo D\u00eda - Divisi\u00f3n Interamericana\",\"isPartOf\":{\"@id\":\"https:\\\/\\\/interamerica.org\\\/es\\\/#website\"},\"primaryImageOfPage\":{\"@id\":\"https:\\\/\\\/interamerica.org\\\/es\\\/2024\\\/08\\\/exalumno-de-la-universidad-de-montemorelos-preparo-a-atletas-olimpicos-para-paris-2024\\\/#primaryimage\"},\"image\":{\"@id\":\"https:\\\/\\\/interamerica.org\\\/es\\\/2024\\\/08\\\/exalumno-de-la-universidad-de-montemorelos-preparo-a-atletas-olimpicos-para-paris-2024\\\/#primaryimage\"},\"thumbnailUrl\":\"https:\\\/\\\/interamerica.org\\\/wp-content\\\/uploads\\\/2024\\\/08\\\/um-pt-trainer.jpg\",\"datePublished\":\"2024-08-07T13:44:48+00:00\",\"dateModified\":\"2024-08-08T12:36:20+00:00\",\"author\":{\"@id\":\"https:\\\/\\\/interamerica.org\\\/es\\\/#\\\/schema\\\/person\\\/29998f2bc2d8bd0d38662909289b54f1\"},\"breadcrumb\":{\"@id\":\"https:\\\/\\\/interamerica.org\\\/es\\\/2024\\\/08\\\/exalumno-de-la-universidad-de-montemorelos-preparo-a-atletas-olimpicos-para-paris-2024\\\/#breadcrumb\"},\"inLanguage\":\"es\",\"potentialAction\":[{\"@type\":\"ReadAction\",\"target\":[\"https:\\\/\\\/interamerica.org\\\/es\\\/2024\\\/08\\\/exalumno-de-la-universidad-de-montemorelos-preparo-a-atletas-olimpicos-para-paris-2024\\\/\"]}]},{\"@type\":\"ImageObject\",\"inLanguage\":\"es\",\"@id\":\"https:\\\/\\\/interamerica.org\\\/es\\\/2024\\\/08\\\/exalumno-de-la-universidad-de-montemorelos-preparo-a-atletas-olimpicos-para-paris-2024\\\/#primaryimage\",\"url\":\"https:\\\/\\\/interamerica.org\\\/wp-content\\\/uploads\\\/2024\\\/08\\\/um-pt-trainer.jpg\",\"contentUrl\":\"https:\\\/\\\/interamerica.org\\\/wp-content\\\/uploads\\\/2024\\\/08\\\/um-pt-trainer.jpg\",\"width\":1024,\"height\":576,\"caption\":\"Franklin C\u00f3rdova (left), graduate from Physical Therapy at Montemorelos University in Mexico, stands next to Uziel Mu\u00f1oz (center), lanzador de bala y su entrenador Alejandro Laberdesque. Fotograf\u00eda por: Franklin C\u00f3rdova.\"},{\"@type\":\"BreadcrumbList\",\"@id\":\"https:\\\/\\\/interamerica.org\\\/es\\\/2024\\\/08\\\/exalumno-de-la-universidad-de-montemorelos-preparo-a-atletas-olimpicos-para-paris-2024\\\/#breadcrumb\",\"itemListElement\":[{\"@type\":\"ListItem\",\"position\":1,\"name\":\"Home\",\"item\":\"https:\\\/\\\/interamerica.org\\\/es\\\/\"},{\"@type\":\"ListItem\",\"position\":2,\"name\":\"Exalumno de la Universidad de Montemorelos prepar\u00f3 a atletas ol\u00edmpicos para Par\u00eds 2024\"}]},{\"@type\":\"WebSite\",\"@id\":\"https:\\\/\\\/interamerica.org\\\/es\\\/#website\",\"url\":\"https:\\\/\\\/interamerica.org\\\/es\\\/\",\"name\":\"Iglesia Adventista del S\u00e9ptimo D\u00eda - Divisi\u00f3n Interamericana\",\"description\":\"\",\"potentialAction\":[{\"@type\":\"SearchAction\",\"target\":{\"@type\":\"EntryPoint\",\"urlTemplate\":\"https:\\\/\\\/interamerica.org\\\/es\\\/?s={search_term_string}\"},\"query-input\":{\"@type\":\"PropertyValueSpecification\",\"valueRequired\":true,\"valueName\":\"search_term_string\"}}],\"inLanguage\":\"es\"},{\"@type\":\"Person\",\"@id\":\"https:\\\/\\\/interamerica.org\\\/es\\\/#\\\/schema\\\/person\\\/29998f2bc2d8bd0d38662909289b54f1\",\"name\":\"libna\",\"image\":{\"@type\":\"ImageObject\",\"inLanguage\":\"es\",\"@id\":\"https:\\\/\\\/secure.gravatar.com\\\/avatar\\\/7c5bd30ae4b47a9ba3c856590957fd1d96dc588bf3ac05719d247e126840331f?s=96&d=mm&r=g\",\"url\":\"https:\\\/\\\/secure.gravatar.com\\\/avatar\\\/7c5bd30ae4b47a9ba3c856590957fd1d96dc588bf3ac05719d247e126840331f?s=96&d=mm&r=g\",\"contentUrl\":\"https:\\\/\\\/secure.gravatar.com\\\/avatar\\\/7c5bd30ae4b47a9ba3c856590957fd1d96dc588bf3ac05719d247e126840331f?s=96&d=mm&r=g\",\"caption\":\"libna\"}}]}<\/script>\n<!-- \/ Yoast SEO plugin. -->","yoast_head_json":{"title":"Exalumno de la Universidad de Montemorelos prepar\u00f3 a atletas ol\u00edmpicos para Par\u00eds 2024 - Iglesia Adventista del S\u00e9ptimo D\u00eda - Divisi\u00f3n Interamericana","robots":{"index":"index","follow":"follow","max-snippet":"max-snippet:-1","max-image-preview":"max-image-preview:large","max-video-preview":"max-video-preview:-1"},"canonical":"https:\/\/interamerica.org\/es\/2024\/08\/exalumno-de-la-universidad-de-montemorelos-preparo-a-atletas-olimpicos-para-paris-2024\/","og_locale":"es_ES","og_type":"article","og_title":"Exalumno de la Universidad de Montemorelos prepar\u00f3 a atletas ol\u00edmpicos para Par\u00eds 2024 - Iglesia Adventista del S\u00e9ptimo D\u00eda - Divisi\u00f3n Interamericana","og_description":"El fisioterapeuta Franklin C\u00f3rdova ayuda a atletas de elite y comparte su fe. 7 de agosto de 2024 | Montemorelos, Nuevo Le\u00f3n, M\u00e9xico | Laura Marrero, Laura Cer\u00f3n y Noticias...","og_url":"https:\/\/interamerica.org\/es\/2024\/08\/exalumno-de-la-universidad-de-montemorelos-preparo-a-atletas-olimpicos-para-paris-2024\/","og_site_name":"Iglesia Adventista del S\u00e9ptimo D\u00eda - Divisi\u00f3n Interamericana","article_published_time":"2024-08-07T13:44:48+00:00","article_modified_time":"2024-08-08T12:36:20+00:00","og_image":[{"width":1024,"height":576,"url":"https:\/\/interamerica.org\/wp-content\/uploads\/2024\/08\/um-pt-trainer.jpg","type":"image\/jpeg"}],"author":"libna","twitter_card":"summary_large_image","twitter_misc":{"Escrito por":"libna","Tiempo de lectura":"5 minutos"},"schema":{"@context":"https:\/\/schema.org","@graph":[{"@type":"Article","@id":"https:\/\/interamerica.org\/es\/2024\/08\/exalumno-de-la-universidad-de-montemorelos-preparo-a-atletas-olimpicos-para-paris-2024\/#article","isPartOf":{"@id":"https:\/\/interamerica.org\/es\/2024\/08\/exalumno-de-la-universidad-de-montemorelos-preparo-a-atletas-olimpicos-para-paris-2024\/"},"author":{"name":"libna","@id":"https:\/\/interamerica.org\/es\/#\/schema\/person\/29998f2bc2d8bd0d38662909289b54f1"},"headline":"Exalumno de la Universidad de Montemorelos prepar\u00f3 a atletas ol\u00edmpicos para Par\u00eds 2024","datePublished":"2024-08-07T13:44:48+00:00","dateModified":"2024-08-08T12:36:20+00:00","mainEntityOfPage":{"@id":"https:\/\/interamerica.org\/es\/2024\/08\/exalumno-de-la-universidad-de-montemorelos-preparo-a-atletas-olimpicos-para-paris-2024\/"},"wordCount":1032,"image":{"@id":"https:\/\/interamerica.org\/es\/2024\/08\/exalumno-de-la-universidad-de-montemorelos-preparo-a-atletas-olimpicos-para-paris-2024\/#primaryimage"},"thumbnailUrl":"https:\/\/interamerica.org\/wp-content\/uploads\/2024\/08\/um-pt-trainer.jpg","articleSection":["Desde la sede","RSS Espa\u00f1ol"],"inLanguage":"es"},{"@type":"WebPage","@id":"https:\/\/interamerica.org\/es\/2024\/08\/exalumno-de-la-universidad-de-montemorelos-preparo-a-atletas-olimpicos-para-paris-2024\/","url":"https:\/\/interamerica.org\/es\/2024\/08\/exalumno-de-la-universidad-de-montemorelos-preparo-a-atletas-olimpicos-para-paris-2024\/","name":"Exalumno de la Universidad de Montemorelos prepar\u00f3 a atletas ol\u00edmpicos para Par\u00eds 2024 - Iglesia Adventista del S\u00e9ptimo D\u00eda - Divisi\u00f3n Interamericana","isPartOf":{"@id":"https:\/\/interamerica.org\/es\/#website"},"primaryImageOfPage":{"@id":"https:\/\/interamerica.org\/es\/2024\/08\/exalumno-de-la-universidad-de-montemorelos-preparo-a-atletas-olimpicos-para-paris-2024\/#primaryimage"},"image":{"@id":"https:\/\/interamerica.org\/es\/2024\/08\/exalumno-de-la-universidad-de-montemorelos-preparo-a-atletas-olimpicos-para-paris-2024\/#primaryimage"},"thumbnailUrl":"https:\/\/interamerica.org\/wp-content\/uploads\/2024\/08\/um-pt-trainer.jpg","datePublished":"2024-08-07T13:44:48+00:00","dateModified":"2024-08-08T12:36:20+00:00","author":{"@id":"https:\/\/interamerica.org\/es\/#\/schema\/person\/29998f2bc2d8bd0d38662909289b54f1"},"breadcrumb":{"@id":"https:\/\/interamerica.org\/es\/2024\/08\/exalumno-de-la-universidad-de-montemorelos-preparo-a-atletas-olimpicos-para-paris-2024\/#breadcrumb"},"inLanguage":"es","potentialAction":[{"@type":"ReadAction","target":["https:\/\/interamerica.org\/es\/2024\/08\/exalumno-de-la-universidad-de-montemorelos-preparo-a-atletas-olimpicos-para-paris-2024\/"]}]},{"@type":"ImageObject","inLanguage":"es","@id":"https:\/\/interamerica.org\/es\/2024\/08\/exalumno-de-la-universidad-de-montemorelos-preparo-a-atletas-olimpicos-para-paris-2024\/#primaryimage","url":"https:\/\/interamerica.org\/wp-content\/uploads\/2024\/08\/um-pt-trainer.jpg","contentUrl":"https:\/\/interamerica.org\/wp-content\/uploads\/2024\/08\/um-pt-trainer.jpg","width":1024,"height":576,"caption":"Franklin C\u00f3rdova (left), graduate from Physical Therapy at Montemorelos University in Mexico, stands next to Uziel Mu\u00f1oz (center), lanzador de bala y su entrenador Alejandro Laberdesque. Fotograf\u00eda por: Franklin C\u00f3rdova."},{"@type":"BreadcrumbList","@id":"https:\/\/interamerica.org\/es\/2024\/08\/exalumno-de-la-universidad-de-montemorelos-preparo-a-atletas-olimpicos-para-paris-2024\/#breadcrumb","itemListElement":[{"@type":"ListItem","position":1,"name":"Home","item":"https:\/\/interamerica.org\/es\/"},{"@type":"ListItem","position":2,"name":"Exalumno de la Universidad de Montemorelos prepar\u00f3 a atletas ol\u00edmpicos para Par\u00eds 2024"}]},{"@type":"WebSite","@id":"https:\/\/interamerica.org\/es\/#website","url":"https:\/\/interamerica.org\/es\/","name":"Iglesia Adventista del S\u00e9ptimo D\u00eda - Divisi\u00f3n Interamericana","description":"","potentialAction":[{"@type":"SearchAction","target":{"@type":"EntryPoint","urlTemplate":"https:\/\/interamerica.org\/es\/?s={search_term_string}"},"query-input":{"@type":"PropertyValueSpecification","valueRequired":true,"valueName":"search_term_string"}}],"inLanguage":"es"},{"@type":"Person","@id":"https:\/\/interamerica.org\/es\/#\/schema\/person\/29998f2bc2d8bd0d38662909289b54f1","name":"libna","image":{"@type":"ImageObject","inLanguage":"es","@id":"https:\/\/secure.gravatar.com\/avatar\/7c5bd30ae4b47a9ba3c856590957fd1d96dc588bf3ac05719d247e126840331f?s=96&d=mm&r=g","url":"https:\/\/secure.gravatar.com\/avatar\/7c5bd30ae4b47a9ba3c856590957fd1d96dc588bf3ac05719d247e126840331f?s=96&d=mm&r=g","contentUrl":"https:\/\/secure.gravatar.com\/avatar\/7c5bd30ae4b47a9ba3c856590957fd1d96dc588bf3ac05719d247e126840331f?s=96&d=mm&r=g","caption":"libna"}}]}},"_links":{"self":[{"href":"https:\/\/interamerica.org\/es\/wp-json\/wp\/v2\/posts\/117890","targetHints":{"allow":["GET"]}}],"collection":[{"href":"https:\/\/interamerica.org\/es\/wp-json\/wp\/v2\/posts"}],"about":[{"href":"https:\/\/interamerica.org\/es\/wp-json\/wp\/v2\/types\/post"}],"author":[{"embeddable":true,"href":"https:\/\/interamerica.org\/es\/wp-json\/wp\/v2\/users\/3"}],"replies":[{"embeddable":true,"href":"https:\/\/interamerica.org\/es\/wp-json\/wp\/v2\/comments?post=117890"}],"version-history":[{"count":0,"href":"https:\/\/interamerica.org\/es\/wp-json\/wp\/v2\/posts\/117890\/revisions"}],"wp:featuredmedia":[{"embeddable":true,"href":"https:\/\/interamerica.org\/es\/wp-json\/wp\/v2\/media\/117796"}],"wp:attachment":[{"href":"https:\/\/interamerica.org\/es\/wp-json\/wp\/v2\/media?parent=117890"}],"wp:term":[{"taxonomy":"category","embeddable":true,"href":"https:\/\/interamerica.org\/es\/wp-json\/wp\/v2\/categories?post=117890"},{"taxonomy":"post_tag","embeddable":true,"href":"https:\/\/interamerica.org\/es\/wp-json\/wp\/v2\/tags?post=117890"}],"curies":[{"name":"wp","href":"https:\/\/api.w.org\/{rel}","templated":true}]}}