{"id":11804,"date":"2011-04-26T00:00:00","date_gmt":"2011-04-26T04:00:00","guid":{"rendered":"http:\/\/192.81.217.108\/interamerica\/2011\/04\/inspiran-a-conquistar-gigantes-mediante-musica\/"},"modified":"2017-06-02T08:48:42","modified_gmt":"2017-06-02T12:48:42","slug":"inspiran-a-conquistar-gigantes-mediante-musica","status":"publish","type":"post","link":"https:\/\/interamerica.org\/es\/2011\/04\/inspiran-a-conquistar-gigantes-mediante-musica\/","title":{"rendered":"Inspiran a conquistar gigantes mediante m\u00fasica"},"content":{"rendered":"<p><em >Ciudad de M\u00e9xico, M\u00e9xico<\/em > &#8211;  23 de abril, 2011&#8230; Benjam\u00edn Garc\u00eda\/DIA <\/p>\n<p>\u00abConquistando gigantes, peleando la batalla, seguro estoy, Dios nunca me falla.\u00bb Sin duda, uno de los recuerdos que quedar\u00e1 m\u00e1s fijamente grabado en la memoria de los asistentes a este 3r Camporee Interamericano de Conquistadores ser\u00e1 el canto tema.<\/p>\n<p>Despu\u00e9s de cuatro d\u00edas de estarlo cantando, viene a la mente y brota de los labios en forma espont\u00e1nea. <\/p>\n<p>Este canto surgi\u00f3 tras una convocatoria lanzada el a\u00f1o pasado. En dicha convocatoria participaron 12 composiciones. De las 12 result\u00f3 ganadora la pieza musical presentada por el D\u00fao \u00abLos G\u00f3mez\u00bb, de la Rep\u00fablica Dominicana.<\/p>\n<p>\u00abCreemos y estamos seguros que es una inspiraci\u00f3n del cielo para este camporee, para todos los j\u00f3venes que estar\u00e1n aqu\u00ed\u00bb, dicen.<\/p>\n<p>Jos\u00e9 Napole\u00f3n, estudia Ingenier\u00eda de Sistemas. Combina parte de la m\u00fasica con su carrera al escribir composiciones y hacer arreglos musicales. \u00c9l dice, \u00abEsto ha sido de bendici\u00f3n para nosotros; es un inmenso placer y un gran privilegio haber podido componer la canci\u00f3n tema del camporee\u00bb.<\/p>\n<p>De su parte, su hermano Elio Nair, que cursa el \u00faltimo a\u00f1o en Administraci\u00f3n de Empresas, se\u00f1ala: \u00abCreo que es importante cantar porque la m\u00fasica nos eleva el alma y nos acerca mucho m\u00e1s a Dios. La m\u00fasica tambi\u00e9n mantiene el esp\u00edritu y el \u00e1nimo elevados\u00bb.<\/p>\n<p>\u00abDesde peque\u00f1o he sentido el llamado de Dios y la inclinaci\u00f3n por la m\u00fasica hacia nuestro Se\u00f1or Jesucristo; y no usamos la m\u00fasica sino para alabarle&#8230; Hemos decidido dedicar nuestra vida a Cristo Jes\u00fas y, mediante este ministerio precioso de la m\u00fasica, atraer a otras personas a sus pies\u00bb.<\/p>\n<p>El canto ya ha sido traducido y cantado durante las reuniones del Camporee en ingl\u00e9s, franc\u00e9s y papiamento.<\/p>\n<p><strong >Conquistando gigantes<\/strong ><\/p>\n<p>La cima fue preparada para los valientes,<br  \/>Los que quieren escalar y los triunfos alcanzar.<br  \/>Me alisto en las filas, Jes\u00fas es mi destino,<br  \/>Y no temo porque Dios ir\u00e1 conmigo.<\/p>\n<p>Coro<br  \/>Conquistando gigantes, peleando la batalla,<br  \/>Seguro estoy, Dios nunca me falla.<br  \/>Conquistando gigantes, y as\u00ed como David<br  \/>Venci\u00f3 a Goliat, la victoria Dios nos dar\u00e1<\/p>\n<p>Yo no me quedo atr\u00e1s, debo marchar al frente.<br  \/>No importando lo que se presente.<br  \/>S\u00e9 que lo lograr\u00e9, lo que otros han intentado,<br  \/>Con el escudo en mis manos y la bandera de la fe.<\/p>\n<p>Para escuchar el canto tema visite <a  href=\"http:\/\/www.camporee.interamerica.org\/\">www.camporee.interamerica.org<\/a ><\/p>\n<p><br  \/> <\/p>\n<p><br  \/>  <\/p>\n","protected":false},"excerpt":{"rendered":"<p>\u00abConquistando gigantes, peleando la batalla, seguro estoy, Dios nunca me falla,\u00bb es el canto tema del 3er Camporee de Conquistadores de la DIA que, sin duda, quedar\u00e1 por mucho tiempo en la mente de los asistentes.<\/p>\n","protected":false},"author":1,"featured_media":0,"comment_status":"closed","ping_status":"closed","sticky":false,"template":"","format":"standard","meta":{"_acf_changed":false,"footnotes":""},"categories":[8],"tags":[],"class_list":["post-11804","post","type-post","status-publish","format-standard","hentry","category-archivo"],"acf":[],"yoast_head":"<!-- This site is optimized with the Yoast SEO plugin v27.3 - https:\/\/yoast.com\/product\/yoast-seo-wordpress\/ -->\n<title>Inspiran a conquistar gigantes mediante m\u00fasica - Iglesia Adventista del S\u00e9ptimo D\u00eda - Divisi\u00f3n Interamericana<\/title>\n<meta name=\"robots\" content=\"index, follow, max-snippet:-1, max-image-preview:large, max-video-preview:-1\" \/>\n<link rel=\"canonical\" href=\"https:\/\/interamerica.org\/es\/2011\/04\/inspiran-a-conquistar-gigantes-mediante-musica\/\" \/>\n<meta property=\"og:locale\" content=\"es_ES\" \/>\n<meta property=\"og:type\" content=\"article\" \/>\n<meta property=\"og:title\" content=\"Inspiran a conquistar gigantes mediante m\u00fasica - Iglesia Adventista del S\u00e9ptimo D\u00eda - Divisi\u00f3n Interamericana\" \/>\n<meta property=\"og:description\" content=\"&quot;Conquistando gigantes, peleando la batalla, seguro estoy, Dios nunca me falla,&quot; es el canto tema del 3er Camporee de Conquistadores de la DIA que, sin duda, quedar\u00e1 por mucho tiempo en la mente de los asistentes.\" \/>\n<meta property=\"og:url\" content=\"https:\/\/interamerica.org\/es\/2011\/04\/inspiran-a-conquistar-gigantes-mediante-musica\/\" \/>\n<meta property=\"og:site_name\" content=\"Iglesia Adventista del S\u00e9ptimo D\u00eda - Divisi\u00f3n Interamericana\" \/>\n<meta property=\"article:published_time\" content=\"2011-04-26T04:00:00+00:00\" \/>\n<meta property=\"article:modified_time\" content=\"2017-06-02T12:48:42+00:00\" \/>\n<meta name=\"author\" content=\"Lorenzo Verduzco\" \/>\n<meta name=\"twitter:card\" content=\"summary_large_image\" \/>\n<meta name=\"twitter:label1\" content=\"Escrito por\" \/>\n\t<meta name=\"twitter:data1\" content=\"Lorenzo Verduzco\" \/>\n\t<meta name=\"twitter:label2\" content=\"Tiempo de lectura\" \/>\n\t<meta name=\"twitter:data2\" content=\"2 minutos\" \/>\n<script type=\"application\/ld+json\" class=\"yoast-schema-graph\">{\"@context\":\"https:\\\/\\\/schema.org\",\"@graph\":[{\"@type\":\"Article\",\"@id\":\"https:\\\/\\\/interamerica.org\\\/es\\\/2011\\\/04\\\/inspiran-a-conquistar-gigantes-mediante-musica\\\/#article\",\"isPartOf\":{\"@id\":\"https:\\\/\\\/interamerica.org\\\/es\\\/2011\\\/04\\\/inspiran-a-conquistar-gigantes-mediante-musica\\\/\"},\"author\":{\"name\":\"Lorenzo Verduzco\",\"@id\":\"https:\\\/\\\/interamerica.org\\\/es\\\/#\\\/schema\\\/person\\\/68ede8bdc292885bb76c1e3810e73c39\"},\"headline\":\"Inspiran a conquistar gigantes mediante m\u00fasica\",\"datePublished\":\"2011-04-26T04:00:00+00:00\",\"dateModified\":\"2017-06-02T12:48:42+00:00\",\"mainEntityOfPage\":{\"@id\":\"https:\\\/\\\/interamerica.org\\\/es\\\/2011\\\/04\\\/inspiran-a-conquistar-gigantes-mediante-musica\\\/\"},\"wordCount\":429,\"articleSection\":[\"Archivo\"],\"inLanguage\":\"es\"},{\"@type\":\"WebPage\",\"@id\":\"https:\\\/\\\/interamerica.org\\\/es\\\/2011\\\/04\\\/inspiran-a-conquistar-gigantes-mediante-musica\\\/\",\"url\":\"https:\\\/\\\/interamerica.org\\\/es\\\/2011\\\/04\\\/inspiran-a-conquistar-gigantes-mediante-musica\\\/\",\"name\":\"Inspiran a conquistar gigantes mediante m\u00fasica - Iglesia Adventista del S\u00e9ptimo D\u00eda - Divisi\u00f3n Interamericana\",\"isPartOf\":{\"@id\":\"https:\\\/\\\/interamerica.org\\\/es\\\/#website\"},\"datePublished\":\"2011-04-26T04:00:00+00:00\",\"dateModified\":\"2017-06-02T12:48:42+00:00\",\"author\":{\"@id\":\"https:\\\/\\\/interamerica.org\\\/es\\\/#\\\/schema\\\/person\\\/68ede8bdc292885bb76c1e3810e73c39\"},\"breadcrumb\":{\"@id\":\"https:\\\/\\\/interamerica.org\\\/es\\\/2011\\\/04\\\/inspiran-a-conquistar-gigantes-mediante-musica\\\/#breadcrumb\"},\"inLanguage\":\"es\",\"potentialAction\":[{\"@type\":\"ReadAction\",\"target\":[\"https:\\\/\\\/interamerica.org\\\/es\\\/2011\\\/04\\\/inspiran-a-conquistar-gigantes-mediante-musica\\\/\"]}]},{\"@type\":\"BreadcrumbList\",\"@id\":\"https:\\\/\\\/interamerica.org\\\/es\\\/2011\\\/04\\\/inspiran-a-conquistar-gigantes-mediante-musica\\\/#breadcrumb\",\"itemListElement\":[{\"@type\":\"ListItem\",\"position\":1,\"name\":\"Home\",\"item\":\"https:\\\/\\\/interamerica.org\\\/es\\\/\"},{\"@type\":\"ListItem\",\"position\":2,\"name\":\"Inspiran a conquistar gigantes mediante m\u00fasica\"}]},{\"@type\":\"WebSite\",\"@id\":\"https:\\\/\\\/interamerica.org\\\/es\\\/#website\",\"url\":\"https:\\\/\\\/interamerica.org\\\/es\\\/\",\"name\":\"Iglesia Adventista del S\u00e9ptimo D\u00eda - Divisi\u00f3n Interamericana\",\"description\":\"\",\"potentialAction\":[{\"@type\":\"SearchAction\",\"target\":{\"@type\":\"EntryPoint\",\"urlTemplate\":\"https:\\\/\\\/interamerica.org\\\/es\\\/?s={search_term_string}\"},\"query-input\":{\"@type\":\"PropertyValueSpecification\",\"valueRequired\":true,\"valueName\":\"search_term_string\"}}],\"inLanguage\":\"es\"},{\"@type\":\"Person\",\"@id\":\"https:\\\/\\\/interamerica.org\\\/es\\\/#\\\/schema\\\/person\\\/68ede8bdc292885bb76c1e3810e73c39\",\"name\":\"Lorenzo Verduzco\",\"image\":{\"@type\":\"ImageObject\",\"inLanguage\":\"es\",\"@id\":\"https:\\\/\\\/secure.gravatar.com\\\/avatar\\\/fb81a55b6218459490a9c1dc841a34909185b81904c5337b4b27f7a6fd60c49e?s=96&d=mm&r=g\",\"url\":\"https:\\\/\\\/secure.gravatar.com\\\/avatar\\\/fb81a55b6218459490a9c1dc841a34909185b81904c5337b4b27f7a6fd60c49e?s=96&d=mm&r=g\",\"contentUrl\":\"https:\\\/\\\/secure.gravatar.com\\\/avatar\\\/fb81a55b6218459490a9c1dc841a34909185b81904c5337b4b27f7a6fd60c49e?s=96&d=mm&r=g\",\"caption\":\"Lorenzo Verduzco\"}}]}<\/script>\n<!-- \/ Yoast SEO plugin. -->","yoast_head_json":{"title":"Inspiran a conquistar gigantes mediante m\u00fasica - Iglesia Adventista del S\u00e9ptimo D\u00eda - Divisi\u00f3n Interamericana","robots":{"index":"index","follow":"follow","max-snippet":"max-snippet:-1","max-image-preview":"max-image-preview:large","max-video-preview":"max-video-preview:-1"},"canonical":"https:\/\/interamerica.org\/es\/2011\/04\/inspiran-a-conquistar-gigantes-mediante-musica\/","og_locale":"es_ES","og_type":"article","og_title":"Inspiran a conquistar gigantes mediante m\u00fasica - Iglesia Adventista del S\u00e9ptimo D\u00eda - Divisi\u00f3n Interamericana","og_description":"\"Conquistando gigantes, peleando la batalla, seguro estoy, Dios nunca me falla,\" es el canto tema del 3er Camporee de Conquistadores de la DIA que, sin duda, quedar\u00e1 por mucho tiempo en la mente de los asistentes.","og_url":"https:\/\/interamerica.org\/es\/2011\/04\/inspiran-a-conquistar-gigantes-mediante-musica\/","og_site_name":"Iglesia Adventista del S\u00e9ptimo D\u00eda - Divisi\u00f3n Interamericana","article_published_time":"2011-04-26T04:00:00+00:00","article_modified_time":"2017-06-02T12:48:42+00:00","author":"Lorenzo Verduzco","twitter_card":"summary_large_image","twitter_misc":{"Escrito por":"Lorenzo Verduzco","Tiempo de lectura":"2 minutos"},"schema":{"@context":"https:\/\/schema.org","@graph":[{"@type":"Article","@id":"https:\/\/interamerica.org\/es\/2011\/04\/inspiran-a-conquistar-gigantes-mediante-musica\/#article","isPartOf":{"@id":"https:\/\/interamerica.org\/es\/2011\/04\/inspiran-a-conquistar-gigantes-mediante-musica\/"},"author":{"name":"Lorenzo Verduzco","@id":"https:\/\/interamerica.org\/es\/#\/schema\/person\/68ede8bdc292885bb76c1e3810e73c39"},"headline":"Inspiran a conquistar gigantes mediante m\u00fasica","datePublished":"2011-04-26T04:00:00+00:00","dateModified":"2017-06-02T12:48:42+00:00","mainEntityOfPage":{"@id":"https:\/\/interamerica.org\/es\/2011\/04\/inspiran-a-conquistar-gigantes-mediante-musica\/"},"wordCount":429,"articleSection":["Archivo"],"inLanguage":"es"},{"@type":"WebPage","@id":"https:\/\/interamerica.org\/es\/2011\/04\/inspiran-a-conquistar-gigantes-mediante-musica\/","url":"https:\/\/interamerica.org\/es\/2011\/04\/inspiran-a-conquistar-gigantes-mediante-musica\/","name":"Inspiran a conquistar gigantes mediante m\u00fasica - Iglesia Adventista del S\u00e9ptimo D\u00eda - Divisi\u00f3n Interamericana","isPartOf":{"@id":"https:\/\/interamerica.org\/es\/#website"},"datePublished":"2011-04-26T04:00:00+00:00","dateModified":"2017-06-02T12:48:42+00:00","author":{"@id":"https:\/\/interamerica.org\/es\/#\/schema\/person\/68ede8bdc292885bb76c1e3810e73c39"},"breadcrumb":{"@id":"https:\/\/interamerica.org\/es\/2011\/04\/inspiran-a-conquistar-gigantes-mediante-musica\/#breadcrumb"},"inLanguage":"es","potentialAction":[{"@type":"ReadAction","target":["https:\/\/interamerica.org\/es\/2011\/04\/inspiran-a-conquistar-gigantes-mediante-musica\/"]}]},{"@type":"BreadcrumbList","@id":"https:\/\/interamerica.org\/es\/2011\/04\/inspiran-a-conquistar-gigantes-mediante-musica\/#breadcrumb","itemListElement":[{"@type":"ListItem","position":1,"name":"Home","item":"https:\/\/interamerica.org\/es\/"},{"@type":"ListItem","position":2,"name":"Inspiran a conquistar gigantes mediante m\u00fasica"}]},{"@type":"WebSite","@id":"https:\/\/interamerica.org\/es\/#website","url":"https:\/\/interamerica.org\/es\/","name":"Iglesia Adventista del S\u00e9ptimo D\u00eda - Divisi\u00f3n Interamericana","description":"","potentialAction":[{"@type":"SearchAction","target":{"@type":"EntryPoint","urlTemplate":"https:\/\/interamerica.org\/es\/?s={search_term_string}"},"query-input":{"@type":"PropertyValueSpecification","valueRequired":true,"valueName":"search_term_string"}}],"inLanguage":"es"},{"@type":"Person","@id":"https:\/\/interamerica.org\/es\/#\/schema\/person\/68ede8bdc292885bb76c1e3810e73c39","name":"Lorenzo Verduzco","image":{"@type":"ImageObject","inLanguage":"es","@id":"https:\/\/secure.gravatar.com\/avatar\/fb81a55b6218459490a9c1dc841a34909185b81904c5337b4b27f7a6fd60c49e?s=96&d=mm&r=g","url":"https:\/\/secure.gravatar.com\/avatar\/fb81a55b6218459490a9c1dc841a34909185b81904c5337b4b27f7a6fd60c49e?s=96&d=mm&r=g","contentUrl":"https:\/\/secure.gravatar.com\/avatar\/fb81a55b6218459490a9c1dc841a34909185b81904c5337b4b27f7a6fd60c49e?s=96&d=mm&r=g","caption":"Lorenzo Verduzco"}}]}},"_links":{"self":[{"href":"https:\/\/interamerica.org\/es\/wp-json\/wp\/v2\/posts\/11804","targetHints":{"allow":["GET"]}}],"collection":[{"href":"https:\/\/interamerica.org\/es\/wp-json\/wp\/v2\/posts"}],"about":[{"href":"https:\/\/interamerica.org\/es\/wp-json\/wp\/v2\/types\/post"}],"author":[{"embeddable":true,"href":"https:\/\/interamerica.org\/es\/wp-json\/wp\/v2\/users\/1"}],"replies":[{"embeddable":true,"href":"https:\/\/interamerica.org\/es\/wp-json\/wp\/v2\/comments?post=11804"}],"version-history":[{"count":0,"href":"https:\/\/interamerica.org\/es\/wp-json\/wp\/v2\/posts\/11804\/revisions"}],"wp:attachment":[{"href":"https:\/\/interamerica.org\/es\/wp-json\/wp\/v2\/media?parent=11804"}],"wp:term":[{"taxonomy":"category","embeddable":true,"href":"https:\/\/interamerica.org\/es\/wp-json\/wp\/v2\/categories?post=11804"},{"taxonomy":"post_tag","embeddable":true,"href":"https:\/\/interamerica.org\/es\/wp-json\/wp\/v2\/tags?post=11804"}],"curies":[{"name":"wp","href":"https:\/\/api.w.org\/{rel}","templated":true}]}}