{"id":118051,"date":"2024-08-09T09:09:25","date_gmt":"2024-08-09T13:09:25","guid":{"rendered":"https:\/\/interamerica.org\/?p=118051"},"modified":"2024-08-12T11:34:08","modified_gmt":"2024-08-12T15:34:08","slug":"festival-de-cortometrajes-en-mexico-enfatiza-el-compromiso-de-esparcir-el-evangelio","status":"publish","type":"post","link":"https:\/\/interamerica.org\/es\/2024\/08\/festival-de-cortometrajes-en-mexico-enfatiza-el-compromiso-de-esparcir-el-evangelio\/","title":{"rendered":"Festival de cortometrajes en M\u00e9xico enfatiza el compromiso de esparcir el evangelio"},"content":{"rendered":"<p><div id=\"attachment_117997\" style=\"width: 863px\" class=\"wp-caption aligncenter\"><img fetchpriority=\"high\" decoding=\"async\" aria-describedby=\"caption-attachment-117997\" class=\" wp-image-117995\" src=\"https:\/\/interamerica.org\/wp-content\/uploads\/2024\/08\/chiapas-filmfestival-panel.jpg\" alt=\"\" width=\"853\" height=\"568\" srcset=\"https:\/\/interamerica.org\/wp-content\/uploads\/2024\/08\/chiapas-filmfestival-panel.jpg 1000w, https:\/\/interamerica.org\/wp-content\/uploads\/2024\/08\/chiapas-filmfestival-panel-300x200.jpg 300w, https:\/\/interamerica.org\/wp-content\/uploads\/2024\/08\/chiapas-filmfestival-panel-768x511.jpg 768w\" sizes=\"(max-width: 853px) 100vw, 853px\" \/><p id=\"caption-attachment-117997\" class=\"wp-caption-text\">Un panel de expertos en producci\u00f3n de cortometrajes habla a m\u00e1s de 120 creativos de proyectos audiovisuales, l\u00edderes de los campos locales, l\u00edderes de comunicaci\u00f3n e invitados especiales, durante el primer festival de cortometrajes de la Iglesia Adventista en la Uni\u00f3n Mexicana de Chiapas en Tuxtla Guti\u00e9rrez, Chiapas, M\u00e9xico, en el Centenario Eventos, del 19 al 20 de julio de 2024. El evento cont\u00f3 con 19 cortometrajes creados por los equipos de producci\u00f3n entrenados hace poco provenientes desde todo Chiapas, como parte de una estrategia abarcadora de involucrar a los j\u00f3venes a la hora de compartir el evangelio mediante de proyectos de medios. [Fotograf\u00eda: Uni\u00f3n Mexicana de Chiapas]<\/p><\/div><em>Se proyectaron 19 filmes, gracias a la estrategia de la iglesia de Chiapas de involucrar a j\u00f3venes creativos para el cumplimiento de la misi\u00f3n.<\/em><\/p>\n<p>9 de agosto de 2024 | Tuxtla Guti\u00e9rrez, Chiapas, M\u00e9xico | Yosainy Oyaga y Libna Stevens, Noticias de la Divisi\u00f3n Interamericana<\/p>\n<p>La Iglesia Adventista del S\u00e9ptimo D\u00eda en Chiapas, M\u00e9xico, llev\u00f3 a cabo hace poco su primer festival de cortometrajes, durante un encuentro especial en el Centenario Eventos, en Tuxtla Guti\u00e9rrez, Chiapas, M\u00e9xico. El evento mostr\u00f3 19 cortometrajes producidos por j\u00f3venes dedicados a cumplir la misi\u00f3n (llamados <em>Disc\u00edpulos Creativos<\/em>), atrajo a m\u00e1s de 120 creativos del proyecto audiovisual, l\u00edderes de los campos locales, l\u00edderes de comunicaci\u00f3n e invitados especiales.<\/p>\n<p>\u201cEsta es una celebraci\u00f3n de evangelismo, una celebraci\u00f3n al compromiso de cada joven con la difusi\u00f3n del evangelio\u201d, dijo el pastor Jos\u00e9 Luis Bouchot, secretario ejecutivo de la Uni\u00f3n Mexicana de Chiapas, cuando comenz\u00f3 el festival.<\/p>\n<p><div id=\"attachment_117985\" style=\"width: 861px\" class=\"wp-caption aligncenter\"><img decoding=\"async\" aria-describedby=\"caption-attachment-117985\" class=\" wp-image-117983\" src=\"https:\/\/interamerica.org\/wp-content\/uploads\/2024\/08\/chiapas-short-films-posters.jpg\" alt=\"\" width=\"851\" height=\"567\" srcset=\"https:\/\/interamerica.org\/wp-content\/uploads\/2024\/08\/chiapas-short-films-posters.jpg 1000w, https:\/\/interamerica.org\/wp-content\/uploads\/2024\/08\/chiapas-short-films-posters-300x200.jpg 300w, https:\/\/interamerica.org\/wp-content\/uploads\/2024\/08\/chiapas-short-films-posters-768x511.jpg 768w\" sizes=\"(max-width: 851px) 100vw, 851px\" \/><p id=\"caption-attachment-117985\" class=\"wp-caption-text\">Una muestra del p\u00f3ster de los filmes cortos presentados durante el festival de cortometrajes en Tuxtla Guti\u00e9rrez, Chiapas, M\u00e9xico, del 19 al 20 de julio de 2024. [Fotograf\u00eda: Uni\u00f3n Mexicana de Chiapas]<\/p><\/div>Equipos de cada uno de los nueve campos de Chiapas se tomaron a pecho expresar por medio de un cortometraje, de cuatro a treinta minutos de duraci\u00f3n, el tema asignado \u201cJes\u00fas es Suficiente\u201d, contando con mensajes de fe y esperanza para un mundo atribulado, mediante historias basadas en la vida real y relatos originales. La muestra de los cortrometrajes comenz\u00f3 el viernes 19 de julio por la noche.<\/p>\n<p>Pedro Mart\u00ednez fue unos de los 19 l\u00edderes del equipo de cortometrajes que dirigi\u00f3 \u201cEl Coyote\u201d, un filme sobre la historia de un artista mexicano regional que se convierte y se dedica a compartir esperanza. \u201cParticipar en este festival y producir un cortometraje fue una experiencia enriquecedora, un desaf\u00edo creativo significativo, que me permiti\u00f3 ser testigo de historias de transformaci\u00f3n espiritual, que sin duda inspiran y refuerzan nuestra fe. \u201d, dijo Mart\u00ednez. \u201cSin duda, ser\u00e1n un medio para alcanzar almas para Cristo por medio de este ministerio\u201d.<\/p>\n<p><div id=\"attachment_118013\" style=\"width: 857px\" class=\"wp-caption aligncenter\"><img decoding=\"async\" aria-describedby=\"caption-attachment-118013\" class=\" wp-image-118011\" src=\"https:\/\/interamerica.org\/wp-content\/uploads\/2024\/08\/chiapas-filmfestival-crowd.jpg\" alt=\"\" width=\"847\" height=\"564\" srcset=\"https:\/\/interamerica.org\/wp-content\/uploads\/2024\/08\/chiapas-filmfestival-crowd.jpg 1000w, https:\/\/interamerica.org\/wp-content\/uploads\/2024\/08\/chiapas-filmfestival-crowd-300x200.jpg 300w, https:\/\/interamerica.org\/wp-content\/uploads\/2024\/08\/chiapas-filmfestival-crowd-768x511.jpg 768w\" sizes=\"(max-width: 847px) 100vw, 847px\" \/><p id=\"caption-attachment-118013\" class=\"wp-caption-text\">La audiencia ve un filme durante el festival de cortometrajes. [Fotograf\u00eda: Uni\u00f3n Mexicana de Chiapas]<\/p><\/div><strong>Un ministerio con prop\u00f3sito<\/strong><\/p>\n<p>Ser visto como un ministerio de cortometrajes con prop\u00f3sito es lo que puede marcar una diferencia en la iglesia, dijeron los organizadores. \u201cJes\u00fas contaba par\u00e1bolas para mostrar verdades y misterios de su Reino, y las historias en pel\u00edculas tienen el objetivo de transmitir esas mismas verdades y misterios\u201d, dijo Uriel Castellanos, director de comunicaci\u00f3n de la Uni\u00f3n Mexicana de Chiapas y principal organizador del festival.<\/p>\n<p>\u201cEl liderazgo de la uni\u00f3n cree que la predicaci\u00f3n debe ser en todas las plataformas posibles por eso invierte en estos espacios para los miembros que se comprometen en poner sus dones y talentos al servicio de Dios\u201d, dijo Castellanos. Implica capacitar, colaborar, celebrar contenidos creatives e inspirar en busca de un encuentro transformador con Cristo, quien es el Creador, guionista y director de nuestra vida, a\u00f1adi\u00f3.<\/p>\n<p><div id=\"attachment_117991\" style=\"width: 862px\" class=\"wp-caption aligncenter\"><img loading=\"lazy\" decoding=\"async\" aria-describedby=\"caption-attachment-117991\" class=\" wp-image-117989\" src=\"https:\/\/interamerica.org\/wp-content\/uploads\/2024\/08\/uriel-castellanos-chiapas-filmfestival.jpg\" alt=\"\" width=\"852\" height=\"567\" srcset=\"https:\/\/interamerica.org\/wp-content\/uploads\/2024\/08\/uriel-castellanos-chiapas-filmfestival.jpg 1000w, https:\/\/interamerica.org\/wp-content\/uploads\/2024\/08\/uriel-castellanos-chiapas-filmfestival-300x200.jpg 300w, https:\/\/interamerica.org\/wp-content\/uploads\/2024\/08\/uriel-castellanos-chiapas-filmfestival-768x511.jpg 768w\" sizes=\"(max-width: 852px) 100vw, 852px\" \/><p id=\"caption-attachment-117991\" class=\"wp-caption-text\">Uriel Castellanos, director de comunicaci\u00f3n de la Uni\u00f3n Mexicana de Chiapas y principal organizador del festival de cortometrajes, felicita a los directores y productores por comprometerse a esparcir el evangelio de manera creativa. [Fotograf\u00eda: Uni\u00f3n Mexicana de Chiapas]<\/p><\/div>Entre las producciones destacadas se encontr\u00f3 \u201cCree Solamente\u201d, producida por la \u201cGeneraci\u00f3n de Transformadores\u201d, un equipo de disc\u00edpulos creativos de la Asociaci\u00f3n Altos de Chiapas, ubicada en San Crist\u00f3bal de las Casas. El equipo incluy\u00f3 ind\u00edgenas de la comunidad de Chamula, que cuentan una historia en su lengua tzotzil sobre el impacto y los problemas que encontraron los primeros misioneros adventistas al compartir el evangelio en esa regi\u00f3n de Chiapas. Hubo algunos desaf\u00edos, dado que enfrentaron a las autoridades tradicionales locales, que no apreciaban que se filmara su regi\u00f3n. \u201cDespu\u00e9s de mucha oraci\u00f3n y esfuerzos de producci\u00f3n, se nos dio la autorizaci\u00f3n y el apoyo necesario de parte de la comunidad para llegar a acuerdos positivos y poder filmar\u201d, dijo Julio D\u00edaz, productor del filme.<\/p>\n<p>De manera similar, la producci\u00f3n de la Misi\u00f3n de Palenque en su filmaci\u00f3n del corto \u201cFe en la Selva\u201d, en la Selva de Lacandona, tuvo que enfrentar numerosos desaf\u00edos como resultado de la estaci\u00f3n de las lluvias, los peligros de la regi\u00f3n, y las aprensiones de la comunidad. Se les permiti\u00f3 usar un espacio exclusivo de 10 por 20 metros para contar la historia de ese primer misionero en esa regi\u00f3n.<\/p>\n<p><div id=\"attachment_118007\" style=\"width: 854px\" class=\"wp-caption aligncenter\"><img loading=\"lazy\" decoding=\"async\" aria-describedby=\"caption-attachment-118007\" class=\" wp-image-118005\" src=\"https:\/\/interamerica.org\/wp-content\/uploads\/2024\/08\/chiapas-film-renacer-production-team.jpg\" alt=\"\" width=\"844\" height=\"562\" srcset=\"https:\/\/interamerica.org\/wp-content\/uploads\/2024\/08\/chiapas-film-renacer-production-team.jpg 1000w, https:\/\/interamerica.org\/wp-content\/uploads\/2024\/08\/chiapas-film-renacer-production-team-300x200.jpg 300w, https:\/\/interamerica.org\/wp-content\/uploads\/2024\/08\/chiapas-film-renacer-production-team-768x511.jpg 768w\" sizes=\"(max-width: 844px) 100vw, 844px\" \/><p id=\"caption-attachment-118007\" class=\"wp-caption-text\">El equipo de producci\u00f3n del cortometraje \u201cRenacer\u201d muestran su p\u00f3ster en una sesi\u00f3n simult\u00e1nea del festival. [Fotograf\u00eda: Uni\u00f3n Mexicana de Chiapas]<\/p><\/div><strong>Compartir la m\u00e1s grande historia<\/strong><\/p>\n<p>Adem\u00e1s de los cortometrajes proyectados, formaron parte del evento presentaciones destacadas, charlas y sesiones de preguntas y respuestas sobre cinematograf\u00eda y evangelismo, adem\u00e1s de las experiencias de los equipos de producci\u00f3n durante la filmaci\u00f3n. Los j\u00f3venes creativos recibieron el desaf\u00edo de seguir creciendo y produciendo contenidos cristianos que impactaran a las personas.<\/p>\n<p>\u201cEste es un evento \u00fanico en su tipo, donde vimos una explosi\u00f3n de creatividad y talento\u201d, dijo Hellen H. Castro, directora de Creativo 115, quien ha producido y dirigido muchos proyectos cinematogr\u00e1ficos para la Iglesia Adventista de M\u00e9xico, la Divisi\u00f3n Interamericana, y el p\u00fablico. \u201cLa iniciativa de este festival es un sue\u00f1o para quienes nos dedicamos al mundo audiovisual, y coincidir con tantos nuevos creadores\u201d, dijo Castro. \u201cEn un mundo\u00a0 saturado con im\u00e1genes y sonidos, la Uni\u00f3n Mexicana de Chiapas ha sabido abrir un espacio aut\u00e9ntico y valiente para que los talentos emergentes de nuestra comunidad muestren su visi\u00f3n y pasi\u00f3n de compartir con otros la historia m\u00e1s grande\u201d.<\/p>\n<p><div id=\"attachment_117994\" style=\"width: 857px\" class=\"wp-caption aligncenter\"><img loading=\"lazy\" decoding=\"async\" aria-describedby=\"caption-attachment-117994\" class=\" wp-image-117992\" src=\"https:\/\/interamerica.org\/wp-content\/uploads\/2024\/08\/chiapas-film-awards.jpg\" alt=\"\" width=\"847\" height=\"564\" srcset=\"https:\/\/interamerica.org\/wp-content\/uploads\/2024\/08\/chiapas-film-awards.jpg 1000w, https:\/\/interamerica.org\/wp-content\/uploads\/2024\/08\/chiapas-film-awards-300x200.jpg 300w, https:\/\/interamerica.org\/wp-content\/uploads\/2024\/08\/chiapas-film-awards-768x511.jpg 768w\" sizes=\"(max-width: 847px) 100vw, 847px\" \/><p id=\"caption-attachment-117994\" class=\"wp-caption-text\">Hope Media Chiapas entreg\u00f3 reconocimientos a todos los equipos de producci\u00f3n que participaron en el festival de cortometrajes. [Fotograf\u00eda: Uni\u00f3n Mexicana de Chiapas]<\/p><\/div>El festival de cortometrajes no tiene que ver tan solo con mostrar filmes, sino que posee una estrategia en la que la iglesia ha estado trabajando ya por varios a\u00f1os, dijo Castellanos.<\/p>\n<p>Para poder proyectar cortometrajes durante el festival, los equipos de producci\u00f3n tuvieron que asistir a clases en l\u00ednea a cargo de lo que denominaron Academia Virtual Hope, una iniciativa educacional a cargo de Hope Media Chiapas de la iglesia, un centro de medios que es parte del canal de televisi\u00f3n Hope Channel Inter-America. La iniciativa incluy\u00f3 una capacitaci\u00f3n de seis meses de los equipos de producci\u00f3n este a\u00f1o, para aprender el lenguaje y las t\u00e9cnicas cinematogr\u00e1ficas, explic\u00f3 Castellanos. \u201cAprendieron de los productores adventistas de toda Interam\u00e9rica y de otras regiones sobre redacciones de guiones, direcci\u00f3n, producci\u00f3n, postproducci\u00f3n, adem\u00e1s de profundizar en el tema de los filmes como herramienta para compartir el evangelio\u201d, expres\u00f3.<\/p>\n<p><div id=\"attachment_118010\" style=\"width: 861px\" class=\"wp-caption aligncenter\"><img loading=\"lazy\" decoding=\"async\" aria-describedby=\"caption-attachment-118010\" class=\" wp-image-118008\" src=\"https:\/\/interamerica.org\/wp-content\/uploads\/2024\/08\/chiapas-ignacio-navarro-film-festival.jpg\" alt=\"\" width=\"851\" height=\"566\" srcset=\"https:\/\/interamerica.org\/wp-content\/uploads\/2024\/08\/chiapas-ignacio-navarro-film-festival.jpg 1000w, https:\/\/interamerica.org\/wp-content\/uploads\/2024\/08\/chiapas-ignacio-navarro-film-festival-300x200.jpg 300w, https:\/\/interamerica.org\/wp-content\/uploads\/2024\/08\/chiapas-ignacio-navarro-film-festival-768x511.jpg 768w\" sizes=\"(max-width: 851px) 100vw, 851px\" \/><p id=\"caption-attachment-118010\" class=\"wp-caption-text\">El pastor Ignacio Navarro, presidente de la Uni\u00f3n Mexicana de Chiapas, responde preguntas y expresa apoyo a los ministerios de producci\u00f3n de cortometrajes en la regi\u00f3n. [Fotograf\u00eda: Uni\u00f3n Mexicana de Chiapas]<\/p><\/div><strong>Proyecciones en iglesias y comunidades<\/strong><\/p>\n<p>El plan es compartir los 19 cortos en encuentros en las iglesias y comunidades en las pr\u00f3ximas semanas y meses, a\u00f1adi\u00f3 Castellanos.<\/p>\n<p>Castellanos lanz\u00f3 la plataforma oficial de la iglesia <a href=\"https:\/\/hopemedia.umch.org.mx\">www.esperanzachiapas.mx<\/a>, un sitio web en l\u00ednea con contenidos creados por Hope Media Chiapas, lo que incluyeron los cortos que se presentaron en el festival de cinematograf\u00eda, estudios b\u00edblicos y otros recursos.<\/p>\n<p>El pastor Ignacio Navarro, presidente de la Uni\u00f3n Mexicana de Chiapas, felicit\u00f3 a los j\u00f3venes por su creatividad y dedicaci\u00f3n a la misi\u00f3n de la iglesia con sus filmes, y se comprometi\u00f3 a seguir apoyando sus esfuerzos de evangelizaci\u00f3n. \u201cMe siento feliz por los logros de cada uno de ustedes con esas producciones\u201d, expres\u00f3.<\/p>\n<div id=\"attachment_118000\" style=\"width: 1034px\" class=\"wp-caption aligncenter\"><img loading=\"lazy\" decoding=\"async\" aria-describedby=\"caption-attachment-118000\" class=\"size-large wp-image-117998\" src=\"https:\/\/interamerica.org\/wp-content\/uploads\/2024\/08\/chiapas-film-group-1024x465.jpg\" alt=\"\" width=\"1024\" height=\"465\" srcset=\"https:\/\/interamerica.org\/wp-content\/uploads\/2024\/08\/chiapas-film-group-1024x465.jpg 1024w, https:\/\/interamerica.org\/wp-content\/uploads\/2024\/08\/chiapas-film-group-300x136.jpg 300w, https:\/\/interamerica.org\/wp-content\/uploads\/2024\/08\/chiapas-film-group-768x349.jpg 768w, https:\/\/interamerica.org\/wp-content\/uploads\/2024\/08\/chiapas-film-group.jpg 1200w\" sizes=\"(max-width: 1024px) 100vw, 1024px\" \/><p id=\"caption-attachment-118000\" class=\"wp-caption-text\">Grupos de creativos, l\u00edderes de la iglesia y miembros que participaron en el Festival de Cortometrajes de Chiapas, del 19 al 20 de julio de 2024. [Fotograf\u00eda: Uni\u00f3n Mexicana de Chiapas]<\/p><\/div>\n<div class=\"page\" title=\"Page 1\">\n<div class=\"section\">\n<div class=\"layoutArea\">\n<div class=\"column\"><\/div>\n<\/div>\n<\/div>\n<\/div>\n<p>Despu\u00e9s de la capacitaci\u00f3n inicial de este a\u00f1o, la Uni\u00f3n Mexicana de Chiapas espera hacer un largometraje. \u201cEstamos en pl\u00e1ticas con los centros Hope Media de M\u00e9xico, para la colaboraci\u00f3n\u00a0 en este proyecto y desarrollar una pel\u00edcula que consolide la figura de la familia y esperanza que tenemos los que creemos en la segunda venida de Jes\u00fas\u201d, dijo Castellanos.<\/p>\n<p><em>Uriel Castellanos colabor\u00f3 con este art\u00edculo.<\/em><\/p>\n<p>Traducci\u00f3n de Marcos Paseggi<\/p>\n","protected":false},"excerpt":{"rendered":"<p>Se proyectaron 19 filmes, gracias a la estrategia de la iglesia de Chiapas de involucrar a j\u00f3venes creativos para el cumplimiento de la misi\u00f3n. 9 de agosto de 2024 |&#8230;<\/p>\n","protected":false},"author":3,"featured_media":117997,"comment_status":"closed","ping_status":"closed","sticky":false,"template":"","format":"standard","meta":{"_acf_changed":false,"footnotes":""},"categories":[17,15],"tags":[],"class_list":["post-118051","post","type-post","status-publish","format-standard","has-post-thumbnail","hentry","category-desde-el-campo","category-rss-espanol"],"acf":[],"yoast_head":"<!-- This site is optimized with the Yoast SEO plugin v27.3 - https:\/\/yoast.com\/product\/yoast-seo-wordpress\/ -->\n<title>Festival de cortometrajes en M\u00e9xico enfatiza el compromiso de esparcir el evangelio - Iglesia Adventista del S\u00e9ptimo D\u00eda - Divisi\u00f3n Interamericana<\/title>\n<meta name=\"robots\" content=\"index, follow, max-snippet:-1, max-image-preview:large, max-video-preview:-1\" \/>\n<link rel=\"canonical\" href=\"https:\/\/interamerica.org\/es\/2024\/08\/festival-de-cortometrajes-en-mexico-enfatiza-el-compromiso-de-esparcir-el-evangelio\/\" \/>\n<meta property=\"og:locale\" content=\"es_ES\" \/>\n<meta property=\"og:type\" content=\"article\" \/>\n<meta property=\"og:title\" content=\"Festival de cortometrajes en M\u00e9xico enfatiza el compromiso de esparcir el evangelio - Iglesia Adventista del S\u00e9ptimo D\u00eda - Divisi\u00f3n Interamericana\" \/>\n<meta property=\"og:description\" content=\"Se proyectaron 19 filmes, gracias a la estrategia de la iglesia de Chiapas de involucrar a j\u00f3venes creativos para el cumplimiento de la misi\u00f3n. 9 de agosto de 2024 |...\" \/>\n<meta property=\"og:url\" content=\"https:\/\/interamerica.org\/es\/2024\/08\/festival-de-cortometrajes-en-mexico-enfatiza-el-compromiso-de-esparcir-el-evangelio\/\" \/>\n<meta property=\"og:site_name\" content=\"Iglesia Adventista del S\u00e9ptimo D\u00eda - Divisi\u00f3n Interamericana\" \/>\n<meta property=\"article:published_time\" content=\"2024-08-09T13:09:25+00:00\" \/>\n<meta property=\"article:modified_time\" content=\"2024-08-12T15:34:08+00:00\" \/>\n<meta property=\"og:image\" content=\"https:\/\/interamerica.org\/wp-content\/uploads\/2024\/08\/chiapas-filmfestival-panel.jpg\" \/>\n\t<meta property=\"og:image:width\" content=\"1000\" \/>\n\t<meta property=\"og:image:height\" content=\"665\" \/>\n\t<meta property=\"og:image:type\" content=\"image\/jpeg\" \/>\n<meta name=\"author\" content=\"libna\" \/>\n<meta name=\"twitter:card\" content=\"summary_large_image\" \/>\n<meta name=\"twitter:label1\" content=\"Escrito por\" \/>\n\t<meta name=\"twitter:data1\" content=\"libna\" \/>\n\t<meta name=\"twitter:label2\" content=\"Tiempo de lectura\" \/>\n\t<meta name=\"twitter:data2\" content=\"9 minutos\" \/>\n<script type=\"application\/ld+json\" class=\"yoast-schema-graph\">{\"@context\":\"https:\\\/\\\/schema.org\",\"@graph\":[{\"@type\":\"Article\",\"@id\":\"https:\\\/\\\/interamerica.org\\\/es\\\/2024\\\/08\\\/festival-de-cortometrajes-en-mexico-enfatiza-el-compromiso-de-esparcir-el-evangelio\\\/#article\",\"isPartOf\":{\"@id\":\"https:\\\/\\\/interamerica.org\\\/es\\\/2024\\\/08\\\/festival-de-cortometrajes-en-mexico-enfatiza-el-compromiso-de-esparcir-el-evangelio\\\/\"},\"author\":{\"name\":\"libna\",\"@id\":\"https:\\\/\\\/interamerica.org\\\/es\\\/#\\\/schema\\\/person\\\/29998f2bc2d8bd0d38662909289b54f1\"},\"headline\":\"Festival de cortometrajes en M\u00e9xico enfatiza el compromiso de esparcir el evangelio\",\"datePublished\":\"2024-08-09T13:09:25+00:00\",\"dateModified\":\"2024-08-12T15:34:08+00:00\",\"mainEntityOfPage\":{\"@id\":\"https:\\\/\\\/interamerica.org\\\/es\\\/2024\\\/08\\\/festival-de-cortometrajes-en-mexico-enfatiza-el-compromiso-de-esparcir-el-evangelio\\\/\"},\"wordCount\":1635,\"image\":{\"@id\":\"https:\\\/\\\/interamerica.org\\\/es\\\/2024\\\/08\\\/festival-de-cortometrajes-en-mexico-enfatiza-el-compromiso-de-esparcir-el-evangelio\\\/#primaryimage\"},\"thumbnailUrl\":\"https:\\\/\\\/interamerica.org\\\/wp-content\\\/uploads\\\/2024\\\/08\\\/chiapas-filmfestival-panel.jpg\",\"articleSection\":[\"Desde el campo\",\"RSS Espa\u00f1ol\"],\"inLanguage\":\"es\"},{\"@type\":\"WebPage\",\"@id\":\"https:\\\/\\\/interamerica.org\\\/es\\\/2024\\\/08\\\/festival-de-cortometrajes-en-mexico-enfatiza-el-compromiso-de-esparcir-el-evangelio\\\/\",\"url\":\"https:\\\/\\\/interamerica.org\\\/es\\\/2024\\\/08\\\/festival-de-cortometrajes-en-mexico-enfatiza-el-compromiso-de-esparcir-el-evangelio\\\/\",\"name\":\"Festival de cortometrajes en M\u00e9xico enfatiza el compromiso de esparcir el evangelio - Iglesia Adventista del S\u00e9ptimo D\u00eda - Divisi\u00f3n Interamericana\",\"isPartOf\":{\"@id\":\"https:\\\/\\\/interamerica.org\\\/es\\\/#website\"},\"primaryImageOfPage\":{\"@id\":\"https:\\\/\\\/interamerica.org\\\/es\\\/2024\\\/08\\\/festival-de-cortometrajes-en-mexico-enfatiza-el-compromiso-de-esparcir-el-evangelio\\\/#primaryimage\"},\"image\":{\"@id\":\"https:\\\/\\\/interamerica.org\\\/es\\\/2024\\\/08\\\/festival-de-cortometrajes-en-mexico-enfatiza-el-compromiso-de-esparcir-el-evangelio\\\/#primaryimage\"},\"thumbnailUrl\":\"https:\\\/\\\/interamerica.org\\\/wp-content\\\/uploads\\\/2024\\\/08\\\/chiapas-filmfestival-panel.jpg\",\"datePublished\":\"2024-08-09T13:09:25+00:00\",\"dateModified\":\"2024-08-12T15:34:08+00:00\",\"author\":{\"@id\":\"https:\\\/\\\/interamerica.org\\\/es\\\/#\\\/schema\\\/person\\\/29998f2bc2d8bd0d38662909289b54f1\"},\"breadcrumb\":{\"@id\":\"https:\\\/\\\/interamerica.org\\\/es\\\/2024\\\/08\\\/festival-de-cortometrajes-en-mexico-enfatiza-el-compromiso-de-esparcir-el-evangelio\\\/#breadcrumb\"},\"inLanguage\":\"es\",\"potentialAction\":[{\"@type\":\"ReadAction\",\"target\":[\"https:\\\/\\\/interamerica.org\\\/es\\\/2024\\\/08\\\/festival-de-cortometrajes-en-mexico-enfatiza-el-compromiso-de-esparcir-el-evangelio\\\/\"]}]},{\"@type\":\"ImageObject\",\"inLanguage\":\"es\",\"@id\":\"https:\\\/\\\/interamerica.org\\\/es\\\/2024\\\/08\\\/festival-de-cortometrajes-en-mexico-enfatiza-el-compromiso-de-esparcir-el-evangelio\\\/#primaryimage\",\"url\":\"https:\\\/\\\/interamerica.org\\\/wp-content\\\/uploads\\\/2024\\\/08\\\/chiapas-filmfestival-panel.jpg\",\"contentUrl\":\"https:\\\/\\\/interamerica.org\\\/wp-content\\\/uploads\\\/2024\\\/08\\\/chiapas-filmfestival-panel.jpg\",\"width\":1000,\"height\":665,\"caption\":\"[Photo: Chiapas Mexican Union]\"},{\"@type\":\"BreadcrumbList\",\"@id\":\"https:\\\/\\\/interamerica.org\\\/es\\\/2024\\\/08\\\/festival-de-cortometrajes-en-mexico-enfatiza-el-compromiso-de-esparcir-el-evangelio\\\/#breadcrumb\",\"itemListElement\":[{\"@type\":\"ListItem\",\"position\":1,\"name\":\"Home\",\"item\":\"https:\\\/\\\/interamerica.org\\\/es\\\/\"},{\"@type\":\"ListItem\",\"position\":2,\"name\":\"Festival de cortometrajes en M\u00e9xico enfatiza el compromiso de esparcir el evangelio\"}]},{\"@type\":\"WebSite\",\"@id\":\"https:\\\/\\\/interamerica.org\\\/es\\\/#website\",\"url\":\"https:\\\/\\\/interamerica.org\\\/es\\\/\",\"name\":\"Iglesia Adventista del S\u00e9ptimo D\u00eda - Divisi\u00f3n Interamericana\",\"description\":\"\",\"potentialAction\":[{\"@type\":\"SearchAction\",\"target\":{\"@type\":\"EntryPoint\",\"urlTemplate\":\"https:\\\/\\\/interamerica.org\\\/es\\\/?s={search_term_string}\"},\"query-input\":{\"@type\":\"PropertyValueSpecification\",\"valueRequired\":true,\"valueName\":\"search_term_string\"}}],\"inLanguage\":\"es\"},{\"@type\":\"Person\",\"@id\":\"https:\\\/\\\/interamerica.org\\\/es\\\/#\\\/schema\\\/person\\\/29998f2bc2d8bd0d38662909289b54f1\",\"name\":\"libna\",\"image\":{\"@type\":\"ImageObject\",\"inLanguage\":\"es\",\"@id\":\"https:\\\/\\\/secure.gravatar.com\\\/avatar\\\/7c5bd30ae4b47a9ba3c856590957fd1d96dc588bf3ac05719d247e126840331f?s=96&d=mm&r=g\",\"url\":\"https:\\\/\\\/secure.gravatar.com\\\/avatar\\\/7c5bd30ae4b47a9ba3c856590957fd1d96dc588bf3ac05719d247e126840331f?s=96&d=mm&r=g\",\"contentUrl\":\"https:\\\/\\\/secure.gravatar.com\\\/avatar\\\/7c5bd30ae4b47a9ba3c856590957fd1d96dc588bf3ac05719d247e126840331f?s=96&d=mm&r=g\",\"caption\":\"libna\"}}]}<\/script>\n<!-- \/ Yoast SEO plugin. -->","yoast_head_json":{"title":"Festival de cortometrajes en M\u00e9xico enfatiza el compromiso de esparcir el evangelio - Iglesia Adventista del S\u00e9ptimo D\u00eda - Divisi\u00f3n Interamericana","robots":{"index":"index","follow":"follow","max-snippet":"max-snippet:-1","max-image-preview":"max-image-preview:large","max-video-preview":"max-video-preview:-1"},"canonical":"https:\/\/interamerica.org\/es\/2024\/08\/festival-de-cortometrajes-en-mexico-enfatiza-el-compromiso-de-esparcir-el-evangelio\/","og_locale":"es_ES","og_type":"article","og_title":"Festival de cortometrajes en M\u00e9xico enfatiza el compromiso de esparcir el evangelio - Iglesia Adventista del S\u00e9ptimo D\u00eda - Divisi\u00f3n Interamericana","og_description":"Se proyectaron 19 filmes, gracias a la estrategia de la iglesia de Chiapas de involucrar a j\u00f3venes creativos para el cumplimiento de la misi\u00f3n. 9 de agosto de 2024 |...","og_url":"https:\/\/interamerica.org\/es\/2024\/08\/festival-de-cortometrajes-en-mexico-enfatiza-el-compromiso-de-esparcir-el-evangelio\/","og_site_name":"Iglesia Adventista del S\u00e9ptimo D\u00eda - Divisi\u00f3n Interamericana","article_published_time":"2024-08-09T13:09:25+00:00","article_modified_time":"2024-08-12T15:34:08+00:00","og_image":[{"width":1000,"height":665,"url":"https:\/\/interamerica.org\/wp-content\/uploads\/2024\/08\/chiapas-filmfestival-panel.jpg","type":"image\/jpeg"}],"author":"libna","twitter_card":"summary_large_image","twitter_misc":{"Escrito por":"libna","Tiempo de lectura":"9 minutos"},"schema":{"@context":"https:\/\/schema.org","@graph":[{"@type":"Article","@id":"https:\/\/interamerica.org\/es\/2024\/08\/festival-de-cortometrajes-en-mexico-enfatiza-el-compromiso-de-esparcir-el-evangelio\/#article","isPartOf":{"@id":"https:\/\/interamerica.org\/es\/2024\/08\/festival-de-cortometrajes-en-mexico-enfatiza-el-compromiso-de-esparcir-el-evangelio\/"},"author":{"name":"libna","@id":"https:\/\/interamerica.org\/es\/#\/schema\/person\/29998f2bc2d8bd0d38662909289b54f1"},"headline":"Festival de cortometrajes en M\u00e9xico enfatiza el compromiso de esparcir el evangelio","datePublished":"2024-08-09T13:09:25+00:00","dateModified":"2024-08-12T15:34:08+00:00","mainEntityOfPage":{"@id":"https:\/\/interamerica.org\/es\/2024\/08\/festival-de-cortometrajes-en-mexico-enfatiza-el-compromiso-de-esparcir-el-evangelio\/"},"wordCount":1635,"image":{"@id":"https:\/\/interamerica.org\/es\/2024\/08\/festival-de-cortometrajes-en-mexico-enfatiza-el-compromiso-de-esparcir-el-evangelio\/#primaryimage"},"thumbnailUrl":"https:\/\/interamerica.org\/wp-content\/uploads\/2024\/08\/chiapas-filmfestival-panel.jpg","articleSection":["Desde el campo","RSS Espa\u00f1ol"],"inLanguage":"es"},{"@type":"WebPage","@id":"https:\/\/interamerica.org\/es\/2024\/08\/festival-de-cortometrajes-en-mexico-enfatiza-el-compromiso-de-esparcir-el-evangelio\/","url":"https:\/\/interamerica.org\/es\/2024\/08\/festival-de-cortometrajes-en-mexico-enfatiza-el-compromiso-de-esparcir-el-evangelio\/","name":"Festival de cortometrajes en M\u00e9xico enfatiza el compromiso de esparcir el evangelio - Iglesia Adventista del S\u00e9ptimo D\u00eda - Divisi\u00f3n Interamericana","isPartOf":{"@id":"https:\/\/interamerica.org\/es\/#website"},"primaryImageOfPage":{"@id":"https:\/\/interamerica.org\/es\/2024\/08\/festival-de-cortometrajes-en-mexico-enfatiza-el-compromiso-de-esparcir-el-evangelio\/#primaryimage"},"image":{"@id":"https:\/\/interamerica.org\/es\/2024\/08\/festival-de-cortometrajes-en-mexico-enfatiza-el-compromiso-de-esparcir-el-evangelio\/#primaryimage"},"thumbnailUrl":"https:\/\/interamerica.org\/wp-content\/uploads\/2024\/08\/chiapas-filmfestival-panel.jpg","datePublished":"2024-08-09T13:09:25+00:00","dateModified":"2024-08-12T15:34:08+00:00","author":{"@id":"https:\/\/interamerica.org\/es\/#\/schema\/person\/29998f2bc2d8bd0d38662909289b54f1"},"breadcrumb":{"@id":"https:\/\/interamerica.org\/es\/2024\/08\/festival-de-cortometrajes-en-mexico-enfatiza-el-compromiso-de-esparcir-el-evangelio\/#breadcrumb"},"inLanguage":"es","potentialAction":[{"@type":"ReadAction","target":["https:\/\/interamerica.org\/es\/2024\/08\/festival-de-cortometrajes-en-mexico-enfatiza-el-compromiso-de-esparcir-el-evangelio\/"]}]},{"@type":"ImageObject","inLanguage":"es","@id":"https:\/\/interamerica.org\/es\/2024\/08\/festival-de-cortometrajes-en-mexico-enfatiza-el-compromiso-de-esparcir-el-evangelio\/#primaryimage","url":"https:\/\/interamerica.org\/wp-content\/uploads\/2024\/08\/chiapas-filmfestival-panel.jpg","contentUrl":"https:\/\/interamerica.org\/wp-content\/uploads\/2024\/08\/chiapas-filmfestival-panel.jpg","width":1000,"height":665,"caption":"[Photo: Chiapas Mexican Union]"},{"@type":"BreadcrumbList","@id":"https:\/\/interamerica.org\/es\/2024\/08\/festival-de-cortometrajes-en-mexico-enfatiza-el-compromiso-de-esparcir-el-evangelio\/#breadcrumb","itemListElement":[{"@type":"ListItem","position":1,"name":"Home","item":"https:\/\/interamerica.org\/es\/"},{"@type":"ListItem","position":2,"name":"Festival de cortometrajes en M\u00e9xico enfatiza el compromiso de esparcir el evangelio"}]},{"@type":"WebSite","@id":"https:\/\/interamerica.org\/es\/#website","url":"https:\/\/interamerica.org\/es\/","name":"Iglesia Adventista del S\u00e9ptimo D\u00eda - Divisi\u00f3n Interamericana","description":"","potentialAction":[{"@type":"SearchAction","target":{"@type":"EntryPoint","urlTemplate":"https:\/\/interamerica.org\/es\/?s={search_term_string}"},"query-input":{"@type":"PropertyValueSpecification","valueRequired":true,"valueName":"search_term_string"}}],"inLanguage":"es"},{"@type":"Person","@id":"https:\/\/interamerica.org\/es\/#\/schema\/person\/29998f2bc2d8bd0d38662909289b54f1","name":"libna","image":{"@type":"ImageObject","inLanguage":"es","@id":"https:\/\/secure.gravatar.com\/avatar\/7c5bd30ae4b47a9ba3c856590957fd1d96dc588bf3ac05719d247e126840331f?s=96&d=mm&r=g","url":"https:\/\/secure.gravatar.com\/avatar\/7c5bd30ae4b47a9ba3c856590957fd1d96dc588bf3ac05719d247e126840331f?s=96&d=mm&r=g","contentUrl":"https:\/\/secure.gravatar.com\/avatar\/7c5bd30ae4b47a9ba3c856590957fd1d96dc588bf3ac05719d247e126840331f?s=96&d=mm&r=g","caption":"libna"}}]}},"_links":{"self":[{"href":"https:\/\/interamerica.org\/es\/wp-json\/wp\/v2\/posts\/118051","targetHints":{"allow":["GET"]}}],"collection":[{"href":"https:\/\/interamerica.org\/es\/wp-json\/wp\/v2\/posts"}],"about":[{"href":"https:\/\/interamerica.org\/es\/wp-json\/wp\/v2\/types\/post"}],"author":[{"embeddable":true,"href":"https:\/\/interamerica.org\/es\/wp-json\/wp\/v2\/users\/3"}],"replies":[{"embeddable":true,"href":"https:\/\/interamerica.org\/es\/wp-json\/wp\/v2\/comments?post=118051"}],"version-history":[{"count":0,"href":"https:\/\/interamerica.org\/es\/wp-json\/wp\/v2\/posts\/118051\/revisions"}],"wp:featuredmedia":[{"embeddable":true,"href":"https:\/\/interamerica.org\/es\/wp-json\/wp\/v2\/media\/117997"}],"wp:attachment":[{"href":"https:\/\/interamerica.org\/es\/wp-json\/wp\/v2\/media?parent=118051"}],"wp:term":[{"taxonomy":"category","embeddable":true,"href":"https:\/\/interamerica.org\/es\/wp-json\/wp\/v2\/categories?post=118051"},{"taxonomy":"post_tag","embeddable":true,"href":"https:\/\/interamerica.org\/es\/wp-json\/wp\/v2\/tags?post=118051"}],"curies":[{"name":"wp","href":"https:\/\/api.w.org\/{rel}","templated":true}]}}