{"id":118256,"date":"2024-08-15T20:48:57","date_gmt":"2024-08-16T00:48:57","guid":{"rendered":"https:\/\/interamerica.org\/?p=118256"},"modified":"2024-08-16T08:56:14","modified_gmt":"2024-08-16T12:56:14","slug":"pasante-de-psicologia-promueve-prevencion-de-las-drogas-en-foro-internacional","status":"publish","type":"post","link":"https:\/\/interamerica.org\/es\/2024\/08\/pasante-de-psicologia-promueve-prevencion-de-las-drogas-en-foro-internacional\/","title":{"rendered":"Pasante de psicolog\u00eda promueve prevenci\u00f3n de las drogas en foro internacional"},"content":{"rendered":"<p><em>Abril S\u00e1nchez presenta un proyecto social en Grecia para ayudar a luchar contra el flagelo del uso de sustancias.<\/em><\/p>\n<p>14 de agosto de 2024 | Montemorelos, Nuevo Le\u00f3n, M\u00e9xico | Laura Marrero y Noticias de la Divisi\u00f3n Interamericana<\/p>\n<p>Abril S\u00e1nchez, pasante de la carrera de psicolog\u00eda cl\u00ednica de la Universidad de Montemorelos en Montemorelos, Nuevo Le\u00f3n, M\u00e9xico, particip\u00f3 y contribuy\u00f3 con el foro de la Sociedad Internacional de Profesionales sobre el Abuso de Sustancias (ISSUP) 2024 en Tesal\u00f3nica, Grecia, del 24 al 28 de junio de 2024. El evento de este a\u00f1o, que incluy\u00f3 un trabajo conjunto entre varias organizaciones internacionales, se llev\u00f3 a cabo bajo el lema \u201cEl arte de sanar: una nueva era en la prevenci\u00f3n del uso de sustancias, la reducci\u00f3n de los perjuicios, el tratamiento y el apoyo a la recuperaci\u00f3n\u201d.<\/p>\n<p>S\u00e1nchez fue seleccionada para representar a M\u00e9xico y la asociaci\u00f3n Centros de Integraci\u00f3n Juvenil (CIJ), donde realiza actualmente una pasant\u00eda. Se sum\u00f3 as\u00ed a un grupo selecto de j\u00f3venes de todo el mundo para responder a lo que los expertos denominan \u201cuno de los problemas m\u00e1s urgentes de nuestro tiempo: el uso de sustancias entre los j\u00f3venes\u201d.<\/p>\n<p><div id=\"attachment_118248\" style=\"width: 820px\" class=\"wp-caption aligncenter\"><img fetchpriority=\"high\" decoding=\"async\" aria-describedby=\"caption-attachment-118248\" class=\" wp-image-118246\" src=\"https:\/\/interamerica.org\/wp-content\/uploads\/2024\/08\/um-img-odujgr8mwhvgi12s-1280.jpg\" alt=\"\" width=\"810\" height=\"578\" srcset=\"https:\/\/interamerica.org\/wp-content\/uploads\/2024\/08\/um-img-odujgr8mwhvgi12s-1280.jpg 950w, https:\/\/interamerica.org\/wp-content\/uploads\/2024\/08\/um-img-odujgr8mwhvgi12s-1280-300x214.jpg 300w, https:\/\/interamerica.org\/wp-content\/uploads\/2024\/08\/um-img-odujgr8mwhvgi12s-1280-768x548.jpg 768w\" sizes=\"(max-width: 810px) 100vw, 810px\" \/><p id=\"caption-attachment-118248\" class=\"wp-caption-text\">Abril S\u00e1nchez, de la Universidad de Montemorelos, represent\u00f3 a M\u00e9xico y a los Centros de Integraci\u00f3n Juvenil durante el foro de la Sociedad Internacional de Profesionales sobre el Uso de Sustancias (ISSUP) 2024. S\u00e1nchez present\u00f3 un proyecto social en Grecia, para ayudar a luchar contra el flagelo del uso de sustancias. [Fotograf\u00eda: cortes\u00eda de Abril S\u00e1nchez]<\/p><\/div><strong>Su funci\u00f3n y experiencia<\/strong><\/p>\n<p>En Monterrey, S\u00e1nchez presta servicios en una de 120 cl\u00ednicas de todo M\u00e9xico. Las cl\u00ednicas de los CIJ son parte del sector de salud p\u00fablica, y est\u00e1n enfocados en el cuidado, la prevenci\u00f3n y el tratamiento de las adicciones. \u201cMi funci\u00f3n est\u00e1 enfocada en la prevenci\u00f3n y el tratamiento\u201d, dijo S\u00e1nchez. \u201cTrabajo mucho con escuelas, dando charlas a nivel primario, medio y secundario sobre la prevenci\u00f3n y para brindarles herramientas\u201d. S\u00e1nchez a\u00f1adi\u00f3 que tambi\u00e9n lleva a cabo talleres para los padres, para que aprender a ser agentes de prevenci\u00f3n en sus hogares, adem\u00e1s de participar del programa del Centro Diurno, que ofrece intervenci\u00f3n diaria a los pacientes. \u201cComo parte del programa, doy charlas sobre el control de las emociones y el desarrollo de estrategias de afrontamiento\u201d, a\u00f1adi\u00f3.<\/p>\n<p>Durante el foro internacional, S\u00e1nchez y sus colegas recibieron el desaf\u00edo de desarrollar iniciativas concretas para responder a las cuestiones espec\u00edficas mencionadas. En dos semanas, prepar\u00f3 y present\u00f3 un proyecto que titul\u00f3: \u201cAdelante con mi comunidad\u201d, una iniciativa social enfocada en las comunidades de bajos ingresos y los que sufren mayor riesgo de usar drogas. \u201cEste proyecto busca crear espacios en esas comunidades para brindar apoyo psicol\u00f3gico a adolescentes y padres\u201d, explic\u00f3 S\u00e1nchez. \u201cTambi\u00e9n busca animar a los j\u00f3venes para que participen de actividades tales como la m\u00fasica, la danza, el arte, los deportes y la agricultura\u201d.<\/p>\n<p><div id=\"attachment_118245\" style=\"width: 797px\" class=\"wp-caption aligncenter\"><img decoding=\"async\" aria-describedby=\"caption-attachment-118245\" class=\" wp-image-118243\" src=\"https:\/\/interamerica.org\/wp-content\/uploads\/2024\/08\/um1-qzjfzlxojhr3mjifzztb0w.jpg\" alt=\"\" width=\"787\" height=\"590\" srcset=\"https:\/\/interamerica.org\/wp-content\/uploads\/2024\/08\/um1-qzjfzlxojhr3mjifzztb0w.jpg 900w, https:\/\/interamerica.org\/wp-content\/uploads\/2024\/08\/um1-qzjfzlxojhr3mjifzztb0w-300x225.jpg 300w, https:\/\/interamerica.org\/wp-content\/uploads\/2024\/08\/um1-qzjfzlxojhr3mjifzztb0w-768x576.jpg 768w\" sizes=\"(max-width: 787px) 100vw, 787px\" \/><p id=\"caption-attachment-118245\" class=\"wp-caption-text\">Abril S\u00e1nchez colabor\u00f3 con sus colegas del foro creando una declaraci\u00f3n juvenil sobre el uso de drogas en sus respectivos pa\u00edses y propuso acciones de prevenci\u00f3n. [Fotograf\u00eda: cortes\u00eda de Abril S\u00e1nchez]<\/p><\/div>Seg\u00fan S\u00e1nchez, participar del foro de Grecia le dio una amplia gama de posibilidades y herramientas que podr\u00e1 implementar en su labor diaria. Asimismo, \u201cconocer las necesidades de otros pa\u00edses y las estrategias que usan para hacer frente a problemas similares ha sido invalorable\u201d, expres\u00f3. Despu\u00e9s de presentar su proyecto, S\u00e1nchez ahora est\u00e1 esperando para saber si su proyecto calific\u00f3 para recibir financiaci\u00f3n externa. Una respuesta positiva la ayudar\u00eda a implementar la iniciativa en la ciudad de Monterrey.<\/p>\n<p><strong>Ideas y sugerencias compartidas<\/strong><\/p>\n<p>S\u00e1nchez comparti\u00f3 algunas de sus ideas para responder al problema del uso de drogas en Monterrey, destacando la importancia de la familia. \u201cMe enfocar\u00eda en actividades que fomenten una buena relaci\u00f3n y comunicaci\u00f3n entre padres e hijos, adem\u00e1s de ofrecer herramientas para el manejo de las emociones\u201d, expres\u00f3. \u201cLa falta de educaci\u00f3n en la familia y la comunicaci\u00f3n inadecuada contribuye a que los ni\u00f1os crezcan sin el apoyo que necesitan\u201d, a\u00f1adi\u00f3. S\u00e1nchez considera fundamental educar tanto a los padres como a los hijos sobre las sustancias y sus efectos, brindando informaci\u00f3n clara que los ayuden a tomar decisiones. Adem\u00e1s de ello, enfatiz\u00f3 el fortalecimiento de la autoestima y el manejo de las emociones en los j\u00f3venes como medidas claves de prevenci\u00f3n.<\/p>\n<p><div id=\"attachment_118242\" style=\"width: 821px\" class=\"wp-caption aligncenter\"><img decoding=\"async\" aria-describedby=\"caption-attachment-118242\" class=\" wp-image-118240\" src=\"https:\/\/interamerica.org\/wp-content\/uploads\/2024\/08\/um-1-w5z9ze0vfguwb38jccsc4w.jpg\" alt=\"\" width=\"811\" height=\"609\" srcset=\"https:\/\/interamerica.org\/wp-content\/uploads\/2024\/08\/um-1-w5z9ze0vfguwb38jccsc4w.jpg 950w, https:\/\/interamerica.org\/wp-content\/uploads\/2024\/08\/um-1-w5z9ze0vfguwb38jccsc4w-300x225.jpg 300w, https:\/\/interamerica.org\/wp-content\/uploads\/2024\/08\/um-1-w5z9ze0vfguwb38jccsc4w-768x576.jpg 768w\" sizes=\"(max-width: 811px) 100vw, 811px\" \/><p id=\"caption-attachment-118242\" class=\"wp-caption-text\">Equipo internacional, durante las reuniones del foro en Grecia, del 24 al 28 de junio de 2024. [Fotograf\u00eda: cortes\u00eda de Abril S\u00e1nchez]<\/p><\/div>Una de las actividades consisti\u00f3 en tablas de discusi\u00f3n, donde S\u00e1nchez y sus colegas internacionales colaboraron creando una declaraci\u00f3n juvenil. En ella, expresaron sus preocupaciones sobre la situaci\u00f3n actual del uso de drogas en sus respectivos pa\u00edses y propusieron acciones de prevenci\u00f3n. La declaraci\u00f3n fue presentada ante diversas autoridades internacionales especializadas en la prevenci\u00f3n y el tratamiento del uso de sustancias, lo que incluy\u00f3 el foro de ISSUP y representantes de la Secretar\u00eda Narc\u00f3ticos Internacionales y Asuntos Policiales (INL) del Departamento de Estado de los Estados Unidos.<\/p>\n<p>\u201cMi aporte a la declaraci\u00f3n juvenil se enfoc\u00f3 en la importancia de la familia y la salud mental a la hora de prevenir el uso de sustancias en los j\u00f3venes\u201d, explic\u00f3 S\u00e1nchez. \u201cEn M\u00e9xico, hay una necesidad urgente de atenci\u00f3n a la salud mental, y es fundamental que el gobierno invierta en programas sociales que permitan el acceso a la terapia y el apoyo psicol\u00f3gico, en especial para la poblaci\u00f3n joven\u201d.<\/p>\n<p><div id=\"attachment_118239\" style=\"width: 519px\" class=\"wp-caption aligncenter\"><img loading=\"lazy\" decoding=\"async\" aria-describedby=\"caption-attachment-118239\" class=\" wp-image-118237\" src=\"https:\/\/interamerica.org\/wp-content\/uploads\/2024\/08\/um-psych-intern.jpg\" alt=\"\" width=\"509\" height=\"679\" srcset=\"https:\/\/interamerica.org\/wp-content\/uploads\/2024\/08\/um-psych-intern.jpg 700w, https:\/\/interamerica.org\/wp-content\/uploads\/2024\/08\/um-psych-intern-225x300.jpg 225w\" sizes=\"(max-width: 509px) 100vw, 509px\" \/><p id=\"caption-attachment-118239\" class=\"wp-caption-text\">Abril S\u00e1nchez (izquierda) y dos de sus colegas, que participaron en la reciente conferencia \u201cEl Arte de Sanar\u201d. [Fotograf\u00eda: cortes\u00eda de Abril S\u00e1nchez]<\/p><\/div><strong>Parte de un estilo de vida saludable<\/strong><\/p>\n<p>S\u00e1nchez dijo que se ha sentido intrigada por la mente humana desde que era peque\u00f1a. \u201cLo que me impresion\u00f3 fue poder entender de qu\u00e9 manera los procesos mentales afectan nuestra vida y relaciones sociales, y nuestro humor\u201d, expres\u00f3. \u201cQuiero usar esas herramientas para ayudar a que mis futuros pacientes comprendan por qu\u00e9 experimentan ciertas emociones, y no tan solo darles unos consejos\u201d.<\/p>\n<p>Seg\u00fan ella, disfrutar de salud mental es fundamental, pero es algo que suele ser subestimado. El sue\u00f1o de S\u00e1nchez es ayudar a promover un estilo de vida saludable que incluya la atenci\u00f3n de la salud mental. \u201cMi principal objetivo es ayudar a que otros cuiden de su salud mental y compartir esos conocimientos\u201d, expres\u00f3.<\/p>\n<p>Traducci\u00f3n de Marcos Paseggi<\/p>\n","protected":false},"excerpt":{"rendered":"<p>Abril S\u00e1nchez presenta un proyecto social en Grecia para ayudar a luchar contra el flagelo del uso de sustancias. 14 de agosto de 2024 | Montemorelos, Nuevo Le\u00f3n, M\u00e9xico |&#8230;<\/p>\n","protected":false},"author":3,"featured_media":118248,"comment_status":"closed","ping_status":"closed","sticky":false,"template":"","format":"standard","meta":{"_acf_changed":false,"footnotes":""},"categories":[14,15],"tags":[],"class_list":["post-118256","post","type-post","status-publish","format-standard","has-post-thumbnail","hentry","category-de-la-iglesia-mundial","category-rss-espanol"],"acf":[],"yoast_head":"<!-- This site is optimized with the Yoast SEO plugin v27.3 - https:\/\/yoast.com\/product\/yoast-seo-wordpress\/ -->\n<title>Pasante de psicolog\u00eda promueve prevenci\u00f3n de las drogas en foro internacional - Iglesia Adventista del S\u00e9ptimo D\u00eda - Divisi\u00f3n Interamericana<\/title>\n<meta name=\"robots\" content=\"index, follow, max-snippet:-1, max-image-preview:large, max-video-preview:-1\" \/>\n<link rel=\"canonical\" href=\"https:\/\/interamerica.org\/es\/2024\/08\/pasante-de-psicologia-promueve-prevencion-de-las-drogas-en-foro-internacional\/\" \/>\n<meta property=\"og:locale\" content=\"es_ES\" \/>\n<meta property=\"og:type\" content=\"article\" \/>\n<meta property=\"og:title\" content=\"Pasante de psicolog\u00eda promueve prevenci\u00f3n de las drogas en foro internacional - Iglesia Adventista del S\u00e9ptimo D\u00eda - Divisi\u00f3n Interamericana\" \/>\n<meta property=\"og:description\" content=\"Abril S\u00e1nchez presenta un proyecto social en Grecia para ayudar a luchar contra el flagelo del uso de sustancias. 14 de agosto de 2024 | Montemorelos, Nuevo Le\u00f3n, M\u00e9xico |...\" \/>\n<meta property=\"og:url\" content=\"https:\/\/interamerica.org\/es\/2024\/08\/pasante-de-psicologia-promueve-prevencion-de-las-drogas-en-foro-internacional\/\" \/>\n<meta property=\"og:site_name\" content=\"Iglesia Adventista del S\u00e9ptimo D\u00eda - Divisi\u00f3n Interamericana\" \/>\n<meta property=\"article:published_time\" content=\"2024-08-16T00:48:57+00:00\" \/>\n<meta property=\"article:modified_time\" content=\"2024-08-16T12:56:14+00:00\" \/>\n<meta property=\"og:image\" content=\"https:\/\/interamerica.org\/wp-content\/uploads\/2024\/08\/um-img-odujgr8mwhvgi12s-1280.jpg\" \/>\n\t<meta property=\"og:image:width\" content=\"950\" \/>\n\t<meta property=\"og:image:height\" content=\"678\" \/>\n\t<meta property=\"og:image:type\" content=\"image\/jpeg\" \/>\n<meta name=\"author\" content=\"libna\" \/>\n<meta name=\"twitter:card\" content=\"summary_large_image\" \/>\n<meta name=\"twitter:label1\" content=\"Escrito por\" \/>\n\t<meta name=\"twitter:data1\" content=\"libna\" \/>\n\t<meta name=\"twitter:label2\" content=\"Tiempo de lectura\" \/>\n\t<meta name=\"twitter:data2\" content=\"6 minutos\" \/>\n<script type=\"application\/ld+json\" class=\"yoast-schema-graph\">{\"@context\":\"https:\\\/\\\/schema.org\",\"@graph\":[{\"@type\":\"Article\",\"@id\":\"https:\\\/\\\/interamerica.org\\\/es\\\/2024\\\/08\\\/pasante-de-psicologia-promueve-prevencion-de-las-drogas-en-foro-internacional\\\/#article\",\"isPartOf\":{\"@id\":\"https:\\\/\\\/interamerica.org\\\/es\\\/2024\\\/08\\\/pasante-de-psicologia-promueve-prevencion-de-las-drogas-en-foro-internacional\\\/\"},\"author\":{\"name\":\"libna\",\"@id\":\"https:\\\/\\\/interamerica.org\\\/es\\\/#\\\/schema\\\/person\\\/29998f2bc2d8bd0d38662909289b54f1\"},\"headline\":\"Pasante de psicolog\u00eda promueve prevenci\u00f3n de las drogas en foro internacional\",\"datePublished\":\"2024-08-16T00:48:57+00:00\",\"dateModified\":\"2024-08-16T12:56:14+00:00\",\"mainEntityOfPage\":{\"@id\":\"https:\\\/\\\/interamerica.org\\\/es\\\/2024\\\/08\\\/pasante-de-psicologia-promueve-prevencion-de-las-drogas-en-foro-internacional\\\/\"},\"wordCount\":1183,\"image\":{\"@id\":\"https:\\\/\\\/interamerica.org\\\/es\\\/2024\\\/08\\\/pasante-de-psicologia-promueve-prevencion-de-las-drogas-en-foro-internacional\\\/#primaryimage\"},\"thumbnailUrl\":\"https:\\\/\\\/interamerica.org\\\/wp-content\\\/uploads\\\/2024\\\/08\\\/um-img-odujgr8mwhvgi12s-1280.jpg\",\"articleSection\":[\"Desde la iglesia mundial\",\"RSS Espa\u00f1ol\"],\"inLanguage\":\"es\"},{\"@type\":\"WebPage\",\"@id\":\"https:\\\/\\\/interamerica.org\\\/es\\\/2024\\\/08\\\/pasante-de-psicologia-promueve-prevencion-de-las-drogas-en-foro-internacional\\\/\",\"url\":\"https:\\\/\\\/interamerica.org\\\/es\\\/2024\\\/08\\\/pasante-de-psicologia-promueve-prevencion-de-las-drogas-en-foro-internacional\\\/\",\"name\":\"Pasante de psicolog\u00eda promueve prevenci\u00f3n de las drogas en foro internacional - Iglesia Adventista del S\u00e9ptimo D\u00eda - Divisi\u00f3n Interamericana\",\"isPartOf\":{\"@id\":\"https:\\\/\\\/interamerica.org\\\/es\\\/#website\"},\"primaryImageOfPage\":{\"@id\":\"https:\\\/\\\/interamerica.org\\\/es\\\/2024\\\/08\\\/pasante-de-psicologia-promueve-prevencion-de-las-drogas-en-foro-internacional\\\/#primaryimage\"},\"image\":{\"@id\":\"https:\\\/\\\/interamerica.org\\\/es\\\/2024\\\/08\\\/pasante-de-psicologia-promueve-prevencion-de-las-drogas-en-foro-internacional\\\/#primaryimage\"},\"thumbnailUrl\":\"https:\\\/\\\/interamerica.org\\\/wp-content\\\/uploads\\\/2024\\\/08\\\/um-img-odujgr8mwhvgi12s-1280.jpg\",\"datePublished\":\"2024-08-16T00:48:57+00:00\",\"dateModified\":\"2024-08-16T12:56:14+00:00\",\"author\":{\"@id\":\"https:\\\/\\\/interamerica.org\\\/es\\\/#\\\/schema\\\/person\\\/29998f2bc2d8bd0d38662909289b54f1\"},\"breadcrumb\":{\"@id\":\"https:\\\/\\\/interamerica.org\\\/es\\\/2024\\\/08\\\/pasante-de-psicologia-promueve-prevencion-de-las-drogas-en-foro-internacional\\\/#breadcrumb\"},\"inLanguage\":\"es\",\"potentialAction\":[{\"@type\":\"ReadAction\",\"target\":[\"https:\\\/\\\/interamerica.org\\\/es\\\/2024\\\/08\\\/pasante-de-psicologia-promueve-prevencion-de-las-drogas-en-foro-internacional\\\/\"]}]},{\"@type\":\"ImageObject\",\"inLanguage\":\"es\",\"@id\":\"https:\\\/\\\/interamerica.org\\\/es\\\/2024\\\/08\\\/pasante-de-psicologia-promueve-prevencion-de-las-drogas-en-foro-internacional\\\/#primaryimage\",\"url\":\"https:\\\/\\\/interamerica.org\\\/wp-content\\\/uploads\\\/2024\\\/08\\\/um-img-odujgr8mwhvgi12s-1280.jpg\",\"contentUrl\":\"https:\\\/\\\/interamerica.org\\\/wp-content\\\/uploads\\\/2024\\\/08\\\/um-img-odujgr8mwhvgi12s-1280.jpg\",\"width\":950,\"height\":678,\"caption\":\"April S\u00e1nchez attends the international forum representing Mexico and Youth Integration Centers. [Photo: Abril S\u00e1nchez]\"},{\"@type\":\"BreadcrumbList\",\"@id\":\"https:\\\/\\\/interamerica.org\\\/es\\\/2024\\\/08\\\/pasante-de-psicologia-promueve-prevencion-de-las-drogas-en-foro-internacional\\\/#breadcrumb\",\"itemListElement\":[{\"@type\":\"ListItem\",\"position\":1,\"name\":\"Home\",\"item\":\"https:\\\/\\\/interamerica.org\\\/es\\\/\"},{\"@type\":\"ListItem\",\"position\":2,\"name\":\"Pasante de psicolog\u00eda promueve prevenci\u00f3n de las drogas en foro internacional\"}]},{\"@type\":\"WebSite\",\"@id\":\"https:\\\/\\\/interamerica.org\\\/es\\\/#website\",\"url\":\"https:\\\/\\\/interamerica.org\\\/es\\\/\",\"name\":\"Iglesia Adventista del S\u00e9ptimo D\u00eda - Divisi\u00f3n Interamericana\",\"description\":\"\",\"potentialAction\":[{\"@type\":\"SearchAction\",\"target\":{\"@type\":\"EntryPoint\",\"urlTemplate\":\"https:\\\/\\\/interamerica.org\\\/es\\\/?s={search_term_string}\"},\"query-input\":{\"@type\":\"PropertyValueSpecification\",\"valueRequired\":true,\"valueName\":\"search_term_string\"}}],\"inLanguage\":\"es\"},{\"@type\":\"Person\",\"@id\":\"https:\\\/\\\/interamerica.org\\\/es\\\/#\\\/schema\\\/person\\\/29998f2bc2d8bd0d38662909289b54f1\",\"name\":\"libna\",\"image\":{\"@type\":\"ImageObject\",\"inLanguage\":\"es\",\"@id\":\"https:\\\/\\\/secure.gravatar.com\\\/avatar\\\/7c5bd30ae4b47a9ba3c856590957fd1d96dc588bf3ac05719d247e126840331f?s=96&d=mm&r=g\",\"url\":\"https:\\\/\\\/secure.gravatar.com\\\/avatar\\\/7c5bd30ae4b47a9ba3c856590957fd1d96dc588bf3ac05719d247e126840331f?s=96&d=mm&r=g\",\"contentUrl\":\"https:\\\/\\\/secure.gravatar.com\\\/avatar\\\/7c5bd30ae4b47a9ba3c856590957fd1d96dc588bf3ac05719d247e126840331f?s=96&d=mm&r=g\",\"caption\":\"libna\"}}]}<\/script>\n<!-- \/ Yoast SEO plugin. -->","yoast_head_json":{"title":"Pasante de psicolog\u00eda promueve prevenci\u00f3n de las drogas en foro internacional - Iglesia Adventista del S\u00e9ptimo D\u00eda - Divisi\u00f3n Interamericana","robots":{"index":"index","follow":"follow","max-snippet":"max-snippet:-1","max-image-preview":"max-image-preview:large","max-video-preview":"max-video-preview:-1"},"canonical":"https:\/\/interamerica.org\/es\/2024\/08\/pasante-de-psicologia-promueve-prevencion-de-las-drogas-en-foro-internacional\/","og_locale":"es_ES","og_type":"article","og_title":"Pasante de psicolog\u00eda promueve prevenci\u00f3n de las drogas en foro internacional - Iglesia Adventista del S\u00e9ptimo D\u00eda - Divisi\u00f3n Interamericana","og_description":"Abril S\u00e1nchez presenta un proyecto social en Grecia para ayudar a luchar contra el flagelo del uso de sustancias. 14 de agosto de 2024 | Montemorelos, Nuevo Le\u00f3n, M\u00e9xico |...","og_url":"https:\/\/interamerica.org\/es\/2024\/08\/pasante-de-psicologia-promueve-prevencion-de-las-drogas-en-foro-internacional\/","og_site_name":"Iglesia Adventista del S\u00e9ptimo D\u00eda - Divisi\u00f3n Interamericana","article_published_time":"2024-08-16T00:48:57+00:00","article_modified_time":"2024-08-16T12:56:14+00:00","og_image":[{"width":950,"height":678,"url":"https:\/\/interamerica.org\/wp-content\/uploads\/2024\/08\/um-img-odujgr8mwhvgi12s-1280.jpg","type":"image\/jpeg"}],"author":"libna","twitter_card":"summary_large_image","twitter_misc":{"Escrito por":"libna","Tiempo de lectura":"6 minutos"},"schema":{"@context":"https:\/\/schema.org","@graph":[{"@type":"Article","@id":"https:\/\/interamerica.org\/es\/2024\/08\/pasante-de-psicologia-promueve-prevencion-de-las-drogas-en-foro-internacional\/#article","isPartOf":{"@id":"https:\/\/interamerica.org\/es\/2024\/08\/pasante-de-psicologia-promueve-prevencion-de-las-drogas-en-foro-internacional\/"},"author":{"name":"libna","@id":"https:\/\/interamerica.org\/es\/#\/schema\/person\/29998f2bc2d8bd0d38662909289b54f1"},"headline":"Pasante de psicolog\u00eda promueve prevenci\u00f3n de las drogas en foro internacional","datePublished":"2024-08-16T00:48:57+00:00","dateModified":"2024-08-16T12:56:14+00:00","mainEntityOfPage":{"@id":"https:\/\/interamerica.org\/es\/2024\/08\/pasante-de-psicologia-promueve-prevencion-de-las-drogas-en-foro-internacional\/"},"wordCount":1183,"image":{"@id":"https:\/\/interamerica.org\/es\/2024\/08\/pasante-de-psicologia-promueve-prevencion-de-las-drogas-en-foro-internacional\/#primaryimage"},"thumbnailUrl":"https:\/\/interamerica.org\/wp-content\/uploads\/2024\/08\/um-img-odujgr8mwhvgi12s-1280.jpg","articleSection":["Desde la iglesia mundial","RSS Espa\u00f1ol"],"inLanguage":"es"},{"@type":"WebPage","@id":"https:\/\/interamerica.org\/es\/2024\/08\/pasante-de-psicologia-promueve-prevencion-de-las-drogas-en-foro-internacional\/","url":"https:\/\/interamerica.org\/es\/2024\/08\/pasante-de-psicologia-promueve-prevencion-de-las-drogas-en-foro-internacional\/","name":"Pasante de psicolog\u00eda promueve prevenci\u00f3n de las drogas en foro internacional - Iglesia Adventista del S\u00e9ptimo D\u00eda - Divisi\u00f3n Interamericana","isPartOf":{"@id":"https:\/\/interamerica.org\/es\/#website"},"primaryImageOfPage":{"@id":"https:\/\/interamerica.org\/es\/2024\/08\/pasante-de-psicologia-promueve-prevencion-de-las-drogas-en-foro-internacional\/#primaryimage"},"image":{"@id":"https:\/\/interamerica.org\/es\/2024\/08\/pasante-de-psicologia-promueve-prevencion-de-las-drogas-en-foro-internacional\/#primaryimage"},"thumbnailUrl":"https:\/\/interamerica.org\/wp-content\/uploads\/2024\/08\/um-img-odujgr8mwhvgi12s-1280.jpg","datePublished":"2024-08-16T00:48:57+00:00","dateModified":"2024-08-16T12:56:14+00:00","author":{"@id":"https:\/\/interamerica.org\/es\/#\/schema\/person\/29998f2bc2d8bd0d38662909289b54f1"},"breadcrumb":{"@id":"https:\/\/interamerica.org\/es\/2024\/08\/pasante-de-psicologia-promueve-prevencion-de-las-drogas-en-foro-internacional\/#breadcrumb"},"inLanguage":"es","potentialAction":[{"@type":"ReadAction","target":["https:\/\/interamerica.org\/es\/2024\/08\/pasante-de-psicologia-promueve-prevencion-de-las-drogas-en-foro-internacional\/"]}]},{"@type":"ImageObject","inLanguage":"es","@id":"https:\/\/interamerica.org\/es\/2024\/08\/pasante-de-psicologia-promueve-prevencion-de-las-drogas-en-foro-internacional\/#primaryimage","url":"https:\/\/interamerica.org\/wp-content\/uploads\/2024\/08\/um-img-odujgr8mwhvgi12s-1280.jpg","contentUrl":"https:\/\/interamerica.org\/wp-content\/uploads\/2024\/08\/um-img-odujgr8mwhvgi12s-1280.jpg","width":950,"height":678,"caption":"April S\u00e1nchez attends the international forum representing Mexico and Youth Integration Centers. [Photo: Abril S\u00e1nchez]"},{"@type":"BreadcrumbList","@id":"https:\/\/interamerica.org\/es\/2024\/08\/pasante-de-psicologia-promueve-prevencion-de-las-drogas-en-foro-internacional\/#breadcrumb","itemListElement":[{"@type":"ListItem","position":1,"name":"Home","item":"https:\/\/interamerica.org\/es\/"},{"@type":"ListItem","position":2,"name":"Pasante de psicolog\u00eda promueve prevenci\u00f3n de las drogas en foro internacional"}]},{"@type":"WebSite","@id":"https:\/\/interamerica.org\/es\/#website","url":"https:\/\/interamerica.org\/es\/","name":"Iglesia Adventista del S\u00e9ptimo D\u00eda - Divisi\u00f3n Interamericana","description":"","potentialAction":[{"@type":"SearchAction","target":{"@type":"EntryPoint","urlTemplate":"https:\/\/interamerica.org\/es\/?s={search_term_string}"},"query-input":{"@type":"PropertyValueSpecification","valueRequired":true,"valueName":"search_term_string"}}],"inLanguage":"es"},{"@type":"Person","@id":"https:\/\/interamerica.org\/es\/#\/schema\/person\/29998f2bc2d8bd0d38662909289b54f1","name":"libna","image":{"@type":"ImageObject","inLanguage":"es","@id":"https:\/\/secure.gravatar.com\/avatar\/7c5bd30ae4b47a9ba3c856590957fd1d96dc588bf3ac05719d247e126840331f?s=96&d=mm&r=g","url":"https:\/\/secure.gravatar.com\/avatar\/7c5bd30ae4b47a9ba3c856590957fd1d96dc588bf3ac05719d247e126840331f?s=96&d=mm&r=g","contentUrl":"https:\/\/secure.gravatar.com\/avatar\/7c5bd30ae4b47a9ba3c856590957fd1d96dc588bf3ac05719d247e126840331f?s=96&d=mm&r=g","caption":"libna"}}]}},"_links":{"self":[{"href":"https:\/\/interamerica.org\/es\/wp-json\/wp\/v2\/posts\/118256","targetHints":{"allow":["GET"]}}],"collection":[{"href":"https:\/\/interamerica.org\/es\/wp-json\/wp\/v2\/posts"}],"about":[{"href":"https:\/\/interamerica.org\/es\/wp-json\/wp\/v2\/types\/post"}],"author":[{"embeddable":true,"href":"https:\/\/interamerica.org\/es\/wp-json\/wp\/v2\/users\/3"}],"replies":[{"embeddable":true,"href":"https:\/\/interamerica.org\/es\/wp-json\/wp\/v2\/comments?post=118256"}],"version-history":[{"count":0,"href":"https:\/\/interamerica.org\/es\/wp-json\/wp\/v2\/posts\/118256\/revisions"}],"wp:featuredmedia":[{"embeddable":true,"href":"https:\/\/interamerica.org\/es\/wp-json\/wp\/v2\/media\/118248"}],"wp:attachment":[{"href":"https:\/\/interamerica.org\/es\/wp-json\/wp\/v2\/media?parent=118256"}],"wp:term":[{"taxonomy":"category","embeddable":true,"href":"https:\/\/interamerica.org\/es\/wp-json\/wp\/v2\/categories?post=118256"},{"taxonomy":"post_tag","embeddable":true,"href":"https:\/\/interamerica.org\/es\/wp-json\/wp\/v2\/tags?post=118256"}],"curies":[{"name":"wp","href":"https:\/\/api.w.org\/{rel}","templated":true}]}}