{"id":118507,"date":"2024-08-21T13:14:39","date_gmt":"2024-08-21T17:14:39","guid":{"rendered":"https:\/\/interamerica.org\/?p=118507"},"modified":"2024-08-22T14:18:57","modified_gmt":"2024-08-22T18:18:57","slug":"se-insta-a-miembros-de-asi-a-que-busquen-estabilidad-espiritual-y-sigan-la-conduccion-divina-en-la-mision","status":"publish","type":"post","link":"https:\/\/interamerica.org\/es\/2024\/08\/se-insta-a-miembros-de-asi-a-que-busquen-estabilidad-espiritual-y-sigan-la-conduccion-divina-en-la-mision\/","title":{"rendered":"Se insta a miembros de ASi a que busquen estabilidad espiritual y sigan la conducci\u00f3n divina en la misi\u00f3n"},"content":{"rendered":"<p><div id=\"attachment_118432\" style=\"width: 862px\" class=\"wp-caption aligncenter\"><img fetchpriority=\"high\" decoding=\"async\" aria-describedby=\"caption-attachment-118432\" class=\" wp-image-118431\" src=\"https:\/\/interamerica.org\/wp-content\/uploads\/2024\/08\/asi-2024-bahamas-group.jpg\" alt=\"\" width=\"852\" height=\"568\" srcset=\"https:\/\/interamerica.org\/wp-content\/uploads\/2024\/08\/asi-2024-bahamas-group.jpg 1000w, https:\/\/interamerica.org\/wp-content\/uploads\/2024\/08\/asi-2024-bahamas-group-300x200.jpg 300w, https:\/\/interamerica.org\/wp-content\/uploads\/2024\/08\/asi-2024-bahamas-group-768x512.jpg 768w\" sizes=\"(max-width: 852px) 100vw, 852px\" \/><p id=\"caption-attachment-118432\" class=\"wp-caption-text\">Delegados de Bahamas agitan sus banderas, durante la ceremonia de apertura de la Convenci\u00f3n de Servicios e Industrias de Laicos Adventistas (ASi) llevada a cabo en Ciudad de Panam\u00e1, Panam\u00e1, del 14 al 17 de agosto de 2024. M\u00e1s de trescientos empresarios y profesionales asistieron al evento anual de cuatro d\u00edas de duraci\u00f3n para interactuar entre s\u00ed y verse inspirados y motivados a continuar compartiendo a Cristo en sus lugares de trabajo en sus respectivos pa\u00edses e islas. [Fotograf\u00eda: Michelle Greene\/DIA]<\/p><\/div><em>Cientos de empresarios y profesionales adventistas se reunieron en Panam\u00e1 en la convenci\u00f3n anual de este a\u00f1o de la Divisi\u00f3n Interamericana.<\/em><\/p>\n<p>20 de agosto de 2024 | Ciudad de Panam\u00e1, Panam\u00e1 | Libna Stevens, Noticias de la Divisi\u00f3n Interamericana<\/p>\n<p>\u201cSi van a trabajar para Dios, su caracter\u00edstica mayor de liderazgo no es su capacidad de hablar fuerte, ni su capacidad de manejar hojas de c\u00e1lculo, ni su capacidad de delegar\u201d, dijo el pastor Debleaire K. Snell, director de Ministerios de Televisi\u00f3n Breath of Life, al dirigirse a cientos de empresarios y profesionales adventistas de Panam\u00e1 hace poco. \u201cEl don m\u00e1s grande es poder escuchar la palabra de Dios cuando \u00e9l les hable\u201d.<\/p>\n<p>Escuchar la palabra de Dios es parte del servicio al cumplir la misi\u00f3n y hacer las cosas de manera diferente, dijo Snell. El pastor Snell se dirigi\u00f3 a una gran delegaci\u00f3n, durante la noche de apertura de la Convenci\u00f3n de Servicios a Industrias de Laicos Adventistas (ASi) Interam\u00e9rica de este a\u00f1o en Ciudad de Panam\u00e1, Panam\u00e1, el 14 de agosto de 2024.<\/p>\n<p><div id=\"attachment_118423\" style=\"width: 866px\" class=\"wp-caption aligncenter\"><img decoding=\"async\" aria-describedby=\"caption-attachment-118423\" class=\" wp-image-118422\" src=\"https:\/\/interamerica.org\/wp-content\/uploads\/2024\/08\/asi2024-debleaire-snell-1024x683.jpg\" alt=\"\" width=\"856\" height=\"571\" srcset=\"https:\/\/interamerica.org\/wp-content\/uploads\/2024\/08\/asi2024-debleaire-snell-1024x683.jpg 1024w, https:\/\/interamerica.org\/wp-content\/uploads\/2024\/08\/asi2024-debleaire-snell-300x200.jpg 300w, https:\/\/interamerica.org\/wp-content\/uploads\/2024\/08\/asi2024-debleaire-snell-768x512.jpg 768w, https:\/\/interamerica.org\/wp-content\/uploads\/2024\/08\/asi2024-debleaire-snell.jpg 1392w\" sizes=\"(max-width: 856px) 100vw, 856px\" \/><p id=\"caption-attachment-118423\" class=\"wp-caption-text\">El orador destacado, el pastor Debleaire K. Snell, director de Ministerios de Televisi\u00f3n Breath of Life, insta a la delegaci\u00f3n de ASi Interam\u00e9rica el pasado 14 de agosto de 2024 en Ciudad de Panam\u00e1, Panam\u00e1, a que busquen la conducci\u00f3n de Dios en su vida y negocios diarios al cumplir la misi\u00f3n de la iglesia. [Fotograf\u00eda: Michelle Greene\/DIA]<\/p><\/div>Dios no es tradicional, sigui\u00f3 diciendo. El problema surge cuando asumimos que Dios nos dirigir\u00e1 de la misma manera todo el tiempo, dijo Snell. \u201cSentimos que los movimientos presentes siempre reflejar\u00e1n los movimientos del pasado\u201d. Snell estaba enfatizando ese punto de manera directa a los cientos de miembros de las sedes regionales de ASi Interam\u00e9rica cuyos esfuerzos son fundamentales a la hora de ganar a otros para Cristo en sus respectivas empresas y lugares de trabajo. Es fundamental depender de Dios para alcanzarlos en el presente, expres\u00f3.<\/p>\n<p>Conocer la voluntad de Dios tiene que incluir la conservaci\u00f3n de una vida de oraci\u00f3n y de peticiones diarias a Dios pidiendo la conducci\u00f3n del Esp\u00edritu Santo, enfatiz\u00f3. \u201cNo importa cu\u00e1ntas juntas presidamos, cu\u00e1nto tiempo hayamos estado en la iglesia, cada decisi\u00f3n que tomamos por fuera de la oraci\u00f3n es solo una estimaci\u00f3n fundamentada\u201d. Esa estimaci\u00f3n puede producirse cuando cultivamos estrategias de negocios, y tantas cosas en la vida, en especial en momentos de transici\u00f3n, en nuevos ministerios, en nuevos liderazgos en la iglesia, pero Dios es fiel y se revelar\u00e1 a s\u00ed mismo si lo buscamos cada d\u00eda, explic\u00f3.<\/p>\n<p><div id=\"attachment_118442\" style=\"width: 862px\" class=\"wp-caption aligncenter\"><img decoding=\"async\" aria-describedby=\"caption-attachment-118442\" class=\" wp-image-118440\" src=\"https:\/\/interamerica.org\/wp-content\/uploads\/2024\/08\/asi-2024-singer-1024x683.jpg\" alt=\"\" width=\"852\" height=\"568\" srcset=\"https:\/\/interamerica.org\/wp-content\/uploads\/2024\/08\/asi-2024-singer-1024x683.jpg 1024w, https:\/\/interamerica.org\/wp-content\/uploads\/2024\/08\/asi-2024-singer-300x200.jpg 300w, https:\/\/interamerica.org\/wp-content\/uploads\/2024\/08\/asi-2024-singer-768x512.jpg 768w, https:\/\/interamerica.org\/wp-content\/uploads\/2024\/08\/asi-2024-singer-1536x1024.jpg 1536w, https:\/\/interamerica.org\/wp-content\/uploads\/2024\/08\/asi-2024-singer.jpg 1768w\" sizes=\"(max-width: 852px) 100vw, 852px\" \/><p id=\"caption-attachment-118442\" class=\"wp-caption-text\">Olga Villarreal, de Panam\u00e1, entona una parte musical especial durante la noche de apertura de la convenci\u00f3n el pasado 14 de agosto de 2024. [Fotograf\u00eda: Michelle Greene\/DIA]<\/p><\/div>Snell anim\u00f3 a los delegados de ASi para que contin\u00faen arraigados en Dios en busca de la estabilidad y el equilibrio espirituales. Al reflexionar en la historia de Davida y la derrota de los filisteos en 2 Samuel 5, Snell anim\u00f3 a los miembros de ASi para que no solo oren para recibir un plan de batalla sino para tambi\u00e9n tener la seguridad de que Dios estar\u00e1 con ellos de manera muy similar a la experiencia de David. \u201cCuando tengan seguridad de parte de Dios, se mover\u00e1n con una confianza diferente. La victoria no depende del campo de batalla sino del rinc\u00f3n de oraci\u00f3n\u201d.<\/p>\n<p>Moverse dentro de la actual generaci\u00f3n va a requerir de l\u00edderes y miembros comprometidos con la suficiente sensibilidad espiritual de ver d\u00f3nde nos est\u00e1 guiando Dios en este tiempo, dijo. \u201cDios tiene una palabra y una revelaci\u00f3n para esta generaci\u00f3n que es diferente de la que les dio a las generaciones pasadas. El contenido no cambia, pero el medio por el cual se da acaso es diferente\u201d.<\/p>\n<p><div id=\"attachment_118429\" style=\"width: 862px\" class=\"wp-caption aligncenter\"><img loading=\"lazy\" decoding=\"async\" aria-describedby=\"caption-attachment-118429\" class=\" wp-image-118428\" src=\"https:\/\/interamerica.org\/wp-content\/uploads\/2024\/08\/jose-degracia-asi2024.jpg\" alt=\"\" width=\"852\" height=\"568\" srcset=\"https:\/\/interamerica.org\/wp-content\/uploads\/2024\/08\/jose-degracia-asi2024.jpg 1000w, https:\/\/interamerica.org\/wp-content\/uploads\/2024\/08\/jose-degracia-asi2024-300x200.jpg 300w, https:\/\/interamerica.org\/wp-content\/uploads\/2024\/08\/jose-degracia-asi2024-768x512.jpg 768w\" sizes=\"(max-width: 852px) 100vw, 852px\" \/><p id=\"caption-attachment-118429\" class=\"wp-caption-text\">El pastor Jos\u00e9 De Gracia, presidente de la Uni\u00f3n Paname\u00f1a, da la bienvenida a la delegaci\u00f3n de ASi Divisi\u00f3n Interamericana, durante la ceremonia de apertura del evento. [Fotograf\u00eda: Michelle Greene\/DIA]<\/p><\/div>Inst\u00f3 asimismo a los asistentes dici\u00e9ndoles que Dios est\u00e1 buscando personales que est\u00e9n vivas espiritualmente, que puedan sentir la voz de Dios en medio del caos, y hacer ajustes espirituales para ver ad\u00f3nde se est\u00e1 moviendo, dijo Snell. Implica ser lo suficientemente creativos para empujar a los que est\u00e1n fuera de la direcci\u00f3n de Dios y traerlos de regreso, \u201chaciendo algunas olas, siendo leales a la Palabra y no tan estrictos con la tradici\u00f3n\u201d, a\u00f1adi\u00f3.<\/p>\n<p>Snell desafi\u00f3 a los l\u00edderes de las sedes regionales y miembros de ASi para que examinen su ministerio, sus negocios en el lugar de trabajo, su vida en el hogar para hacer las cosas de manera diferente, sin avanzar m\u00e1s all\u00e1 de las garant\u00edas que les d\u00e9 el Se\u00f1or.<\/p>\n<p><div id=\"attachment_118426\" style=\"width: 855px\" class=\"wp-caption aligncenter\"><img loading=\"lazy\" decoding=\"async\" aria-describedby=\"caption-attachment-118426\" class=\" wp-image-118425\" src=\"https:\/\/interamerica.org\/wp-content\/uploads\/2024\/08\/rohan-riley-asi2024-2.jpg\" alt=\"\" width=\"845\" height=\"563\" srcset=\"https:\/\/interamerica.org\/wp-content\/uploads\/2024\/08\/rohan-riley-asi2024-2.jpg 1000w, https:\/\/interamerica.org\/wp-content\/uploads\/2024\/08\/rohan-riley-asi2024-2-300x200.jpg 300w, https:\/\/interamerica.org\/wp-content\/uploads\/2024\/08\/rohan-riley-asi2024-2-768x511.jpg 768w\" sizes=\"(max-width: 845px) 100vw, 845px\" \/><p id=\"caption-attachment-118426\" class=\"wp-caption-text\">Rohan Riley, presidente de ASi Interam\u00e9rica, se dirige a los delegados de ASi habl\u00e1ndoles sobre el prop\u00f3sito y las caracter\u00edsticas de la convenci\u00f3n de cuatro d\u00edas de duraci\u00f3n. [Fotograf\u00eda: Michelle Greene\/DIA]<\/p><\/div>Fue un mensaje destacado que impuls\u00f3 a los integrantes de ASi a llenarse de inspiraci\u00f3n para ser \u201cEmpoderados para servir\u201d, de manera muy similar al lema de la convenci\u00f3n anual del territorio, dijeron los organizadores. El mensaje principal durante ese evento de cuatro d\u00edas busc\u00f3 motivar, inspirar y equipar a los miembros de las sedes regionales para un servicio a\u00fan mayor en sus diversos pa\u00edses, dijo Rohan Riley, president de ASi Interam\u00e9rica.<\/p>\n<p>\u201cEsto implica motivar a los miembros de las sedes regionales para que reafirmen su compromiso de compartir a Cristo en sus empresas y comunidades, adem\u00e1s de invitar a otros profesionales para que apoyen la misi\u00f3n de la iglesia\u201d, dijo Riley.<\/p>\n<p><div id=\"attachment_118445\" style=\"width: 857px\" class=\"wp-caption aligncenter\"><img loading=\"lazy\" decoding=\"async\" aria-describedby=\"caption-attachment-118445\" class=\" wp-image-118443\" src=\"https:\/\/interamerica.org\/wp-content\/uploads\/2024\/08\/asi-2024-costarica-chapter.jpg\" alt=\"\" width=\"847\" height=\"564\" srcset=\"https:\/\/interamerica.org\/wp-content\/uploads\/2024\/08\/asi-2024-costarica-chapter.jpg 1000w, https:\/\/interamerica.org\/wp-content\/uploads\/2024\/08\/asi-2024-costarica-chapter-300x200.jpg 300w, https:\/\/interamerica.org\/wp-content\/uploads\/2024\/08\/asi-2024-costarica-chapter-768x511.jpg 768w\" sizes=\"(max-width: 847px) 100vw, 847px\" \/><p id=\"caption-attachment-118445\" class=\"wp-caption-text\">Los delegados del cap\u00edtulo de ASi Costa Rica celebran a su pa\u00eds, durante el desfile de banderas en la ceremonia de apertura del pasado 14 de agosto de 2024. [Fotograf\u00eda: Michelle Greene\/DIA]<\/p><\/div>La Convenci\u00f3n de ASi llev\u00f3 a que cientos asistieran a las presentaciones, seminarios, talleres y paneles enfocados en la misi\u00f3n, las estrategias de liderazgo, el cultivo de relaciones profesionales, la integraci\u00f3n de la fe en los negocios, la adopci\u00f3n de innovaciones y el bienestar f\u00edsico, entre otros temas.<\/p>\n<p>Los miembros de las sedes regionales estuvieron al frente de la convenci\u00f3n, en representaci\u00f3n de los pa\u00edses e islas, durante un desfile de las naciones que tuvo lugar en la noche de apertura.<\/p>\n<p>Para saber m\u00e1s sobre la Convenci\u00f3n Anual de ASi Interam\u00e9rica de este a\u00f1o, ingrese a <a href=\"https:\/\/interamerica.org\/news\/\">interamerica.org<\/a><\/p>\n<p>Traducci\u00f3n de Marcos Paseggi<\/p>\n","protected":false},"excerpt":{"rendered":"<p>Cientos de empresarios y profesionales adventistas se reunieron en Panam\u00e1 en la convenci\u00f3n anual de este a\u00f1o de la Divisi\u00f3n Interamericana. 20 de agosto de 2024 | Ciudad de Panam\u00e1,&#8230;<\/p>\n","protected":false},"author":3,"featured_media":118432,"comment_status":"closed","ping_status":"closed","sticky":false,"template":"","format":"standard","meta":{"_acf_changed":false,"footnotes":""},"categories":[16,15],"tags":[],"class_list":["post-118507","post","type-post","status-publish","format-standard","has-post-thumbnail","hentry","category-desde-la-sede","category-rss-espanol"],"acf":[],"yoast_head":"<!-- This site is optimized with the Yoast SEO plugin v27.3 - https:\/\/yoast.com\/product\/yoast-seo-wordpress\/ -->\n<title>Se insta a miembros de ASi a que busquen estabilidad espiritual y sigan la conducci\u00f3n divina en la misi\u00f3n - Iglesia Adventista del S\u00e9ptimo D\u00eda - Divisi\u00f3n Interamericana<\/title>\n<meta name=\"robots\" content=\"index, follow, max-snippet:-1, max-image-preview:large, max-video-preview:-1\" \/>\n<link rel=\"canonical\" href=\"https:\/\/interamerica.org\/es\/2024\/08\/se-insta-a-miembros-de-asi-a-que-busquen-estabilidad-espiritual-y-sigan-la-conduccion-divina-en-la-mision\/\" \/>\n<meta property=\"og:locale\" content=\"es_ES\" \/>\n<meta property=\"og:type\" content=\"article\" \/>\n<meta property=\"og:title\" content=\"Se insta a miembros de ASi a que busquen estabilidad espiritual y sigan la conducci\u00f3n divina en la misi\u00f3n - Iglesia Adventista del S\u00e9ptimo D\u00eda - Divisi\u00f3n Interamericana\" \/>\n<meta property=\"og:description\" content=\"Cientos de empresarios y profesionales adventistas se reunieron en Panam\u00e1 en la convenci\u00f3n anual de este a\u00f1o de la Divisi\u00f3n Interamericana. 20 de agosto de 2024 | Ciudad de Panam\u00e1,...\" \/>\n<meta property=\"og:url\" content=\"https:\/\/interamerica.org\/es\/2024\/08\/se-insta-a-miembros-de-asi-a-que-busquen-estabilidad-espiritual-y-sigan-la-conduccion-divina-en-la-mision\/\" \/>\n<meta property=\"og:site_name\" content=\"Iglesia Adventista del S\u00e9ptimo D\u00eda - Divisi\u00f3n Interamericana\" \/>\n<meta property=\"article:published_time\" content=\"2024-08-21T17:14:39+00:00\" \/>\n<meta property=\"article:modified_time\" content=\"2024-08-22T18:18:57+00:00\" \/>\n<meta property=\"og:image\" content=\"https:\/\/interamerica.org\/wp-content\/uploads\/2024\/08\/asi-2024-bahamas-group.jpg\" \/>\n\t<meta property=\"og:image:width\" content=\"1000\" \/>\n\t<meta property=\"og:image:height\" content=\"667\" \/>\n\t<meta property=\"og:image:type\" content=\"image\/jpeg\" \/>\n<meta name=\"author\" content=\"libna\" \/>\n<meta name=\"twitter:card\" content=\"summary_large_image\" \/>\n<meta name=\"twitter:label1\" content=\"Escrito por\" \/>\n\t<meta name=\"twitter:data1\" content=\"libna\" \/>\n\t<meta name=\"twitter:label2\" content=\"Tiempo de lectura\" \/>\n\t<meta name=\"twitter:data2\" content=\"7 minutos\" \/>\n<script type=\"application\/ld+json\" class=\"yoast-schema-graph\">{\"@context\":\"https:\\\/\\\/schema.org\",\"@graph\":[{\"@type\":\"Article\",\"@id\":\"https:\\\/\\\/interamerica.org\\\/es\\\/2024\\\/08\\\/se-insta-a-miembros-de-asi-a-que-busquen-estabilidad-espiritual-y-sigan-la-conduccion-divina-en-la-mision\\\/#article\",\"isPartOf\":{\"@id\":\"https:\\\/\\\/interamerica.org\\\/es\\\/2024\\\/08\\\/se-insta-a-miembros-de-asi-a-que-busquen-estabilidad-espiritual-y-sigan-la-conduccion-divina-en-la-mision\\\/\"},\"author\":{\"name\":\"libna\",\"@id\":\"https:\\\/\\\/interamerica.org\\\/es\\\/#\\\/schema\\\/person\\\/29998f2bc2d8bd0d38662909289b54f1\"},\"headline\":\"Se insta a miembros de ASi a que busquen estabilidad espiritual y sigan la conducci\u00f3n divina en la misi\u00f3n\",\"datePublished\":\"2024-08-21T17:14:39+00:00\",\"dateModified\":\"2024-08-22T18:18:57+00:00\",\"mainEntityOfPage\":{\"@id\":\"https:\\\/\\\/interamerica.org\\\/es\\\/2024\\\/08\\\/se-insta-a-miembros-de-asi-a-que-busquen-estabilidad-espiritual-y-sigan-la-conduccion-divina-en-la-mision\\\/\"},\"wordCount\":1280,\"image\":{\"@id\":\"https:\\\/\\\/interamerica.org\\\/es\\\/2024\\\/08\\\/se-insta-a-miembros-de-asi-a-que-busquen-estabilidad-espiritual-y-sigan-la-conduccion-divina-en-la-mision\\\/#primaryimage\"},\"thumbnailUrl\":\"https:\\\/\\\/interamerica.org\\\/wp-content\\\/uploads\\\/2024\\\/08\\\/asi-2024-bahamas-group.jpg\",\"articleSection\":[\"Desde la sede\",\"RSS Espa\u00f1ol\"],\"inLanguage\":\"es\"},{\"@type\":\"WebPage\",\"@id\":\"https:\\\/\\\/interamerica.org\\\/es\\\/2024\\\/08\\\/se-insta-a-miembros-de-asi-a-que-busquen-estabilidad-espiritual-y-sigan-la-conduccion-divina-en-la-mision\\\/\",\"url\":\"https:\\\/\\\/interamerica.org\\\/es\\\/2024\\\/08\\\/se-insta-a-miembros-de-asi-a-que-busquen-estabilidad-espiritual-y-sigan-la-conduccion-divina-en-la-mision\\\/\",\"name\":\"Se insta a miembros de ASi a que busquen estabilidad espiritual y sigan la conducci\u00f3n divina en la misi\u00f3n - Iglesia Adventista del S\u00e9ptimo D\u00eda - Divisi\u00f3n Interamericana\",\"isPartOf\":{\"@id\":\"https:\\\/\\\/interamerica.org\\\/es\\\/#website\"},\"primaryImageOfPage\":{\"@id\":\"https:\\\/\\\/interamerica.org\\\/es\\\/2024\\\/08\\\/se-insta-a-miembros-de-asi-a-que-busquen-estabilidad-espiritual-y-sigan-la-conduccion-divina-en-la-mision\\\/#primaryimage\"},\"image\":{\"@id\":\"https:\\\/\\\/interamerica.org\\\/es\\\/2024\\\/08\\\/se-insta-a-miembros-de-asi-a-que-busquen-estabilidad-espiritual-y-sigan-la-conduccion-divina-en-la-mision\\\/#primaryimage\"},\"thumbnailUrl\":\"https:\\\/\\\/interamerica.org\\\/wp-content\\\/uploads\\\/2024\\\/08\\\/asi-2024-bahamas-group.jpg\",\"datePublished\":\"2024-08-21T17:14:39+00:00\",\"dateModified\":\"2024-08-22T18:18:57+00:00\",\"author\":{\"@id\":\"https:\\\/\\\/interamerica.org\\\/es\\\/#\\\/schema\\\/person\\\/29998f2bc2d8bd0d38662909289b54f1\"},\"breadcrumb\":{\"@id\":\"https:\\\/\\\/interamerica.org\\\/es\\\/2024\\\/08\\\/se-insta-a-miembros-de-asi-a-que-busquen-estabilidad-espiritual-y-sigan-la-conduccion-divina-en-la-mision\\\/#breadcrumb\"},\"inLanguage\":\"es\",\"potentialAction\":[{\"@type\":\"ReadAction\",\"target\":[\"https:\\\/\\\/interamerica.org\\\/es\\\/2024\\\/08\\\/se-insta-a-miembros-de-asi-a-que-busquen-estabilidad-espiritual-y-sigan-la-conduccion-divina-en-la-mision\\\/\"]}]},{\"@type\":\"ImageObject\",\"inLanguage\":\"es\",\"@id\":\"https:\\\/\\\/interamerica.org\\\/es\\\/2024\\\/08\\\/se-insta-a-miembros-de-asi-a-que-busquen-estabilidad-espiritual-y-sigan-la-conduccion-divina-en-la-mision\\\/#primaryimage\",\"url\":\"https:\\\/\\\/interamerica.org\\\/wp-content\\\/uploads\\\/2024\\\/08\\\/asi-2024-bahamas-group.jpg\",\"contentUrl\":\"https:\\\/\\\/interamerica.org\\\/wp-content\\\/uploads\\\/2024\\\/08\\\/asi-2024-bahamas-group.jpg\",\"width\":1000,\"height\":667,\"caption\":\"[Photo: Michelle Greene\\\/IAD]\"},{\"@type\":\"BreadcrumbList\",\"@id\":\"https:\\\/\\\/interamerica.org\\\/es\\\/2024\\\/08\\\/se-insta-a-miembros-de-asi-a-que-busquen-estabilidad-espiritual-y-sigan-la-conduccion-divina-en-la-mision\\\/#breadcrumb\",\"itemListElement\":[{\"@type\":\"ListItem\",\"position\":1,\"name\":\"Home\",\"item\":\"https:\\\/\\\/interamerica.org\\\/es\\\/\"},{\"@type\":\"ListItem\",\"position\":2,\"name\":\"Se insta a miembros de ASi a que busquen estabilidad espiritual y sigan la conducci\u00f3n divina en la misi\u00f3n\"}]},{\"@type\":\"WebSite\",\"@id\":\"https:\\\/\\\/interamerica.org\\\/es\\\/#website\",\"url\":\"https:\\\/\\\/interamerica.org\\\/es\\\/\",\"name\":\"Iglesia Adventista del S\u00e9ptimo D\u00eda - Divisi\u00f3n Interamericana\",\"description\":\"\",\"potentialAction\":[{\"@type\":\"SearchAction\",\"target\":{\"@type\":\"EntryPoint\",\"urlTemplate\":\"https:\\\/\\\/interamerica.org\\\/es\\\/?s={search_term_string}\"},\"query-input\":{\"@type\":\"PropertyValueSpecification\",\"valueRequired\":true,\"valueName\":\"search_term_string\"}}],\"inLanguage\":\"es\"},{\"@type\":\"Person\",\"@id\":\"https:\\\/\\\/interamerica.org\\\/es\\\/#\\\/schema\\\/person\\\/29998f2bc2d8bd0d38662909289b54f1\",\"name\":\"libna\",\"image\":{\"@type\":\"ImageObject\",\"inLanguage\":\"es\",\"@id\":\"https:\\\/\\\/secure.gravatar.com\\\/avatar\\\/7c5bd30ae4b47a9ba3c856590957fd1d96dc588bf3ac05719d247e126840331f?s=96&d=mm&r=g\",\"url\":\"https:\\\/\\\/secure.gravatar.com\\\/avatar\\\/7c5bd30ae4b47a9ba3c856590957fd1d96dc588bf3ac05719d247e126840331f?s=96&d=mm&r=g\",\"contentUrl\":\"https:\\\/\\\/secure.gravatar.com\\\/avatar\\\/7c5bd30ae4b47a9ba3c856590957fd1d96dc588bf3ac05719d247e126840331f?s=96&d=mm&r=g\",\"caption\":\"libna\"}}]}<\/script>\n<!-- \/ Yoast SEO plugin. -->","yoast_head_json":{"title":"Se insta a miembros de ASi a que busquen estabilidad espiritual y sigan la conducci\u00f3n divina en la misi\u00f3n - Iglesia Adventista del S\u00e9ptimo D\u00eda - Divisi\u00f3n Interamericana","robots":{"index":"index","follow":"follow","max-snippet":"max-snippet:-1","max-image-preview":"max-image-preview:large","max-video-preview":"max-video-preview:-1"},"canonical":"https:\/\/interamerica.org\/es\/2024\/08\/se-insta-a-miembros-de-asi-a-que-busquen-estabilidad-espiritual-y-sigan-la-conduccion-divina-en-la-mision\/","og_locale":"es_ES","og_type":"article","og_title":"Se insta a miembros de ASi a que busquen estabilidad espiritual y sigan la conducci\u00f3n divina en la misi\u00f3n - Iglesia Adventista del S\u00e9ptimo D\u00eda - Divisi\u00f3n Interamericana","og_description":"Cientos de empresarios y profesionales adventistas se reunieron en Panam\u00e1 en la convenci\u00f3n anual de este a\u00f1o de la Divisi\u00f3n Interamericana. 20 de agosto de 2024 | Ciudad de Panam\u00e1,...","og_url":"https:\/\/interamerica.org\/es\/2024\/08\/se-insta-a-miembros-de-asi-a-que-busquen-estabilidad-espiritual-y-sigan-la-conduccion-divina-en-la-mision\/","og_site_name":"Iglesia Adventista del S\u00e9ptimo D\u00eda - Divisi\u00f3n Interamericana","article_published_time":"2024-08-21T17:14:39+00:00","article_modified_time":"2024-08-22T18:18:57+00:00","og_image":[{"width":1000,"height":667,"url":"https:\/\/interamerica.org\/wp-content\/uploads\/2024\/08\/asi-2024-bahamas-group.jpg","type":"image\/jpeg"}],"author":"libna","twitter_card":"summary_large_image","twitter_misc":{"Escrito por":"libna","Tiempo de lectura":"7 minutos"},"schema":{"@context":"https:\/\/schema.org","@graph":[{"@type":"Article","@id":"https:\/\/interamerica.org\/es\/2024\/08\/se-insta-a-miembros-de-asi-a-que-busquen-estabilidad-espiritual-y-sigan-la-conduccion-divina-en-la-mision\/#article","isPartOf":{"@id":"https:\/\/interamerica.org\/es\/2024\/08\/se-insta-a-miembros-de-asi-a-que-busquen-estabilidad-espiritual-y-sigan-la-conduccion-divina-en-la-mision\/"},"author":{"name":"libna","@id":"https:\/\/interamerica.org\/es\/#\/schema\/person\/29998f2bc2d8bd0d38662909289b54f1"},"headline":"Se insta a miembros de ASi a que busquen estabilidad espiritual y sigan la conducci\u00f3n divina en la misi\u00f3n","datePublished":"2024-08-21T17:14:39+00:00","dateModified":"2024-08-22T18:18:57+00:00","mainEntityOfPage":{"@id":"https:\/\/interamerica.org\/es\/2024\/08\/se-insta-a-miembros-de-asi-a-que-busquen-estabilidad-espiritual-y-sigan-la-conduccion-divina-en-la-mision\/"},"wordCount":1280,"image":{"@id":"https:\/\/interamerica.org\/es\/2024\/08\/se-insta-a-miembros-de-asi-a-que-busquen-estabilidad-espiritual-y-sigan-la-conduccion-divina-en-la-mision\/#primaryimage"},"thumbnailUrl":"https:\/\/interamerica.org\/wp-content\/uploads\/2024\/08\/asi-2024-bahamas-group.jpg","articleSection":["Desde la sede","RSS Espa\u00f1ol"],"inLanguage":"es"},{"@type":"WebPage","@id":"https:\/\/interamerica.org\/es\/2024\/08\/se-insta-a-miembros-de-asi-a-que-busquen-estabilidad-espiritual-y-sigan-la-conduccion-divina-en-la-mision\/","url":"https:\/\/interamerica.org\/es\/2024\/08\/se-insta-a-miembros-de-asi-a-que-busquen-estabilidad-espiritual-y-sigan-la-conduccion-divina-en-la-mision\/","name":"Se insta a miembros de ASi a que busquen estabilidad espiritual y sigan la conducci\u00f3n divina en la misi\u00f3n - Iglesia Adventista del S\u00e9ptimo D\u00eda - Divisi\u00f3n Interamericana","isPartOf":{"@id":"https:\/\/interamerica.org\/es\/#website"},"primaryImageOfPage":{"@id":"https:\/\/interamerica.org\/es\/2024\/08\/se-insta-a-miembros-de-asi-a-que-busquen-estabilidad-espiritual-y-sigan-la-conduccion-divina-en-la-mision\/#primaryimage"},"image":{"@id":"https:\/\/interamerica.org\/es\/2024\/08\/se-insta-a-miembros-de-asi-a-que-busquen-estabilidad-espiritual-y-sigan-la-conduccion-divina-en-la-mision\/#primaryimage"},"thumbnailUrl":"https:\/\/interamerica.org\/wp-content\/uploads\/2024\/08\/asi-2024-bahamas-group.jpg","datePublished":"2024-08-21T17:14:39+00:00","dateModified":"2024-08-22T18:18:57+00:00","author":{"@id":"https:\/\/interamerica.org\/es\/#\/schema\/person\/29998f2bc2d8bd0d38662909289b54f1"},"breadcrumb":{"@id":"https:\/\/interamerica.org\/es\/2024\/08\/se-insta-a-miembros-de-asi-a-que-busquen-estabilidad-espiritual-y-sigan-la-conduccion-divina-en-la-mision\/#breadcrumb"},"inLanguage":"es","potentialAction":[{"@type":"ReadAction","target":["https:\/\/interamerica.org\/es\/2024\/08\/se-insta-a-miembros-de-asi-a-que-busquen-estabilidad-espiritual-y-sigan-la-conduccion-divina-en-la-mision\/"]}]},{"@type":"ImageObject","inLanguage":"es","@id":"https:\/\/interamerica.org\/es\/2024\/08\/se-insta-a-miembros-de-asi-a-que-busquen-estabilidad-espiritual-y-sigan-la-conduccion-divina-en-la-mision\/#primaryimage","url":"https:\/\/interamerica.org\/wp-content\/uploads\/2024\/08\/asi-2024-bahamas-group.jpg","contentUrl":"https:\/\/interamerica.org\/wp-content\/uploads\/2024\/08\/asi-2024-bahamas-group.jpg","width":1000,"height":667,"caption":"[Photo: Michelle Greene\/IAD]"},{"@type":"BreadcrumbList","@id":"https:\/\/interamerica.org\/es\/2024\/08\/se-insta-a-miembros-de-asi-a-que-busquen-estabilidad-espiritual-y-sigan-la-conduccion-divina-en-la-mision\/#breadcrumb","itemListElement":[{"@type":"ListItem","position":1,"name":"Home","item":"https:\/\/interamerica.org\/es\/"},{"@type":"ListItem","position":2,"name":"Se insta a miembros de ASi a que busquen estabilidad espiritual y sigan la conducci\u00f3n divina en la misi\u00f3n"}]},{"@type":"WebSite","@id":"https:\/\/interamerica.org\/es\/#website","url":"https:\/\/interamerica.org\/es\/","name":"Iglesia Adventista del S\u00e9ptimo D\u00eda - Divisi\u00f3n Interamericana","description":"","potentialAction":[{"@type":"SearchAction","target":{"@type":"EntryPoint","urlTemplate":"https:\/\/interamerica.org\/es\/?s={search_term_string}"},"query-input":{"@type":"PropertyValueSpecification","valueRequired":true,"valueName":"search_term_string"}}],"inLanguage":"es"},{"@type":"Person","@id":"https:\/\/interamerica.org\/es\/#\/schema\/person\/29998f2bc2d8bd0d38662909289b54f1","name":"libna","image":{"@type":"ImageObject","inLanguage":"es","@id":"https:\/\/secure.gravatar.com\/avatar\/7c5bd30ae4b47a9ba3c856590957fd1d96dc588bf3ac05719d247e126840331f?s=96&d=mm&r=g","url":"https:\/\/secure.gravatar.com\/avatar\/7c5bd30ae4b47a9ba3c856590957fd1d96dc588bf3ac05719d247e126840331f?s=96&d=mm&r=g","contentUrl":"https:\/\/secure.gravatar.com\/avatar\/7c5bd30ae4b47a9ba3c856590957fd1d96dc588bf3ac05719d247e126840331f?s=96&d=mm&r=g","caption":"libna"}}]}},"_links":{"self":[{"href":"https:\/\/interamerica.org\/es\/wp-json\/wp\/v2\/posts\/118507","targetHints":{"allow":["GET"]}}],"collection":[{"href":"https:\/\/interamerica.org\/es\/wp-json\/wp\/v2\/posts"}],"about":[{"href":"https:\/\/interamerica.org\/es\/wp-json\/wp\/v2\/types\/post"}],"author":[{"embeddable":true,"href":"https:\/\/interamerica.org\/es\/wp-json\/wp\/v2\/users\/3"}],"replies":[{"embeddable":true,"href":"https:\/\/interamerica.org\/es\/wp-json\/wp\/v2\/comments?post=118507"}],"version-history":[{"count":0,"href":"https:\/\/interamerica.org\/es\/wp-json\/wp\/v2\/posts\/118507\/revisions"}],"wp:featuredmedia":[{"embeddable":true,"href":"https:\/\/interamerica.org\/es\/wp-json\/wp\/v2\/media\/118432"}],"wp:attachment":[{"href":"https:\/\/interamerica.org\/es\/wp-json\/wp\/v2\/media?parent=118507"}],"wp:term":[{"taxonomy":"category","embeddable":true,"href":"https:\/\/interamerica.org\/es\/wp-json\/wp\/v2\/categories?post=118507"},{"taxonomy":"post_tag","embeddable":true,"href":"https:\/\/interamerica.org\/es\/wp-json\/wp\/v2\/tags?post=118507"}],"curies":[{"name":"wp","href":"https:\/\/api.w.org\/{rel}","templated":true}]}}