{"id":118643,"date":"2024-08-26T12:40:57","date_gmt":"2024-08-26T16:40:57","guid":{"rendered":"https:\/\/interamerica.org\/?p=118643"},"modified":"2024-08-27T10:29:01","modified_gmt":"2024-08-27T14:29:01","slug":"visita-a-iglesia-en-cuba-recuerda-al-equipo-de-secretaria-de-la-asociacion-general-el-poder-de-la-oracion","status":"publish","type":"post","link":"https:\/\/interamerica.org\/es\/2024\/08\/visita-a-iglesia-en-cuba-recuerda-al-equipo-de-secretaria-de-la-asociacion-general-el-poder-de-la-oracion\/","title":{"rendered":"Visita a iglesia en Cuba recuerda al equipo de Secretar\u00eda de la Asociaci\u00f3n General el poder de la oraci\u00f3n"},"content":{"rendered":"<div id=\"attachment_118588\" style=\"width: 865px\" class=\"wp-caption aligncenter\"><img fetchpriority=\"high\" decoding=\"async\" aria-describedby=\"caption-attachment-118588\" class=\" wp-image-118586\" src=\"https:\/\/interamerica.org\/wp-content\/uploads\/2024\/08\/cuba-gcsecr-dsc-0921.jpg\" alt=\"\" width=\"855\" height=\"535\" srcset=\"https:\/\/interamerica.org\/wp-content\/uploads\/2024\/08\/cuba-gcsecr-dsc-0921.jpg 1000w, https:\/\/interamerica.org\/wp-content\/uploads\/2024\/08\/cuba-gcsecr-dsc-0921-300x188.jpg 300w, https:\/\/interamerica.org\/wp-content\/uploads\/2024\/08\/cuba-gcsecr-dsc-0921-768x481.jpg 768w\" sizes=\"(max-width: 855px) 100vw, 855px\" \/><p id=\"caption-attachment-118588\" class=\"wp-caption-text\">Kenneth Weiss, vicepresidente ejecutivo de Maranatha Volunteers International, cuenta a los voluntarios de la Secretar\u00eda de la Asociaci\u00f3n General la historia de c\u00f3mo surgi\u00f3 el templo de la iglesia adventista de C\u00e1rdenas, durante una visita a las instalaciones el pasado 1 de agosto. [Fotograf\u00eda: Marcos Paseggi, Adventist Review]<\/p><\/div>\n<p class=\"c-post-header__subtitle\"><em>L\u00edderes locales y regionales inspiran a la delegaci\u00f3n de visitas durante una breve parada en C\u00e1rdenas.<\/em><\/p>\n<p>26 de agosto de 2026 | La Habana, Cuba | Marcos Paseggi, Adventist Review<\/p>\n<p>A los voluntarios de la Secretar\u00eda de la Asociaci\u00f3n General que hace poco visitaron la iglesia adventista de C\u00e1rdenas en C\u00e1rdenas, Matanzas, Cuba, se les record\u00f3 el poder de la oraci\u00f3n. La historia ha sido contada en muchas ocasiones ya por una d\u00e9cada, pero a\u00fan emociona e inspira a los que la escuchan por primera vez, dijeron los l\u00edderes de la iglesia en Cuba.<\/p>\n<p><strong>Una parada inesperada<\/strong><\/p>\n<p>Era un s\u00e1bado de tarde de relax para los l\u00edderes de Maranatha Volunteers International cerca de C\u00e1rdenas hace ya una d\u00e9cada, hasta que se enteraron de que decenas de miembros de iglesia estaban esperando all\u00ed cerca una visita y anuncio especial. Parece ser que los miembros de la iglesia local hab\u00edan entendido que Maranatha, un ministerio independiente de apoyo de la Iglesia Adventista que apoya la construcci\u00f3n de iglesias, escuelas y pozos de agua en diversas partes del mundo, estaba listo para construir un nuevo templo all\u00ed. Los miembros de iglesia hab\u00edan ayunado y orado por ello, y ahora estaban listos para ser testigos de la respuesta a sus oraciones.<\/p>\n<p><div id=\"attachment_118598\" style=\"width: 859px\" class=\"wp-caption aligncenter\"><img decoding=\"async\" aria-describedby=\"caption-attachment-118598\" class=\" wp-image-118596\" src=\"https:\/\/interamerica.org\/wp-content\/uploads\/2024\/08\/cuba-cardenasdsc-0702-1024x683.jpg\" alt=\"\" width=\"849\" height=\"566\" srcset=\"https:\/\/interamerica.org\/wp-content\/uploads\/2024\/08\/cuba-cardenasdsc-0702-1024x683.jpg 1024w, https:\/\/interamerica.org\/wp-content\/uploads\/2024\/08\/cuba-cardenasdsc-0702-300x200.jpg 300w, https:\/\/interamerica.org\/wp-content\/uploads\/2024\/08\/cuba-cardenasdsc-0702-768x512.jpg 768w, https:\/\/interamerica.org\/wp-content\/uploads\/2024\/08\/cuba-cardenasdsc-0702-1536x1024.jpg 1536w, https:\/\/interamerica.org\/wp-content\/uploads\/2024\/08\/cuba-cardenasdsc-0702-2048x1365.jpg 2048w\" sizes=\"(max-width: 849px) 100vw, 849px\" \/><p id=\"caption-attachment-118598\" class=\"wp-caption-text\">La fachada de la iglesia adventista de C\u00e1rdenas en el d\u00eda de su inauguraci\u00f3n en abril de 2017. [Fotograf\u00eda: Marcos Paseggi, Adventist Review]<\/p><\/div>\u201cNo hab\u00edamos planificado detenernos a saludar a la congregaci\u00f3n ese d\u00eda\u201d, dijo Kenneth Weiss, vicepresidente ejecutivo de Maranatha al equipo de Secretar\u00eda de la Asociaci\u00f3n General el 1 de agosto. \u201cPero cuando nos llevaron r\u00e1pidamente hasta el frente para saludar a la congregaci\u00f3n expectante, sent\u00ed que lo mejor era ser honesto con ellos\u201d.<\/p>\n<p><strong>Hora de dar malas noticias<\/strong><\/p>\n<p>Weiss cont\u00f3 c\u00f3mo ese s\u00e1bado por la tarde, pas\u00f3 al frente de la congregaci\u00f3n de C\u00e1rdenas y les inform\u00f3 a los miembros con mucho \u00e9nfasis que la informaci\u00f3n que hab\u00edan recibido era inexacta. \u201cNo tenemos los fondos, por lo que no est\u00e1 en nuestros planes construir una iglesia aqu\u00ed en C\u00e1rdenas\u201d, les dijo. \u201cEso no va a pasar\u201d.<\/p>\n<p><div id=\"attachment_118601\" style=\"width: 860px\" class=\"wp-caption aligncenter\"><img decoding=\"async\" aria-describedby=\"caption-attachment-118601\" class=\" wp-image-118599\" src=\"https:\/\/interamerica.org\/wp-content\/uploads\/2024\/08\/cuba-untitled-4-1-768x384-1.png\" alt=\"\" width=\"850\" height=\"425\" srcset=\"https:\/\/interamerica.org\/wp-content\/uploads\/2024\/08\/cuba-untitled-4-1-768x384-1.png 768w, https:\/\/interamerica.org\/wp-content\/uploads\/2024\/08\/cuba-untitled-4-1-768x384-1-300x150.png 300w\" sizes=\"(max-width: 850px) 100vw, 850px\" \/><p id=\"caption-attachment-118601\" class=\"wp-caption-text\">\u00bfFr\u00edo o caliente? Decide t\u00fa. Ese fue el lema de la asociaci\u00f3n regional de j\u00f3venes en C\u00e1rdenas, Cuba, del 2-4 de agosto. [Fotograf\u00eda: Marcos Paseggi, Adventist Review]<\/p><\/div>Un momento despu\u00e9s, un miembro de iglesia tras otro comenz\u00f3 a llorar. \u201cToda la iglesia comenz\u00f3 a sollozar. \u00a1Jam\u00e1s hab\u00eda visto algo semejante!\u201d record\u00f3 Weiss. \u201cLa gente, j\u00f3venes y viejos, lloraban en voz audible, con el dolor de saber que sus sue\u00f1os se hab\u00edan hecho a\u00f1icos\u201d. Sin saber qu\u00e9 hacer o c\u00f3mo reaccionar, Weiss termin\u00f3 invitando a los presentes para que oraran, pidiendo la intervenci\u00f3n divina.<\/p>\n<p><strong>La oraci\u00f3n de una jovencita<\/strong><\/p>\n<p>Una jovencita, apenas adolescente, se ofreci\u00f3 pasar al frente para orar. All\u00ed, levant\u00f3 los brazos hacia el cielo, y or\u00f3 con una voz que todos pudieran o\u00edr. \u201cDios, te agradecemos por el nuevo templo que t\u00fa has provisto para nosotros\u201d, dijo. Y entonces regres\u00f3 a su asiento.<\/p>\n<p><div id=\"attachment_118595\" style=\"width: 844px\" class=\"wp-caption aligncenter\"><img loading=\"lazy\" decoding=\"async\" aria-describedby=\"caption-attachment-118595\" class=\" wp-image-118593\" src=\"https:\/\/interamerica.org\/wp-content\/uploads\/2024\/08\/cuba-gcsecr-untitled-3-1-1024x512.png\" alt=\"\" width=\"834\" height=\"417\" srcset=\"https:\/\/interamerica.org\/wp-content\/uploads\/2024\/08\/cuba-gcsecr-untitled-3-1-1024x512.png 1024w, https:\/\/interamerica.org\/wp-content\/uploads\/2024\/08\/cuba-gcsecr-untitled-3-1-300x150.png 300w, https:\/\/interamerica.org\/wp-content\/uploads\/2024\/08\/cuba-gcsecr-untitled-3-1-768x384.png 768w, https:\/\/interamerica.org\/wp-content\/uploads\/2024\/08\/cuba-gcsecr-untitled-3-1.png 1500w\" sizes=\"(max-width: 834px) 100vw, 834px\" \/><p id=\"caption-attachment-118595\" class=\"wp-caption-text\">Un coro de miembros del equipo de Secretar\u00eda de la Asociaci\u00f3n General practica una parte musical en la iglesia de C\u00e1rdenas el pasado 1 de agosto. [Fotograf\u00eda: Marcos Paseggi, Adventist Review]<\/p><\/div>Esa ocasi\u00f3n trascendental dispar\u00f3 una serie de acontecimientos providenciales, dijo Weiss, que mostraron de qu\u00e9 manera Dios est\u00e1 dispuesto a actuar cuando sus hijos deciden colocar en \u00e9l su confianza.<\/p>\n<p>\u201cMaranatha comenz\u00f3 la construcci\u00f3n de la iglesia de C\u00e1rdenas en 2016, despu\u00e9s de esperar m\u00e1s de veinte a\u00f1os para que el gobierno de Cuba otorgara los permisos de construcci\u00f3n\u201d, dijo Weiss. Los donantes, que escucharon la historia de la iglesia de C\u00e1rdenas, se hicieron presentes, y el edificio fue completado y dedicado en abril de 2017. Las instalaciones cubren 1,114 metros cuadrados, y tiene una capacidad de quinientas personas sentadas en el templo principal, con lugar adicional en el segundo piso. Otros salones son para las clases de Escuela Sab\u00e1tica, un sal\u00f3n comunitario, ba\u00f1os y hasta duchas.<\/p>\n<p><div id=\"attachment_118604\" style=\"width: 856px\" class=\"wp-caption aligncenter\"><img loading=\"lazy\" decoding=\"async\" aria-describedby=\"caption-attachment-118604\" class=\" wp-image-118602\" src=\"https:\/\/interamerica.org\/wp-content\/uploads\/2024\/08\/cuba-dsc-0917-768x512-1.jpg\" alt=\"\" width=\"846\" height=\"564\" srcset=\"https:\/\/interamerica.org\/wp-content\/uploads\/2024\/08\/cuba-dsc-0917-768x512-1.jpg 768w, https:\/\/interamerica.org\/wp-content\/uploads\/2024\/08\/cuba-dsc-0917-768x512-1-300x200.jpg 300w\" sizes=\"(max-width: 846px) 100vw, 846px\" \/><p id=\"caption-attachment-118604\" class=\"wp-caption-text\">Miembros de la iglesia y local oran con Kenneth Weiss, vicepresidente ejecutivo de Maranatha Volunteers International, en la iglesia adventista de C\u00e1rdenas en Cuba, el 1 de agosto de 2024. [Fotograf\u00eda: Marcos Paseggi, Adventist Church]<\/p><\/div>El edificio fue dise\u00f1ado para acomodar los cultos de la congregaci\u00f3n local, mientras que tambi\u00e9n sirve como lugar de reuniones y retiros de la iglesia. Suele ser usado por la asociaci\u00f3n local y tambi\u00e9n por la Uni\u00f3n Asociaci\u00f3n Cubana de la Iglesia Adventista.<\/p>\n<p><strong>Una visita trascendental<\/strong><\/p>\n<p>La visita del equipo de Secretar\u00eda de la Asociaci\u00f3n General a la iglesia de C\u00e1rdenas el pasado 1 de agosto se produjo en medio de una iniciativa de servicio comunitario y misionero a las congregaciones adventistas de La Habana. Durante fines de julio y comienzos de agosto, un equipo de dos decenas de voluntarios que prestan servicios en la sede central de la Iglesia Adventista en Silver Spring, Maryland, Estados Unidos, rasquetearon y pintaron templos, realizaron reparaciones menores, predicaron el evangelio y compartieron sus testimonios en varias congregaciones de la ciudad capital de Cuba.<\/p>\n<p><div id=\"attachment_118607\" style=\"width: 838px\" class=\"wp-caption aligncenter\"><img loading=\"lazy\" decoding=\"async\" aria-describedby=\"caption-attachment-118607\" class=\" wp-image-118605\" src=\"https:\/\/interamerica.org\/wp-content\/uploads\/2024\/08\/cuba-untitled-1-14-768x384-1.png\" alt=\"\" width=\"828\" height=\"414\" srcset=\"https:\/\/interamerica.org\/wp-content\/uploads\/2024\/08\/cuba-untitled-1-14-768x384-1.png 768w, https:\/\/interamerica.org\/wp-content\/uploads\/2024\/08\/cuba-untitled-1-14-768x384-1-300x150.png 300w\" sizes=\"(max-width: 828px) 100vw, 828px\" \/><p id=\"caption-attachment-118607\" class=\"wp-caption-text\">Los cocineros de la iglesia carecen de hornos el\u00e9ctricos o de gas natural, por lo que a\u00fan cocinan sobre las brasas, aun para un evento con trescientos asistentes. [Fotograf\u00eda: Marcos Paseggi, Adventist Review]<\/p><\/div>La visita a la iglesia de C\u00e1rdenas, ubicada en la provincia de Matanzas a un par de horas al este de La Habana, puso de relieve los esfuerzos de Maranatha en toda la isla de apoyar a la Iglesia Adventista en Cuba, dijeron los l\u00edderes regionales de la iglesia. Durante la visita, los invitados especiales recorrieron las instalaciones, fueron recibidos con un sabroso almuerzo, y escucharon historias de c\u00f3mo Dios ha estado activo en esa regi\u00f3n de la isla.<\/p>\n<p><strong>Un lugar de luz<\/strong><\/p>\n<p>Cuando el equipo de Secretar\u00eda de la Asociaci\u00f3n General visit\u00f3 C\u00e1rdenas, los miembros locales y regionales estaban prepar\u00e1ndose para la llegada de unos trescientos j\u00f3venes adventistas un d\u00eda despu\u00e9s. \u201cDormir\u00e1n aqu\u00ed, comer\u00e1n aqu\u00ed, y tendr\u00e1n los cultos en el templo\u201d, inform\u00f3 Aldo P\u00e9rez, presidente de la Uni\u00f3n Asociaci\u00f3n Cubana, a las visitas. \u201cLa iglesia de C\u00e1rdenas es el lugar de reuni\u00f3n de la Iglesia Adventista en Cuba, la sede preferida para muchos de los eventos de la iglesia\u201d.<\/p>\n<p><div id=\"attachment_118610\" style=\"width: 860px\" class=\"wp-caption aligncenter\"><img loading=\"lazy\" decoding=\"async\" aria-describedby=\"caption-attachment-118610\" class=\" wp-image-118608\" src=\"https:\/\/interamerica.org\/wp-content\/uploads\/2024\/08\/cuba-untitled-2-3-1024x512.png\" alt=\"\" width=\"850\" height=\"425\" srcset=\"https:\/\/interamerica.org\/wp-content\/uploads\/2024\/08\/cuba-untitled-2-3-1024x512.png 1024w, https:\/\/interamerica.org\/wp-content\/uploads\/2024\/08\/cuba-untitled-2-3-300x150.png 300w, https:\/\/interamerica.org\/wp-content\/uploads\/2024\/08\/cuba-untitled-2-3-768x384.png 768w, https:\/\/interamerica.org\/wp-content\/uploads\/2024\/08\/cuba-untitled-2-3.png 1500w\" sizes=\"(max-width: 850px) 100vw, 850px\" \/><p id=\"caption-attachment-118610\" class=\"wp-caption-text\">Aldo P\u00e9rez, presidente de la Uni\u00f3n Asociaci\u00f3n Cubana (izquierda), presenta al equipo de cocineros de la iglesia de C\u00e1rdenas a los miembros del equipo de Secretar\u00eda de la Asociaci\u00f3n General, durante una breve visita a las instalaciones el pasado 1 de agosto. [Fotograf\u00eda: Marcos Paseggi, Adventist Review]<\/p><\/div>Es algo que destaca la importancia de so\u00f1ar, orar y avanzar por fe, dijo P\u00e9rez.<\/p>\n<p>\u201cLa construcci\u00f3n e inauguraci\u00f3n de esta iglesia fue un evento transformador para la Iglesia Adventista de Cuba\u201d, dijo P\u00e9rez. Los l\u00edderes de la iglesia regional notaron que la iglesia de C\u00e1rdenas ha sido construida en un lugar conocido por la pr\u00e1ctica de la santer\u00eda, una religi\u00f3n afrocaribe\u00f1a que combina elementos del cristianismo y el espiritismo. \u201cEs en ese lugar tan oscuro que la luz de Dios est\u00e1 brillando con m\u00e1s fuerza\u201d, dijeron los l\u00edderes de la iglesia. \u201cDesde aqu\u00ed, fuertes rayos est\u00e1n iluminando toda la isla\u201d.<\/p>\n<p>Traducci\u00f3n de Marcos Paseggi<\/p>\n","protected":false},"excerpt":{"rendered":"<p>L\u00edderes locales y regionales inspiran a la delegaci\u00f3n de visitas durante una breve parada en C\u00e1rdenas. 26 de agosto de 2026 | La Habana, Cuba | Marcos Paseggi, Adventist Review&#8230;<\/p>\n","protected":false},"author":3,"featured_media":118588,"comment_status":"closed","ping_status":"closed","sticky":false,"template":"","format":"standard","meta":{"_acf_changed":false,"footnotes":""},"categories":[17,15],"tags":[],"class_list":["post-118643","post","type-post","status-publish","format-standard","has-post-thumbnail","hentry","category-desde-el-campo","category-rss-espanol"],"acf":[],"yoast_head":"<!-- This site is optimized with the Yoast SEO plugin v27.3 - https:\/\/yoast.com\/product\/yoast-seo-wordpress\/ -->\n<title>Visita a iglesia en Cuba recuerda al equipo de Secretar\u00eda de la Asociaci\u00f3n General el poder de la oraci\u00f3n - Iglesia Adventista del S\u00e9ptimo D\u00eda - Divisi\u00f3n Interamericana<\/title>\n<meta name=\"robots\" content=\"index, follow, max-snippet:-1, max-image-preview:large, max-video-preview:-1\" \/>\n<link rel=\"canonical\" href=\"https:\/\/interamerica.org\/es\/2024\/08\/visita-a-iglesia-en-cuba-recuerda-al-equipo-de-secretaria-de-la-asociacion-general-el-poder-de-la-oracion\/\" \/>\n<meta property=\"og:locale\" content=\"es_ES\" \/>\n<meta property=\"og:type\" content=\"article\" \/>\n<meta property=\"og:title\" content=\"Visita a iglesia en Cuba recuerda al equipo de Secretar\u00eda de la Asociaci\u00f3n General el poder de la oraci\u00f3n - Iglesia Adventista del S\u00e9ptimo D\u00eda - Divisi\u00f3n Interamericana\" \/>\n<meta property=\"og:description\" content=\"L\u00edderes locales y regionales inspiran a la delegaci\u00f3n de visitas durante una breve parada en C\u00e1rdenas. 26 de agosto de 2026 | La Habana, Cuba | Marcos Paseggi, Adventist Review...\" \/>\n<meta property=\"og:url\" content=\"https:\/\/interamerica.org\/es\/2024\/08\/visita-a-iglesia-en-cuba-recuerda-al-equipo-de-secretaria-de-la-asociacion-general-el-poder-de-la-oracion\/\" \/>\n<meta property=\"og:site_name\" content=\"Iglesia Adventista del S\u00e9ptimo D\u00eda - Divisi\u00f3n Interamericana\" \/>\n<meta property=\"article:published_time\" content=\"2024-08-26T16:40:57+00:00\" \/>\n<meta property=\"article:modified_time\" content=\"2024-08-27T14:29:01+00:00\" \/>\n<meta property=\"og:image\" content=\"https:\/\/interamerica.org\/wp-content\/uploads\/2024\/08\/cuba-gcsecr-dsc-0921.jpg\" \/>\n\t<meta property=\"og:image:width\" content=\"1000\" \/>\n\t<meta property=\"og:image:height\" content=\"626\" \/>\n\t<meta property=\"og:image:type\" content=\"image\/jpeg\" \/>\n<meta name=\"author\" content=\"libna\" \/>\n<meta name=\"twitter:card\" content=\"summary_large_image\" \/>\n<meta name=\"twitter:label1\" content=\"Escrito por\" \/>\n\t<meta name=\"twitter:data1\" content=\"libna\" \/>\n\t<meta name=\"twitter:label2\" content=\"Tiempo de lectura\" \/>\n\t<meta name=\"twitter:data2\" content=\"8 minutos\" \/>\n<script type=\"application\/ld+json\" class=\"yoast-schema-graph\">{\"@context\":\"https:\\\/\\\/schema.org\",\"@graph\":[{\"@type\":\"Article\",\"@id\":\"https:\\\/\\\/interamerica.org\\\/es\\\/2024\\\/08\\\/visita-a-iglesia-en-cuba-recuerda-al-equipo-de-secretaria-de-la-asociacion-general-el-poder-de-la-oracion\\\/#article\",\"isPartOf\":{\"@id\":\"https:\\\/\\\/interamerica.org\\\/es\\\/2024\\\/08\\\/visita-a-iglesia-en-cuba-recuerda-al-equipo-de-secretaria-de-la-asociacion-general-el-poder-de-la-oracion\\\/\"},\"author\":{\"name\":\"libna\",\"@id\":\"https:\\\/\\\/interamerica.org\\\/es\\\/#\\\/schema\\\/person\\\/29998f2bc2d8bd0d38662909289b54f1\"},\"headline\":\"Visita a iglesia en Cuba recuerda al equipo de Secretar\u00eda de la Asociaci\u00f3n General el poder de la oraci\u00f3n\",\"datePublished\":\"2024-08-26T16:40:57+00:00\",\"dateModified\":\"2024-08-27T14:29:01+00:00\",\"mainEntityOfPage\":{\"@id\":\"https:\\\/\\\/interamerica.org\\\/es\\\/2024\\\/08\\\/visita-a-iglesia-en-cuba-recuerda-al-equipo-de-secretaria-de-la-asociacion-general-el-poder-de-la-oracion\\\/\"},\"wordCount\":1402,\"image\":{\"@id\":\"https:\\\/\\\/interamerica.org\\\/es\\\/2024\\\/08\\\/visita-a-iglesia-en-cuba-recuerda-al-equipo-de-secretaria-de-la-asociacion-general-el-poder-de-la-oracion\\\/#primaryimage\"},\"thumbnailUrl\":\"https:\\\/\\\/interamerica.org\\\/wp-content\\\/uploads\\\/2024\\\/08\\\/cuba-gcsecr-dsc-0921.jpg\",\"articleSection\":[\"Desde el campo\",\"RSS Espa\u00f1ol\"],\"inLanguage\":\"es\"},{\"@type\":\"WebPage\",\"@id\":\"https:\\\/\\\/interamerica.org\\\/es\\\/2024\\\/08\\\/visita-a-iglesia-en-cuba-recuerda-al-equipo-de-secretaria-de-la-asociacion-general-el-poder-de-la-oracion\\\/\",\"url\":\"https:\\\/\\\/interamerica.org\\\/es\\\/2024\\\/08\\\/visita-a-iglesia-en-cuba-recuerda-al-equipo-de-secretaria-de-la-asociacion-general-el-poder-de-la-oracion\\\/\",\"name\":\"Visita a iglesia en Cuba recuerda al equipo de Secretar\u00eda de la Asociaci\u00f3n General el poder de la oraci\u00f3n - Iglesia Adventista del S\u00e9ptimo D\u00eda - Divisi\u00f3n Interamericana\",\"isPartOf\":{\"@id\":\"https:\\\/\\\/interamerica.org\\\/es\\\/#website\"},\"primaryImageOfPage\":{\"@id\":\"https:\\\/\\\/interamerica.org\\\/es\\\/2024\\\/08\\\/visita-a-iglesia-en-cuba-recuerda-al-equipo-de-secretaria-de-la-asociacion-general-el-poder-de-la-oracion\\\/#primaryimage\"},\"image\":{\"@id\":\"https:\\\/\\\/interamerica.org\\\/es\\\/2024\\\/08\\\/visita-a-iglesia-en-cuba-recuerda-al-equipo-de-secretaria-de-la-asociacion-general-el-poder-de-la-oracion\\\/#primaryimage\"},\"thumbnailUrl\":\"https:\\\/\\\/interamerica.org\\\/wp-content\\\/uploads\\\/2024\\\/08\\\/cuba-gcsecr-dsc-0921.jpg\",\"datePublished\":\"2024-08-26T16:40:57+00:00\",\"dateModified\":\"2024-08-27T14:29:01+00:00\",\"author\":{\"@id\":\"https:\\\/\\\/interamerica.org\\\/es\\\/#\\\/schema\\\/person\\\/29998f2bc2d8bd0d38662909289b54f1\"},\"breadcrumb\":{\"@id\":\"https:\\\/\\\/interamerica.org\\\/es\\\/2024\\\/08\\\/visita-a-iglesia-en-cuba-recuerda-al-equipo-de-secretaria-de-la-asociacion-general-el-poder-de-la-oracion\\\/#breadcrumb\"},\"inLanguage\":\"es\",\"potentialAction\":[{\"@type\":\"ReadAction\",\"target\":[\"https:\\\/\\\/interamerica.org\\\/es\\\/2024\\\/08\\\/visita-a-iglesia-en-cuba-recuerda-al-equipo-de-secretaria-de-la-asociacion-general-el-poder-de-la-oracion\\\/\"]}]},{\"@type\":\"ImageObject\",\"inLanguage\":\"es\",\"@id\":\"https:\\\/\\\/interamerica.org\\\/es\\\/2024\\\/08\\\/visita-a-iglesia-en-cuba-recuerda-al-equipo-de-secretaria-de-la-asociacion-general-el-poder-de-la-oracion\\\/#primaryimage\",\"url\":\"https:\\\/\\\/interamerica.org\\\/wp-content\\\/uploads\\\/2024\\\/08\\\/cuba-gcsecr-dsc-0921.jpg\",\"contentUrl\":\"https:\\\/\\\/interamerica.org\\\/wp-content\\\/uploads\\\/2024\\\/08\\\/cuba-gcsecr-dsc-0921.jpg\",\"width\":1000,\"height\":626,\"caption\":\"Maranatha Volunteers International executive vice president Kenneth Weiss tells volunteers from the General Conference Secretariat the story of how the Cardenas Seventh-day Adventist Church in Cuba came to be, during a visit to the premises on August 1. [Photo: Marcos Paseggi, Adventist Review]\"},{\"@type\":\"BreadcrumbList\",\"@id\":\"https:\\\/\\\/interamerica.org\\\/es\\\/2024\\\/08\\\/visita-a-iglesia-en-cuba-recuerda-al-equipo-de-secretaria-de-la-asociacion-general-el-poder-de-la-oracion\\\/#breadcrumb\",\"itemListElement\":[{\"@type\":\"ListItem\",\"position\":1,\"name\":\"Home\",\"item\":\"https:\\\/\\\/interamerica.org\\\/es\\\/\"},{\"@type\":\"ListItem\",\"position\":2,\"name\":\"Visita a iglesia en Cuba recuerda al equipo de Secretar\u00eda de la Asociaci\u00f3n General el poder de la oraci\u00f3n\"}]},{\"@type\":\"WebSite\",\"@id\":\"https:\\\/\\\/interamerica.org\\\/es\\\/#website\",\"url\":\"https:\\\/\\\/interamerica.org\\\/es\\\/\",\"name\":\"Iglesia Adventista del S\u00e9ptimo D\u00eda - Divisi\u00f3n Interamericana\",\"description\":\"\",\"potentialAction\":[{\"@type\":\"SearchAction\",\"target\":{\"@type\":\"EntryPoint\",\"urlTemplate\":\"https:\\\/\\\/interamerica.org\\\/es\\\/?s={search_term_string}\"},\"query-input\":{\"@type\":\"PropertyValueSpecification\",\"valueRequired\":true,\"valueName\":\"search_term_string\"}}],\"inLanguage\":\"es\"},{\"@type\":\"Person\",\"@id\":\"https:\\\/\\\/interamerica.org\\\/es\\\/#\\\/schema\\\/person\\\/29998f2bc2d8bd0d38662909289b54f1\",\"name\":\"libna\",\"image\":{\"@type\":\"ImageObject\",\"inLanguage\":\"es\",\"@id\":\"https:\\\/\\\/secure.gravatar.com\\\/avatar\\\/7c5bd30ae4b47a9ba3c856590957fd1d96dc588bf3ac05719d247e126840331f?s=96&d=mm&r=g\",\"url\":\"https:\\\/\\\/secure.gravatar.com\\\/avatar\\\/7c5bd30ae4b47a9ba3c856590957fd1d96dc588bf3ac05719d247e126840331f?s=96&d=mm&r=g\",\"contentUrl\":\"https:\\\/\\\/secure.gravatar.com\\\/avatar\\\/7c5bd30ae4b47a9ba3c856590957fd1d96dc588bf3ac05719d247e126840331f?s=96&d=mm&r=g\",\"caption\":\"libna\"}}]}<\/script>\n<!-- \/ Yoast SEO plugin. -->","yoast_head_json":{"title":"Visita a iglesia en Cuba recuerda al equipo de Secretar\u00eda de la Asociaci\u00f3n General el poder de la oraci\u00f3n - Iglesia Adventista del S\u00e9ptimo D\u00eda - Divisi\u00f3n Interamericana","robots":{"index":"index","follow":"follow","max-snippet":"max-snippet:-1","max-image-preview":"max-image-preview:large","max-video-preview":"max-video-preview:-1"},"canonical":"https:\/\/interamerica.org\/es\/2024\/08\/visita-a-iglesia-en-cuba-recuerda-al-equipo-de-secretaria-de-la-asociacion-general-el-poder-de-la-oracion\/","og_locale":"es_ES","og_type":"article","og_title":"Visita a iglesia en Cuba recuerda al equipo de Secretar\u00eda de la Asociaci\u00f3n General el poder de la oraci\u00f3n - Iglesia Adventista del S\u00e9ptimo D\u00eda - Divisi\u00f3n Interamericana","og_description":"L\u00edderes locales y regionales inspiran a la delegaci\u00f3n de visitas durante una breve parada en C\u00e1rdenas. 26 de agosto de 2026 | La Habana, Cuba | Marcos Paseggi, Adventist Review...","og_url":"https:\/\/interamerica.org\/es\/2024\/08\/visita-a-iglesia-en-cuba-recuerda-al-equipo-de-secretaria-de-la-asociacion-general-el-poder-de-la-oracion\/","og_site_name":"Iglesia Adventista del S\u00e9ptimo D\u00eda - Divisi\u00f3n Interamericana","article_published_time":"2024-08-26T16:40:57+00:00","article_modified_time":"2024-08-27T14:29:01+00:00","og_image":[{"width":1000,"height":626,"url":"https:\/\/interamerica.org\/wp-content\/uploads\/2024\/08\/cuba-gcsecr-dsc-0921.jpg","type":"image\/jpeg"}],"author":"libna","twitter_card":"summary_large_image","twitter_misc":{"Escrito por":"libna","Tiempo de lectura":"8 minutos"},"schema":{"@context":"https:\/\/schema.org","@graph":[{"@type":"Article","@id":"https:\/\/interamerica.org\/es\/2024\/08\/visita-a-iglesia-en-cuba-recuerda-al-equipo-de-secretaria-de-la-asociacion-general-el-poder-de-la-oracion\/#article","isPartOf":{"@id":"https:\/\/interamerica.org\/es\/2024\/08\/visita-a-iglesia-en-cuba-recuerda-al-equipo-de-secretaria-de-la-asociacion-general-el-poder-de-la-oracion\/"},"author":{"name":"libna","@id":"https:\/\/interamerica.org\/es\/#\/schema\/person\/29998f2bc2d8bd0d38662909289b54f1"},"headline":"Visita a iglesia en Cuba recuerda al equipo de Secretar\u00eda de la Asociaci\u00f3n General el poder de la oraci\u00f3n","datePublished":"2024-08-26T16:40:57+00:00","dateModified":"2024-08-27T14:29:01+00:00","mainEntityOfPage":{"@id":"https:\/\/interamerica.org\/es\/2024\/08\/visita-a-iglesia-en-cuba-recuerda-al-equipo-de-secretaria-de-la-asociacion-general-el-poder-de-la-oracion\/"},"wordCount":1402,"image":{"@id":"https:\/\/interamerica.org\/es\/2024\/08\/visita-a-iglesia-en-cuba-recuerda-al-equipo-de-secretaria-de-la-asociacion-general-el-poder-de-la-oracion\/#primaryimage"},"thumbnailUrl":"https:\/\/interamerica.org\/wp-content\/uploads\/2024\/08\/cuba-gcsecr-dsc-0921.jpg","articleSection":["Desde el campo","RSS Espa\u00f1ol"],"inLanguage":"es"},{"@type":"WebPage","@id":"https:\/\/interamerica.org\/es\/2024\/08\/visita-a-iglesia-en-cuba-recuerda-al-equipo-de-secretaria-de-la-asociacion-general-el-poder-de-la-oracion\/","url":"https:\/\/interamerica.org\/es\/2024\/08\/visita-a-iglesia-en-cuba-recuerda-al-equipo-de-secretaria-de-la-asociacion-general-el-poder-de-la-oracion\/","name":"Visita a iglesia en Cuba recuerda al equipo de Secretar\u00eda de la Asociaci\u00f3n General el poder de la oraci\u00f3n - Iglesia Adventista del S\u00e9ptimo D\u00eda - Divisi\u00f3n Interamericana","isPartOf":{"@id":"https:\/\/interamerica.org\/es\/#website"},"primaryImageOfPage":{"@id":"https:\/\/interamerica.org\/es\/2024\/08\/visita-a-iglesia-en-cuba-recuerda-al-equipo-de-secretaria-de-la-asociacion-general-el-poder-de-la-oracion\/#primaryimage"},"image":{"@id":"https:\/\/interamerica.org\/es\/2024\/08\/visita-a-iglesia-en-cuba-recuerda-al-equipo-de-secretaria-de-la-asociacion-general-el-poder-de-la-oracion\/#primaryimage"},"thumbnailUrl":"https:\/\/interamerica.org\/wp-content\/uploads\/2024\/08\/cuba-gcsecr-dsc-0921.jpg","datePublished":"2024-08-26T16:40:57+00:00","dateModified":"2024-08-27T14:29:01+00:00","author":{"@id":"https:\/\/interamerica.org\/es\/#\/schema\/person\/29998f2bc2d8bd0d38662909289b54f1"},"breadcrumb":{"@id":"https:\/\/interamerica.org\/es\/2024\/08\/visita-a-iglesia-en-cuba-recuerda-al-equipo-de-secretaria-de-la-asociacion-general-el-poder-de-la-oracion\/#breadcrumb"},"inLanguage":"es","potentialAction":[{"@type":"ReadAction","target":["https:\/\/interamerica.org\/es\/2024\/08\/visita-a-iglesia-en-cuba-recuerda-al-equipo-de-secretaria-de-la-asociacion-general-el-poder-de-la-oracion\/"]}]},{"@type":"ImageObject","inLanguage":"es","@id":"https:\/\/interamerica.org\/es\/2024\/08\/visita-a-iglesia-en-cuba-recuerda-al-equipo-de-secretaria-de-la-asociacion-general-el-poder-de-la-oracion\/#primaryimage","url":"https:\/\/interamerica.org\/wp-content\/uploads\/2024\/08\/cuba-gcsecr-dsc-0921.jpg","contentUrl":"https:\/\/interamerica.org\/wp-content\/uploads\/2024\/08\/cuba-gcsecr-dsc-0921.jpg","width":1000,"height":626,"caption":"Maranatha Volunteers International executive vice president Kenneth Weiss tells volunteers from the General Conference Secretariat the story of how the Cardenas Seventh-day Adventist Church in Cuba came to be, during a visit to the premises on August 1. [Photo: Marcos Paseggi, Adventist Review]"},{"@type":"BreadcrumbList","@id":"https:\/\/interamerica.org\/es\/2024\/08\/visita-a-iglesia-en-cuba-recuerda-al-equipo-de-secretaria-de-la-asociacion-general-el-poder-de-la-oracion\/#breadcrumb","itemListElement":[{"@type":"ListItem","position":1,"name":"Home","item":"https:\/\/interamerica.org\/es\/"},{"@type":"ListItem","position":2,"name":"Visita a iglesia en Cuba recuerda al equipo de Secretar\u00eda de la Asociaci\u00f3n General el poder de la oraci\u00f3n"}]},{"@type":"WebSite","@id":"https:\/\/interamerica.org\/es\/#website","url":"https:\/\/interamerica.org\/es\/","name":"Iglesia Adventista del S\u00e9ptimo D\u00eda - Divisi\u00f3n Interamericana","description":"","potentialAction":[{"@type":"SearchAction","target":{"@type":"EntryPoint","urlTemplate":"https:\/\/interamerica.org\/es\/?s={search_term_string}"},"query-input":{"@type":"PropertyValueSpecification","valueRequired":true,"valueName":"search_term_string"}}],"inLanguage":"es"},{"@type":"Person","@id":"https:\/\/interamerica.org\/es\/#\/schema\/person\/29998f2bc2d8bd0d38662909289b54f1","name":"libna","image":{"@type":"ImageObject","inLanguage":"es","@id":"https:\/\/secure.gravatar.com\/avatar\/7c5bd30ae4b47a9ba3c856590957fd1d96dc588bf3ac05719d247e126840331f?s=96&d=mm&r=g","url":"https:\/\/secure.gravatar.com\/avatar\/7c5bd30ae4b47a9ba3c856590957fd1d96dc588bf3ac05719d247e126840331f?s=96&d=mm&r=g","contentUrl":"https:\/\/secure.gravatar.com\/avatar\/7c5bd30ae4b47a9ba3c856590957fd1d96dc588bf3ac05719d247e126840331f?s=96&d=mm&r=g","caption":"libna"}}]}},"_links":{"self":[{"href":"https:\/\/interamerica.org\/es\/wp-json\/wp\/v2\/posts\/118643","targetHints":{"allow":["GET"]}}],"collection":[{"href":"https:\/\/interamerica.org\/es\/wp-json\/wp\/v2\/posts"}],"about":[{"href":"https:\/\/interamerica.org\/es\/wp-json\/wp\/v2\/types\/post"}],"author":[{"embeddable":true,"href":"https:\/\/interamerica.org\/es\/wp-json\/wp\/v2\/users\/3"}],"replies":[{"embeddable":true,"href":"https:\/\/interamerica.org\/es\/wp-json\/wp\/v2\/comments?post=118643"}],"version-history":[{"count":0,"href":"https:\/\/interamerica.org\/es\/wp-json\/wp\/v2\/posts\/118643\/revisions"}],"wp:featuredmedia":[{"embeddable":true,"href":"https:\/\/interamerica.org\/es\/wp-json\/wp\/v2\/media\/118588"}],"wp:attachment":[{"href":"https:\/\/interamerica.org\/es\/wp-json\/wp\/v2\/media?parent=118643"}],"wp:term":[{"taxonomy":"category","embeddable":true,"href":"https:\/\/interamerica.org\/es\/wp-json\/wp\/v2\/categories?post=118643"},{"taxonomy":"post_tag","embeddable":true,"href":"https:\/\/interamerica.org\/es\/wp-json\/wp\/v2\/tags?post=118643"}],"curies":[{"name":"wp","href":"https:\/\/api.w.org\/{rel}","templated":true}]}}