{"id":118645,"date":"2024-08-26T17:45:25","date_gmt":"2024-08-26T21:45:25","guid":{"rendered":"https:\/\/interamerica.org\/?p=118645"},"modified":"2024-08-27T10:30:21","modified_gmt":"2024-08-27T14:30:21","slug":"the-hopeful-disponible-para-transmision-en-estados-unidos-a-partir-del-23-de-agosto","status":"publish","type":"post","link":"https:\/\/interamerica.org\/es\/2024\/08\/the-hopeful-disponible-para-transmision-en-estados-unidos-a-partir-del-23-de-agosto\/","title":{"rendered":"\u2018The Hopeful\u2019 disponible para transmisi\u00f3n en Estados Unidos a partir del 23 de agosto"},"content":{"rendered":"<div id=\"attachment_118620\" style=\"width: 872px\" class=\"wp-caption aligncenter\"><img fetchpriority=\"high\" decoding=\"async\" aria-describedby=\"caption-attachment-118620\" class=\" wp-image-118618\" src=\"https:\/\/interamerica.org\/wp-content\/uploads\/2024\/08\/thumbnail-hopeful-article-1024x576.png\" alt=\"\" width=\"862\" height=\"485\" srcset=\"https:\/\/interamerica.org\/wp-content\/uploads\/2024\/08\/thumbnail-hopeful-article-1024x576.png 1024w, https:\/\/interamerica.org\/wp-content\/uploads\/2024\/08\/thumbnail-hopeful-article-300x169.png 300w, https:\/\/interamerica.org\/wp-content\/uploads\/2024\/08\/thumbnail-hopeful-article-768x432.png 768w, https:\/\/interamerica.org\/wp-content\/uploads\/2024\/08\/thumbnail-hopeful-article.png 1280w\" sizes=\"(max-width: 862px) 100vw, 862px\" \/><p id=\"caption-attachment-118620\" class=\"wp-caption-text\">Hope Channel International anuncia con gran entusiasmo que desde el 23 de agosto, la muy esperada pel\u00edcula \u201cThe Hopeful\u201d estar\u00e1 disponible \u201con demand\u201d en los Estados Unidos [Imagen: Hope Channel International]<\/p><\/div>\n<p class=\"c-post-header__subtitle\"><em>La transmisi\u00f3n en continuo de \u2018The Hopeful\u2019 estar\u00e1 disponible en Los Estados Unidos a partir del 23 de agosto del presente <\/em><\/p>\n<p>24 de agosto de 2024 | Silver Spring, Maryland, Estados Unidos | Hannah Drewieck, Hope Channel International<\/p>\n<p>Hope Channel International ha anunciado con gran entusiasmo que el 23 de agosto del presente, el muy esperado filme \u201cThe Hopeful\u201d estar\u00e1 disponible \u201con demand\u201d en los Estados Unidos. Habi\u00e9ndose colocado en la lista de las 10 pel\u00edculas m\u00e1s vistas en 900 cines de los Estados Unidos en el d\u00eda de su estreno, en el mes de abril, \u201cThe Hopeful<em>\u201d<\/em> contin\u00faa manteniendo un 93 por ciento de valoraci\u00f3n positiva en el popular sitio web de cr\u00edticos de cinematograf\u00eda, <a href=\"https:\/\/www.rottentomatoes.com\/m\/the_hopeful_2024\" target=\"_blank\" rel=\"noopener\">Rotten Tomatoes<\/a>.<\/p>\n<p>Una de las preguntas m\u00e1s comunes ha sido: \u201c\u00bfCu\u00e1ndo estar\u00e1 disponible para que yo lo pueda compartir en mi comunidad?\u201d Ahora las personas en los Estados Unidos podr\u00e1n ver la pel\u00edcula \u201con demand\u201d en su televisor o en dispositivos inteligentes.<\/p>\n<p>Entretejiendo una historia de amor y lucha, desilusi\u00f3n y eterna esperanza, \u201cThe Hopeful\u201d es mucho m\u00e1s que un deleite para el cin\u00e9filo; es parte de la aventura misionera de la cinematograf\u00eda de evangelizaci\u00f3n de Hope Channel \u2014utilizando los medios de comunicaci\u00f3n para llegar hasta las personas m\u00e1s all\u00e1 de los confines de la iglesia. Con \u201cThe Hopeful\u201d, es la primera vez que la Iglesia Adventista del S\u00e9ptimo D\u00eda ha apoyado una pel\u00edcula para que vaya a las salas de cine en toda la naci\u00f3n, seguido de su estreno internacional en Australia, Nueva Zelanda, Pap\u00faa Nueva Guinea y Fiyi el 17 de octubre.<\/p>\n<p>Sin embargo, con tan grande haza\u00f1a, muchos se han preguntado si podr\u00eda tener realmente un verdadero impacto evangelizador.<\/p>\n<p>Durante el curso del estreno cinematogr\u00e1fico de dos noches en los Estados Unidos (con aproximadamente una docena de cines que la siguieron exhibiendo durante toda una semana), este filme registr\u00f3 el tercer m\u00e1s alto promedio de asistencia de todas las pel\u00edculas que se exhib\u00edan en los Estados Unidos en ese tiempo, con algunas de sus exhibiciones registrando un lleno completo. Iglesias, asociaciones e incluso algunas academias trajeron a sus comunidades al cine para sentarse juntamente con otros espectadores del p\u00fablico en general.<\/p>\n<p><div id=\"attachment_118623\" style=\"width: 883px\" class=\"wp-caption aligncenter\"><img decoding=\"async\" aria-describedby=\"caption-attachment-118623\" class=\" wp-image-118621\" src=\"https:\/\/interamerica.org\/wp-content\/uploads\/2024\/08\/hope-img-4626-1024x768.jpeg\" alt=\"\" width=\"873\" height=\"655\" srcset=\"https:\/\/interamerica.org\/wp-content\/uploads\/2024\/08\/hope-img-4626-1024x768.jpeg 1024w, https:\/\/interamerica.org\/wp-content\/uploads\/2024\/08\/hope-img-4626-300x225.jpeg 300w, https:\/\/interamerica.org\/wp-content\/uploads\/2024\/08\/hope-img-4626-768x576.jpeg 768w, https:\/\/interamerica.org\/wp-content\/uploads\/2024\/08\/hope-img-4626-1536x1152.jpeg 1536w, https:\/\/interamerica.org\/wp-content\/uploads\/2024\/08\/hope-img-4626-2048x1536.jpeg 2048w\" sizes=\"(max-width: 873px) 100vw, 873px\" \/><p id=\"caption-attachment-118623\" class=\"wp-caption-text\">Bledi Leno, director del Centro Urbano de Misi\u00f3n Global en la Asociaci\u00f3n General habla sobre el impacto potencial del filme \u201cThe Hopeful\u201d en ciudades de todo el mundo. [Imagen: Hope Channel International]<\/p><\/div><br \/>\nAlgunos pastores, como Wayne Jamel, estuvieron preparados para responder a las preguntas que los asistentes al cine pudieran tener: \u201cDespu\u00e9s de la pel\u00edcula, cuando la gente estaba saliendo, les dije que yo era de la Iglesia Adventista del S\u00e9ptimo D\u00eda cercana. Las personas se sintieron pl\u00e1cidamente complacidas y estuvieron felices de hablar conmigo y llevar folletos de mi iglesia\u201d.<\/p>\n<p>\u201cUna de las mejores experiencias que tuve fue la de distribuir folletos, porque la gente no se molest\u00f3 como lo hubiera hecho si estuviera defendiendo la iglesia. Pudimos entablar buenas conversaciones\u201d, dijo el pastor Jamel. Despu\u00e9s de dar seguimiento a estas nuevas conexiones, el pastor Jamel inform\u00f3 que hubo crecimiento en su iglesia, incluyendo a un actor de Netflix que acudi\u00f3 al cine la noche del estreno de esta pel\u00edcula.<\/p>\n<p>En la Conferencia de Liderazgo en Red para los directores mundiales de Hope Channel, celebrada en Tailandia, Bledi Leno, director del Centro Urbano de Misi\u00f3n Global de la Asociaci\u00f3n General, habl\u00f3 sobre la importancia de llevar la misi\u00f3n a las ciudades y utilizar nuevos m\u00e9todos para llegar a las personas hasta donde se encuentren. El director Leno enfatiz\u00f3 la forma como la comunidad local de la iglesia en la ciudad de Nueva York aprovech\u00f3 la exhibici\u00f3n de la pel\u00edcula en el cine AMC de Times Square para establecer contacto con personas completamente ajenas a la historia adventista y que vieron la pel\u00edcula, invit\u00e1ndolas a aprender m\u00e1s al respecto.<\/p>\n<p>Uno de los testimonios menos esperados fue el de <a href=\"https:\/\/www.youtube.com\/watch?v=zr3KjJA1NhM\" target=\"_blank\" rel=\"noopener\">Vinny MacIsaac<\/a>. Dijo que un practicante del hinduismo se present\u00f3 en su iglesia, despu\u00e9s de haber visto \u201cThe Hopeful\u201d. Semana tras semana el hombre se reuni\u00f3 con el pastor despu\u00e9s del servicio para escuchar m\u00e1s acerca de las historias de Jes\u00fas.<\/p>\n<p>Estas son solamente unas cuantas de las historias que contin\u00faan d\u00e1ndose a conocer sobre c\u00f3mo \u201cThe Hopeful\u201d est\u00e1 llegando hasta personas no alcanzadas previamente por otros m\u00e9todos de evangelizaci\u00f3n. Como uno de los protagonistas de esta pel\u00edcula, Elena G. White, escribi\u00f3: \u201cDios elige a sus mensajeros y les da su mensaje; y dice: \u2018No se los impid\u00e1is\u2019. Deben introducirse nuevos m\u00e9todos. El pueblo de Dios debe despertar a la necesidad del tiempo en que vive\u201d. (<em>Pacific Union Recorder<\/em>, 23 de octubre de 1902).<\/p>\n<p>Esta pel\u00edcula est\u00e1 encontrando otro \u201cnuevo m\u00e9todo\u201d para llegar a nuevos espectadores v\u00eda su exhibici\u00f3n \u201con-demand\u201d, a partir del 23 de agosto. Los espectadores en los Estados Unidos pueden pulsar <a href=\"https:\/\/thehopefulmovie.com\/\" target=\"_blank\" rel=\"noopener\">TheHopefulMovie.com<\/a> a fin de ver la pel\u00edcula en su casa, escuela o iglesia. Las personas pueden inscribirse ahora para ser notificadas de su exhibici\u00f3n y recibir otras emocionantes actualizaciones. La plataforma ofrecer\u00e1 varias opciones, incluyendo una funci\u00f3n de regalo que les permite a las personas pagar en favor de otras esparciendo as\u00ed la esperanza dentro de sus comunidades.<\/p>\n<p>Utilizando esta pel\u00edcula como instrumento de evangelizaci\u00f3n, los pastores y dirigentes de ministerio pueden comprar paquetes de c\u00f3digos de transmisi\u00f3n a precio al por mayor, permiti\u00e9ndoles con ello dar a conocer la pel\u00edcula \u201cThe Hopeful\u201d en sus congregaciones y comunidades. Al hacer que los espectadores se registren para su \u201cboleto\u201d, las iglesias podr\u00e1n autom\u00e1ticamente enviar a cada asistente el estudio b\u00edblico \u201cThe Hopeful\u201d. Adem\u00e1s de esto y a trav\u00e9s del servicio Wonder Events, las iglesias podr\u00e1n organizar proyecciones de la pel\u00edcula en su medio y utilizar esos eventos como oportunidades para reunir fondos financieros para iniciativas tales como viajes misioneros y Conquistadores. Para m\u00e1s detalles, pulsa<a href=\"https:\/\/www.wonderevents.life\/movies\/the-hopeful\" target=\"_blank\" rel=\"noopener\">Wonder Events<\/a>.<\/p>\n<p>Vyacheslav Demyan, presidente de Hope Channel International, a\u00f1adi\u00f3: \u201cEl lanzamiento de \u2018The Hopeful\u2019 por transmisi\u00f3n en continuo es un hito significativo para nosotros. Encaja perfectamente con nuestra misi\u00f3n de traer esperanza a cada hogar y apoya nuestra visi\u00f3n 2030 de hacer llegar el mensaje de esperanza eterna a un bill\u00f3n de personas en todo el mundo. \u00dananse por favor a nosotros en este movimiento mundial de esperanza apoyando y dando a conocer este importante mensaje\u201d.<\/p>\n<p>El lanzamiento del filme \u201cThe Hopeful\u201d est\u00e1 apoyado por varios recursos adicionales que enriquecen la experiencia e involucraci\u00f3n del espectador. El <a href=\"https:\/\/www.reviewandherald.com\/product-page\/the-hopeful-hope-is-on-the-way\" target=\"_blank\" rel=\"noopener\">libro \u201cHope Is on the Way\u201d (La esperanza est\u00e1 en camino)<\/a> est\u00e1 disponible en copia impresa o en lector electr\u00f3nico (e-reader) en Amazon y <a href=\"https:\/\/www.adventsource.org\/store\/adult-ministries\/elder\/leadership\/steps-to-christ-the-hopeful-edition-41789\" target=\"_blank\" rel=\"noopener\">\u201cSteps to Christ: The Hopeful Edition (Camino a Cristo: Edici\u00f3n The Hopeful)<\/a>\u201d disponible en AdventSource. La m\u00fasica que acompa\u00f1a a la pel\u00edcula puede encontrarse en <a href=\"https:\/\/hope.study\/en\/\" target=\"_blank\" rel=\"noopener\">el estudio b\u00edblico interactivo <\/a> est\u00e1 disponible en Hope.Study.<\/p>\n<p><strong>Acerca de Hope Studios<\/strong><\/p>\n<p>Hope Studios, el brazo cinematogr\u00e1fico de Hope Channel International, elabora y da a conocer historias en todo el mundo a trav\u00e9s de su presencia en m\u00e1s de 100 pa\u00edses. Con su contenido enraizado en fe y valores, su misi\u00f3n trasciende el simple entretenimiento. Hope Studios se esfuerza por inspirar un cambio positivo a trav\u00e9s del lenguaje universal de la narraci\u00f3n de historias.<\/p>\n<p><strong>Acerca de Hope Channel<\/strong><\/p>\n<p>Hope Channel es una red adventista mundial de comunicaci\u00f3n que conecta globalmente a cada coraz\u00f3n con la eterna esperanza a trav\u00e9s de medios que la inspiran.<\/p>\n<p>Hope Channel produce y distribuye contenido en m\u00e1s de 100 idiomas en m\u00e1s de 80 pa\u00edses en todo el mundo, cada uno creando mensajes adaptados que suplan las necesidades espirituales de sus comunidades.<\/p>\n<p>Traducci\u00f3n \u2013 Gloria A. Castrej\u00f3n<\/p>\n","protected":false},"excerpt":{"rendered":"<p>La transmisi\u00f3n en continuo de \u2018The Hopeful\u2019 estar\u00e1 disponible en Los Estados Unidos a partir del 23 de agosto del presente 24 de agosto de 2024 | Silver Spring, Maryland,&#8230;<\/p>\n","protected":false},"author":3,"featured_media":118620,"comment_status":"closed","ping_status":"closed","sticky":false,"template":"","format":"standard","meta":{"_acf_changed":false,"footnotes":""},"categories":[14,15],"tags":[],"class_list":["post-118645","post","type-post","status-publish","format-standard","has-post-thumbnail","hentry","category-de-la-iglesia-mundial","category-rss-espanol"],"acf":[],"yoast_head":"<!-- This site is optimized with the Yoast SEO plugin v27.3 - https:\/\/yoast.com\/product\/yoast-seo-wordpress\/ -->\n<title>\u2018The Hopeful\u2019 disponible para transmisi\u00f3n en Estados Unidos a partir del 23 de agosto - Iglesia Adventista del S\u00e9ptimo D\u00eda - Divisi\u00f3n Interamericana<\/title>\n<meta name=\"robots\" content=\"index, follow, max-snippet:-1, max-image-preview:large, max-video-preview:-1\" \/>\n<link rel=\"canonical\" href=\"https:\/\/interamerica.org\/es\/2024\/08\/the-hopeful-disponible-para-transmision-en-estados-unidos-a-partir-del-23-de-agosto\/\" \/>\n<meta property=\"og:locale\" content=\"es_ES\" \/>\n<meta property=\"og:type\" content=\"article\" \/>\n<meta property=\"og:title\" content=\"\u2018The Hopeful\u2019 disponible para transmisi\u00f3n en Estados Unidos a partir del 23 de agosto - Iglesia Adventista del S\u00e9ptimo D\u00eda - Divisi\u00f3n Interamericana\" \/>\n<meta property=\"og:description\" content=\"La transmisi\u00f3n en continuo de \u2018The Hopeful\u2019 estar\u00e1 disponible en Los Estados Unidos a partir del 23 de agosto del presente 24 de agosto de 2024 | Silver Spring, Maryland,...\" \/>\n<meta property=\"og:url\" content=\"https:\/\/interamerica.org\/es\/2024\/08\/the-hopeful-disponible-para-transmision-en-estados-unidos-a-partir-del-23-de-agosto\/\" \/>\n<meta property=\"og:site_name\" content=\"Iglesia Adventista del S\u00e9ptimo D\u00eda - Divisi\u00f3n Interamericana\" \/>\n<meta property=\"article:published_time\" content=\"2024-08-26T21:45:25+00:00\" \/>\n<meta property=\"article:modified_time\" content=\"2024-08-27T14:30:21+00:00\" \/>\n<meta property=\"og:image\" content=\"https:\/\/interamerica.org\/wp-content\/uploads\/2024\/08\/thumbnail-hopeful-article.png\" \/>\n\t<meta property=\"og:image:width\" content=\"1280\" \/>\n\t<meta property=\"og:image:height\" content=\"720\" \/>\n\t<meta property=\"og:image:type\" content=\"image\/png\" \/>\n<meta name=\"author\" content=\"libna\" \/>\n<meta name=\"twitter:card\" content=\"summary_large_image\" \/>\n<meta name=\"twitter:label1\" content=\"Escrito por\" \/>\n\t<meta name=\"twitter:data1\" content=\"libna\" \/>\n\t<meta name=\"twitter:label2\" content=\"Tiempo de lectura\" \/>\n\t<meta name=\"twitter:data2\" content=\"7 minutos\" \/>\n<script type=\"application\/ld+json\" class=\"yoast-schema-graph\">{\"@context\":\"https:\\\/\\\/schema.org\",\"@graph\":[{\"@type\":\"Article\",\"@id\":\"https:\\\/\\\/interamerica.org\\\/es\\\/2024\\\/08\\\/the-hopeful-disponible-para-transmision-en-estados-unidos-a-partir-del-23-de-agosto\\\/#article\",\"isPartOf\":{\"@id\":\"https:\\\/\\\/interamerica.org\\\/es\\\/2024\\\/08\\\/the-hopeful-disponible-para-transmision-en-estados-unidos-a-partir-del-23-de-agosto\\\/\"},\"author\":{\"name\":\"libna\",\"@id\":\"https:\\\/\\\/interamerica.org\\\/es\\\/#\\\/schema\\\/person\\\/29998f2bc2d8bd0d38662909289b54f1\"},\"headline\":\"\u2018The Hopeful\u2019 disponible para transmisi\u00f3n en Estados Unidos a partir del 23 de agosto\",\"datePublished\":\"2024-08-26T21:45:25+00:00\",\"dateModified\":\"2024-08-27T14:30:21+00:00\",\"mainEntityOfPage\":{\"@id\":\"https:\\\/\\\/interamerica.org\\\/es\\\/2024\\\/08\\\/the-hopeful-disponible-para-transmision-en-estados-unidos-a-partir-del-23-de-agosto\\\/\"},\"wordCount\":1397,\"image\":{\"@id\":\"https:\\\/\\\/interamerica.org\\\/es\\\/2024\\\/08\\\/the-hopeful-disponible-para-transmision-en-estados-unidos-a-partir-del-23-de-agosto\\\/#primaryimage\"},\"thumbnailUrl\":\"https:\\\/\\\/interamerica.org\\\/wp-content\\\/uploads\\\/2024\\\/08\\\/thumbnail-hopeful-article.png\",\"articleSection\":[\"Desde la iglesia mundial\",\"RSS Espa\u00f1ol\"],\"inLanguage\":\"es\"},{\"@type\":\"WebPage\",\"@id\":\"https:\\\/\\\/interamerica.org\\\/es\\\/2024\\\/08\\\/the-hopeful-disponible-para-transmision-en-estados-unidos-a-partir-del-23-de-agosto\\\/\",\"url\":\"https:\\\/\\\/interamerica.org\\\/es\\\/2024\\\/08\\\/the-hopeful-disponible-para-transmision-en-estados-unidos-a-partir-del-23-de-agosto\\\/\",\"name\":\"\u2018The Hopeful\u2019 disponible para transmisi\u00f3n en Estados Unidos a partir del 23 de agosto - Iglesia Adventista del S\u00e9ptimo D\u00eda - Divisi\u00f3n Interamericana\",\"isPartOf\":{\"@id\":\"https:\\\/\\\/interamerica.org\\\/es\\\/#website\"},\"primaryImageOfPage\":{\"@id\":\"https:\\\/\\\/interamerica.org\\\/es\\\/2024\\\/08\\\/the-hopeful-disponible-para-transmision-en-estados-unidos-a-partir-del-23-de-agosto\\\/#primaryimage\"},\"image\":{\"@id\":\"https:\\\/\\\/interamerica.org\\\/es\\\/2024\\\/08\\\/the-hopeful-disponible-para-transmision-en-estados-unidos-a-partir-del-23-de-agosto\\\/#primaryimage\"},\"thumbnailUrl\":\"https:\\\/\\\/interamerica.org\\\/wp-content\\\/uploads\\\/2024\\\/08\\\/thumbnail-hopeful-article.png\",\"datePublished\":\"2024-08-26T21:45:25+00:00\",\"dateModified\":\"2024-08-27T14:30:21+00:00\",\"author\":{\"@id\":\"https:\\\/\\\/interamerica.org\\\/es\\\/#\\\/schema\\\/person\\\/29998f2bc2d8bd0d38662909289b54f1\"},\"breadcrumb\":{\"@id\":\"https:\\\/\\\/interamerica.org\\\/es\\\/2024\\\/08\\\/the-hopeful-disponible-para-transmision-en-estados-unidos-a-partir-del-23-de-agosto\\\/#breadcrumb\"},\"inLanguage\":\"es\",\"potentialAction\":[{\"@type\":\"ReadAction\",\"target\":[\"https:\\\/\\\/interamerica.org\\\/es\\\/2024\\\/08\\\/the-hopeful-disponible-para-transmision-en-estados-unidos-a-partir-del-23-de-agosto\\\/\"]}]},{\"@type\":\"ImageObject\",\"inLanguage\":\"es\",\"@id\":\"https:\\\/\\\/interamerica.org\\\/es\\\/2024\\\/08\\\/the-hopeful-disponible-para-transmision-en-estados-unidos-a-partir-del-23-de-agosto\\\/#primaryimage\",\"url\":\"https:\\\/\\\/interamerica.org\\\/wp-content\\\/uploads\\\/2024\\\/08\\\/thumbnail-hopeful-article.png\",\"contentUrl\":\"https:\\\/\\\/interamerica.org\\\/wp-content\\\/uploads\\\/2024\\\/08\\\/thumbnail-hopeful-article.png\",\"width\":1280,\"height\":720,\"caption\":\"Hope Channel International is excited to announce that on August 23, the highly-anticipated feature film \u201cThe Hopeful\u201d will be available on demand all across North America. [Photo: Hope Channel International]\"},{\"@type\":\"BreadcrumbList\",\"@id\":\"https:\\\/\\\/interamerica.org\\\/es\\\/2024\\\/08\\\/the-hopeful-disponible-para-transmision-en-estados-unidos-a-partir-del-23-de-agosto\\\/#breadcrumb\",\"itemListElement\":[{\"@type\":\"ListItem\",\"position\":1,\"name\":\"Home\",\"item\":\"https:\\\/\\\/interamerica.org\\\/es\\\/\"},{\"@type\":\"ListItem\",\"position\":2,\"name\":\"\u2018The Hopeful\u2019 disponible para transmisi\u00f3n en Estados Unidos a partir del 23 de agosto\"}]},{\"@type\":\"WebSite\",\"@id\":\"https:\\\/\\\/interamerica.org\\\/es\\\/#website\",\"url\":\"https:\\\/\\\/interamerica.org\\\/es\\\/\",\"name\":\"Iglesia Adventista del S\u00e9ptimo D\u00eda - Divisi\u00f3n Interamericana\",\"description\":\"\",\"potentialAction\":[{\"@type\":\"SearchAction\",\"target\":{\"@type\":\"EntryPoint\",\"urlTemplate\":\"https:\\\/\\\/interamerica.org\\\/es\\\/?s={search_term_string}\"},\"query-input\":{\"@type\":\"PropertyValueSpecification\",\"valueRequired\":true,\"valueName\":\"search_term_string\"}}],\"inLanguage\":\"es\"},{\"@type\":\"Person\",\"@id\":\"https:\\\/\\\/interamerica.org\\\/es\\\/#\\\/schema\\\/person\\\/29998f2bc2d8bd0d38662909289b54f1\",\"name\":\"libna\",\"image\":{\"@type\":\"ImageObject\",\"inLanguage\":\"es\",\"@id\":\"https:\\\/\\\/secure.gravatar.com\\\/avatar\\\/7c5bd30ae4b47a9ba3c856590957fd1d96dc588bf3ac05719d247e126840331f?s=96&d=mm&r=g\",\"url\":\"https:\\\/\\\/secure.gravatar.com\\\/avatar\\\/7c5bd30ae4b47a9ba3c856590957fd1d96dc588bf3ac05719d247e126840331f?s=96&d=mm&r=g\",\"contentUrl\":\"https:\\\/\\\/secure.gravatar.com\\\/avatar\\\/7c5bd30ae4b47a9ba3c856590957fd1d96dc588bf3ac05719d247e126840331f?s=96&d=mm&r=g\",\"caption\":\"libna\"}}]}<\/script>\n<!-- \/ Yoast SEO plugin. -->","yoast_head_json":{"title":"\u2018The Hopeful\u2019 disponible para transmisi\u00f3n en Estados Unidos a partir del 23 de agosto - Iglesia Adventista del S\u00e9ptimo D\u00eda - Divisi\u00f3n Interamericana","robots":{"index":"index","follow":"follow","max-snippet":"max-snippet:-1","max-image-preview":"max-image-preview:large","max-video-preview":"max-video-preview:-1"},"canonical":"https:\/\/interamerica.org\/es\/2024\/08\/the-hopeful-disponible-para-transmision-en-estados-unidos-a-partir-del-23-de-agosto\/","og_locale":"es_ES","og_type":"article","og_title":"\u2018The Hopeful\u2019 disponible para transmisi\u00f3n en Estados Unidos a partir del 23 de agosto - Iglesia Adventista del S\u00e9ptimo D\u00eda - Divisi\u00f3n Interamericana","og_description":"La transmisi\u00f3n en continuo de \u2018The Hopeful\u2019 estar\u00e1 disponible en Los Estados Unidos a partir del 23 de agosto del presente 24 de agosto de 2024 | Silver Spring, Maryland,...","og_url":"https:\/\/interamerica.org\/es\/2024\/08\/the-hopeful-disponible-para-transmision-en-estados-unidos-a-partir-del-23-de-agosto\/","og_site_name":"Iglesia Adventista del S\u00e9ptimo D\u00eda - Divisi\u00f3n Interamericana","article_published_time":"2024-08-26T21:45:25+00:00","article_modified_time":"2024-08-27T14:30:21+00:00","og_image":[{"width":1280,"height":720,"url":"https:\/\/interamerica.org\/wp-content\/uploads\/2024\/08\/thumbnail-hopeful-article.png","type":"image\/png"}],"author":"libna","twitter_card":"summary_large_image","twitter_misc":{"Escrito por":"libna","Tiempo de lectura":"7 minutos"},"schema":{"@context":"https:\/\/schema.org","@graph":[{"@type":"Article","@id":"https:\/\/interamerica.org\/es\/2024\/08\/the-hopeful-disponible-para-transmision-en-estados-unidos-a-partir-del-23-de-agosto\/#article","isPartOf":{"@id":"https:\/\/interamerica.org\/es\/2024\/08\/the-hopeful-disponible-para-transmision-en-estados-unidos-a-partir-del-23-de-agosto\/"},"author":{"name":"libna","@id":"https:\/\/interamerica.org\/es\/#\/schema\/person\/29998f2bc2d8bd0d38662909289b54f1"},"headline":"\u2018The Hopeful\u2019 disponible para transmisi\u00f3n en Estados Unidos a partir del 23 de agosto","datePublished":"2024-08-26T21:45:25+00:00","dateModified":"2024-08-27T14:30:21+00:00","mainEntityOfPage":{"@id":"https:\/\/interamerica.org\/es\/2024\/08\/the-hopeful-disponible-para-transmision-en-estados-unidos-a-partir-del-23-de-agosto\/"},"wordCount":1397,"image":{"@id":"https:\/\/interamerica.org\/es\/2024\/08\/the-hopeful-disponible-para-transmision-en-estados-unidos-a-partir-del-23-de-agosto\/#primaryimage"},"thumbnailUrl":"https:\/\/interamerica.org\/wp-content\/uploads\/2024\/08\/thumbnail-hopeful-article.png","articleSection":["Desde la iglesia mundial","RSS Espa\u00f1ol"],"inLanguage":"es"},{"@type":"WebPage","@id":"https:\/\/interamerica.org\/es\/2024\/08\/the-hopeful-disponible-para-transmision-en-estados-unidos-a-partir-del-23-de-agosto\/","url":"https:\/\/interamerica.org\/es\/2024\/08\/the-hopeful-disponible-para-transmision-en-estados-unidos-a-partir-del-23-de-agosto\/","name":"\u2018The Hopeful\u2019 disponible para transmisi\u00f3n en Estados Unidos a partir del 23 de agosto - Iglesia Adventista del S\u00e9ptimo D\u00eda - Divisi\u00f3n Interamericana","isPartOf":{"@id":"https:\/\/interamerica.org\/es\/#website"},"primaryImageOfPage":{"@id":"https:\/\/interamerica.org\/es\/2024\/08\/the-hopeful-disponible-para-transmision-en-estados-unidos-a-partir-del-23-de-agosto\/#primaryimage"},"image":{"@id":"https:\/\/interamerica.org\/es\/2024\/08\/the-hopeful-disponible-para-transmision-en-estados-unidos-a-partir-del-23-de-agosto\/#primaryimage"},"thumbnailUrl":"https:\/\/interamerica.org\/wp-content\/uploads\/2024\/08\/thumbnail-hopeful-article.png","datePublished":"2024-08-26T21:45:25+00:00","dateModified":"2024-08-27T14:30:21+00:00","author":{"@id":"https:\/\/interamerica.org\/es\/#\/schema\/person\/29998f2bc2d8bd0d38662909289b54f1"},"breadcrumb":{"@id":"https:\/\/interamerica.org\/es\/2024\/08\/the-hopeful-disponible-para-transmision-en-estados-unidos-a-partir-del-23-de-agosto\/#breadcrumb"},"inLanguage":"es","potentialAction":[{"@type":"ReadAction","target":["https:\/\/interamerica.org\/es\/2024\/08\/the-hopeful-disponible-para-transmision-en-estados-unidos-a-partir-del-23-de-agosto\/"]}]},{"@type":"ImageObject","inLanguage":"es","@id":"https:\/\/interamerica.org\/es\/2024\/08\/the-hopeful-disponible-para-transmision-en-estados-unidos-a-partir-del-23-de-agosto\/#primaryimage","url":"https:\/\/interamerica.org\/wp-content\/uploads\/2024\/08\/thumbnail-hopeful-article.png","contentUrl":"https:\/\/interamerica.org\/wp-content\/uploads\/2024\/08\/thumbnail-hopeful-article.png","width":1280,"height":720,"caption":"Hope Channel International is excited to announce that on August 23, the highly-anticipated feature film \u201cThe Hopeful\u201d will be available on demand all across North America. [Photo: Hope Channel International]"},{"@type":"BreadcrumbList","@id":"https:\/\/interamerica.org\/es\/2024\/08\/the-hopeful-disponible-para-transmision-en-estados-unidos-a-partir-del-23-de-agosto\/#breadcrumb","itemListElement":[{"@type":"ListItem","position":1,"name":"Home","item":"https:\/\/interamerica.org\/es\/"},{"@type":"ListItem","position":2,"name":"\u2018The Hopeful\u2019 disponible para transmisi\u00f3n en Estados Unidos a partir del 23 de agosto"}]},{"@type":"WebSite","@id":"https:\/\/interamerica.org\/es\/#website","url":"https:\/\/interamerica.org\/es\/","name":"Iglesia Adventista del S\u00e9ptimo D\u00eda - Divisi\u00f3n Interamericana","description":"","potentialAction":[{"@type":"SearchAction","target":{"@type":"EntryPoint","urlTemplate":"https:\/\/interamerica.org\/es\/?s={search_term_string}"},"query-input":{"@type":"PropertyValueSpecification","valueRequired":true,"valueName":"search_term_string"}}],"inLanguage":"es"},{"@type":"Person","@id":"https:\/\/interamerica.org\/es\/#\/schema\/person\/29998f2bc2d8bd0d38662909289b54f1","name":"libna","image":{"@type":"ImageObject","inLanguage":"es","@id":"https:\/\/secure.gravatar.com\/avatar\/7c5bd30ae4b47a9ba3c856590957fd1d96dc588bf3ac05719d247e126840331f?s=96&d=mm&r=g","url":"https:\/\/secure.gravatar.com\/avatar\/7c5bd30ae4b47a9ba3c856590957fd1d96dc588bf3ac05719d247e126840331f?s=96&d=mm&r=g","contentUrl":"https:\/\/secure.gravatar.com\/avatar\/7c5bd30ae4b47a9ba3c856590957fd1d96dc588bf3ac05719d247e126840331f?s=96&d=mm&r=g","caption":"libna"}}]}},"_links":{"self":[{"href":"https:\/\/interamerica.org\/es\/wp-json\/wp\/v2\/posts\/118645","targetHints":{"allow":["GET"]}}],"collection":[{"href":"https:\/\/interamerica.org\/es\/wp-json\/wp\/v2\/posts"}],"about":[{"href":"https:\/\/interamerica.org\/es\/wp-json\/wp\/v2\/types\/post"}],"author":[{"embeddable":true,"href":"https:\/\/interamerica.org\/es\/wp-json\/wp\/v2\/users\/3"}],"replies":[{"embeddable":true,"href":"https:\/\/interamerica.org\/es\/wp-json\/wp\/v2\/comments?post=118645"}],"version-history":[{"count":0,"href":"https:\/\/interamerica.org\/es\/wp-json\/wp\/v2\/posts\/118645\/revisions"}],"wp:featuredmedia":[{"embeddable":true,"href":"https:\/\/interamerica.org\/es\/wp-json\/wp\/v2\/media\/118620"}],"wp:attachment":[{"href":"https:\/\/interamerica.org\/es\/wp-json\/wp\/v2\/media?parent=118645"}],"wp:term":[{"taxonomy":"category","embeddable":true,"href":"https:\/\/interamerica.org\/es\/wp-json\/wp\/v2\/categories?post=118645"},{"taxonomy":"post_tag","embeddable":true,"href":"https:\/\/interamerica.org\/es\/wp-json\/wp\/v2\/tags?post=118645"}],"curies":[{"name":"wp","href":"https:\/\/api.w.org\/{rel}","templated":true}]}}