{"id":11887,"date":"2011-09-18T00:00:00","date_gmt":"2011-09-18T04:00:00","guid":{"rendered":"http:\/\/192.81.217.108\/interamerica\/2011\/09\/revista-message-tendra-presencia-en-los-quioscos-de-revistas-a-nivel-nacional\/"},"modified":"2017-06-02T08:47:54","modified_gmt":"2017-06-02T12:47:54","slug":"revista-message-tendra-presencia-en-los-quioscos-de-revistas-a-nivel-nacional","status":"publish","type":"post","link":"https:\/\/interamerica.org\/es\/2011\/09\/revista-message-tendra-presencia-en-los-quioscos-de-revistas-a-nivel-nacional\/","title":{"rendered":"Revista Message tendr\u00e1 presencia en los quioscos de revistas a nivel nacional"},"content":{"rendered":"<p>Silver Spring, Maryland, Estados Unidos, 18 de septiembre de 2011&#8230; Mark A. Kellner, editor de noticias de Adventist Review <br  \/><\/p>\n<p>Una revista misionera adventista del s\u00e9ptimo d\u00eda pronto estar\u00e1 disponible en quioscos de revistas en todo Estados Unidos. <\/p>\n<p>Message, originalmente publicada en 1898 como The Gospel Herald, tiene una audiencia afroamericana como su grupo demogr\u00e1fico principal, aunque la publicaci\u00f3n es bien recibida en otras comunidades, dijo Samuel Thomas, Jr., director de mercadeo de la revista. <\/p>\n<p>\u201cDesde la \u00faltima parte de 2007, el departamento de mercadeo de Message en conjunto con el editor, Washington Johnson II, ha perseguido un objetivo particular de alcanzar las masas de nuestros centros metropolitanos m\u00e1s efectivamente\u201d, dijo Thomas. \u201cComo objetivo constante, esta misi\u00f3n ha ido acompa\u00f1ada de oraci\u00f3n persistente\u201d. <br  \/><\/p>\n<p>\u201cLo que comenz\u00f3 como un contacto casual con la oficina de mercadeo de Message de parte de Ingram Publishing promete abrir de un golpe el mercado urbano para que receptores no cristianos y otros receptores cristianos entren en contacto con nuestra publicaci\u00f3n\u201d, subray\u00f3 Thomas. Johnson, editor de la revista, a\u00f1adi\u00f3 que \u201ceste es un d\u00eda que nunca anticipamos, pero muestra el poder de Dios para difundir el mensaje  en estas \u00faltimas horas de la historia de la tierra\u201d. <br  \/><\/p>\n<p>Thomas dijo que la decisi\u00f3n de incluir la distribuci\u00f3n en quioscos de revistas tiene dos objetivos: \u201cPrimero que todo, recibir una presencia mayor entre los lectores a nivel general, y segundo, expandir la capacidad de Message para comprobar su valor evangel\u00edstico entre sus miembros. Cuanto m\u00e1s comprobemos su valor, tanto m\u00e1s tendremos la capacidad de expandir su aplicaci\u00f3n y complementar proyectos misioneros\u201d. <br  \/><\/p>\n<p>Message tiene una circulaci\u00f3n paga de 56.000 copias, explic\u00f3 Thomas, y generalmente imprime unas 19,000 copias adicionales de cada edici\u00f3n, las cuales \u00e9l indic\u00f3 que \u201cse venden\u201d para ser usadas en evangelismo y otros proyectos misioneros. En los pasados dos a\u00f1os, tres campa\u00f1as independientes de la revista Message \u2013durante la inauguraci\u00f3n del Barack Obama como presidente de los Estados Unidos; el Congreso de la Asociaci\u00f3n General en Atlanta en el a\u00f1o 2010; y el Congreso de Juventud Unida en 2011, celebrado en Orlando, Florida\u2014han visto la distribuci\u00f3n al p\u00fablico de 100,000 ediciones especiales. <br  \/><\/p>\n<p>\u201cCuando t\u00fa tienes una revista atractiva, as\u00ed como una que captura eventos y asuntos de actualidad, esa revista resonar\u00e1 en el p\u00fablico, especialmente con aquellos que no son cristianos\u201d, dijo Thomas.<\/p>\n<\/p>\n<p>Traducci\u00f3n: Abraham Guerrero <br  \/><\/p>\n","protected":false},"excerpt":{"rendered":"<p>Una revista misionera adventista del s\u00e9ptimo d\u00eda pronto estar\u00e1 disponible en quioscos de revistas en todo Estados Unidos.<\/p>\n","protected":false},"author":1,"featured_media":0,"comment_status":"closed","ping_status":"closed","sticky":false,"template":"","format":"standard","meta":{"_acf_changed":false,"footnotes":""},"categories":[8],"tags":[],"class_list":["post-11887","post","type-post","status-publish","format-standard","hentry","category-archivo"],"acf":[],"yoast_head":"<!-- This site is optimized with the Yoast SEO plugin v27.3 - https:\/\/yoast.com\/product\/yoast-seo-wordpress\/ -->\n<title>Revista Message tendr\u00e1 presencia en los quioscos de revistas a nivel nacional - Iglesia Adventista del S\u00e9ptimo D\u00eda - Divisi\u00f3n Interamericana<\/title>\n<meta name=\"robots\" content=\"index, follow, max-snippet:-1, max-image-preview:large, max-video-preview:-1\" \/>\n<link rel=\"canonical\" href=\"https:\/\/interamerica.org\/es\/2011\/09\/revista-message-tendra-presencia-en-los-quioscos-de-revistas-a-nivel-nacional\/\" \/>\n<meta property=\"og:locale\" content=\"es_ES\" \/>\n<meta property=\"og:type\" content=\"article\" \/>\n<meta property=\"og:title\" content=\"Revista Message tendr\u00e1 presencia en los quioscos de revistas a nivel nacional - Iglesia Adventista del S\u00e9ptimo D\u00eda - Divisi\u00f3n Interamericana\" \/>\n<meta property=\"og:description\" content=\"Una revista misionera adventista del s\u00e9ptimo d\u00eda pronto estar\u00e1 disponible en quioscos de revistas en todo Estados Unidos.\" \/>\n<meta property=\"og:url\" content=\"https:\/\/interamerica.org\/es\/2011\/09\/revista-message-tendra-presencia-en-los-quioscos-de-revistas-a-nivel-nacional\/\" \/>\n<meta property=\"og:site_name\" content=\"Iglesia Adventista del S\u00e9ptimo D\u00eda - Divisi\u00f3n Interamericana\" \/>\n<meta property=\"article:published_time\" content=\"2011-09-18T04:00:00+00:00\" \/>\n<meta property=\"article:modified_time\" content=\"2017-06-02T12:47:54+00:00\" \/>\n<meta name=\"author\" content=\"Lorenzo Verduzco\" \/>\n<meta name=\"twitter:card\" content=\"summary_large_image\" \/>\n<meta name=\"twitter:label1\" content=\"Escrito por\" \/>\n\t<meta name=\"twitter:data1\" content=\"Lorenzo Verduzco\" \/>\n\t<meta name=\"twitter:label2\" content=\"Tiempo de lectura\" \/>\n\t<meta name=\"twitter:data2\" content=\"2 minutos\" \/>\n<script type=\"application\/ld+json\" class=\"yoast-schema-graph\">{\"@context\":\"https:\\\/\\\/schema.org\",\"@graph\":[{\"@type\":\"Article\",\"@id\":\"https:\\\/\\\/interamerica.org\\\/es\\\/2011\\\/09\\\/revista-message-tendra-presencia-en-los-quioscos-de-revistas-a-nivel-nacional\\\/#article\",\"isPartOf\":{\"@id\":\"https:\\\/\\\/interamerica.org\\\/es\\\/2011\\\/09\\\/revista-message-tendra-presencia-en-los-quioscos-de-revistas-a-nivel-nacional\\\/\"},\"author\":{\"name\":\"Lorenzo Verduzco\",\"@id\":\"https:\\\/\\\/interamerica.org\\\/es\\\/#\\\/schema\\\/person\\\/68ede8bdc292885bb76c1e3810e73c39\"},\"headline\":\"Revista Message tendr\u00e1 presencia en los quioscos de revistas a nivel nacional\",\"datePublished\":\"2011-09-18T04:00:00+00:00\",\"dateModified\":\"2017-06-02T12:47:54+00:00\",\"mainEntityOfPage\":{\"@id\":\"https:\\\/\\\/interamerica.org\\\/es\\\/2011\\\/09\\\/revista-message-tendra-presencia-en-los-quioscos-de-revistas-a-nivel-nacional\\\/\"},\"wordCount\":421,\"articleSection\":[\"Archivo\"],\"inLanguage\":\"es\"},{\"@type\":\"WebPage\",\"@id\":\"https:\\\/\\\/interamerica.org\\\/es\\\/2011\\\/09\\\/revista-message-tendra-presencia-en-los-quioscos-de-revistas-a-nivel-nacional\\\/\",\"url\":\"https:\\\/\\\/interamerica.org\\\/es\\\/2011\\\/09\\\/revista-message-tendra-presencia-en-los-quioscos-de-revistas-a-nivel-nacional\\\/\",\"name\":\"Revista Message tendr\u00e1 presencia en los quioscos de revistas a nivel nacional - Iglesia Adventista del S\u00e9ptimo D\u00eda - Divisi\u00f3n Interamericana\",\"isPartOf\":{\"@id\":\"https:\\\/\\\/interamerica.org\\\/es\\\/#website\"},\"datePublished\":\"2011-09-18T04:00:00+00:00\",\"dateModified\":\"2017-06-02T12:47:54+00:00\",\"author\":{\"@id\":\"https:\\\/\\\/interamerica.org\\\/es\\\/#\\\/schema\\\/person\\\/68ede8bdc292885bb76c1e3810e73c39\"},\"breadcrumb\":{\"@id\":\"https:\\\/\\\/interamerica.org\\\/es\\\/2011\\\/09\\\/revista-message-tendra-presencia-en-los-quioscos-de-revistas-a-nivel-nacional\\\/#breadcrumb\"},\"inLanguage\":\"es\",\"potentialAction\":[{\"@type\":\"ReadAction\",\"target\":[\"https:\\\/\\\/interamerica.org\\\/es\\\/2011\\\/09\\\/revista-message-tendra-presencia-en-los-quioscos-de-revistas-a-nivel-nacional\\\/\"]}]},{\"@type\":\"BreadcrumbList\",\"@id\":\"https:\\\/\\\/interamerica.org\\\/es\\\/2011\\\/09\\\/revista-message-tendra-presencia-en-los-quioscos-de-revistas-a-nivel-nacional\\\/#breadcrumb\",\"itemListElement\":[{\"@type\":\"ListItem\",\"position\":1,\"name\":\"Home\",\"item\":\"https:\\\/\\\/interamerica.org\\\/es\\\/\"},{\"@type\":\"ListItem\",\"position\":2,\"name\":\"Revista Message tendr\u00e1 presencia en los quioscos de revistas a nivel nacional\"}]},{\"@type\":\"WebSite\",\"@id\":\"https:\\\/\\\/interamerica.org\\\/es\\\/#website\",\"url\":\"https:\\\/\\\/interamerica.org\\\/es\\\/\",\"name\":\"Iglesia Adventista del S\u00e9ptimo D\u00eda - Divisi\u00f3n Interamericana\",\"description\":\"\",\"potentialAction\":[{\"@type\":\"SearchAction\",\"target\":{\"@type\":\"EntryPoint\",\"urlTemplate\":\"https:\\\/\\\/interamerica.org\\\/es\\\/?s={search_term_string}\"},\"query-input\":{\"@type\":\"PropertyValueSpecification\",\"valueRequired\":true,\"valueName\":\"search_term_string\"}}],\"inLanguage\":\"es\"},{\"@type\":\"Person\",\"@id\":\"https:\\\/\\\/interamerica.org\\\/es\\\/#\\\/schema\\\/person\\\/68ede8bdc292885bb76c1e3810e73c39\",\"name\":\"Lorenzo Verduzco\",\"image\":{\"@type\":\"ImageObject\",\"inLanguage\":\"es\",\"@id\":\"https:\\\/\\\/secure.gravatar.com\\\/avatar\\\/fb81a55b6218459490a9c1dc841a34909185b81904c5337b4b27f7a6fd60c49e?s=96&d=mm&r=g\",\"url\":\"https:\\\/\\\/secure.gravatar.com\\\/avatar\\\/fb81a55b6218459490a9c1dc841a34909185b81904c5337b4b27f7a6fd60c49e?s=96&d=mm&r=g\",\"contentUrl\":\"https:\\\/\\\/secure.gravatar.com\\\/avatar\\\/fb81a55b6218459490a9c1dc841a34909185b81904c5337b4b27f7a6fd60c49e?s=96&d=mm&r=g\",\"caption\":\"Lorenzo Verduzco\"}}]}<\/script>\n<!-- \/ Yoast SEO plugin. -->","yoast_head_json":{"title":"Revista Message tendr\u00e1 presencia en los quioscos de revistas a nivel nacional - Iglesia Adventista del S\u00e9ptimo D\u00eda - Divisi\u00f3n Interamericana","robots":{"index":"index","follow":"follow","max-snippet":"max-snippet:-1","max-image-preview":"max-image-preview:large","max-video-preview":"max-video-preview:-1"},"canonical":"https:\/\/interamerica.org\/es\/2011\/09\/revista-message-tendra-presencia-en-los-quioscos-de-revistas-a-nivel-nacional\/","og_locale":"es_ES","og_type":"article","og_title":"Revista Message tendr\u00e1 presencia en los quioscos de revistas a nivel nacional - Iglesia Adventista del S\u00e9ptimo D\u00eda - Divisi\u00f3n Interamericana","og_description":"Una revista misionera adventista del s\u00e9ptimo d\u00eda pronto estar\u00e1 disponible en quioscos de revistas en todo Estados Unidos.","og_url":"https:\/\/interamerica.org\/es\/2011\/09\/revista-message-tendra-presencia-en-los-quioscos-de-revistas-a-nivel-nacional\/","og_site_name":"Iglesia Adventista del S\u00e9ptimo D\u00eda - Divisi\u00f3n Interamericana","article_published_time":"2011-09-18T04:00:00+00:00","article_modified_time":"2017-06-02T12:47:54+00:00","author":"Lorenzo Verduzco","twitter_card":"summary_large_image","twitter_misc":{"Escrito por":"Lorenzo Verduzco","Tiempo de lectura":"2 minutos"},"schema":{"@context":"https:\/\/schema.org","@graph":[{"@type":"Article","@id":"https:\/\/interamerica.org\/es\/2011\/09\/revista-message-tendra-presencia-en-los-quioscos-de-revistas-a-nivel-nacional\/#article","isPartOf":{"@id":"https:\/\/interamerica.org\/es\/2011\/09\/revista-message-tendra-presencia-en-los-quioscos-de-revistas-a-nivel-nacional\/"},"author":{"name":"Lorenzo Verduzco","@id":"https:\/\/interamerica.org\/es\/#\/schema\/person\/68ede8bdc292885bb76c1e3810e73c39"},"headline":"Revista Message tendr\u00e1 presencia en los quioscos de revistas a nivel nacional","datePublished":"2011-09-18T04:00:00+00:00","dateModified":"2017-06-02T12:47:54+00:00","mainEntityOfPage":{"@id":"https:\/\/interamerica.org\/es\/2011\/09\/revista-message-tendra-presencia-en-los-quioscos-de-revistas-a-nivel-nacional\/"},"wordCount":421,"articleSection":["Archivo"],"inLanguage":"es"},{"@type":"WebPage","@id":"https:\/\/interamerica.org\/es\/2011\/09\/revista-message-tendra-presencia-en-los-quioscos-de-revistas-a-nivel-nacional\/","url":"https:\/\/interamerica.org\/es\/2011\/09\/revista-message-tendra-presencia-en-los-quioscos-de-revistas-a-nivel-nacional\/","name":"Revista Message tendr\u00e1 presencia en los quioscos de revistas a nivel nacional - Iglesia Adventista del S\u00e9ptimo D\u00eda - Divisi\u00f3n Interamericana","isPartOf":{"@id":"https:\/\/interamerica.org\/es\/#website"},"datePublished":"2011-09-18T04:00:00+00:00","dateModified":"2017-06-02T12:47:54+00:00","author":{"@id":"https:\/\/interamerica.org\/es\/#\/schema\/person\/68ede8bdc292885bb76c1e3810e73c39"},"breadcrumb":{"@id":"https:\/\/interamerica.org\/es\/2011\/09\/revista-message-tendra-presencia-en-los-quioscos-de-revistas-a-nivel-nacional\/#breadcrumb"},"inLanguage":"es","potentialAction":[{"@type":"ReadAction","target":["https:\/\/interamerica.org\/es\/2011\/09\/revista-message-tendra-presencia-en-los-quioscos-de-revistas-a-nivel-nacional\/"]}]},{"@type":"BreadcrumbList","@id":"https:\/\/interamerica.org\/es\/2011\/09\/revista-message-tendra-presencia-en-los-quioscos-de-revistas-a-nivel-nacional\/#breadcrumb","itemListElement":[{"@type":"ListItem","position":1,"name":"Home","item":"https:\/\/interamerica.org\/es\/"},{"@type":"ListItem","position":2,"name":"Revista Message tendr\u00e1 presencia en los quioscos de revistas a nivel nacional"}]},{"@type":"WebSite","@id":"https:\/\/interamerica.org\/es\/#website","url":"https:\/\/interamerica.org\/es\/","name":"Iglesia Adventista del S\u00e9ptimo D\u00eda - Divisi\u00f3n Interamericana","description":"","potentialAction":[{"@type":"SearchAction","target":{"@type":"EntryPoint","urlTemplate":"https:\/\/interamerica.org\/es\/?s={search_term_string}"},"query-input":{"@type":"PropertyValueSpecification","valueRequired":true,"valueName":"search_term_string"}}],"inLanguage":"es"},{"@type":"Person","@id":"https:\/\/interamerica.org\/es\/#\/schema\/person\/68ede8bdc292885bb76c1e3810e73c39","name":"Lorenzo Verduzco","image":{"@type":"ImageObject","inLanguage":"es","@id":"https:\/\/secure.gravatar.com\/avatar\/fb81a55b6218459490a9c1dc841a34909185b81904c5337b4b27f7a6fd60c49e?s=96&d=mm&r=g","url":"https:\/\/secure.gravatar.com\/avatar\/fb81a55b6218459490a9c1dc841a34909185b81904c5337b4b27f7a6fd60c49e?s=96&d=mm&r=g","contentUrl":"https:\/\/secure.gravatar.com\/avatar\/fb81a55b6218459490a9c1dc841a34909185b81904c5337b4b27f7a6fd60c49e?s=96&d=mm&r=g","caption":"Lorenzo Verduzco"}}]}},"_links":{"self":[{"href":"https:\/\/interamerica.org\/es\/wp-json\/wp\/v2\/posts\/11887","targetHints":{"allow":["GET"]}}],"collection":[{"href":"https:\/\/interamerica.org\/es\/wp-json\/wp\/v2\/posts"}],"about":[{"href":"https:\/\/interamerica.org\/es\/wp-json\/wp\/v2\/types\/post"}],"author":[{"embeddable":true,"href":"https:\/\/interamerica.org\/es\/wp-json\/wp\/v2\/users\/1"}],"replies":[{"embeddable":true,"href":"https:\/\/interamerica.org\/es\/wp-json\/wp\/v2\/comments?post=11887"}],"version-history":[{"count":0,"href":"https:\/\/interamerica.org\/es\/wp-json\/wp\/v2\/posts\/11887\/revisions"}],"wp:attachment":[{"href":"https:\/\/interamerica.org\/es\/wp-json\/wp\/v2\/media?parent=11887"}],"wp:term":[{"taxonomy":"category","embeddable":true,"href":"https:\/\/interamerica.org\/es\/wp-json\/wp\/v2\/categories?post=11887"},{"taxonomy":"post_tag","embeddable":true,"href":"https:\/\/interamerica.org\/es\/wp-json\/wp\/v2\/tags?post=11887"}],"curies":[{"name":"wp","href":"https:\/\/api.w.org\/{rel}","templated":true}]}}