{"id":11889,"date":"2011-10-03T00:00:00","date_gmt":"2011-10-03T04:00:00","guid":{"rendered":"http:\/\/192.81.217.108\/interamerica\/2011\/10\/posible-voto-del-concilio-anual-cambiaria-la-iglesia\/"},"modified":"2017-06-02T08:47:53","modified_gmt":"2017-06-02T12:47:53","slug":"posible-voto-del-concilio-anual-cambiaria-la-iglesia","status":"publish","type":"post","link":"https:\/\/interamerica.org\/es\/2011\/10\/posible-voto-del-concilio-anual-cambiaria-la-iglesia\/","title":{"rendered":"Posible voto del Concilio Anual cambiar\u00eda la iglesia"},"content":{"rendered":"<p>Silver Spring, Maryland, Estados Unidos &#8211; 3 de octubre, 2011 &#8230; Ansel Oliver\/ANN <\/p>\n<p>Se espera que los principales oficiales de la iglesia adventista del s\u00e9ptimo d\u00eda voten la pr\u00f3xima semana sobre un viraje de asuntos de negocios, incluyendo un cambio estructural de las operaciones en el Medio Oriente y el sitio de la Sesi\u00f3n 2020 de la Asociaci\u00f3n General. <\/p>\n<p>Reunidos para reuniones de negocio anuales, el Comit\u00e9 Ejecutivo de la iglesia adventista se espera que tambi\u00e9n presencie el lanzamiento de una iniciativa mundial evangelizadora del \u00e1rea urbana, dijo Orville Parchment, asistente para el presidente de la iglesia a nivel mundial, Ted N.C. Wilson. Wilson animar\u00e1 la participaci\u00f3n en la iniciativa en cada una de las 13 divisiones mundiales de la organizaci\u00f3n durante su serm\u00f3n del s\u00e1bado 8 de octubre, dijo Parchment. <\/p>\n<p>El comit\u00e9 est\u00e1 programado para conducir reuniones de negocios empezando el domingo en el Concilio Anual, que est\u00e1 en programa del 7 al 12 de octubre. Se tendr\u00e1n reuniones en el edificio de la sede de la organizaci\u00f3n en Silver Spring, Maryland, Estados Unidos. <\/p>\n<p>El comit\u00e9 est\u00e1 compuesto de m\u00e1s de 300 ejecutivos de la iglesia, pastores y miembros laicos. <\/p>\n<p>No se adelanta copia de la agenda de reuni\u00f3n al p\u00fablico debido a que no est\u00e1 terminada hasta ser aprobada por el comit\u00e9 al inicio de los negocios. <\/p>\n<p>Oficiales de la iglesia confirmaron que esos puntos est\u00e1n puestos en la agenda, pero detalles espec\u00edficos no est\u00e1n siendo dados todav\u00eda porque los miembros del comit\u00e9 necesitan escuchar y votar sobre los asuntos antes, dijeron ellos. Otros puntos de agenda probables incluyen: <\/p>\n<p>El lanzamiento del Proyecto Gran Esperanza, un programa para la distribuci\u00f3n masiva del libro \u00abEl conflicto de los siglos\u00bb escrito por la co-fundadora de la iglesia, Elena G. White. <\/p>\n<p>Medio d\u00eda de capacitaci\u00f3n en desarrollo de liderazgo. <\/p>\n<p>Una demostraci\u00f3n de c\u00f3mo algunas regiones podr\u00edan requerir an\u00e1lisis de membrec\u00eda adicional debido a la tasa de mortalidad que se muestra muy diferente a las tasas de mortalidad locales de la poblaci\u00f3n general. <\/p>\n<p>Un anuncio de investigaci\u00f3n lanzado hace poco para guiar la planeaci\u00f3n estrat\u00e9gica del futuro. Los estudios examinar\u00e1n los empleados de la iglesia, miembros y antiguos miembros. Los investigadores estudiar\u00e1n sus patrones de vida espiritual personal, as\u00ed como sus opiniones de la iglesia y sus operaciones. <\/p>\n<p>Una discusi\u00f3n de una solicitud de las Divisiones Norteamericana y Trans Europea por una variaci\u00f3n al requerimiento de que los presidentes de las asociaciones sean ministros ordenados. <\/p>\n<p>Una discusi\u00f3n continuada de la Reuni\u00f3n de Primavera sobre c\u00f3mo la administraci\u00f3n de la iglesia puede ser m\u00e1s transparente y responsable. <\/p>\n<p>Traducci\u00f3n: Aleida Romero <\/p>\n","protected":false},"excerpt":{"rendered":"<p>Se espera que los principales oficiales de la iglesia adventista del s\u00e9ptimo d\u00eda voten la pr\u00f3xima semana sobre un viraje de asuntos de negocios, incluyendo un cambio estructural de las operaciones en el Medio Oriente y el sitio de la<\/p>\n","protected":false},"author":1,"featured_media":0,"comment_status":"closed","ping_status":"closed","sticky":false,"template":"","format":"standard","meta":{"_acf_changed":false,"footnotes":""},"categories":[8],"tags":[],"class_list":["post-11889","post","type-post","status-publish","format-standard","hentry","category-archivo"],"acf":[],"yoast_head":"<!-- This site is optimized with the Yoast SEO plugin v27.3 - https:\/\/yoast.com\/product\/yoast-seo-wordpress\/ -->\n<title>Posible voto del Concilio Anual cambiar\u00eda la iglesia - Iglesia Adventista del S\u00e9ptimo D\u00eda - Divisi\u00f3n Interamericana<\/title>\n<meta name=\"robots\" content=\"index, follow, max-snippet:-1, max-image-preview:large, max-video-preview:-1\" \/>\n<link rel=\"canonical\" href=\"https:\/\/interamerica.org\/es\/2011\/10\/posible-voto-del-concilio-anual-cambiaria-la-iglesia\/\" \/>\n<meta property=\"og:locale\" content=\"es_ES\" \/>\n<meta property=\"og:type\" content=\"article\" \/>\n<meta property=\"og:title\" content=\"Posible voto del Concilio Anual cambiar\u00eda la iglesia - Iglesia Adventista del S\u00e9ptimo D\u00eda - Divisi\u00f3n Interamericana\" \/>\n<meta property=\"og:description\" content=\"Se espera que los principales oficiales de la iglesia adventista del s\u00e9ptimo d\u00eda voten la pr\u00f3xima semana sobre un viraje de asuntos de negocios, incluyendo un cambio estructural de las operaciones en el Medio Oriente y el sitio de la\" \/>\n<meta property=\"og:url\" content=\"https:\/\/interamerica.org\/es\/2011\/10\/posible-voto-del-concilio-anual-cambiaria-la-iglesia\/\" \/>\n<meta property=\"og:site_name\" content=\"Iglesia Adventista del S\u00e9ptimo D\u00eda - Divisi\u00f3n Interamericana\" \/>\n<meta property=\"article:published_time\" content=\"2011-10-03T04:00:00+00:00\" \/>\n<meta property=\"article:modified_time\" content=\"2017-06-02T12:47:53+00:00\" \/>\n<meta name=\"author\" content=\"Lorenzo Verduzco\" \/>\n<meta name=\"twitter:card\" content=\"summary_large_image\" \/>\n<meta name=\"twitter:label1\" content=\"Escrito por\" \/>\n\t<meta name=\"twitter:data1\" content=\"Lorenzo Verduzco\" \/>\n\t<meta name=\"twitter:label2\" content=\"Tiempo de lectura\" \/>\n\t<meta name=\"twitter:data2\" content=\"2 minutos\" \/>\n<script type=\"application\/ld+json\" class=\"yoast-schema-graph\">{\"@context\":\"https:\\\/\\\/schema.org\",\"@graph\":[{\"@type\":\"Article\",\"@id\":\"https:\\\/\\\/interamerica.org\\\/es\\\/2011\\\/10\\\/posible-voto-del-concilio-anual-cambiaria-la-iglesia\\\/#article\",\"isPartOf\":{\"@id\":\"https:\\\/\\\/interamerica.org\\\/es\\\/2011\\\/10\\\/posible-voto-del-concilio-anual-cambiaria-la-iglesia\\\/\"},\"author\":{\"name\":\"Lorenzo Verduzco\",\"@id\":\"https:\\\/\\\/interamerica.org\\\/es\\\/#\\\/schema\\\/person\\\/68ede8bdc292885bb76c1e3810e73c39\"},\"headline\":\"Posible voto del Concilio Anual cambiar\u00eda la iglesia\",\"datePublished\":\"2011-10-03T04:00:00+00:00\",\"dateModified\":\"2017-06-02T12:47:53+00:00\",\"mainEntityOfPage\":{\"@id\":\"https:\\\/\\\/interamerica.org\\\/es\\\/2011\\\/10\\\/posible-voto-del-concilio-anual-cambiaria-la-iglesia\\\/\"},\"wordCount\":470,\"articleSection\":[\"Archivo\"],\"inLanguage\":\"es\"},{\"@type\":\"WebPage\",\"@id\":\"https:\\\/\\\/interamerica.org\\\/es\\\/2011\\\/10\\\/posible-voto-del-concilio-anual-cambiaria-la-iglesia\\\/\",\"url\":\"https:\\\/\\\/interamerica.org\\\/es\\\/2011\\\/10\\\/posible-voto-del-concilio-anual-cambiaria-la-iglesia\\\/\",\"name\":\"Posible voto del Concilio Anual cambiar\u00eda la iglesia - Iglesia Adventista del S\u00e9ptimo D\u00eda - Divisi\u00f3n Interamericana\",\"isPartOf\":{\"@id\":\"https:\\\/\\\/interamerica.org\\\/es\\\/#website\"},\"datePublished\":\"2011-10-03T04:00:00+00:00\",\"dateModified\":\"2017-06-02T12:47:53+00:00\",\"author\":{\"@id\":\"https:\\\/\\\/interamerica.org\\\/es\\\/#\\\/schema\\\/person\\\/68ede8bdc292885bb76c1e3810e73c39\"},\"breadcrumb\":{\"@id\":\"https:\\\/\\\/interamerica.org\\\/es\\\/2011\\\/10\\\/posible-voto-del-concilio-anual-cambiaria-la-iglesia\\\/#breadcrumb\"},\"inLanguage\":\"es\",\"potentialAction\":[{\"@type\":\"ReadAction\",\"target\":[\"https:\\\/\\\/interamerica.org\\\/es\\\/2011\\\/10\\\/posible-voto-del-concilio-anual-cambiaria-la-iglesia\\\/\"]}]},{\"@type\":\"BreadcrumbList\",\"@id\":\"https:\\\/\\\/interamerica.org\\\/es\\\/2011\\\/10\\\/posible-voto-del-concilio-anual-cambiaria-la-iglesia\\\/#breadcrumb\",\"itemListElement\":[{\"@type\":\"ListItem\",\"position\":1,\"name\":\"Home\",\"item\":\"https:\\\/\\\/interamerica.org\\\/es\\\/\"},{\"@type\":\"ListItem\",\"position\":2,\"name\":\"Posible voto del Concilio Anual cambiar\u00eda la iglesia\"}]},{\"@type\":\"WebSite\",\"@id\":\"https:\\\/\\\/interamerica.org\\\/es\\\/#website\",\"url\":\"https:\\\/\\\/interamerica.org\\\/es\\\/\",\"name\":\"Iglesia Adventista del S\u00e9ptimo D\u00eda - Divisi\u00f3n Interamericana\",\"description\":\"\",\"potentialAction\":[{\"@type\":\"SearchAction\",\"target\":{\"@type\":\"EntryPoint\",\"urlTemplate\":\"https:\\\/\\\/interamerica.org\\\/es\\\/?s={search_term_string}\"},\"query-input\":{\"@type\":\"PropertyValueSpecification\",\"valueRequired\":true,\"valueName\":\"search_term_string\"}}],\"inLanguage\":\"es\"},{\"@type\":\"Person\",\"@id\":\"https:\\\/\\\/interamerica.org\\\/es\\\/#\\\/schema\\\/person\\\/68ede8bdc292885bb76c1e3810e73c39\",\"name\":\"Lorenzo Verduzco\",\"image\":{\"@type\":\"ImageObject\",\"inLanguage\":\"es\",\"@id\":\"https:\\\/\\\/secure.gravatar.com\\\/avatar\\\/fb81a55b6218459490a9c1dc841a34909185b81904c5337b4b27f7a6fd60c49e?s=96&d=mm&r=g\",\"url\":\"https:\\\/\\\/secure.gravatar.com\\\/avatar\\\/fb81a55b6218459490a9c1dc841a34909185b81904c5337b4b27f7a6fd60c49e?s=96&d=mm&r=g\",\"contentUrl\":\"https:\\\/\\\/secure.gravatar.com\\\/avatar\\\/fb81a55b6218459490a9c1dc841a34909185b81904c5337b4b27f7a6fd60c49e?s=96&d=mm&r=g\",\"caption\":\"Lorenzo Verduzco\"}}]}<\/script>\n<!-- \/ Yoast SEO plugin. -->","yoast_head_json":{"title":"Posible voto del Concilio Anual cambiar\u00eda la iglesia - Iglesia Adventista del S\u00e9ptimo D\u00eda - Divisi\u00f3n Interamericana","robots":{"index":"index","follow":"follow","max-snippet":"max-snippet:-1","max-image-preview":"max-image-preview:large","max-video-preview":"max-video-preview:-1"},"canonical":"https:\/\/interamerica.org\/es\/2011\/10\/posible-voto-del-concilio-anual-cambiaria-la-iglesia\/","og_locale":"es_ES","og_type":"article","og_title":"Posible voto del Concilio Anual cambiar\u00eda la iglesia - Iglesia Adventista del S\u00e9ptimo D\u00eda - Divisi\u00f3n Interamericana","og_description":"Se espera que los principales oficiales de la iglesia adventista del s\u00e9ptimo d\u00eda voten la pr\u00f3xima semana sobre un viraje de asuntos de negocios, incluyendo un cambio estructural de las operaciones en el Medio Oriente y el sitio de la","og_url":"https:\/\/interamerica.org\/es\/2011\/10\/posible-voto-del-concilio-anual-cambiaria-la-iglesia\/","og_site_name":"Iglesia Adventista del S\u00e9ptimo D\u00eda - Divisi\u00f3n Interamericana","article_published_time":"2011-10-03T04:00:00+00:00","article_modified_time":"2017-06-02T12:47:53+00:00","author":"Lorenzo Verduzco","twitter_card":"summary_large_image","twitter_misc":{"Escrito por":"Lorenzo Verduzco","Tiempo de lectura":"2 minutos"},"schema":{"@context":"https:\/\/schema.org","@graph":[{"@type":"Article","@id":"https:\/\/interamerica.org\/es\/2011\/10\/posible-voto-del-concilio-anual-cambiaria-la-iglesia\/#article","isPartOf":{"@id":"https:\/\/interamerica.org\/es\/2011\/10\/posible-voto-del-concilio-anual-cambiaria-la-iglesia\/"},"author":{"name":"Lorenzo Verduzco","@id":"https:\/\/interamerica.org\/es\/#\/schema\/person\/68ede8bdc292885bb76c1e3810e73c39"},"headline":"Posible voto del Concilio Anual cambiar\u00eda la iglesia","datePublished":"2011-10-03T04:00:00+00:00","dateModified":"2017-06-02T12:47:53+00:00","mainEntityOfPage":{"@id":"https:\/\/interamerica.org\/es\/2011\/10\/posible-voto-del-concilio-anual-cambiaria-la-iglesia\/"},"wordCount":470,"articleSection":["Archivo"],"inLanguage":"es"},{"@type":"WebPage","@id":"https:\/\/interamerica.org\/es\/2011\/10\/posible-voto-del-concilio-anual-cambiaria-la-iglesia\/","url":"https:\/\/interamerica.org\/es\/2011\/10\/posible-voto-del-concilio-anual-cambiaria-la-iglesia\/","name":"Posible voto del Concilio Anual cambiar\u00eda la iglesia - Iglesia Adventista del S\u00e9ptimo D\u00eda - Divisi\u00f3n Interamericana","isPartOf":{"@id":"https:\/\/interamerica.org\/es\/#website"},"datePublished":"2011-10-03T04:00:00+00:00","dateModified":"2017-06-02T12:47:53+00:00","author":{"@id":"https:\/\/interamerica.org\/es\/#\/schema\/person\/68ede8bdc292885bb76c1e3810e73c39"},"breadcrumb":{"@id":"https:\/\/interamerica.org\/es\/2011\/10\/posible-voto-del-concilio-anual-cambiaria-la-iglesia\/#breadcrumb"},"inLanguage":"es","potentialAction":[{"@type":"ReadAction","target":["https:\/\/interamerica.org\/es\/2011\/10\/posible-voto-del-concilio-anual-cambiaria-la-iglesia\/"]}]},{"@type":"BreadcrumbList","@id":"https:\/\/interamerica.org\/es\/2011\/10\/posible-voto-del-concilio-anual-cambiaria-la-iglesia\/#breadcrumb","itemListElement":[{"@type":"ListItem","position":1,"name":"Home","item":"https:\/\/interamerica.org\/es\/"},{"@type":"ListItem","position":2,"name":"Posible voto del Concilio Anual cambiar\u00eda la iglesia"}]},{"@type":"WebSite","@id":"https:\/\/interamerica.org\/es\/#website","url":"https:\/\/interamerica.org\/es\/","name":"Iglesia Adventista del S\u00e9ptimo D\u00eda - Divisi\u00f3n Interamericana","description":"","potentialAction":[{"@type":"SearchAction","target":{"@type":"EntryPoint","urlTemplate":"https:\/\/interamerica.org\/es\/?s={search_term_string}"},"query-input":{"@type":"PropertyValueSpecification","valueRequired":true,"valueName":"search_term_string"}}],"inLanguage":"es"},{"@type":"Person","@id":"https:\/\/interamerica.org\/es\/#\/schema\/person\/68ede8bdc292885bb76c1e3810e73c39","name":"Lorenzo Verduzco","image":{"@type":"ImageObject","inLanguage":"es","@id":"https:\/\/secure.gravatar.com\/avatar\/fb81a55b6218459490a9c1dc841a34909185b81904c5337b4b27f7a6fd60c49e?s=96&d=mm&r=g","url":"https:\/\/secure.gravatar.com\/avatar\/fb81a55b6218459490a9c1dc841a34909185b81904c5337b4b27f7a6fd60c49e?s=96&d=mm&r=g","contentUrl":"https:\/\/secure.gravatar.com\/avatar\/fb81a55b6218459490a9c1dc841a34909185b81904c5337b4b27f7a6fd60c49e?s=96&d=mm&r=g","caption":"Lorenzo Verduzco"}}]}},"_links":{"self":[{"href":"https:\/\/interamerica.org\/es\/wp-json\/wp\/v2\/posts\/11889","targetHints":{"allow":["GET"]}}],"collection":[{"href":"https:\/\/interamerica.org\/es\/wp-json\/wp\/v2\/posts"}],"about":[{"href":"https:\/\/interamerica.org\/es\/wp-json\/wp\/v2\/types\/post"}],"author":[{"embeddable":true,"href":"https:\/\/interamerica.org\/es\/wp-json\/wp\/v2\/users\/1"}],"replies":[{"embeddable":true,"href":"https:\/\/interamerica.org\/es\/wp-json\/wp\/v2\/comments?post=11889"}],"version-history":[{"count":0,"href":"https:\/\/interamerica.org\/es\/wp-json\/wp\/v2\/posts\/11889\/revisions"}],"wp:attachment":[{"href":"https:\/\/interamerica.org\/es\/wp-json\/wp\/v2\/media?parent=11889"}],"wp:term":[{"taxonomy":"category","embeddable":true,"href":"https:\/\/interamerica.org\/es\/wp-json\/wp\/v2\/categories?post=11889"},{"taxonomy":"post_tag","embeddable":true,"href":"https:\/\/interamerica.org\/es\/wp-json\/wp\/v2\/tags?post=11889"}],"curies":[{"name":"wp","href":"https:\/\/api.w.org\/{rel}","templated":true}]}}