{"id":11898,"date":"2011-10-10T00:00:00","date_gmt":"2011-10-10T04:00:00","guid":{"rendered":"http:\/\/192.81.217.108\/interamerica\/2011\/10\/lideres-de-la-iglesia-los-miembros-sienten\/"},"modified":"2017-06-02T08:47:49","modified_gmt":"2017-06-02T12:47:49","slug":"lideres-de-la-iglesia-los-miembros-sienten","status":"publish","type":"post","link":"https:\/\/interamerica.org\/es\/2011\/10\/lideres-de-la-iglesia-los-miembros-sienten\/","title":{"rendered":"L\u00edderes de la iglesia, los miembros sienten"},"content":{"rendered":"<p>10 de octubre, 2011, <em >Silver Spring, Maryland<\/em >, Estados Unidos&#8230;Elizabeth Lechleitner\/ANN <\/p>\n<p>Cada s\u00e1bado, el a\u00f1o pasado, los miembros de la iglesia adventista del s\u00e9ptimo d\u00eda pusieron un promedio de $40 millones de d\u00f3lares en los platillos de las ofrendas a trav\u00e9s de todo el mundo, para un total anual de $2 billones. <\/p>\n<p>\u00abPara m\u00ed, eso es un milagro\u00bb, dijo a los delegados al Concilio Anual Juan Prestol, subtesorero de la iglesia a nivel mundial, durante un reporte de tesorer\u00eda en la sede mundial de la iglesia esta ma\u00f1ana. <\/p>\n<p>\u00abNadie obliga a nadie para hacer esto. La gente lo hace voluntariamente porque el Se\u00f1or les impresiona a dar. Este es un tremendo testimonio\u00bb, dijo Prestol, particularmente en medio de la turbulenta situaci\u00f3n econ\u00f3mica. <\/p>\n<p>Parte de los $2 billones en diezmos y ofrendas recibidas a trav\u00e9s de todo el mundo en 2010 es la base para el presupuesto de la iglesia de 2012, dijeron l\u00edderes de la iglesia. Los delegados votaron hoy presupuestar $166,7 millones para las apropiaciones de la iglesia el pr\u00f3ximo a\u00f1o. <\/p>\n<p>Un tercio de los aumentos en el presupuesto de apropiaciones ir\u00e1 a esfuerzos de alcance, ministerio y liderazgo para la <em >Ventana 10\/40<\/em >. La Universidad de Loma Linda de la iglesia, la Divisi\u00f3n Sudamericana y la Divisi\u00f3n Interamericana estuvieron entre las instituciones y entidades que ver\u00e1n mermas en financiaci\u00f3n cuando la iglesia libere fondos para las \u00e1reas extensamente no alcanzadas del mundo las cuales se extienden desde \u00c1frica del Norte a trav\u00e9s del Medio Oriente y Asia. <\/p>\n<p>La redistribuci\u00f3n, recomendada en 2008 por la Comisi\u00f3n de Revisi\u00f3n de Apropiaciones de la iglesia, reconoce el crecimiento del abasto propio en algunas \u00e1reas, transfiriendo fondos adicionales para atender necesidades en otras regiones. <\/p>\n<p>\u00abEn el pasado, hemos tenido una tendencia a prestar atenci\u00f3n financiera a regiones con alta feligres\u00eda, pero muchas ahora pueden encargarse de su propio encargo \u00ab, dijo a los delegados Robert E. Lemon, tesorero de la iglesia a nivel mundial. <\/p>\n<p>La iglesia est\u00e1 viendo un cambio dram\u00e1tico en financiaci\u00f3n a medida que crece la feligres\u00eda en todo el mundo. Entre 2006 y 2011, el ingreso de la iglesia fuera de Norteam\u00e9rica casi se duplic\u00f3. Aunque el diezmo de Norteam\u00e9rica todav\u00eda financia mayor parte del presupuesto mundial de la iglesia, las finanzas de la iglesia son m\u00e1s vulnerables a las fluctuaciones de la tasa del cambio monetario que en a\u00f1os anteriores. <\/p>\n<p>El aumento en valoraci\u00f3n del d\u00f3lar de Estados Unidos contra muchas de las monedas del mundo tiene un \u00abefecto mayor\u00bb sobre el trabajo de la iglesia en todo el mundo, dijo el tesorero de la iglesia a nivel mundial, Robert E. Lemon. Los oficiales financieros de la iglesia bregan con los efectos opuestos cuando el d\u00f3lar se debilita. <\/p>\n<p>Cuando la iglesia, especialmente en EE.UU., contin\u00faa emergiendo de una tenaz recesi\u00f3n, los diezmos y ofrendas estables son una bendici\u00f3n, dijo Lemon. Los miembros de la iglesia han sentido la \u00abapretura\u00bb de tiempos financieros azarosos, pero permanecen fieles. <\/p>\n<p>El diezmo devuelto por los miembros en Norteam\u00e9rica ha subido en 3.5 por ciento a agosto de 2011, comparado con la misma fecha el a\u00f1o pasado, dijo Lemon a los delegados. Fuera de Norteam\u00e9rica, el diezmo creci\u00f3 17 por ciento en el mismo lapso. <\/p>\n<p>Aunque algo de ese aumento puede ser atribuido a las tasas del cambio monetario, el diezmo en la moneda local ha visto tambi\u00e9n \u00abaumento substancial\u00bb, dijo Lemon. <\/p>\n<p>Igual, las ofrendas misioneras fuera de Norteam\u00e9rica aumentaron 20.5 por ciento, o $7.2 millones, debido a aumentos corrientes de las ofrendas comparado con tasas de cambio favorables, dijo Lemon. <\/p>\n<p>Erika Puni, directora de Ministerios de la Mayordom\u00eda a nivel mundial pidi\u00f3 al presidente de la junta considerar incluir una l\u00ednea en el presupuesto aprobado, expresando gratitud por el trabajo local de los l\u00edderes de mayordom\u00eda. <\/p>\n<p>Es un \u00ab\u00e1rea cr\u00edtica\u00bb de trabajo educar a los miembros en la mayordom\u00eda b\u00edblica, dijo Ted N. C. Wilson. El a\u00f1o pasado, el l\u00edder de la iglesia a nivel mundial ret\u00f3 a los l\u00edderes de iglesia regionales a emplear directores de mayordom\u00eda de tiempo completo. \u00abAlgunos de ustedes lo han hecho, y creo que est\u00e1n viendo un reintegro incre\u00edble sobre esa inversi\u00f3n\u00bb, dijo Wilson. <\/p>\n<p>Respondiendo a la pregunta de otro delegado, Wilson tambi\u00e9n prometi\u00f3 de poner a disposici\u00f3n los reportes financieros de la iglesia a la iglesia a nivel mundial en un \u00abformato electr\u00f3nico f\u00e1cil\u00bb. Para los miembros en sus pa\u00edses que se sacrifican para devolver un diezmo y una ofrenda fieles, saber c\u00f3mo la iglesia maneja esos fondos es est\u00edmulador y motivador, dijo el delegado. <\/p>\n<p>Los delegados tambi\u00e9n votaron hoy establecer la red oficial de televisi\u00f3n, <em >Hope Channel<\/em >, como una entidad financiera separada y la proveyeron con capital operativo apropiado a partir de enero 2012. La red ya est\u00e1 incorporada separadamente. <\/p>\n<p>Traducci\u00f3n: Aleida T. Romero <\/p>\n","protected":false},"excerpt":{"rendered":"<p>Cada s\u00e1bado, el a\u00f1o pasado, los miembros de la iglesia adventista pusieron un promedio de $40 millones de d\u00f3lares en los platillos de las ofrendas a trav\u00e9s de todo el mundo, para un total anual de $2 billones.<\/p>\n","protected":false},"author":1,"featured_media":0,"comment_status":"closed","ping_status":"closed","sticky":false,"template":"","format":"standard","meta":{"_acf_changed":false,"footnotes":""},"categories":[8],"tags":[],"class_list":["post-11898","post","type-post","status-publish","format-standard","hentry","category-archivo"],"acf":[],"yoast_head":"<!-- This site is optimized with the Yoast SEO plugin v27.3 - https:\/\/yoast.com\/product\/yoast-seo-wordpress\/ -->\n<title>L\u00edderes de la iglesia, los miembros sienten - Iglesia Adventista del S\u00e9ptimo D\u00eda - Divisi\u00f3n Interamericana<\/title>\n<meta name=\"robots\" content=\"index, follow, max-snippet:-1, max-image-preview:large, max-video-preview:-1\" \/>\n<link rel=\"canonical\" href=\"https:\/\/interamerica.org\/es\/2011\/10\/lideres-de-la-iglesia-los-miembros-sienten\/\" \/>\n<meta property=\"og:locale\" content=\"es_ES\" \/>\n<meta property=\"og:type\" content=\"article\" \/>\n<meta property=\"og:title\" content=\"L\u00edderes de la iglesia, los miembros sienten - Iglesia Adventista del S\u00e9ptimo D\u00eda - Divisi\u00f3n Interamericana\" \/>\n<meta property=\"og:description\" content=\"Cada s\u00e1bado, el a\u00f1o pasado, los miembros de la iglesia adventista pusieron un promedio de $40 millones de d\u00f3lares en los platillos de las ofrendas a trav\u00e9s de todo el mundo, para un total anual de $2 billones.\" \/>\n<meta property=\"og:url\" content=\"https:\/\/interamerica.org\/es\/2011\/10\/lideres-de-la-iglesia-los-miembros-sienten\/\" \/>\n<meta property=\"og:site_name\" content=\"Iglesia Adventista del S\u00e9ptimo D\u00eda - Divisi\u00f3n Interamericana\" \/>\n<meta property=\"article:published_time\" content=\"2011-10-10T04:00:00+00:00\" \/>\n<meta property=\"article:modified_time\" content=\"2017-06-02T12:47:49+00:00\" \/>\n<meta name=\"author\" content=\"Lorenzo Verduzco\" \/>\n<meta name=\"twitter:card\" content=\"summary_large_image\" \/>\n<meta name=\"twitter:label1\" content=\"Escrito por\" \/>\n\t<meta name=\"twitter:data1\" content=\"Lorenzo Verduzco\" \/>\n\t<meta name=\"twitter:label2\" content=\"Tiempo de lectura\" \/>\n\t<meta name=\"twitter:data2\" content=\"4 minutos\" \/>\n<script type=\"application\/ld+json\" class=\"yoast-schema-graph\">{\"@context\":\"https:\\\/\\\/schema.org\",\"@graph\":[{\"@type\":\"Article\",\"@id\":\"https:\\\/\\\/interamerica.org\\\/es\\\/2011\\\/10\\\/lideres-de-la-iglesia-los-miembros-sienten\\\/#article\",\"isPartOf\":{\"@id\":\"https:\\\/\\\/interamerica.org\\\/es\\\/2011\\\/10\\\/lideres-de-la-iglesia-los-miembros-sienten\\\/\"},\"author\":{\"name\":\"Lorenzo Verduzco\",\"@id\":\"https:\\\/\\\/interamerica.org\\\/es\\\/#\\\/schema\\\/person\\\/68ede8bdc292885bb76c1e3810e73c39\"},\"headline\":\"L\u00edderes de la iglesia, los miembros sienten\",\"datePublished\":\"2011-10-10T04:00:00+00:00\",\"dateModified\":\"2017-06-02T12:47:49+00:00\",\"mainEntityOfPage\":{\"@id\":\"https:\\\/\\\/interamerica.org\\\/es\\\/2011\\\/10\\\/lideres-de-la-iglesia-los-miembros-sienten\\\/\"},\"wordCount\":848,\"articleSection\":[\"Archivo\"],\"inLanguage\":\"es\"},{\"@type\":\"WebPage\",\"@id\":\"https:\\\/\\\/interamerica.org\\\/es\\\/2011\\\/10\\\/lideres-de-la-iglesia-los-miembros-sienten\\\/\",\"url\":\"https:\\\/\\\/interamerica.org\\\/es\\\/2011\\\/10\\\/lideres-de-la-iglesia-los-miembros-sienten\\\/\",\"name\":\"L\u00edderes de la iglesia, los miembros sienten - Iglesia Adventista del S\u00e9ptimo D\u00eda - Divisi\u00f3n Interamericana\",\"isPartOf\":{\"@id\":\"https:\\\/\\\/interamerica.org\\\/es\\\/#website\"},\"datePublished\":\"2011-10-10T04:00:00+00:00\",\"dateModified\":\"2017-06-02T12:47:49+00:00\",\"author\":{\"@id\":\"https:\\\/\\\/interamerica.org\\\/es\\\/#\\\/schema\\\/person\\\/68ede8bdc292885bb76c1e3810e73c39\"},\"breadcrumb\":{\"@id\":\"https:\\\/\\\/interamerica.org\\\/es\\\/2011\\\/10\\\/lideres-de-la-iglesia-los-miembros-sienten\\\/#breadcrumb\"},\"inLanguage\":\"es\",\"potentialAction\":[{\"@type\":\"ReadAction\",\"target\":[\"https:\\\/\\\/interamerica.org\\\/es\\\/2011\\\/10\\\/lideres-de-la-iglesia-los-miembros-sienten\\\/\"]}]},{\"@type\":\"BreadcrumbList\",\"@id\":\"https:\\\/\\\/interamerica.org\\\/es\\\/2011\\\/10\\\/lideres-de-la-iglesia-los-miembros-sienten\\\/#breadcrumb\",\"itemListElement\":[{\"@type\":\"ListItem\",\"position\":1,\"name\":\"Home\",\"item\":\"https:\\\/\\\/interamerica.org\\\/es\\\/\"},{\"@type\":\"ListItem\",\"position\":2,\"name\":\"L\u00edderes de la iglesia, los miembros sienten\"}]},{\"@type\":\"WebSite\",\"@id\":\"https:\\\/\\\/interamerica.org\\\/es\\\/#website\",\"url\":\"https:\\\/\\\/interamerica.org\\\/es\\\/\",\"name\":\"Iglesia Adventista del S\u00e9ptimo D\u00eda - Divisi\u00f3n Interamericana\",\"description\":\"\",\"potentialAction\":[{\"@type\":\"SearchAction\",\"target\":{\"@type\":\"EntryPoint\",\"urlTemplate\":\"https:\\\/\\\/interamerica.org\\\/es\\\/?s={search_term_string}\"},\"query-input\":{\"@type\":\"PropertyValueSpecification\",\"valueRequired\":true,\"valueName\":\"search_term_string\"}}],\"inLanguage\":\"es\"},{\"@type\":\"Person\",\"@id\":\"https:\\\/\\\/interamerica.org\\\/es\\\/#\\\/schema\\\/person\\\/68ede8bdc292885bb76c1e3810e73c39\",\"name\":\"Lorenzo Verduzco\",\"image\":{\"@type\":\"ImageObject\",\"inLanguage\":\"es\",\"@id\":\"https:\\\/\\\/secure.gravatar.com\\\/avatar\\\/fb81a55b6218459490a9c1dc841a34909185b81904c5337b4b27f7a6fd60c49e?s=96&d=mm&r=g\",\"url\":\"https:\\\/\\\/secure.gravatar.com\\\/avatar\\\/fb81a55b6218459490a9c1dc841a34909185b81904c5337b4b27f7a6fd60c49e?s=96&d=mm&r=g\",\"contentUrl\":\"https:\\\/\\\/secure.gravatar.com\\\/avatar\\\/fb81a55b6218459490a9c1dc841a34909185b81904c5337b4b27f7a6fd60c49e?s=96&d=mm&r=g\",\"caption\":\"Lorenzo Verduzco\"}}]}<\/script>\n<!-- \/ Yoast SEO plugin. -->","yoast_head_json":{"title":"L\u00edderes de la iglesia, los miembros sienten - Iglesia Adventista del S\u00e9ptimo D\u00eda - Divisi\u00f3n Interamericana","robots":{"index":"index","follow":"follow","max-snippet":"max-snippet:-1","max-image-preview":"max-image-preview:large","max-video-preview":"max-video-preview:-1"},"canonical":"https:\/\/interamerica.org\/es\/2011\/10\/lideres-de-la-iglesia-los-miembros-sienten\/","og_locale":"es_ES","og_type":"article","og_title":"L\u00edderes de la iglesia, los miembros sienten - Iglesia Adventista del S\u00e9ptimo D\u00eda - Divisi\u00f3n Interamericana","og_description":"Cada s\u00e1bado, el a\u00f1o pasado, los miembros de la iglesia adventista pusieron un promedio de $40 millones de d\u00f3lares en los platillos de las ofrendas a trav\u00e9s de todo el mundo, para un total anual de $2 billones.","og_url":"https:\/\/interamerica.org\/es\/2011\/10\/lideres-de-la-iglesia-los-miembros-sienten\/","og_site_name":"Iglesia Adventista del S\u00e9ptimo D\u00eda - Divisi\u00f3n Interamericana","article_published_time":"2011-10-10T04:00:00+00:00","article_modified_time":"2017-06-02T12:47:49+00:00","author":"Lorenzo Verduzco","twitter_card":"summary_large_image","twitter_misc":{"Escrito por":"Lorenzo Verduzco","Tiempo de lectura":"4 minutos"},"schema":{"@context":"https:\/\/schema.org","@graph":[{"@type":"Article","@id":"https:\/\/interamerica.org\/es\/2011\/10\/lideres-de-la-iglesia-los-miembros-sienten\/#article","isPartOf":{"@id":"https:\/\/interamerica.org\/es\/2011\/10\/lideres-de-la-iglesia-los-miembros-sienten\/"},"author":{"name":"Lorenzo Verduzco","@id":"https:\/\/interamerica.org\/es\/#\/schema\/person\/68ede8bdc292885bb76c1e3810e73c39"},"headline":"L\u00edderes de la iglesia, los miembros sienten","datePublished":"2011-10-10T04:00:00+00:00","dateModified":"2017-06-02T12:47:49+00:00","mainEntityOfPage":{"@id":"https:\/\/interamerica.org\/es\/2011\/10\/lideres-de-la-iglesia-los-miembros-sienten\/"},"wordCount":848,"articleSection":["Archivo"],"inLanguage":"es"},{"@type":"WebPage","@id":"https:\/\/interamerica.org\/es\/2011\/10\/lideres-de-la-iglesia-los-miembros-sienten\/","url":"https:\/\/interamerica.org\/es\/2011\/10\/lideres-de-la-iglesia-los-miembros-sienten\/","name":"L\u00edderes de la iglesia, los miembros sienten - Iglesia Adventista del S\u00e9ptimo D\u00eda - Divisi\u00f3n Interamericana","isPartOf":{"@id":"https:\/\/interamerica.org\/es\/#website"},"datePublished":"2011-10-10T04:00:00+00:00","dateModified":"2017-06-02T12:47:49+00:00","author":{"@id":"https:\/\/interamerica.org\/es\/#\/schema\/person\/68ede8bdc292885bb76c1e3810e73c39"},"breadcrumb":{"@id":"https:\/\/interamerica.org\/es\/2011\/10\/lideres-de-la-iglesia-los-miembros-sienten\/#breadcrumb"},"inLanguage":"es","potentialAction":[{"@type":"ReadAction","target":["https:\/\/interamerica.org\/es\/2011\/10\/lideres-de-la-iglesia-los-miembros-sienten\/"]}]},{"@type":"BreadcrumbList","@id":"https:\/\/interamerica.org\/es\/2011\/10\/lideres-de-la-iglesia-los-miembros-sienten\/#breadcrumb","itemListElement":[{"@type":"ListItem","position":1,"name":"Home","item":"https:\/\/interamerica.org\/es\/"},{"@type":"ListItem","position":2,"name":"L\u00edderes de la iglesia, los miembros sienten"}]},{"@type":"WebSite","@id":"https:\/\/interamerica.org\/es\/#website","url":"https:\/\/interamerica.org\/es\/","name":"Iglesia Adventista del S\u00e9ptimo D\u00eda - Divisi\u00f3n Interamericana","description":"","potentialAction":[{"@type":"SearchAction","target":{"@type":"EntryPoint","urlTemplate":"https:\/\/interamerica.org\/es\/?s={search_term_string}"},"query-input":{"@type":"PropertyValueSpecification","valueRequired":true,"valueName":"search_term_string"}}],"inLanguage":"es"},{"@type":"Person","@id":"https:\/\/interamerica.org\/es\/#\/schema\/person\/68ede8bdc292885bb76c1e3810e73c39","name":"Lorenzo Verduzco","image":{"@type":"ImageObject","inLanguage":"es","@id":"https:\/\/secure.gravatar.com\/avatar\/fb81a55b6218459490a9c1dc841a34909185b81904c5337b4b27f7a6fd60c49e?s=96&d=mm&r=g","url":"https:\/\/secure.gravatar.com\/avatar\/fb81a55b6218459490a9c1dc841a34909185b81904c5337b4b27f7a6fd60c49e?s=96&d=mm&r=g","contentUrl":"https:\/\/secure.gravatar.com\/avatar\/fb81a55b6218459490a9c1dc841a34909185b81904c5337b4b27f7a6fd60c49e?s=96&d=mm&r=g","caption":"Lorenzo Verduzco"}}]}},"_links":{"self":[{"href":"https:\/\/interamerica.org\/es\/wp-json\/wp\/v2\/posts\/11898","targetHints":{"allow":["GET"]}}],"collection":[{"href":"https:\/\/interamerica.org\/es\/wp-json\/wp\/v2\/posts"}],"about":[{"href":"https:\/\/interamerica.org\/es\/wp-json\/wp\/v2\/types\/post"}],"author":[{"embeddable":true,"href":"https:\/\/interamerica.org\/es\/wp-json\/wp\/v2\/users\/1"}],"replies":[{"embeddable":true,"href":"https:\/\/interamerica.org\/es\/wp-json\/wp\/v2\/comments?post=11898"}],"version-history":[{"count":0,"href":"https:\/\/interamerica.org\/es\/wp-json\/wp\/v2\/posts\/11898\/revisions"}],"wp:attachment":[{"href":"https:\/\/interamerica.org\/es\/wp-json\/wp\/v2\/media?parent=11898"}],"wp:term":[{"taxonomy":"category","embeddable":true,"href":"https:\/\/interamerica.org\/es\/wp-json\/wp\/v2\/categories?post=11898"},{"taxonomy":"post_tag","embeddable":true,"href":"https:\/\/interamerica.org\/es\/wp-json\/wp\/v2\/tags?post=11898"}],"curies":[{"name":"wp","href":"https:\/\/api.w.org\/{rel}","templated":true}]}}