{"id":11899,"date":"2011-10-12T00:00:00","date_gmt":"2011-10-12T04:00:00","guid":{"rendered":"http:\/\/192.81.217.108\/interamerica\/2011\/10\/la-mision-en-guam-micronesia-ahora-forma-parte-de-la-division-de-norteamerica\/"},"modified":"2017-06-02T08:47:47","modified_gmt":"2017-06-02T12:47:47","slug":"la-mision-en-guam-micronesia-ahora-forma-parte-de-la-division-de-norteamerica","status":"publish","type":"post","link":"https:\/\/interamerica.org\/es\/2011\/10\/la-mision-en-guam-micronesia-ahora-forma-parte-de-la-division-de-norteamerica\/","title":{"rendered":"La misi\u00f3n en Guam-Micronesia ahora forma parte de la Divisi\u00f3n de Norteam\u00e9rica"},"content":{"rendered":"<p>La Misi\u00f3n de la Iglesia Adventista del S\u00e9ptimo D\u00eda en Guam-Micronesia, una regi\u00f3n administrativa que comprende las islas en el oeste del Oc\u00e9ano Pac\u00edfico, rendir\u00e1n informes a partir de ahora a la  Divisi\u00f3n de Norteam\u00e9rica.El cambio, aprobado por el Consejo Ejecutivo de la Denominaci\u00f3n, traslad\u00f3 la supervisi\u00f3n de la regi\u00f3n de la Divisi\u00f3n del Sur-Asia Pac\u00edfico, con base en las Filipinas.La regi\u00f3n de la misi\u00f3n incluye los territorios de Estados Unidos de Guam, los Estados Federados de Micronesia, las Islas Marshall, las Islas Marianas del Norte y Palau.\u201cDurante a\u00f1os se ha discutido sobre si hubiese habido una mejor ubicaci\u00f3n de la supervisi\u00f3n\u201d, coment\u00f3 el subsecretario Myron Iseminger. \u201cLas regulaciones son afines a las de Estados Unidos, y muchos de los empleados vienen desde Norteam\u00e9rica.\u201dLa regi\u00f3n es lugar de residencia para unos 4.500 miembros de la Iglesia Adventista. La Iglesia Adventista tambi\u00e9n gestiona numerosas escuelas primarias y secundarias, cuyo personal est\u00e1 compuesto en su mayor\u00eda por estudiantes misioneros.El presidente de la Divisi\u00f3n Norteamericana, Dan Jackson, recibi\u00f3 positivamente el cambio. \u201cSiempre nos sentimos felices de cooperar con la iglesia mundial, y recibiremos con los brazos abiertos al pueblo y el ministerio de la Misi\u00f3n de Guam-Micronesia,\u201d dijo Jackson.El presidente de la Divisi\u00f3n de Sur-Asia Pac\u00edfico, Alberto Gulfan, confirm\u00f3 que su consejo ejecutivo hab\u00eda hecho varias peticiones para realizar el cambio de la supervisi\u00f3n de Guam-Micronesia.\u201cHemos estado encantados de poder servir a la regi\u00f3n de Guam-Micronesia durante los \u00faltimos a\u00f1os, pero tenemos unos desaf\u00edos importantes y nos sentimos felices y agradecidos al liderazgo de la iglesia en Norte Am\u00e9rica &#8230; por su buena disposici\u00f3n,\u201d a\u00f1adi\u00f3 Gulfan. \u201cCreo que este es el plan de Dios.\u201dPor otro lado, la Divisi\u00f3n de Sur-Asia Pac\u00edfico se ha hecho responsable de la supervisi\u00f3n de las operaciones de la denominaci\u00f3n en Pakist\u00e1n en el reajuste territorial del pasado domingo 9 de octubre. Traducci\u00f3n: Pedro Torres<\/p>\n","protected":false},"excerpt":{"rendered":"<p>La Misi\u00f3n de la Iglesia Adventista del S\u00e9ptimo D\u00eda en Guam-Micronesia, una regi\u00f3n administrativa que comprende las islas en el oeste del Oc\u00e9ano Pac\u00edfico, rendir\u00e1n informes a partir de ahora a la  Divisi\u00f3n de Norteam\u00e9rica.<\/p>\n","protected":false},"author":1,"featured_media":0,"comment_status":"closed","ping_status":"closed","sticky":false,"template":"","format":"standard","meta":{"_acf_changed":false,"footnotes":""},"categories":[8],"tags":[],"class_list":["post-11899","post","type-post","status-publish","format-standard","hentry","category-archivo"],"acf":[],"yoast_head":"<!-- This site is optimized with the Yoast SEO plugin v27.3 - https:\/\/yoast.com\/product\/yoast-seo-wordpress\/ -->\n<title>La misi\u00f3n en Guam-Micronesia ahora forma parte de la Divisi\u00f3n de Norteam\u00e9rica - Iglesia Adventista del S\u00e9ptimo D\u00eda - Divisi\u00f3n Interamericana<\/title>\n<meta name=\"robots\" content=\"index, follow, max-snippet:-1, max-image-preview:large, max-video-preview:-1\" \/>\n<link rel=\"canonical\" href=\"https:\/\/interamerica.org\/es\/2011\/10\/la-mision-en-guam-micronesia-ahora-forma-parte-de-la-division-de-norteamerica\/\" \/>\n<meta property=\"og:locale\" content=\"es_ES\" \/>\n<meta property=\"og:type\" content=\"article\" \/>\n<meta property=\"og:title\" content=\"La misi\u00f3n en Guam-Micronesia ahora forma parte de la Divisi\u00f3n de Norteam\u00e9rica - Iglesia Adventista del S\u00e9ptimo D\u00eda - Divisi\u00f3n Interamericana\" \/>\n<meta property=\"og:description\" content=\"La Misi\u00f3n de la Iglesia Adventista del S\u00e9ptimo D\u00eda en Guam-Micronesia, una regi\u00f3n administrativa que comprende las islas en el oeste del Oc\u00e9ano Pac\u00edfico, rendir\u00e1n informes a partir de ahora a la Divisi\u00f3n de Norteam\u00e9rica.\" \/>\n<meta property=\"og:url\" content=\"https:\/\/interamerica.org\/es\/2011\/10\/la-mision-en-guam-micronesia-ahora-forma-parte-de-la-division-de-norteamerica\/\" \/>\n<meta property=\"og:site_name\" content=\"Iglesia Adventista del S\u00e9ptimo D\u00eda - Divisi\u00f3n Interamericana\" \/>\n<meta property=\"article:published_time\" content=\"2011-10-12T04:00:00+00:00\" \/>\n<meta property=\"article:modified_time\" content=\"2017-06-02T12:47:47+00:00\" \/>\n<meta name=\"author\" content=\"Lorenzo Verduzco\" \/>\n<meta name=\"twitter:card\" content=\"summary_large_image\" \/>\n<meta name=\"twitter:label1\" content=\"Escrito por\" \/>\n\t<meta name=\"twitter:data1\" content=\"Lorenzo Verduzco\" \/>\n\t<meta name=\"twitter:label2\" content=\"Tiempo de lectura\" \/>\n\t<meta name=\"twitter:data2\" content=\"2 minutos\" \/>\n<script type=\"application\/ld+json\" class=\"yoast-schema-graph\">{\"@context\":\"https:\\\/\\\/schema.org\",\"@graph\":[{\"@type\":\"Article\",\"@id\":\"https:\\\/\\\/interamerica.org\\\/es\\\/2011\\\/10\\\/la-mision-en-guam-micronesia-ahora-forma-parte-de-la-division-de-norteamerica\\\/#article\",\"isPartOf\":{\"@id\":\"https:\\\/\\\/interamerica.org\\\/es\\\/2011\\\/10\\\/la-mision-en-guam-micronesia-ahora-forma-parte-de-la-division-de-norteamerica\\\/\"},\"author\":{\"name\":\"Lorenzo Verduzco\",\"@id\":\"https:\\\/\\\/interamerica.org\\\/es\\\/#\\\/schema\\\/person\\\/68ede8bdc292885bb76c1e3810e73c39\"},\"headline\":\"La misi\u00f3n en Guam-Micronesia ahora forma parte de la Divisi\u00f3n de Norteam\u00e9rica\",\"datePublished\":\"2011-10-12T04:00:00+00:00\",\"dateModified\":\"2017-06-02T12:47:47+00:00\",\"mainEntityOfPage\":{\"@id\":\"https:\\\/\\\/interamerica.org\\\/es\\\/2011\\\/10\\\/la-mision-en-guam-micronesia-ahora-forma-parte-de-la-division-de-norteamerica\\\/\"},\"wordCount\":367,\"articleSection\":[\"Archivo\"],\"inLanguage\":\"es\"},{\"@type\":\"WebPage\",\"@id\":\"https:\\\/\\\/interamerica.org\\\/es\\\/2011\\\/10\\\/la-mision-en-guam-micronesia-ahora-forma-parte-de-la-division-de-norteamerica\\\/\",\"url\":\"https:\\\/\\\/interamerica.org\\\/es\\\/2011\\\/10\\\/la-mision-en-guam-micronesia-ahora-forma-parte-de-la-division-de-norteamerica\\\/\",\"name\":\"La misi\u00f3n en Guam-Micronesia ahora forma parte de la Divisi\u00f3n de Norteam\u00e9rica - Iglesia Adventista del S\u00e9ptimo D\u00eda - Divisi\u00f3n Interamericana\",\"isPartOf\":{\"@id\":\"https:\\\/\\\/interamerica.org\\\/es\\\/#website\"},\"datePublished\":\"2011-10-12T04:00:00+00:00\",\"dateModified\":\"2017-06-02T12:47:47+00:00\",\"author\":{\"@id\":\"https:\\\/\\\/interamerica.org\\\/es\\\/#\\\/schema\\\/person\\\/68ede8bdc292885bb76c1e3810e73c39\"},\"breadcrumb\":{\"@id\":\"https:\\\/\\\/interamerica.org\\\/es\\\/2011\\\/10\\\/la-mision-en-guam-micronesia-ahora-forma-parte-de-la-division-de-norteamerica\\\/#breadcrumb\"},\"inLanguage\":\"es\",\"potentialAction\":[{\"@type\":\"ReadAction\",\"target\":[\"https:\\\/\\\/interamerica.org\\\/es\\\/2011\\\/10\\\/la-mision-en-guam-micronesia-ahora-forma-parte-de-la-division-de-norteamerica\\\/\"]}]},{\"@type\":\"BreadcrumbList\",\"@id\":\"https:\\\/\\\/interamerica.org\\\/es\\\/2011\\\/10\\\/la-mision-en-guam-micronesia-ahora-forma-parte-de-la-division-de-norteamerica\\\/#breadcrumb\",\"itemListElement\":[{\"@type\":\"ListItem\",\"position\":1,\"name\":\"Home\",\"item\":\"https:\\\/\\\/interamerica.org\\\/es\\\/\"},{\"@type\":\"ListItem\",\"position\":2,\"name\":\"La misi\u00f3n en Guam-Micronesia ahora forma parte de la Divisi\u00f3n de Norteam\u00e9rica\"}]},{\"@type\":\"WebSite\",\"@id\":\"https:\\\/\\\/interamerica.org\\\/es\\\/#website\",\"url\":\"https:\\\/\\\/interamerica.org\\\/es\\\/\",\"name\":\"Iglesia Adventista del S\u00e9ptimo D\u00eda - Divisi\u00f3n Interamericana\",\"description\":\"\",\"potentialAction\":[{\"@type\":\"SearchAction\",\"target\":{\"@type\":\"EntryPoint\",\"urlTemplate\":\"https:\\\/\\\/interamerica.org\\\/es\\\/?s={search_term_string}\"},\"query-input\":{\"@type\":\"PropertyValueSpecification\",\"valueRequired\":true,\"valueName\":\"search_term_string\"}}],\"inLanguage\":\"es\"},{\"@type\":\"Person\",\"@id\":\"https:\\\/\\\/interamerica.org\\\/es\\\/#\\\/schema\\\/person\\\/68ede8bdc292885bb76c1e3810e73c39\",\"name\":\"Lorenzo Verduzco\",\"image\":{\"@type\":\"ImageObject\",\"inLanguage\":\"es\",\"@id\":\"https:\\\/\\\/secure.gravatar.com\\\/avatar\\\/fb81a55b6218459490a9c1dc841a34909185b81904c5337b4b27f7a6fd60c49e?s=96&d=mm&r=g\",\"url\":\"https:\\\/\\\/secure.gravatar.com\\\/avatar\\\/fb81a55b6218459490a9c1dc841a34909185b81904c5337b4b27f7a6fd60c49e?s=96&d=mm&r=g\",\"contentUrl\":\"https:\\\/\\\/secure.gravatar.com\\\/avatar\\\/fb81a55b6218459490a9c1dc841a34909185b81904c5337b4b27f7a6fd60c49e?s=96&d=mm&r=g\",\"caption\":\"Lorenzo Verduzco\"}}]}<\/script>\n<!-- \/ Yoast SEO plugin. -->","yoast_head_json":{"title":"La misi\u00f3n en Guam-Micronesia ahora forma parte de la Divisi\u00f3n de Norteam\u00e9rica - Iglesia Adventista del S\u00e9ptimo D\u00eda - Divisi\u00f3n Interamericana","robots":{"index":"index","follow":"follow","max-snippet":"max-snippet:-1","max-image-preview":"max-image-preview:large","max-video-preview":"max-video-preview:-1"},"canonical":"https:\/\/interamerica.org\/es\/2011\/10\/la-mision-en-guam-micronesia-ahora-forma-parte-de-la-division-de-norteamerica\/","og_locale":"es_ES","og_type":"article","og_title":"La misi\u00f3n en Guam-Micronesia ahora forma parte de la Divisi\u00f3n de Norteam\u00e9rica - Iglesia Adventista del S\u00e9ptimo D\u00eda - Divisi\u00f3n Interamericana","og_description":"La Misi\u00f3n de la Iglesia Adventista del S\u00e9ptimo D\u00eda en Guam-Micronesia, una regi\u00f3n administrativa que comprende las islas en el oeste del Oc\u00e9ano Pac\u00edfico, rendir\u00e1n informes a partir de ahora a la Divisi\u00f3n de Norteam\u00e9rica.","og_url":"https:\/\/interamerica.org\/es\/2011\/10\/la-mision-en-guam-micronesia-ahora-forma-parte-de-la-division-de-norteamerica\/","og_site_name":"Iglesia Adventista del S\u00e9ptimo D\u00eda - Divisi\u00f3n Interamericana","article_published_time":"2011-10-12T04:00:00+00:00","article_modified_time":"2017-06-02T12:47:47+00:00","author":"Lorenzo Verduzco","twitter_card":"summary_large_image","twitter_misc":{"Escrito por":"Lorenzo Verduzco","Tiempo de lectura":"2 minutos"},"schema":{"@context":"https:\/\/schema.org","@graph":[{"@type":"Article","@id":"https:\/\/interamerica.org\/es\/2011\/10\/la-mision-en-guam-micronesia-ahora-forma-parte-de-la-division-de-norteamerica\/#article","isPartOf":{"@id":"https:\/\/interamerica.org\/es\/2011\/10\/la-mision-en-guam-micronesia-ahora-forma-parte-de-la-division-de-norteamerica\/"},"author":{"name":"Lorenzo Verduzco","@id":"https:\/\/interamerica.org\/es\/#\/schema\/person\/68ede8bdc292885bb76c1e3810e73c39"},"headline":"La misi\u00f3n en Guam-Micronesia ahora forma parte de la Divisi\u00f3n de Norteam\u00e9rica","datePublished":"2011-10-12T04:00:00+00:00","dateModified":"2017-06-02T12:47:47+00:00","mainEntityOfPage":{"@id":"https:\/\/interamerica.org\/es\/2011\/10\/la-mision-en-guam-micronesia-ahora-forma-parte-de-la-division-de-norteamerica\/"},"wordCount":367,"articleSection":["Archivo"],"inLanguage":"es"},{"@type":"WebPage","@id":"https:\/\/interamerica.org\/es\/2011\/10\/la-mision-en-guam-micronesia-ahora-forma-parte-de-la-division-de-norteamerica\/","url":"https:\/\/interamerica.org\/es\/2011\/10\/la-mision-en-guam-micronesia-ahora-forma-parte-de-la-division-de-norteamerica\/","name":"La misi\u00f3n en Guam-Micronesia ahora forma parte de la Divisi\u00f3n de Norteam\u00e9rica - Iglesia Adventista del S\u00e9ptimo D\u00eda - Divisi\u00f3n Interamericana","isPartOf":{"@id":"https:\/\/interamerica.org\/es\/#website"},"datePublished":"2011-10-12T04:00:00+00:00","dateModified":"2017-06-02T12:47:47+00:00","author":{"@id":"https:\/\/interamerica.org\/es\/#\/schema\/person\/68ede8bdc292885bb76c1e3810e73c39"},"breadcrumb":{"@id":"https:\/\/interamerica.org\/es\/2011\/10\/la-mision-en-guam-micronesia-ahora-forma-parte-de-la-division-de-norteamerica\/#breadcrumb"},"inLanguage":"es","potentialAction":[{"@type":"ReadAction","target":["https:\/\/interamerica.org\/es\/2011\/10\/la-mision-en-guam-micronesia-ahora-forma-parte-de-la-division-de-norteamerica\/"]}]},{"@type":"BreadcrumbList","@id":"https:\/\/interamerica.org\/es\/2011\/10\/la-mision-en-guam-micronesia-ahora-forma-parte-de-la-division-de-norteamerica\/#breadcrumb","itemListElement":[{"@type":"ListItem","position":1,"name":"Home","item":"https:\/\/interamerica.org\/es\/"},{"@type":"ListItem","position":2,"name":"La misi\u00f3n en Guam-Micronesia ahora forma parte de la Divisi\u00f3n de Norteam\u00e9rica"}]},{"@type":"WebSite","@id":"https:\/\/interamerica.org\/es\/#website","url":"https:\/\/interamerica.org\/es\/","name":"Iglesia Adventista del S\u00e9ptimo D\u00eda - Divisi\u00f3n Interamericana","description":"","potentialAction":[{"@type":"SearchAction","target":{"@type":"EntryPoint","urlTemplate":"https:\/\/interamerica.org\/es\/?s={search_term_string}"},"query-input":{"@type":"PropertyValueSpecification","valueRequired":true,"valueName":"search_term_string"}}],"inLanguage":"es"},{"@type":"Person","@id":"https:\/\/interamerica.org\/es\/#\/schema\/person\/68ede8bdc292885bb76c1e3810e73c39","name":"Lorenzo Verduzco","image":{"@type":"ImageObject","inLanguage":"es","@id":"https:\/\/secure.gravatar.com\/avatar\/fb81a55b6218459490a9c1dc841a34909185b81904c5337b4b27f7a6fd60c49e?s=96&d=mm&r=g","url":"https:\/\/secure.gravatar.com\/avatar\/fb81a55b6218459490a9c1dc841a34909185b81904c5337b4b27f7a6fd60c49e?s=96&d=mm&r=g","contentUrl":"https:\/\/secure.gravatar.com\/avatar\/fb81a55b6218459490a9c1dc841a34909185b81904c5337b4b27f7a6fd60c49e?s=96&d=mm&r=g","caption":"Lorenzo Verduzco"}}]}},"_links":{"self":[{"href":"https:\/\/interamerica.org\/es\/wp-json\/wp\/v2\/posts\/11899","targetHints":{"allow":["GET"]}}],"collection":[{"href":"https:\/\/interamerica.org\/es\/wp-json\/wp\/v2\/posts"}],"about":[{"href":"https:\/\/interamerica.org\/es\/wp-json\/wp\/v2\/types\/post"}],"author":[{"embeddable":true,"href":"https:\/\/interamerica.org\/es\/wp-json\/wp\/v2\/users\/1"}],"replies":[{"embeddable":true,"href":"https:\/\/interamerica.org\/es\/wp-json\/wp\/v2\/comments?post=11899"}],"version-history":[{"count":0,"href":"https:\/\/interamerica.org\/es\/wp-json\/wp\/v2\/posts\/11899\/revisions"}],"wp:attachment":[{"href":"https:\/\/interamerica.org\/es\/wp-json\/wp\/v2\/media?parent=11899"}],"wp:term":[{"taxonomy":"category","embeddable":true,"href":"https:\/\/interamerica.org\/es\/wp-json\/wp\/v2\/categories?post=11899"},{"taxonomy":"post_tag","embeddable":true,"href":"https:\/\/interamerica.org\/es\/wp-json\/wp\/v2\/tags?post=11899"}],"curies":[{"name":"wp","href":"https:\/\/api.w.org\/{rel}","templated":true}]}}