{"id":11901,"date":"2011-10-12T00:00:00","date_gmt":"2011-10-12T04:00:00","guid":{"rendered":"http:\/\/192.81.217.108\/interamerica\/2011\/10\/nueva-region-administrativa-en-brasil-reconoce-el-crecimiento-y-la-independecia-financiera\/"},"modified":"2017-06-02T08:47:48","modified_gmt":"2017-06-02T12:47:48","slug":"nueva-region-administrativa-en-brasil-reconoce-el-crecimiento-y-la-independecia-financiera","status":"publish","type":"post","link":"https:\/\/interamerica.org\/es\/2011\/10\/nueva-region-administrativa-en-brasil-reconoce-el-crecimiento-y-la-independecia-financiera\/","title":{"rendered":"Nueva regi\u00f3n administrativa en Brasil reconoce el crecimiento y la independecia financiera"},"content":{"rendered":"<p>12 de octubre del 2011&#8230;Elizabeth Lechleitner\/ANNEl m\u00e1ximo liderazgo de la Iglesia Adventista del S\u00e9ptimo D\u00eda vot\u00f3 la divisi\u00f3n de la Uni\u00f3n Misi\u00f3n del Noreste de Brasil en dos cuerpos administrativos, la Uni\u00f3n Misi\u00f3n del Noreste de Brasil y la Uni\u00f3n Mis\u00f3n del Este de Brasil.  El cambio reconoce la creciente membres\u00eda y la gesti\u00f3n impecable de las finanzas en la regi\u00f3n, dijeron los l\u00edderes de la iglesia. Sigue los pasos de un reajuste similar de la estructura administrativa en Brasil el a\u00f1o pasado.Unos 340.000 Adventistas residen en la antigua Uni\u00f3n Misi\u00f3n del Norte de Brasil, con una creciente red de iglesias y escuelas gestionadas por la denominaci\u00f3n. La membres\u00eda all\u00ed se ha doblado de largo desde que se estableci\u00f3 la Uni\u00f3n en 1996. Hasta julio de este a\u00f1o, la iglesia en esta regi\u00f3n recibi\u00f3 a unos 20.000 nuevos creyentes este a\u00f1o, es un incremento de unos 3.000 al mes.\u201cEsta regi\u00f3n tiene para nosotros un gran potencial de crecimiento\u201d, dijo el presidente de la Divisi\u00f3n Sudamericana Erton Kohler. \u201cLa gente all\u00ed es muy receptiva. Creemos que contar con una nueva Uni\u00f3n all\u00ed podr\u00e1 aportar un mayor soporte a nuestra iglesia en la regi\u00f3n y ayudar\u00eda a cumplir conla misi\u00f3n.\u201dLas reci\u00e9n formadas Uniones Misi\u00f3n del Noreste y Este de Brasil comenzar\u00e1n a operar en 2013 con m\u00e1s del 100% del capital operativo ideal, dijo el subtesorero de la iglesia mundial Juan Prestol. Ninguna de las regiones cuenta con deudas, a\u00f1adi\u00f3, y ambas est\u00e1n en una condici\u00f3n financiera \u201cexcepcional.\u201dLa Iglesia Adventista en Brasil ha sufrido numerosos reajustes administrativos desde que se organiz\u00f3 en el pa\u00eds en 1895. Los dirigentes de la iglesia regularmente reorganizan la estructura administrativa de la iglesia para acomodar el crecimiento de la membres\u00eda. De forma m\u00e1s reciente, los delegados en el Congreso Mundial el a\u00f1o pasado votaron reconocer la divisi\u00f3n de la antigua Uni\u00f3n Mis\u00f3n del Norte de Brasil en dos nuevas entidades, creando la Uni\u00f3n Mis\u00f3n del Noroeste de Brasil.\u201cAlabamos a Dios por el din\u00e1mico crecimiento en Sudam\u00e9rica y especialmente en esta regi\u00f3n de Brasil,\u201d dijo el presidente de la iglesia mundial Ted N. C. Wilson a los delegados del Consejo Anual.Los dirigentes de la iglesia tambi\u00e9n votaron renombrar la Uni\u00f3n de Conferencias del Este de Brasil. Para evitar confusiones con al nueva Uni\u00f3n Mis\u00f3n del Este de Brasil, la regi\u00f3n ahora se llama Uni\u00f3n de Conferencias del Sureste de Brasil.Traducci\u00f3n: Pedro Torres.<\/p>\n","protected":false},"excerpt":{"rendered":"<p>El m\u00e1ximo liderazgo de la Iglesia Adventista del S\u00e9ptimo D\u00eda vot\u00f3 la divisi\u00f3n de la Uni\u00f3n Misi\u00f3n del Noreste de Brasil en dos cuerpos administrativos, la Uni\u00f3n Misi\u00f3n del Noreste de Brasil y la Uni\u00f3n Mis\u00f3n del Este de Brasil.<\/p>\n","protected":false},"author":1,"featured_media":0,"comment_status":"closed","ping_status":"closed","sticky":false,"template":"","format":"standard","meta":{"_acf_changed":false,"footnotes":""},"categories":[8],"tags":[],"class_list":["post-11901","post","type-post","status-publish","format-standard","hentry","category-archivo"],"acf":[],"yoast_head":"<!-- This site is optimized with the Yoast SEO plugin v27.3 - https:\/\/yoast.com\/product\/yoast-seo-wordpress\/ -->\n<title>Nueva regi\u00f3n administrativa en Brasil reconoce el crecimiento y la independecia financiera - Iglesia Adventista del S\u00e9ptimo D\u00eda - Divisi\u00f3n Interamericana<\/title>\n<meta name=\"robots\" content=\"index, follow, max-snippet:-1, max-image-preview:large, max-video-preview:-1\" \/>\n<link rel=\"canonical\" href=\"https:\/\/interamerica.org\/es\/2011\/10\/nueva-region-administrativa-en-brasil-reconoce-el-crecimiento-y-la-independecia-financiera\/\" \/>\n<meta property=\"og:locale\" content=\"es_ES\" \/>\n<meta property=\"og:type\" content=\"article\" \/>\n<meta property=\"og:title\" content=\"Nueva regi\u00f3n administrativa en Brasil reconoce el crecimiento y la independecia financiera - Iglesia Adventista del S\u00e9ptimo D\u00eda - Divisi\u00f3n Interamericana\" \/>\n<meta property=\"og:description\" content=\"El m\u00e1ximo liderazgo de la Iglesia Adventista del S\u00e9ptimo D\u00eda vot\u00f3 la divisi\u00f3n de la Uni\u00f3n Misi\u00f3n del Noreste de Brasil en dos cuerpos administrativos, la Uni\u00f3n Misi\u00f3n del Noreste de Brasil y la Uni\u00f3n Mis\u00f3n del Este de Brasil.\" \/>\n<meta property=\"og:url\" content=\"https:\/\/interamerica.org\/es\/2011\/10\/nueva-region-administrativa-en-brasil-reconoce-el-crecimiento-y-la-independecia-financiera\/\" \/>\n<meta property=\"og:site_name\" content=\"Iglesia Adventista del S\u00e9ptimo D\u00eda - Divisi\u00f3n Interamericana\" \/>\n<meta property=\"article:published_time\" content=\"2011-10-12T04:00:00+00:00\" \/>\n<meta property=\"article:modified_time\" content=\"2017-06-02T12:47:48+00:00\" \/>\n<meta name=\"author\" content=\"Lorenzo Verduzco\" \/>\n<meta name=\"twitter:card\" content=\"summary_large_image\" \/>\n<meta name=\"twitter:label1\" content=\"Escrito por\" \/>\n\t<meta name=\"twitter:data1\" content=\"Lorenzo Verduzco\" \/>\n\t<meta name=\"twitter:label2\" content=\"Tiempo de lectura\" \/>\n\t<meta name=\"twitter:data2\" content=\"2 minutos\" \/>\n<script type=\"application\/ld+json\" class=\"yoast-schema-graph\">{\"@context\":\"https:\\\/\\\/schema.org\",\"@graph\":[{\"@type\":\"Article\",\"@id\":\"https:\\\/\\\/interamerica.org\\\/es\\\/2011\\\/10\\\/nueva-region-administrativa-en-brasil-reconoce-el-crecimiento-y-la-independecia-financiera\\\/#article\",\"isPartOf\":{\"@id\":\"https:\\\/\\\/interamerica.org\\\/es\\\/2011\\\/10\\\/nueva-region-administrativa-en-brasil-reconoce-el-crecimiento-y-la-independecia-financiera\\\/\"},\"author\":{\"name\":\"Lorenzo Verduzco\",\"@id\":\"https:\\\/\\\/interamerica.org\\\/es\\\/#\\\/schema\\\/person\\\/68ede8bdc292885bb76c1e3810e73c39\"},\"headline\":\"Nueva regi\u00f3n administrativa en Brasil reconoce el crecimiento y la independecia financiera\",\"datePublished\":\"2011-10-12T04:00:00+00:00\",\"dateModified\":\"2017-06-02T12:47:48+00:00\",\"mainEntityOfPage\":{\"@id\":\"https:\\\/\\\/interamerica.org\\\/es\\\/2011\\\/10\\\/nueva-region-administrativa-en-brasil-reconoce-el-crecimiento-y-la-independecia-financiera\\\/\"},\"wordCount\":463,\"articleSection\":[\"Archivo\"],\"inLanguage\":\"es\"},{\"@type\":\"WebPage\",\"@id\":\"https:\\\/\\\/interamerica.org\\\/es\\\/2011\\\/10\\\/nueva-region-administrativa-en-brasil-reconoce-el-crecimiento-y-la-independecia-financiera\\\/\",\"url\":\"https:\\\/\\\/interamerica.org\\\/es\\\/2011\\\/10\\\/nueva-region-administrativa-en-brasil-reconoce-el-crecimiento-y-la-independecia-financiera\\\/\",\"name\":\"Nueva regi\u00f3n administrativa en Brasil reconoce el crecimiento y la independecia financiera - Iglesia Adventista del S\u00e9ptimo D\u00eda - Divisi\u00f3n Interamericana\",\"isPartOf\":{\"@id\":\"https:\\\/\\\/interamerica.org\\\/es\\\/#website\"},\"datePublished\":\"2011-10-12T04:00:00+00:00\",\"dateModified\":\"2017-06-02T12:47:48+00:00\",\"author\":{\"@id\":\"https:\\\/\\\/interamerica.org\\\/es\\\/#\\\/schema\\\/person\\\/68ede8bdc292885bb76c1e3810e73c39\"},\"breadcrumb\":{\"@id\":\"https:\\\/\\\/interamerica.org\\\/es\\\/2011\\\/10\\\/nueva-region-administrativa-en-brasil-reconoce-el-crecimiento-y-la-independecia-financiera\\\/#breadcrumb\"},\"inLanguage\":\"es\",\"potentialAction\":[{\"@type\":\"ReadAction\",\"target\":[\"https:\\\/\\\/interamerica.org\\\/es\\\/2011\\\/10\\\/nueva-region-administrativa-en-brasil-reconoce-el-crecimiento-y-la-independecia-financiera\\\/\"]}]},{\"@type\":\"BreadcrumbList\",\"@id\":\"https:\\\/\\\/interamerica.org\\\/es\\\/2011\\\/10\\\/nueva-region-administrativa-en-brasil-reconoce-el-crecimiento-y-la-independecia-financiera\\\/#breadcrumb\",\"itemListElement\":[{\"@type\":\"ListItem\",\"position\":1,\"name\":\"Home\",\"item\":\"https:\\\/\\\/interamerica.org\\\/es\\\/\"},{\"@type\":\"ListItem\",\"position\":2,\"name\":\"Nueva regi\u00f3n administrativa en Brasil reconoce el crecimiento y la independecia financiera\"}]},{\"@type\":\"WebSite\",\"@id\":\"https:\\\/\\\/interamerica.org\\\/es\\\/#website\",\"url\":\"https:\\\/\\\/interamerica.org\\\/es\\\/\",\"name\":\"Iglesia Adventista del S\u00e9ptimo D\u00eda - Divisi\u00f3n Interamericana\",\"description\":\"\",\"potentialAction\":[{\"@type\":\"SearchAction\",\"target\":{\"@type\":\"EntryPoint\",\"urlTemplate\":\"https:\\\/\\\/interamerica.org\\\/es\\\/?s={search_term_string}\"},\"query-input\":{\"@type\":\"PropertyValueSpecification\",\"valueRequired\":true,\"valueName\":\"search_term_string\"}}],\"inLanguage\":\"es\"},{\"@type\":\"Person\",\"@id\":\"https:\\\/\\\/interamerica.org\\\/es\\\/#\\\/schema\\\/person\\\/68ede8bdc292885bb76c1e3810e73c39\",\"name\":\"Lorenzo Verduzco\",\"image\":{\"@type\":\"ImageObject\",\"inLanguage\":\"es\",\"@id\":\"https:\\\/\\\/secure.gravatar.com\\\/avatar\\\/fb81a55b6218459490a9c1dc841a34909185b81904c5337b4b27f7a6fd60c49e?s=96&d=mm&r=g\",\"url\":\"https:\\\/\\\/secure.gravatar.com\\\/avatar\\\/fb81a55b6218459490a9c1dc841a34909185b81904c5337b4b27f7a6fd60c49e?s=96&d=mm&r=g\",\"contentUrl\":\"https:\\\/\\\/secure.gravatar.com\\\/avatar\\\/fb81a55b6218459490a9c1dc841a34909185b81904c5337b4b27f7a6fd60c49e?s=96&d=mm&r=g\",\"caption\":\"Lorenzo Verduzco\"}}]}<\/script>\n<!-- \/ Yoast SEO plugin. -->","yoast_head_json":{"title":"Nueva regi\u00f3n administrativa en Brasil reconoce el crecimiento y la independecia financiera - Iglesia Adventista del S\u00e9ptimo D\u00eda - Divisi\u00f3n Interamericana","robots":{"index":"index","follow":"follow","max-snippet":"max-snippet:-1","max-image-preview":"max-image-preview:large","max-video-preview":"max-video-preview:-1"},"canonical":"https:\/\/interamerica.org\/es\/2011\/10\/nueva-region-administrativa-en-brasil-reconoce-el-crecimiento-y-la-independecia-financiera\/","og_locale":"es_ES","og_type":"article","og_title":"Nueva regi\u00f3n administrativa en Brasil reconoce el crecimiento y la independecia financiera - Iglesia Adventista del S\u00e9ptimo D\u00eda - Divisi\u00f3n Interamericana","og_description":"El m\u00e1ximo liderazgo de la Iglesia Adventista del S\u00e9ptimo D\u00eda vot\u00f3 la divisi\u00f3n de la Uni\u00f3n Misi\u00f3n del Noreste de Brasil en dos cuerpos administrativos, la Uni\u00f3n Misi\u00f3n del Noreste de Brasil y la Uni\u00f3n Mis\u00f3n del Este de Brasil.","og_url":"https:\/\/interamerica.org\/es\/2011\/10\/nueva-region-administrativa-en-brasil-reconoce-el-crecimiento-y-la-independecia-financiera\/","og_site_name":"Iglesia Adventista del S\u00e9ptimo D\u00eda - Divisi\u00f3n Interamericana","article_published_time":"2011-10-12T04:00:00+00:00","article_modified_time":"2017-06-02T12:47:48+00:00","author":"Lorenzo Verduzco","twitter_card":"summary_large_image","twitter_misc":{"Escrito por":"Lorenzo Verduzco","Tiempo de lectura":"2 minutos"},"schema":{"@context":"https:\/\/schema.org","@graph":[{"@type":"Article","@id":"https:\/\/interamerica.org\/es\/2011\/10\/nueva-region-administrativa-en-brasil-reconoce-el-crecimiento-y-la-independecia-financiera\/#article","isPartOf":{"@id":"https:\/\/interamerica.org\/es\/2011\/10\/nueva-region-administrativa-en-brasil-reconoce-el-crecimiento-y-la-independecia-financiera\/"},"author":{"name":"Lorenzo Verduzco","@id":"https:\/\/interamerica.org\/es\/#\/schema\/person\/68ede8bdc292885bb76c1e3810e73c39"},"headline":"Nueva regi\u00f3n administrativa en Brasil reconoce el crecimiento y la independecia financiera","datePublished":"2011-10-12T04:00:00+00:00","dateModified":"2017-06-02T12:47:48+00:00","mainEntityOfPage":{"@id":"https:\/\/interamerica.org\/es\/2011\/10\/nueva-region-administrativa-en-brasil-reconoce-el-crecimiento-y-la-independecia-financiera\/"},"wordCount":463,"articleSection":["Archivo"],"inLanguage":"es"},{"@type":"WebPage","@id":"https:\/\/interamerica.org\/es\/2011\/10\/nueva-region-administrativa-en-brasil-reconoce-el-crecimiento-y-la-independecia-financiera\/","url":"https:\/\/interamerica.org\/es\/2011\/10\/nueva-region-administrativa-en-brasil-reconoce-el-crecimiento-y-la-independecia-financiera\/","name":"Nueva regi\u00f3n administrativa en Brasil reconoce el crecimiento y la independecia financiera - Iglesia Adventista del S\u00e9ptimo D\u00eda - Divisi\u00f3n Interamericana","isPartOf":{"@id":"https:\/\/interamerica.org\/es\/#website"},"datePublished":"2011-10-12T04:00:00+00:00","dateModified":"2017-06-02T12:47:48+00:00","author":{"@id":"https:\/\/interamerica.org\/es\/#\/schema\/person\/68ede8bdc292885bb76c1e3810e73c39"},"breadcrumb":{"@id":"https:\/\/interamerica.org\/es\/2011\/10\/nueva-region-administrativa-en-brasil-reconoce-el-crecimiento-y-la-independecia-financiera\/#breadcrumb"},"inLanguage":"es","potentialAction":[{"@type":"ReadAction","target":["https:\/\/interamerica.org\/es\/2011\/10\/nueva-region-administrativa-en-brasil-reconoce-el-crecimiento-y-la-independecia-financiera\/"]}]},{"@type":"BreadcrumbList","@id":"https:\/\/interamerica.org\/es\/2011\/10\/nueva-region-administrativa-en-brasil-reconoce-el-crecimiento-y-la-independecia-financiera\/#breadcrumb","itemListElement":[{"@type":"ListItem","position":1,"name":"Home","item":"https:\/\/interamerica.org\/es\/"},{"@type":"ListItem","position":2,"name":"Nueva regi\u00f3n administrativa en Brasil reconoce el crecimiento y la independecia financiera"}]},{"@type":"WebSite","@id":"https:\/\/interamerica.org\/es\/#website","url":"https:\/\/interamerica.org\/es\/","name":"Iglesia Adventista del S\u00e9ptimo D\u00eda - Divisi\u00f3n Interamericana","description":"","potentialAction":[{"@type":"SearchAction","target":{"@type":"EntryPoint","urlTemplate":"https:\/\/interamerica.org\/es\/?s={search_term_string}"},"query-input":{"@type":"PropertyValueSpecification","valueRequired":true,"valueName":"search_term_string"}}],"inLanguage":"es"},{"@type":"Person","@id":"https:\/\/interamerica.org\/es\/#\/schema\/person\/68ede8bdc292885bb76c1e3810e73c39","name":"Lorenzo Verduzco","image":{"@type":"ImageObject","inLanguage":"es","@id":"https:\/\/secure.gravatar.com\/avatar\/fb81a55b6218459490a9c1dc841a34909185b81904c5337b4b27f7a6fd60c49e?s=96&d=mm&r=g","url":"https:\/\/secure.gravatar.com\/avatar\/fb81a55b6218459490a9c1dc841a34909185b81904c5337b4b27f7a6fd60c49e?s=96&d=mm&r=g","contentUrl":"https:\/\/secure.gravatar.com\/avatar\/fb81a55b6218459490a9c1dc841a34909185b81904c5337b4b27f7a6fd60c49e?s=96&d=mm&r=g","caption":"Lorenzo Verduzco"}}]}},"_links":{"self":[{"href":"https:\/\/interamerica.org\/es\/wp-json\/wp\/v2\/posts\/11901","targetHints":{"allow":["GET"]}}],"collection":[{"href":"https:\/\/interamerica.org\/es\/wp-json\/wp\/v2\/posts"}],"about":[{"href":"https:\/\/interamerica.org\/es\/wp-json\/wp\/v2\/types\/post"}],"author":[{"embeddable":true,"href":"https:\/\/interamerica.org\/es\/wp-json\/wp\/v2\/users\/1"}],"replies":[{"embeddable":true,"href":"https:\/\/interamerica.org\/es\/wp-json\/wp\/v2\/comments?post=11901"}],"version-history":[{"count":0,"href":"https:\/\/interamerica.org\/es\/wp-json\/wp\/v2\/posts\/11901\/revisions"}],"wp:attachment":[{"href":"https:\/\/interamerica.org\/es\/wp-json\/wp\/v2\/media?parent=11901"}],"wp:term":[{"taxonomy":"category","embeddable":true,"href":"https:\/\/interamerica.org\/es\/wp-json\/wp\/v2\/categories?post=11901"},{"taxonomy":"post_tag","embeddable":true,"href":"https:\/\/interamerica.org\/es\/wp-json\/wp\/v2\/tags?post=11901"}],"curies":[{"name":"wp","href":"https:\/\/api.w.org\/{rel}","templated":true}]}}