{"id":11902,"date":"2011-10-13T00:00:00","date_gmt":"2011-10-13T04:00:00","guid":{"rendered":"http:\/\/192.81.217.108\/interamerica\/2011\/10\/el-congreso-mundial-de-la-asociacion-general-de-la-iglesia-adventista-del-septimo-dia-en-2020-regresa-a-indianapolis\/"},"modified":"2017-06-02T08:47:46","modified_gmt":"2017-06-02T12:47:46","slug":"el-congreso-mundial-de-la-asociacion-general-de-la-iglesia-adventista-del-septimo-dia-en-2020-regresa-a-indianapolis","status":"publish","type":"post","link":"https:\/\/interamerica.org\/es\/2011\/10\/el-congreso-mundial-de-la-asociacion-general-de-la-iglesia-adventista-del-septimo-dia-en-2020-regresa-a-indianapolis\/","title":{"rendered":"El Congreso Mundial de la Asociaci\u00f3n General de la Iglesia Adventista del S\u00e9ptimo D\u00eda en 2020 regresa a Indian\u00e1polis"},"content":{"rendered":"<p>12 de octubre del 2011&#8230;Mark A. Kellner\/Adventist ReviewTreinta a\u00f1os despu\u00e9s de haber mantenido el Congreso Mundial de la Iglesia Adventista del S\u00e9ptimo D\u00eda, la capital del estado de Indiana, Indian\u00e1polis, dar\u00e1 la bienvenida a la 61\u00aa sesi\u00f3n del Congreso Mundial de 2020. El Estadio Lucas Oil, sede del equipo de f\u00fatbol americano \u201cColts\u201d, y el Centro de Convenciones de Indian\u00e1polis, ser\u00e1n la sede del evento.\u201cEs importante tener grupos de personas de calidad asistiendo a Indian\u00e1polis,\u201d declar\u00f3 Leonard Hoops, presidente y jefe ejecutivo de la Asociaci\u00f3n de Convenciones y Visitantes de Indian\u00e1polis. Dirigi\u00f3 una delegaci\u00f3n de Hoosiers, mientras la gente del estado se daba a conocer, al hacer su presentaci\u00f3n delante de los delegados del Consejo Anual de 2011 en la sede mundial de la denominaci\u00f3n en Silver Spring, Maryland.Hoops, un presbiteriano, naci\u00f3 en Trinidad y dijo que tiene familiares Adventistas del S\u00e9ptimo D\u00eda, incluyendo una t\u00eda, miembro de iglesia. \u201cSe lo suficiente sobre adventistas como para ser peligroso,\u201d dijo bromeando.Se espera que la convenci\u00f3n aporte unos 28 millones de US$ de beneficios en Indian\u00e1polis, una ciudad de unas 372 millas cuadradas con una poblaci\u00f3n en 2011 de 1,7 millones de personas. Es la 34\u00aa ciudad de los Estados Unidos por su \u00e1rea, seg\u00fan la Oficina Federal de Gesti\u00f3n y Presupuesto.Un equipo parecido proveniente desde Atlanta, Georgia, lugar donde tuvo lugar el Congreso Mundial en 2010, tambi\u00e9n se present\u00f3 y pidi\u00f3 a los delegados que se repita la visita.Tras el Congreso Mundial en Utrecht, Pa\u00edses Bajos (1995) y Toronto, Canad\u00e1 (2000), los dos \u00faltimos Congresos Mundiales de la Asociaci\u00f3n General han tenido lugar en los Estados Unidos &#8211; St. Louis (2005) y Atlanta (2010).  El Congreso Mundial de la Asociaci\u00f3n General de 2015 tendr\u00e1 lugar tambi\u00e9n en los Estados Unidos, en San Antonio, Texas en el mes de julio. Seg\u00fan Sherri Clemmer, el m\u00e1ximo planificador de encuentros de la iglesia, varios factores entran en juego a la hora de recomendar que el Congreso Mundial de la Asociaci\u00f3n General de 2020 se realice en una ciudad de Estados Unidos.Para tener un Congreso Mundial de \u00e9xito, dijo ella, es importante tener un personal en el Estadio que hable ingl\u00e9s fluido, una localizaci\u00f3n donde se pueda asegurar la calidad sanitaria de los alimentos; un aeropuerto cercano lo suficientemente grande como para gestionar los viajes de los delegados; hoteles pr\u00f3ximos a las facilidades del evento, y un Estadio cerrado con asientos para unas 70.000 personas adyacentes a un Centro de Convenciones. Muy pocos lugares pueden reunir todas las condiciones de estos requerimientos, coment\u00f3 Clemmer, y y suelen estar en los Estados Unidos.El Congreso Mundial, que tiene lugar cada cinco a\u00f1os, se espera que pueda reunir a unas 100.000 personas en los d\u00edas \u00e1lgidos de la convenci\u00f3n, as\u00ed como unos 3.500 delegados votantes, sus familiares, empleados de la iglesia y otros durante el evento, en el que se eligen a los dirigentes de la Iglesia Adventista del S\u00e9ptimo D\u00eda y se deciden sus reglamentaciones.Un \u201cDesfile de las Naciones\u201d, en el que los Adventistas desfilan con sus vestidos tradicionales del pa\u00eds de origen, llevando sus banderas, es uno de los momentos tradicionalmente remarcados en estos encuentros. Estas reuniones tambi\u00e9n suelen ofrecer proyectos de servicio a la comunidad local, eventos culturales y musicales para el p\u00fablico, as\u00ed como programas evangel\u00edsticos ofreciendo servicios de educaci\u00f3n para la salud y en otros asuntos.Combinando el trabajo con una celebraci\u00f3n general del Adventistmo, el Congreso Mundial de 2020 abarcar\u00e1 tanto reuniones de trabajo como exhibiciones para los Adventistas y a aquellos interesados en la Iglesia. Se anticipa que la convenci\u00f3n, durante los 11 d\u00edas que dure el evento, pondr\u00e1 en funcionamiento el mayor restaurante vegetariano de Norte Am\u00e9rica, facilitando decenas de miles de comidas sin carne.El pastor Adventista, Van Hurst, presidente de la Asociaci\u00f3n de Indiana, estuvo en el escenario con el personal de la oficina de convenciones, sosteniendo una de las pancartas en diversos idiomas pidiendo un \u201cregreso a Indiana.\u201d Hurst, quien manifest\u00f3 estar emocionado por el regreso del Congreso Mundial, inici\u00f3 la presentaci\u00f3n de la candidatura de Indian\u00e1polis con una oraci\u00f3n.Para Hoops, la intervenci\u00f3n divina puede haber sido un factor: \u201cHemos intentado ser la sede del Congreso Mundial en 2005, 2010 and 2015 \u2013 y esta es la primera vez que lo hemos conseguido.\u201d De hecho, la \u201cCiudad del C\u00edrculo,\u201d como tambi\u00e9n se conoce a Indian\u00e1polis, fue la finalista que perdi\u00f3 en la elecci\u00f3n de la sede de 2015, que se hizo en el Consejo Anual de 2006.Traducci\u00f3n: Pedro Torres.<\/p>\n","protected":false},"excerpt":{"rendered":"<p>reinta a\u00f1os despu\u00e9s de haber mantenido el Congreso Mundial de la Iglesia Adventista del S\u00e9ptimo D\u00eda, la capital del estado de Indiana, Indian\u00e1polis, dar\u00e1 la bienvenida a la 61\u00aa sesi\u00f3n del Congreso Mundial de 2020.<\/p>\n","protected":false},"author":1,"featured_media":0,"comment_status":"closed","ping_status":"closed","sticky":false,"template":"","format":"standard","meta":{"_acf_changed":false,"footnotes":""},"categories":[8],"tags":[],"class_list":["post-11902","post","type-post","status-publish","format-standard","hentry","category-archivo"],"acf":[],"yoast_head":"<!-- This site is optimized with the Yoast SEO plugin v27.3 - https:\/\/yoast.com\/product\/yoast-seo-wordpress\/ -->\n<title>El Congreso Mundial de la Asociaci\u00f3n General de la Iglesia Adventista del S\u00e9ptimo D\u00eda en 2020 regresa a Indian\u00e1polis - Iglesia Adventista del S\u00e9ptimo D\u00eda - Divisi\u00f3n Interamericana<\/title>\n<meta name=\"robots\" content=\"index, follow, max-snippet:-1, max-image-preview:large, max-video-preview:-1\" \/>\n<link rel=\"canonical\" href=\"https:\/\/interamerica.org\/es\/2011\/10\/el-congreso-mundial-de-la-asociacion-general-de-la-iglesia-adventista-del-septimo-dia-en-2020-regresa-a-indianapolis\/\" \/>\n<meta property=\"og:locale\" content=\"es_ES\" \/>\n<meta property=\"og:type\" content=\"article\" \/>\n<meta property=\"og:title\" content=\"El Congreso Mundial de la Asociaci\u00f3n General de la Iglesia Adventista del S\u00e9ptimo D\u00eda en 2020 regresa a Indian\u00e1polis - Iglesia Adventista del S\u00e9ptimo D\u00eda - Divisi\u00f3n Interamericana\" \/>\n<meta property=\"og:description\" content=\"reinta a\u00f1os despu\u00e9s de haber mantenido el Congreso Mundial de la Iglesia Adventista del S\u00e9ptimo D\u00eda, la capital del estado de Indiana, Indian\u00e1polis, dar\u00e1 la bienvenida a la 61\u00aa sesi\u00f3n del Congreso Mundial de 2020.\" \/>\n<meta property=\"og:url\" content=\"https:\/\/interamerica.org\/es\/2011\/10\/el-congreso-mundial-de-la-asociacion-general-de-la-iglesia-adventista-del-septimo-dia-en-2020-regresa-a-indianapolis\/\" \/>\n<meta property=\"og:site_name\" content=\"Iglesia Adventista del S\u00e9ptimo D\u00eda - Divisi\u00f3n Interamericana\" \/>\n<meta property=\"article:published_time\" content=\"2011-10-13T04:00:00+00:00\" \/>\n<meta property=\"article:modified_time\" content=\"2017-06-02T12:47:46+00:00\" \/>\n<meta name=\"author\" content=\"Lorenzo Verduzco\" \/>\n<meta name=\"twitter:card\" content=\"summary_large_image\" \/>\n<meta name=\"twitter:label1\" content=\"Escrito por\" \/>\n\t<meta name=\"twitter:data1\" content=\"Lorenzo Verduzco\" \/>\n\t<meta name=\"twitter:label2\" content=\"Tiempo de lectura\" \/>\n\t<meta name=\"twitter:data2\" content=\"4 minutos\" \/>\n<script type=\"application\/ld+json\" class=\"yoast-schema-graph\">{\"@context\":\"https:\\\/\\\/schema.org\",\"@graph\":[{\"@type\":\"Article\",\"@id\":\"https:\\\/\\\/interamerica.org\\\/es\\\/2011\\\/10\\\/el-congreso-mundial-de-la-asociacion-general-de-la-iglesia-adventista-del-septimo-dia-en-2020-regresa-a-indianapolis\\\/#article\",\"isPartOf\":{\"@id\":\"https:\\\/\\\/interamerica.org\\\/es\\\/2011\\\/10\\\/el-congreso-mundial-de-la-asociacion-general-de-la-iglesia-adventista-del-septimo-dia-en-2020-regresa-a-indianapolis\\\/\"},\"author\":{\"name\":\"Lorenzo Verduzco\",\"@id\":\"https:\\\/\\\/interamerica.org\\\/es\\\/#\\\/schema\\\/person\\\/68ede8bdc292885bb76c1e3810e73c39\"},\"headline\":\"El Congreso Mundial de la Asociaci\u00f3n General de la Iglesia Adventista del S\u00e9ptimo D\u00eda en 2020 regresa a Indian\u00e1polis\",\"datePublished\":\"2011-10-13T04:00:00+00:00\",\"dateModified\":\"2017-06-02T12:47:46+00:00\",\"mainEntityOfPage\":{\"@id\":\"https:\\\/\\\/interamerica.org\\\/es\\\/2011\\\/10\\\/el-congreso-mundial-de-la-asociacion-general-de-la-iglesia-adventista-del-septimo-dia-en-2020-regresa-a-indianapolis\\\/\"},\"wordCount\":806,\"articleSection\":[\"Archivo\"],\"inLanguage\":\"es\"},{\"@type\":\"WebPage\",\"@id\":\"https:\\\/\\\/interamerica.org\\\/es\\\/2011\\\/10\\\/el-congreso-mundial-de-la-asociacion-general-de-la-iglesia-adventista-del-septimo-dia-en-2020-regresa-a-indianapolis\\\/\",\"url\":\"https:\\\/\\\/interamerica.org\\\/es\\\/2011\\\/10\\\/el-congreso-mundial-de-la-asociacion-general-de-la-iglesia-adventista-del-septimo-dia-en-2020-regresa-a-indianapolis\\\/\",\"name\":\"El Congreso Mundial de la Asociaci\u00f3n General de la Iglesia Adventista del S\u00e9ptimo D\u00eda en 2020 regresa a Indian\u00e1polis - Iglesia Adventista del S\u00e9ptimo D\u00eda - Divisi\u00f3n Interamericana\",\"isPartOf\":{\"@id\":\"https:\\\/\\\/interamerica.org\\\/es\\\/#website\"},\"datePublished\":\"2011-10-13T04:00:00+00:00\",\"dateModified\":\"2017-06-02T12:47:46+00:00\",\"author\":{\"@id\":\"https:\\\/\\\/interamerica.org\\\/es\\\/#\\\/schema\\\/person\\\/68ede8bdc292885bb76c1e3810e73c39\"},\"breadcrumb\":{\"@id\":\"https:\\\/\\\/interamerica.org\\\/es\\\/2011\\\/10\\\/el-congreso-mundial-de-la-asociacion-general-de-la-iglesia-adventista-del-septimo-dia-en-2020-regresa-a-indianapolis\\\/#breadcrumb\"},\"inLanguage\":\"es\",\"potentialAction\":[{\"@type\":\"ReadAction\",\"target\":[\"https:\\\/\\\/interamerica.org\\\/es\\\/2011\\\/10\\\/el-congreso-mundial-de-la-asociacion-general-de-la-iglesia-adventista-del-septimo-dia-en-2020-regresa-a-indianapolis\\\/\"]}]},{\"@type\":\"BreadcrumbList\",\"@id\":\"https:\\\/\\\/interamerica.org\\\/es\\\/2011\\\/10\\\/el-congreso-mundial-de-la-asociacion-general-de-la-iglesia-adventista-del-septimo-dia-en-2020-regresa-a-indianapolis\\\/#breadcrumb\",\"itemListElement\":[{\"@type\":\"ListItem\",\"position\":1,\"name\":\"Home\",\"item\":\"https:\\\/\\\/interamerica.org\\\/es\\\/\"},{\"@type\":\"ListItem\",\"position\":2,\"name\":\"El Congreso Mundial de la Asociaci\u00f3n General de la Iglesia Adventista del S\u00e9ptimo D\u00eda en 2020 regresa a Indian\u00e1polis\"}]},{\"@type\":\"WebSite\",\"@id\":\"https:\\\/\\\/interamerica.org\\\/es\\\/#website\",\"url\":\"https:\\\/\\\/interamerica.org\\\/es\\\/\",\"name\":\"Iglesia Adventista del S\u00e9ptimo D\u00eda - Divisi\u00f3n Interamericana\",\"description\":\"\",\"potentialAction\":[{\"@type\":\"SearchAction\",\"target\":{\"@type\":\"EntryPoint\",\"urlTemplate\":\"https:\\\/\\\/interamerica.org\\\/es\\\/?s={search_term_string}\"},\"query-input\":{\"@type\":\"PropertyValueSpecification\",\"valueRequired\":true,\"valueName\":\"search_term_string\"}}],\"inLanguage\":\"es\"},{\"@type\":\"Person\",\"@id\":\"https:\\\/\\\/interamerica.org\\\/es\\\/#\\\/schema\\\/person\\\/68ede8bdc292885bb76c1e3810e73c39\",\"name\":\"Lorenzo Verduzco\",\"image\":{\"@type\":\"ImageObject\",\"inLanguage\":\"es\",\"@id\":\"https:\\\/\\\/secure.gravatar.com\\\/avatar\\\/fb81a55b6218459490a9c1dc841a34909185b81904c5337b4b27f7a6fd60c49e?s=96&d=mm&r=g\",\"url\":\"https:\\\/\\\/secure.gravatar.com\\\/avatar\\\/fb81a55b6218459490a9c1dc841a34909185b81904c5337b4b27f7a6fd60c49e?s=96&d=mm&r=g\",\"contentUrl\":\"https:\\\/\\\/secure.gravatar.com\\\/avatar\\\/fb81a55b6218459490a9c1dc841a34909185b81904c5337b4b27f7a6fd60c49e?s=96&d=mm&r=g\",\"caption\":\"Lorenzo Verduzco\"}}]}<\/script>\n<!-- \/ Yoast SEO plugin. -->","yoast_head_json":{"title":"El Congreso Mundial de la Asociaci\u00f3n General de la Iglesia Adventista del S\u00e9ptimo D\u00eda en 2020 regresa a Indian\u00e1polis - Iglesia Adventista del S\u00e9ptimo D\u00eda - Divisi\u00f3n Interamericana","robots":{"index":"index","follow":"follow","max-snippet":"max-snippet:-1","max-image-preview":"max-image-preview:large","max-video-preview":"max-video-preview:-1"},"canonical":"https:\/\/interamerica.org\/es\/2011\/10\/el-congreso-mundial-de-la-asociacion-general-de-la-iglesia-adventista-del-septimo-dia-en-2020-regresa-a-indianapolis\/","og_locale":"es_ES","og_type":"article","og_title":"El Congreso Mundial de la Asociaci\u00f3n General de la Iglesia Adventista del S\u00e9ptimo D\u00eda en 2020 regresa a Indian\u00e1polis - Iglesia Adventista del S\u00e9ptimo D\u00eda - Divisi\u00f3n Interamericana","og_description":"reinta a\u00f1os despu\u00e9s de haber mantenido el Congreso Mundial de la Iglesia Adventista del S\u00e9ptimo D\u00eda, la capital del estado de Indiana, Indian\u00e1polis, dar\u00e1 la bienvenida a la 61\u00aa sesi\u00f3n del Congreso Mundial de 2020.","og_url":"https:\/\/interamerica.org\/es\/2011\/10\/el-congreso-mundial-de-la-asociacion-general-de-la-iglesia-adventista-del-septimo-dia-en-2020-regresa-a-indianapolis\/","og_site_name":"Iglesia Adventista del S\u00e9ptimo D\u00eda - Divisi\u00f3n Interamericana","article_published_time":"2011-10-13T04:00:00+00:00","article_modified_time":"2017-06-02T12:47:46+00:00","author":"Lorenzo Verduzco","twitter_card":"summary_large_image","twitter_misc":{"Escrito por":"Lorenzo Verduzco","Tiempo de lectura":"4 minutos"},"schema":{"@context":"https:\/\/schema.org","@graph":[{"@type":"Article","@id":"https:\/\/interamerica.org\/es\/2011\/10\/el-congreso-mundial-de-la-asociacion-general-de-la-iglesia-adventista-del-septimo-dia-en-2020-regresa-a-indianapolis\/#article","isPartOf":{"@id":"https:\/\/interamerica.org\/es\/2011\/10\/el-congreso-mundial-de-la-asociacion-general-de-la-iglesia-adventista-del-septimo-dia-en-2020-regresa-a-indianapolis\/"},"author":{"name":"Lorenzo Verduzco","@id":"https:\/\/interamerica.org\/es\/#\/schema\/person\/68ede8bdc292885bb76c1e3810e73c39"},"headline":"El Congreso Mundial de la Asociaci\u00f3n General de la Iglesia Adventista del S\u00e9ptimo D\u00eda en 2020 regresa a Indian\u00e1polis","datePublished":"2011-10-13T04:00:00+00:00","dateModified":"2017-06-02T12:47:46+00:00","mainEntityOfPage":{"@id":"https:\/\/interamerica.org\/es\/2011\/10\/el-congreso-mundial-de-la-asociacion-general-de-la-iglesia-adventista-del-septimo-dia-en-2020-regresa-a-indianapolis\/"},"wordCount":806,"articleSection":["Archivo"],"inLanguage":"es"},{"@type":"WebPage","@id":"https:\/\/interamerica.org\/es\/2011\/10\/el-congreso-mundial-de-la-asociacion-general-de-la-iglesia-adventista-del-septimo-dia-en-2020-regresa-a-indianapolis\/","url":"https:\/\/interamerica.org\/es\/2011\/10\/el-congreso-mundial-de-la-asociacion-general-de-la-iglesia-adventista-del-septimo-dia-en-2020-regresa-a-indianapolis\/","name":"El Congreso Mundial de la Asociaci\u00f3n General de la Iglesia Adventista del S\u00e9ptimo D\u00eda en 2020 regresa a Indian\u00e1polis - Iglesia Adventista del S\u00e9ptimo D\u00eda - Divisi\u00f3n Interamericana","isPartOf":{"@id":"https:\/\/interamerica.org\/es\/#website"},"datePublished":"2011-10-13T04:00:00+00:00","dateModified":"2017-06-02T12:47:46+00:00","author":{"@id":"https:\/\/interamerica.org\/es\/#\/schema\/person\/68ede8bdc292885bb76c1e3810e73c39"},"breadcrumb":{"@id":"https:\/\/interamerica.org\/es\/2011\/10\/el-congreso-mundial-de-la-asociacion-general-de-la-iglesia-adventista-del-septimo-dia-en-2020-regresa-a-indianapolis\/#breadcrumb"},"inLanguage":"es","potentialAction":[{"@type":"ReadAction","target":["https:\/\/interamerica.org\/es\/2011\/10\/el-congreso-mundial-de-la-asociacion-general-de-la-iglesia-adventista-del-septimo-dia-en-2020-regresa-a-indianapolis\/"]}]},{"@type":"BreadcrumbList","@id":"https:\/\/interamerica.org\/es\/2011\/10\/el-congreso-mundial-de-la-asociacion-general-de-la-iglesia-adventista-del-septimo-dia-en-2020-regresa-a-indianapolis\/#breadcrumb","itemListElement":[{"@type":"ListItem","position":1,"name":"Home","item":"https:\/\/interamerica.org\/es\/"},{"@type":"ListItem","position":2,"name":"El Congreso Mundial de la Asociaci\u00f3n General de la Iglesia Adventista del S\u00e9ptimo D\u00eda en 2020 regresa a Indian\u00e1polis"}]},{"@type":"WebSite","@id":"https:\/\/interamerica.org\/es\/#website","url":"https:\/\/interamerica.org\/es\/","name":"Iglesia Adventista del S\u00e9ptimo D\u00eda - Divisi\u00f3n Interamericana","description":"","potentialAction":[{"@type":"SearchAction","target":{"@type":"EntryPoint","urlTemplate":"https:\/\/interamerica.org\/es\/?s={search_term_string}"},"query-input":{"@type":"PropertyValueSpecification","valueRequired":true,"valueName":"search_term_string"}}],"inLanguage":"es"},{"@type":"Person","@id":"https:\/\/interamerica.org\/es\/#\/schema\/person\/68ede8bdc292885bb76c1e3810e73c39","name":"Lorenzo Verduzco","image":{"@type":"ImageObject","inLanguage":"es","@id":"https:\/\/secure.gravatar.com\/avatar\/fb81a55b6218459490a9c1dc841a34909185b81904c5337b4b27f7a6fd60c49e?s=96&d=mm&r=g","url":"https:\/\/secure.gravatar.com\/avatar\/fb81a55b6218459490a9c1dc841a34909185b81904c5337b4b27f7a6fd60c49e?s=96&d=mm&r=g","contentUrl":"https:\/\/secure.gravatar.com\/avatar\/fb81a55b6218459490a9c1dc841a34909185b81904c5337b4b27f7a6fd60c49e?s=96&d=mm&r=g","caption":"Lorenzo Verduzco"}}]}},"_links":{"self":[{"href":"https:\/\/interamerica.org\/es\/wp-json\/wp\/v2\/posts\/11902","targetHints":{"allow":["GET"]}}],"collection":[{"href":"https:\/\/interamerica.org\/es\/wp-json\/wp\/v2\/posts"}],"about":[{"href":"https:\/\/interamerica.org\/es\/wp-json\/wp\/v2\/types\/post"}],"author":[{"embeddable":true,"href":"https:\/\/interamerica.org\/es\/wp-json\/wp\/v2\/users\/1"}],"replies":[{"embeddable":true,"href":"https:\/\/interamerica.org\/es\/wp-json\/wp\/v2\/comments?post=11902"}],"version-history":[{"count":0,"href":"https:\/\/interamerica.org\/es\/wp-json\/wp\/v2\/posts\/11902\/revisions"}],"wp:attachment":[{"href":"https:\/\/interamerica.org\/es\/wp-json\/wp\/v2\/media?parent=11902"}],"wp:term":[{"taxonomy":"category","embeddable":true,"href":"https:\/\/interamerica.org\/es\/wp-json\/wp\/v2\/categories?post=11902"},{"taxonomy":"post_tag","embeddable":true,"href":"https:\/\/interamerica.org\/es\/wp-json\/wp\/v2\/tags?post=11902"}],"curies":[{"name":"wp","href":"https:\/\/api.w.org\/{rel}","templated":true}]}}