{"id":11927,"date":"2011-11-30T00:00:00","date_gmt":"2011-11-30T04:00:00","guid":{"rendered":"http:\/\/192.81.217.108\/interamerica\/2011\/11\/joven-adventista-aleman-obtiene-reconocimiento-nacional\/"},"modified":"2017-06-02T08:47:32","modified_gmt":"2017-06-02T12:47:32","slug":"joven-adventista-aleman-obtiene-reconocimiento-nacional","status":"publish","type":"post","link":"https:\/\/interamerica.org\/es\/2011\/11\/joven-adventista-aleman-obtiene-reconocimiento-nacional\/","title":{"rendered":"Joven adventista alem\u00e1n obtiene reconocimiento nacional"},"content":{"rendered":"<p>29 de noviembre, 20111, Berl\u00edn, Alemania&#8230;Personal de la DUE\/ANN <\/p>\n<p>El trabajo de un grupo de j\u00f3venes alemanes adventistas entre ni\u00f1os y chicos en desventaja, gan\u00f3 reconocimiento nacional la semana pasada. <\/p>\n<p>Miembros de Livingroom, una iglesia adventista de j\u00f3venes en Mainz, gan\u00f3 el Premio Esperanza de Oro por su Proyecto Igualdad de Oportunidad. En cooperaci\u00f3n con tres escuelas elementales y secundarias y un centro local de la juventud, voluntarios del proyecto ofrecieron ayuda para deberes escolares a jovencitos que enfrentan fuertes trasfondos econ\u00f3micos o que tienen poco a ning\u00fan apoyo de los padres. <\/p>\n<p>El Premio Esperanza de Oro es otorgado por la red alemana de iglesias cristianas, asociaciones y comunidades. Fundada por la Alianza Evang\u00e9lica Alemana, los premios de Esperanza de la red reconocen \u00abdedicaci\u00f3n ejemplar y testificaci\u00f3n en caridad cristiana\u00bb. <\/p>\n<p>\u00abLe agradecemos a Dios por este reconocimiento. M\u00e1s de 90 por ciento de nuestro trabajo y misi\u00f3n es hecho por j\u00f3venes. Dios est\u00e1 bendiciendo su dedicaci\u00f3n y su fe\u00bb, dijo el pastor de Livingroom, Rub\u00e9n Grieco. <\/p>\n<p>Livingroom est\u00e1 dise\u00f1ado para proveer un entorno donde los j\u00f3venes puedan sentirse como en casa y sentir el amor de Dios y un sentido comunitario, dijeron l\u00edderes de la iglesia. La iglesia tiene como objetivo impactar positivamente la sociedad. <\/p>\n<p>\u00abEste reconocimiento pertenece a todos los voluntarios que emplean su tiempo libre para servirle a otras personas\u00bb, dijo el director de Proyecto Igualdad de Oportunidad, Jessica Dietrich. <\/p>\n<p>El proyecto es uno de los muchos programas de alcance a la comunidad de Livingroom. <\/p>\n<p>Traducci\u00f3n: Aleida T. Romero <\/p>\n","protected":false},"excerpt":{"rendered":"<p>El trabajo de un grupo de j\u00f3venes alemanes adventistas entre ni\u00f1os y chicos en desventaja, gan\u00f3 reconocimiento nacional las semana pasada.<\/p>\n","protected":false},"author":1,"featured_media":0,"comment_status":"closed","ping_status":"closed","sticky":false,"template":"","format":"standard","meta":{"_acf_changed":false,"footnotes":""},"categories":[8],"tags":[],"class_list":["post-11927","post","type-post","status-publish","format-standard","hentry","category-archivo"],"acf":[],"yoast_head":"<!-- This site is optimized with the Yoast SEO plugin v27.3 - https:\/\/yoast.com\/product\/yoast-seo-wordpress\/ -->\n<title>Joven adventista alem\u00e1n obtiene reconocimiento nacional - Iglesia Adventista del S\u00e9ptimo D\u00eda - Divisi\u00f3n Interamericana<\/title>\n<meta name=\"robots\" content=\"index, follow, max-snippet:-1, max-image-preview:large, max-video-preview:-1\" \/>\n<link rel=\"canonical\" href=\"https:\/\/interamerica.org\/es\/2011\/11\/joven-adventista-aleman-obtiene-reconocimiento-nacional\/\" \/>\n<meta property=\"og:locale\" content=\"es_ES\" \/>\n<meta property=\"og:type\" content=\"article\" \/>\n<meta property=\"og:title\" content=\"Joven adventista alem\u00e1n obtiene reconocimiento nacional - Iglesia Adventista del S\u00e9ptimo D\u00eda - Divisi\u00f3n Interamericana\" \/>\n<meta property=\"og:description\" content=\"El trabajo de un grupo de j\u00f3venes alemanes adventistas entre ni\u00f1os y chicos en desventaja, gan\u00f3 reconocimiento nacional las semana pasada.\" \/>\n<meta property=\"og:url\" content=\"https:\/\/interamerica.org\/es\/2011\/11\/joven-adventista-aleman-obtiene-reconocimiento-nacional\/\" \/>\n<meta property=\"og:site_name\" content=\"Iglesia Adventista del S\u00e9ptimo D\u00eda - Divisi\u00f3n Interamericana\" \/>\n<meta property=\"article:published_time\" content=\"2011-11-30T04:00:00+00:00\" \/>\n<meta property=\"article:modified_time\" content=\"2017-06-02T12:47:32+00:00\" \/>\n<meta name=\"author\" content=\"Lorenzo Verduzco\" \/>\n<meta name=\"twitter:card\" content=\"summary_large_image\" \/>\n<meta name=\"twitter:label1\" content=\"Escrito por\" \/>\n\t<meta name=\"twitter:data1\" content=\"Lorenzo Verduzco\" \/>\n\t<meta name=\"twitter:label2\" content=\"Tiempo de lectura\" \/>\n\t<meta name=\"twitter:data2\" content=\"1 minuto\" \/>\n<script type=\"application\/ld+json\" class=\"yoast-schema-graph\">{\"@context\":\"https:\\\/\\\/schema.org\",\"@graph\":[{\"@type\":\"Article\",\"@id\":\"https:\\\/\\\/interamerica.org\\\/es\\\/2011\\\/11\\\/joven-adventista-aleman-obtiene-reconocimiento-nacional\\\/#article\",\"isPartOf\":{\"@id\":\"https:\\\/\\\/interamerica.org\\\/es\\\/2011\\\/11\\\/joven-adventista-aleman-obtiene-reconocimiento-nacional\\\/\"},\"author\":{\"name\":\"Lorenzo Verduzco\",\"@id\":\"https:\\\/\\\/interamerica.org\\\/es\\\/#\\\/schema\\\/person\\\/68ede8bdc292885bb76c1e3810e73c39\"},\"headline\":\"Joven adventista alem\u00e1n obtiene reconocimiento nacional\",\"datePublished\":\"2011-11-30T04:00:00+00:00\",\"dateModified\":\"2017-06-02T12:47:32+00:00\",\"mainEntityOfPage\":{\"@id\":\"https:\\\/\\\/interamerica.org\\\/es\\\/2011\\\/11\\\/joven-adventista-aleman-obtiene-reconocimiento-nacional\\\/\"},\"wordCount\":276,\"articleSection\":[\"Archivo\"],\"inLanguage\":\"es\"},{\"@type\":\"WebPage\",\"@id\":\"https:\\\/\\\/interamerica.org\\\/es\\\/2011\\\/11\\\/joven-adventista-aleman-obtiene-reconocimiento-nacional\\\/\",\"url\":\"https:\\\/\\\/interamerica.org\\\/es\\\/2011\\\/11\\\/joven-adventista-aleman-obtiene-reconocimiento-nacional\\\/\",\"name\":\"Joven adventista alem\u00e1n obtiene reconocimiento nacional - Iglesia Adventista del S\u00e9ptimo D\u00eda - Divisi\u00f3n Interamericana\",\"isPartOf\":{\"@id\":\"https:\\\/\\\/interamerica.org\\\/es\\\/#website\"},\"datePublished\":\"2011-11-30T04:00:00+00:00\",\"dateModified\":\"2017-06-02T12:47:32+00:00\",\"author\":{\"@id\":\"https:\\\/\\\/interamerica.org\\\/es\\\/#\\\/schema\\\/person\\\/68ede8bdc292885bb76c1e3810e73c39\"},\"breadcrumb\":{\"@id\":\"https:\\\/\\\/interamerica.org\\\/es\\\/2011\\\/11\\\/joven-adventista-aleman-obtiene-reconocimiento-nacional\\\/#breadcrumb\"},\"inLanguage\":\"es\",\"potentialAction\":[{\"@type\":\"ReadAction\",\"target\":[\"https:\\\/\\\/interamerica.org\\\/es\\\/2011\\\/11\\\/joven-adventista-aleman-obtiene-reconocimiento-nacional\\\/\"]}]},{\"@type\":\"BreadcrumbList\",\"@id\":\"https:\\\/\\\/interamerica.org\\\/es\\\/2011\\\/11\\\/joven-adventista-aleman-obtiene-reconocimiento-nacional\\\/#breadcrumb\",\"itemListElement\":[{\"@type\":\"ListItem\",\"position\":1,\"name\":\"Home\",\"item\":\"https:\\\/\\\/interamerica.org\\\/es\\\/\"},{\"@type\":\"ListItem\",\"position\":2,\"name\":\"Joven adventista alem\u00e1n obtiene reconocimiento nacional\"}]},{\"@type\":\"WebSite\",\"@id\":\"https:\\\/\\\/interamerica.org\\\/es\\\/#website\",\"url\":\"https:\\\/\\\/interamerica.org\\\/es\\\/\",\"name\":\"Iglesia Adventista del S\u00e9ptimo D\u00eda - Divisi\u00f3n Interamericana\",\"description\":\"\",\"potentialAction\":[{\"@type\":\"SearchAction\",\"target\":{\"@type\":\"EntryPoint\",\"urlTemplate\":\"https:\\\/\\\/interamerica.org\\\/es\\\/?s={search_term_string}\"},\"query-input\":{\"@type\":\"PropertyValueSpecification\",\"valueRequired\":true,\"valueName\":\"search_term_string\"}}],\"inLanguage\":\"es\"},{\"@type\":\"Person\",\"@id\":\"https:\\\/\\\/interamerica.org\\\/es\\\/#\\\/schema\\\/person\\\/68ede8bdc292885bb76c1e3810e73c39\",\"name\":\"Lorenzo Verduzco\",\"image\":{\"@type\":\"ImageObject\",\"inLanguage\":\"es\",\"@id\":\"https:\\\/\\\/secure.gravatar.com\\\/avatar\\\/fb81a55b6218459490a9c1dc841a34909185b81904c5337b4b27f7a6fd60c49e?s=96&d=mm&r=g\",\"url\":\"https:\\\/\\\/secure.gravatar.com\\\/avatar\\\/fb81a55b6218459490a9c1dc841a34909185b81904c5337b4b27f7a6fd60c49e?s=96&d=mm&r=g\",\"contentUrl\":\"https:\\\/\\\/secure.gravatar.com\\\/avatar\\\/fb81a55b6218459490a9c1dc841a34909185b81904c5337b4b27f7a6fd60c49e?s=96&d=mm&r=g\",\"caption\":\"Lorenzo Verduzco\"}}]}<\/script>\n<!-- \/ Yoast SEO plugin. -->","yoast_head_json":{"title":"Joven adventista alem\u00e1n obtiene reconocimiento nacional - Iglesia Adventista del S\u00e9ptimo D\u00eda - Divisi\u00f3n Interamericana","robots":{"index":"index","follow":"follow","max-snippet":"max-snippet:-1","max-image-preview":"max-image-preview:large","max-video-preview":"max-video-preview:-1"},"canonical":"https:\/\/interamerica.org\/es\/2011\/11\/joven-adventista-aleman-obtiene-reconocimiento-nacional\/","og_locale":"es_ES","og_type":"article","og_title":"Joven adventista alem\u00e1n obtiene reconocimiento nacional - Iglesia Adventista del S\u00e9ptimo D\u00eda - Divisi\u00f3n Interamericana","og_description":"El trabajo de un grupo de j\u00f3venes alemanes adventistas entre ni\u00f1os y chicos en desventaja, gan\u00f3 reconocimiento nacional las semana pasada.","og_url":"https:\/\/interamerica.org\/es\/2011\/11\/joven-adventista-aleman-obtiene-reconocimiento-nacional\/","og_site_name":"Iglesia Adventista del S\u00e9ptimo D\u00eda - Divisi\u00f3n Interamericana","article_published_time":"2011-11-30T04:00:00+00:00","article_modified_time":"2017-06-02T12:47:32+00:00","author":"Lorenzo Verduzco","twitter_card":"summary_large_image","twitter_misc":{"Escrito por":"Lorenzo Verduzco","Tiempo de lectura":"1 minuto"},"schema":{"@context":"https:\/\/schema.org","@graph":[{"@type":"Article","@id":"https:\/\/interamerica.org\/es\/2011\/11\/joven-adventista-aleman-obtiene-reconocimiento-nacional\/#article","isPartOf":{"@id":"https:\/\/interamerica.org\/es\/2011\/11\/joven-adventista-aleman-obtiene-reconocimiento-nacional\/"},"author":{"name":"Lorenzo Verduzco","@id":"https:\/\/interamerica.org\/es\/#\/schema\/person\/68ede8bdc292885bb76c1e3810e73c39"},"headline":"Joven adventista alem\u00e1n obtiene reconocimiento nacional","datePublished":"2011-11-30T04:00:00+00:00","dateModified":"2017-06-02T12:47:32+00:00","mainEntityOfPage":{"@id":"https:\/\/interamerica.org\/es\/2011\/11\/joven-adventista-aleman-obtiene-reconocimiento-nacional\/"},"wordCount":276,"articleSection":["Archivo"],"inLanguage":"es"},{"@type":"WebPage","@id":"https:\/\/interamerica.org\/es\/2011\/11\/joven-adventista-aleman-obtiene-reconocimiento-nacional\/","url":"https:\/\/interamerica.org\/es\/2011\/11\/joven-adventista-aleman-obtiene-reconocimiento-nacional\/","name":"Joven adventista alem\u00e1n obtiene reconocimiento nacional - Iglesia Adventista del S\u00e9ptimo D\u00eda - Divisi\u00f3n Interamericana","isPartOf":{"@id":"https:\/\/interamerica.org\/es\/#website"},"datePublished":"2011-11-30T04:00:00+00:00","dateModified":"2017-06-02T12:47:32+00:00","author":{"@id":"https:\/\/interamerica.org\/es\/#\/schema\/person\/68ede8bdc292885bb76c1e3810e73c39"},"breadcrumb":{"@id":"https:\/\/interamerica.org\/es\/2011\/11\/joven-adventista-aleman-obtiene-reconocimiento-nacional\/#breadcrumb"},"inLanguage":"es","potentialAction":[{"@type":"ReadAction","target":["https:\/\/interamerica.org\/es\/2011\/11\/joven-adventista-aleman-obtiene-reconocimiento-nacional\/"]}]},{"@type":"BreadcrumbList","@id":"https:\/\/interamerica.org\/es\/2011\/11\/joven-adventista-aleman-obtiene-reconocimiento-nacional\/#breadcrumb","itemListElement":[{"@type":"ListItem","position":1,"name":"Home","item":"https:\/\/interamerica.org\/es\/"},{"@type":"ListItem","position":2,"name":"Joven adventista alem\u00e1n obtiene reconocimiento nacional"}]},{"@type":"WebSite","@id":"https:\/\/interamerica.org\/es\/#website","url":"https:\/\/interamerica.org\/es\/","name":"Iglesia Adventista del S\u00e9ptimo D\u00eda - Divisi\u00f3n Interamericana","description":"","potentialAction":[{"@type":"SearchAction","target":{"@type":"EntryPoint","urlTemplate":"https:\/\/interamerica.org\/es\/?s={search_term_string}"},"query-input":{"@type":"PropertyValueSpecification","valueRequired":true,"valueName":"search_term_string"}}],"inLanguage":"es"},{"@type":"Person","@id":"https:\/\/interamerica.org\/es\/#\/schema\/person\/68ede8bdc292885bb76c1e3810e73c39","name":"Lorenzo Verduzco","image":{"@type":"ImageObject","inLanguage":"es","@id":"https:\/\/secure.gravatar.com\/avatar\/fb81a55b6218459490a9c1dc841a34909185b81904c5337b4b27f7a6fd60c49e?s=96&d=mm&r=g","url":"https:\/\/secure.gravatar.com\/avatar\/fb81a55b6218459490a9c1dc841a34909185b81904c5337b4b27f7a6fd60c49e?s=96&d=mm&r=g","contentUrl":"https:\/\/secure.gravatar.com\/avatar\/fb81a55b6218459490a9c1dc841a34909185b81904c5337b4b27f7a6fd60c49e?s=96&d=mm&r=g","caption":"Lorenzo Verduzco"}}]}},"_links":{"self":[{"href":"https:\/\/interamerica.org\/es\/wp-json\/wp\/v2\/posts\/11927","targetHints":{"allow":["GET"]}}],"collection":[{"href":"https:\/\/interamerica.org\/es\/wp-json\/wp\/v2\/posts"}],"about":[{"href":"https:\/\/interamerica.org\/es\/wp-json\/wp\/v2\/types\/post"}],"author":[{"embeddable":true,"href":"https:\/\/interamerica.org\/es\/wp-json\/wp\/v2\/users\/1"}],"replies":[{"embeddable":true,"href":"https:\/\/interamerica.org\/es\/wp-json\/wp\/v2\/comments?post=11927"}],"version-history":[{"count":0,"href":"https:\/\/interamerica.org\/es\/wp-json\/wp\/v2\/posts\/11927\/revisions"}],"wp:attachment":[{"href":"https:\/\/interamerica.org\/es\/wp-json\/wp\/v2\/media?parent=11927"}],"wp:term":[{"taxonomy":"category","embeddable":true,"href":"https:\/\/interamerica.org\/es\/wp-json\/wp\/v2\/categories?post=11927"},{"taxonomy":"post_tag","embeddable":true,"href":"https:\/\/interamerica.org\/es\/wp-json\/wp\/v2\/tags?post=11927"}],"curies":[{"name":"wp","href":"https:\/\/api.w.org\/{rel}","templated":true}]}}