{"id":11931,"date":"2011-12-04T00:00:00","date_gmt":"2011-12-04T04:00:00","guid":{"rendered":"http:\/\/192.81.217.108\/interamerica\/2011\/12\/hondurasla-iglesia-capacita-a-las-mujeres-para-el-servicio\/"},"modified":"2017-06-02T08:47:31","modified_gmt":"2017-06-02T12:47:31","slug":"hondurasla-iglesia-capacita-a-las-mujeres-para-el-servicio","status":"publish","type":"post","link":"https:\/\/interamerica.org\/es\/2011\/12\/hondurasla-iglesia-capacita-a-las-mujeres-para-el-servicio\/","title":{"rendered":"Honduras:la iglesia capacita a las mujeres para el servicio"},"content":{"rendered":"<p>Tegucigalpa, Honduras, 4 de diciembre de 2011&#8230;Paul Haughton\/Personal de la DIA<br  \/><\/p>\n<p>La Iglesia Adventista del S\u00e9ptimo D\u00eda en Honduras reuni\u00f3 un grupo b\u00e1sico de 650 mujeres de todo el pa\u00eds y sus Islas de la Bah\u00eda para capacitarlas mientras ellas contin\u00faan sirviendo en iglesias y grupos peque\u00f1os en el pa\u00eds centroamericano. El evento de tres d\u00edas fue llevado a cabo en el Centro de Convenciones del Hotel Honduras Maya en Tegucigalpa, del 17 al 19 de noviembre de 2011. <br  \/><\/p>\n<p>Ana Pi\u00f1eda, Ministra de Justicia y Derechos Humanos para Honduras, habl\u00f3 a los cientos de mujeres acerca de los derechos humanos y repas\u00f3 las leyes que protegen a las mujeres en Honduras. <br  \/><\/p>\n<p>De manera similar, Doris Gutierrez, abogada municipal y antigua congresista de Honduras, habl\u00f3 sobre igualdad de g\u00e9nero y sobre la importancia de la participaci\u00f3n y el liderazgo de las mujeres en todos los aspectos de la sociedad. <br  \/><\/p>\n<p>\u201cQuer\u00edamos elevar la autoestima de las mujeres, entrenarlas y motivarlas para que usen sus dones y talentos para el servicio de Dios en cumplimiento de la misi\u00f3n de predicar el evangelio\u201d, dijo Del Howell, directora de ministerios de la mujer para la iglesia en Honduras y organizadora del evento. <br  \/><\/p>\n<p>En un pa\u00eds que enfrenta desaf\u00edos respecto a la violencia, el desempleo y un aumento en la violencia contra las mujeres, la convenci\u00f3n fue importante y necesaria puesto que las mujeres tambi\u00e9n enfrentan esa realidad, de acuerdo con Howell. <br  \/><\/p>\n<p>\u201cLa iglesia depende mucho de los ministerios de la mujer, puesto que las mujeres est\u00e1n activas en la predicaci\u00f3n, la ense\u00f1anza, los estudios b\u00edblicos, y la participaci\u00f3n en campa\u00f1as evangel\u00edsticas, la sociedad Dorcas, y mucho m\u00e1s\u201d, a\u00f1adi\u00f3 Howell. <br  \/><\/p>\n<p>La convenci\u00f3n tambi\u00e9n fue una oportunidad para certificar a unas 165 mujeres en un programa de certificaci\u00f3n en liderazgo. <br  \/><\/p>\n<p>La convenci\u00f3n incluy\u00f3 seminarios sobre salud, familia, administraci\u00f3n personal, y tambi\u00e9n permiti\u00f3 la interacci\u00f3n entre cientos de mujeres que son l\u00edderes activas. <br  \/>Entre las oradoras en el evento estuvieron Nicolle Brise y Esmeralda Guzman de la Asociaci\u00f3n Suroriental de los Estados Unidos; Felisa Rando de Argentina, Lorna Ponce y Mirna Pineda de Honduras, y m\u00e1s. <br  \/><\/p>\n<p>Las l\u00edderes esperan organizar otra convenci\u00f3n de mujeres en el futuro. Mientras tanto, las asistentes compartir\u00e1n el conocimiento que obtuvieron y continuar\u00e1n fortaleciendo la iglesia creciente de Honduras, dijo Howell. <br  \/><\/p>\n<p>Hay cerca de 249,000 adventistas del s\u00e9ptimo d\u00eda en Honduras, adorando en 416 iglesias. <\/p>\n<\/p>\n<p>Traducci\u00f3n: Abraham Guerrrero <br  \/><\/p>\n","protected":false},"excerpt":{"rendered":"<p>La Iglesia Adventista del S\u00e9ptimo D\u00eda en Honduras reuni\u00f3 un grupo b\u00e1sico de 650 mujeres de todo el pa\u00eds y sus Islas de la Bah\u00eda para capacitarlas mientras ellas contin\u00faan sirviendo en iglesias y grupos pequ<\/p>\n","protected":false},"author":1,"featured_media":0,"comment_status":"closed","ping_status":"closed","sticky":false,"template":"","format":"standard","meta":{"_acf_changed":false,"footnotes":""},"categories":[8],"tags":[],"class_list":["post-11931","post","type-post","status-publish","format-standard","hentry","category-archivo"],"acf":[],"yoast_head":"<!-- This site is optimized with the Yoast SEO plugin v27.3 - https:\/\/yoast.com\/product\/yoast-seo-wordpress\/ -->\n<title>Honduras:la iglesia capacita a las mujeres para el servicio - Iglesia Adventista del S\u00e9ptimo D\u00eda - Divisi\u00f3n Interamericana<\/title>\n<meta name=\"robots\" content=\"index, follow, max-snippet:-1, max-image-preview:large, max-video-preview:-1\" \/>\n<link rel=\"canonical\" href=\"https:\/\/interamerica.org\/es\/2011\/12\/hondurasla-iglesia-capacita-a-las-mujeres-para-el-servicio\/\" \/>\n<meta property=\"og:locale\" content=\"es_ES\" \/>\n<meta property=\"og:type\" content=\"article\" \/>\n<meta property=\"og:title\" content=\"Honduras:la iglesia capacita a las mujeres para el servicio - Iglesia Adventista del S\u00e9ptimo D\u00eda - Divisi\u00f3n Interamericana\" \/>\n<meta property=\"og:description\" content=\"La Iglesia Adventista del S\u00e9ptimo D\u00eda en Honduras reuni\u00f3 un grupo b\u00e1sico de 650 mujeres de todo el pa\u00eds y sus Islas de la Bah\u00eda para capacitarlas mientras ellas contin\u00faan sirviendo en iglesias y grupos pequ\" \/>\n<meta property=\"og:url\" content=\"https:\/\/interamerica.org\/es\/2011\/12\/hondurasla-iglesia-capacita-a-las-mujeres-para-el-servicio\/\" \/>\n<meta property=\"og:site_name\" content=\"Iglesia Adventista del S\u00e9ptimo D\u00eda - Divisi\u00f3n Interamericana\" \/>\n<meta property=\"article:published_time\" content=\"2011-12-04T04:00:00+00:00\" \/>\n<meta property=\"article:modified_time\" content=\"2017-06-02T12:47:31+00:00\" \/>\n<meta name=\"author\" content=\"Lorenzo Verduzco\" \/>\n<meta name=\"twitter:card\" content=\"summary_large_image\" \/>\n<meta name=\"twitter:label1\" content=\"Escrito por\" \/>\n\t<meta name=\"twitter:data1\" content=\"Lorenzo Verduzco\" \/>\n\t<meta name=\"twitter:label2\" content=\"Tiempo de lectura\" \/>\n\t<meta name=\"twitter:data2\" content=\"2 minutos\" \/>\n<script type=\"application\/ld+json\" class=\"yoast-schema-graph\">{\"@context\":\"https:\\\/\\\/schema.org\",\"@graph\":[{\"@type\":\"Article\",\"@id\":\"https:\\\/\\\/interamerica.org\\\/es\\\/2011\\\/12\\\/hondurasla-iglesia-capacita-a-las-mujeres-para-el-servicio\\\/#article\",\"isPartOf\":{\"@id\":\"https:\\\/\\\/interamerica.org\\\/es\\\/2011\\\/12\\\/hondurasla-iglesia-capacita-a-las-mujeres-para-el-servicio\\\/\"},\"author\":{\"name\":\"Lorenzo Verduzco\",\"@id\":\"https:\\\/\\\/interamerica.org\\\/es\\\/#\\\/schema\\\/person\\\/68ede8bdc292885bb76c1e3810e73c39\"},\"headline\":\"Honduras:la iglesia capacita a las mujeres para el servicio\",\"datePublished\":\"2011-12-04T04:00:00+00:00\",\"dateModified\":\"2017-06-02T12:47:31+00:00\",\"mainEntityOfPage\":{\"@id\":\"https:\\\/\\\/interamerica.org\\\/es\\\/2011\\\/12\\\/hondurasla-iglesia-capacita-a-las-mujeres-para-el-servicio\\\/\"},\"wordCount\":442,\"articleSection\":[\"Archivo\"],\"inLanguage\":\"es\"},{\"@type\":\"WebPage\",\"@id\":\"https:\\\/\\\/interamerica.org\\\/es\\\/2011\\\/12\\\/hondurasla-iglesia-capacita-a-las-mujeres-para-el-servicio\\\/\",\"url\":\"https:\\\/\\\/interamerica.org\\\/es\\\/2011\\\/12\\\/hondurasla-iglesia-capacita-a-las-mujeres-para-el-servicio\\\/\",\"name\":\"Honduras:la iglesia capacita a las mujeres para el servicio - Iglesia Adventista del S\u00e9ptimo D\u00eda - Divisi\u00f3n Interamericana\",\"isPartOf\":{\"@id\":\"https:\\\/\\\/interamerica.org\\\/es\\\/#website\"},\"datePublished\":\"2011-12-04T04:00:00+00:00\",\"dateModified\":\"2017-06-02T12:47:31+00:00\",\"author\":{\"@id\":\"https:\\\/\\\/interamerica.org\\\/es\\\/#\\\/schema\\\/person\\\/68ede8bdc292885bb76c1e3810e73c39\"},\"breadcrumb\":{\"@id\":\"https:\\\/\\\/interamerica.org\\\/es\\\/2011\\\/12\\\/hondurasla-iglesia-capacita-a-las-mujeres-para-el-servicio\\\/#breadcrumb\"},\"inLanguage\":\"es\",\"potentialAction\":[{\"@type\":\"ReadAction\",\"target\":[\"https:\\\/\\\/interamerica.org\\\/es\\\/2011\\\/12\\\/hondurasla-iglesia-capacita-a-las-mujeres-para-el-servicio\\\/\"]}]},{\"@type\":\"BreadcrumbList\",\"@id\":\"https:\\\/\\\/interamerica.org\\\/es\\\/2011\\\/12\\\/hondurasla-iglesia-capacita-a-las-mujeres-para-el-servicio\\\/#breadcrumb\",\"itemListElement\":[{\"@type\":\"ListItem\",\"position\":1,\"name\":\"Home\",\"item\":\"https:\\\/\\\/interamerica.org\\\/es\\\/\"},{\"@type\":\"ListItem\",\"position\":2,\"name\":\"Honduras:la iglesia capacita a las mujeres para el servicio\"}]},{\"@type\":\"WebSite\",\"@id\":\"https:\\\/\\\/interamerica.org\\\/es\\\/#website\",\"url\":\"https:\\\/\\\/interamerica.org\\\/es\\\/\",\"name\":\"Iglesia Adventista del S\u00e9ptimo D\u00eda - Divisi\u00f3n Interamericana\",\"description\":\"\",\"potentialAction\":[{\"@type\":\"SearchAction\",\"target\":{\"@type\":\"EntryPoint\",\"urlTemplate\":\"https:\\\/\\\/interamerica.org\\\/es\\\/?s={search_term_string}\"},\"query-input\":{\"@type\":\"PropertyValueSpecification\",\"valueRequired\":true,\"valueName\":\"search_term_string\"}}],\"inLanguage\":\"es\"},{\"@type\":\"Person\",\"@id\":\"https:\\\/\\\/interamerica.org\\\/es\\\/#\\\/schema\\\/person\\\/68ede8bdc292885bb76c1e3810e73c39\",\"name\":\"Lorenzo Verduzco\",\"image\":{\"@type\":\"ImageObject\",\"inLanguage\":\"es\",\"@id\":\"https:\\\/\\\/secure.gravatar.com\\\/avatar\\\/fb81a55b6218459490a9c1dc841a34909185b81904c5337b4b27f7a6fd60c49e?s=96&d=mm&r=g\",\"url\":\"https:\\\/\\\/secure.gravatar.com\\\/avatar\\\/fb81a55b6218459490a9c1dc841a34909185b81904c5337b4b27f7a6fd60c49e?s=96&d=mm&r=g\",\"contentUrl\":\"https:\\\/\\\/secure.gravatar.com\\\/avatar\\\/fb81a55b6218459490a9c1dc841a34909185b81904c5337b4b27f7a6fd60c49e?s=96&d=mm&r=g\",\"caption\":\"Lorenzo Verduzco\"}}]}<\/script>\n<!-- \/ Yoast SEO plugin. -->","yoast_head_json":{"title":"Honduras:la iglesia capacita a las mujeres para el servicio - Iglesia Adventista del S\u00e9ptimo D\u00eda - Divisi\u00f3n Interamericana","robots":{"index":"index","follow":"follow","max-snippet":"max-snippet:-1","max-image-preview":"max-image-preview:large","max-video-preview":"max-video-preview:-1"},"canonical":"https:\/\/interamerica.org\/es\/2011\/12\/hondurasla-iglesia-capacita-a-las-mujeres-para-el-servicio\/","og_locale":"es_ES","og_type":"article","og_title":"Honduras:la iglesia capacita a las mujeres para el servicio - Iglesia Adventista del S\u00e9ptimo D\u00eda - Divisi\u00f3n Interamericana","og_description":"La Iglesia Adventista del S\u00e9ptimo D\u00eda en Honduras reuni\u00f3 un grupo b\u00e1sico de 650 mujeres de todo el pa\u00eds y sus Islas de la Bah\u00eda para capacitarlas mientras ellas contin\u00faan sirviendo en iglesias y grupos pequ","og_url":"https:\/\/interamerica.org\/es\/2011\/12\/hondurasla-iglesia-capacita-a-las-mujeres-para-el-servicio\/","og_site_name":"Iglesia Adventista del S\u00e9ptimo D\u00eda - Divisi\u00f3n Interamericana","article_published_time":"2011-12-04T04:00:00+00:00","article_modified_time":"2017-06-02T12:47:31+00:00","author":"Lorenzo Verduzco","twitter_card":"summary_large_image","twitter_misc":{"Escrito por":"Lorenzo Verduzco","Tiempo de lectura":"2 minutos"},"schema":{"@context":"https:\/\/schema.org","@graph":[{"@type":"Article","@id":"https:\/\/interamerica.org\/es\/2011\/12\/hondurasla-iglesia-capacita-a-las-mujeres-para-el-servicio\/#article","isPartOf":{"@id":"https:\/\/interamerica.org\/es\/2011\/12\/hondurasla-iglesia-capacita-a-las-mujeres-para-el-servicio\/"},"author":{"name":"Lorenzo Verduzco","@id":"https:\/\/interamerica.org\/es\/#\/schema\/person\/68ede8bdc292885bb76c1e3810e73c39"},"headline":"Honduras:la iglesia capacita a las mujeres para el servicio","datePublished":"2011-12-04T04:00:00+00:00","dateModified":"2017-06-02T12:47:31+00:00","mainEntityOfPage":{"@id":"https:\/\/interamerica.org\/es\/2011\/12\/hondurasla-iglesia-capacita-a-las-mujeres-para-el-servicio\/"},"wordCount":442,"articleSection":["Archivo"],"inLanguage":"es"},{"@type":"WebPage","@id":"https:\/\/interamerica.org\/es\/2011\/12\/hondurasla-iglesia-capacita-a-las-mujeres-para-el-servicio\/","url":"https:\/\/interamerica.org\/es\/2011\/12\/hondurasla-iglesia-capacita-a-las-mujeres-para-el-servicio\/","name":"Honduras:la iglesia capacita a las mujeres para el servicio - Iglesia Adventista del S\u00e9ptimo D\u00eda - Divisi\u00f3n Interamericana","isPartOf":{"@id":"https:\/\/interamerica.org\/es\/#website"},"datePublished":"2011-12-04T04:00:00+00:00","dateModified":"2017-06-02T12:47:31+00:00","author":{"@id":"https:\/\/interamerica.org\/es\/#\/schema\/person\/68ede8bdc292885bb76c1e3810e73c39"},"breadcrumb":{"@id":"https:\/\/interamerica.org\/es\/2011\/12\/hondurasla-iglesia-capacita-a-las-mujeres-para-el-servicio\/#breadcrumb"},"inLanguage":"es","potentialAction":[{"@type":"ReadAction","target":["https:\/\/interamerica.org\/es\/2011\/12\/hondurasla-iglesia-capacita-a-las-mujeres-para-el-servicio\/"]}]},{"@type":"BreadcrumbList","@id":"https:\/\/interamerica.org\/es\/2011\/12\/hondurasla-iglesia-capacita-a-las-mujeres-para-el-servicio\/#breadcrumb","itemListElement":[{"@type":"ListItem","position":1,"name":"Home","item":"https:\/\/interamerica.org\/es\/"},{"@type":"ListItem","position":2,"name":"Honduras:la iglesia capacita a las mujeres para el servicio"}]},{"@type":"WebSite","@id":"https:\/\/interamerica.org\/es\/#website","url":"https:\/\/interamerica.org\/es\/","name":"Iglesia Adventista del S\u00e9ptimo D\u00eda - Divisi\u00f3n Interamericana","description":"","potentialAction":[{"@type":"SearchAction","target":{"@type":"EntryPoint","urlTemplate":"https:\/\/interamerica.org\/es\/?s={search_term_string}"},"query-input":{"@type":"PropertyValueSpecification","valueRequired":true,"valueName":"search_term_string"}}],"inLanguage":"es"},{"@type":"Person","@id":"https:\/\/interamerica.org\/es\/#\/schema\/person\/68ede8bdc292885bb76c1e3810e73c39","name":"Lorenzo Verduzco","image":{"@type":"ImageObject","inLanguage":"es","@id":"https:\/\/secure.gravatar.com\/avatar\/fb81a55b6218459490a9c1dc841a34909185b81904c5337b4b27f7a6fd60c49e?s=96&d=mm&r=g","url":"https:\/\/secure.gravatar.com\/avatar\/fb81a55b6218459490a9c1dc841a34909185b81904c5337b4b27f7a6fd60c49e?s=96&d=mm&r=g","contentUrl":"https:\/\/secure.gravatar.com\/avatar\/fb81a55b6218459490a9c1dc841a34909185b81904c5337b4b27f7a6fd60c49e?s=96&d=mm&r=g","caption":"Lorenzo Verduzco"}}]}},"_links":{"self":[{"href":"https:\/\/interamerica.org\/es\/wp-json\/wp\/v2\/posts\/11931","targetHints":{"allow":["GET"]}}],"collection":[{"href":"https:\/\/interamerica.org\/es\/wp-json\/wp\/v2\/posts"}],"about":[{"href":"https:\/\/interamerica.org\/es\/wp-json\/wp\/v2\/types\/post"}],"author":[{"embeddable":true,"href":"https:\/\/interamerica.org\/es\/wp-json\/wp\/v2\/users\/1"}],"replies":[{"embeddable":true,"href":"https:\/\/interamerica.org\/es\/wp-json\/wp\/v2\/comments?post=11931"}],"version-history":[{"count":0,"href":"https:\/\/interamerica.org\/es\/wp-json\/wp\/v2\/posts\/11931\/revisions"}],"wp:attachment":[{"href":"https:\/\/interamerica.org\/es\/wp-json\/wp\/v2\/media?parent=11931"}],"wp:term":[{"taxonomy":"category","embeddable":true,"href":"https:\/\/interamerica.org\/es\/wp-json\/wp\/v2\/categories?post=11931"},{"taxonomy":"post_tag","embeddable":true,"href":"https:\/\/interamerica.org\/es\/wp-json\/wp\/v2\/tags?post=11931"}],"curies":[{"name":"wp","href":"https:\/\/api.w.org\/{rel}","templated":true}]}}