{"id":11938,"date":"2011-12-19T00:00:00","date_gmt":"2011-12-19T04:00:00","guid":{"rendered":"http:\/\/192.81.217.108\/interamerica\/2011\/12\/en-india-nuevo-orfanato-en-el-horizonte-para-el-ministerio-de-apoyo-adventista\/"},"modified":"2017-06-02T08:47:27","modified_gmt":"2017-06-02T12:47:27","slug":"en-india-nuevo-orfanato-en-el-horizonte-para-el-ministerio-de-apoyo-adventista","status":"publish","type":"post","link":"https:\/\/interamerica.org\/es\/2011\/12\/en-india-nuevo-orfanato-en-el-horizonte-para-el-ministerio-de-apoyo-adventista\/","title":{"rendered":"En India, nuevo orfanato en el horizonte para el ministerio de apoyo adventista"},"content":{"rendered":"<p>19 de diciembre, 2011, <em >Silver Spring, Maryland, Estados Unidos<\/em >&#8230; Personal de ANN <\/p>\n<p>Menos de la mitad de los ni\u00f1os de la India obtienen una educaci\u00f3n. Muchos son hu\u00e9rfanos que viven en extrema pobreza en los tugurios del pa\u00eds. Un ministerio de apoyo adventista del s\u00e9ptimo d\u00eda en la regi\u00f3n est\u00e1 invirtiendo en el futuro de estos ni\u00f1os. <\/p>\n<p><em >Asian Aid<\/em > construye un nuevo orfanato para setenta hu\u00e9rfanos que actualmente viven en un hogar sobreocupado en los suburbios de Bobili, India. El <em >Sunrise Orphanage<\/em > (El Orfanatorio Aurora),  programado para abrir a comienzos del pr\u00f3ximo a\u00f1o, puede darle un hogar a m\u00e1s que el doble de ni\u00f1os desafortunados. <\/p>\n<p>Las 12 parcelas de Sunrise significan que el orfanato puede cultivar algo de sus propios alimentos y vender el excedente para obtener ingresos. Cada ni\u00f1o cultivar\u00e1 una parcela para aprender c\u00f3mo se hace agricultura y el valor de la industria, dijo un parte de prensa del ministerio. <\/p>\n<p>Establecida en Australia hace cuarenta a\u00f1os<em >, Asian Aid<\/em > ahora opera una oficina en Estados Unidos, situada fuera de Collegedale, Tennessee, adem\u00e1s de su sede en <em >Wauchope, New South Wales. <\/em >El ministerio opera m\u00e1s de cien escuelas y orfanatos en India, Nepal, Bangladesh y Sri Lanka.  A trav\u00e9s de contribuyentes, Asia Aid env\u00eda 8,500 ni\u00f1os a escuelas adventistas en la regi\u00f3n. <\/p>\n<p>\u00abNo solo les estamos dando una educaci\u00f3n, pero tambi\u00e9n llev\u00e1ndolos a Jes\u00fas\u00bb, dice el oficial ejecutivo a cargo de Asian Aid, Jim Rennie. \u00abEl apoyo extra\u00f1amente una actividad misionera diaria. Si alguien quiere saber que ellos est\u00e1n marcando una diferencia en el campo misionero cada d\u00eda, pueden saberlo\u00bb. <\/p>\n<p>El apoyo b\u00e1sico cubre los gastos de ense\u00f1anza de un ni\u00f1o en una escuela adventista local, con niveles de apoyo mayores proveyendo abrigo as\u00ed como alimento. <\/p>\n<p>Los hu\u00e9rfanos en India a menudo son abandonados y rechazados por la sociedad, dice Rennie. En un ejemplo de no hace mucho, el personal del actual <em >Sunrise Orphanage<\/em > se despert\u00f3 para encontrar un ni\u00f1o atado a un poste en el patio. <\/p>\n<p>\u00abElla pas\u00f3 de una muchachita que estaba petrificada a otros muchachos brillantes, alegres en Sunrise quienes han conseguido una pareja que les ofrece mucho amor, y una pareja de principios espirituales que velan por ellos. Ver la diferencia en esa ni\u00f1a fue muy emocionante\u00bb, dice Rennie. <\/p>\n<p>El ministerio <em >Asian Aid<\/em > no se limita al apoyo que recibe. El ministerio tambi\u00e9n supervisa numerosos proyectos de desarrollo, tales como proveer fuentes de agua potable, alfabetizaci\u00f3n y capacitaci\u00f3n vocacional para adultos y cuidado m\u00e9dico para la poblaci\u00f3n menos privilegiada, incluyendo mujeres de Nepal y comunidades leprosas. <em >Asian Aid<\/em > tambi\u00e9n provee refugio para mujeres que han escapado del tr\u00e1fico humano. <\/p>\n<p>\u00abNo podemos resolver todos estos problemas, pero tenemos una responsabilidad como parte de nuestro esfuerzo misionero para ayudar a aquellos que est\u00e1n necesitados. Creo que proveemos un veh\u00edculo muy directo para ayudar a los necesitados\u00bb, dice Rennie. <\/p>\n<p>Para saber m\u00e1s sobre el ministerio, visite <a  href=\"http:\/\/www.asianaid.org\/\">http:\/\/www.asianaid.org\/<\/a > <\/p>\n<p>Traducci\u00f3n: Aleida T. Romero <\/p>\n<\/p><\/p>\n","protected":false},"excerpt":{"rendered":"<p>Menos de la mitad de los ni\u00f1os de la India obtienen una educaci\u00f3n. Muchos son hu\u00e9rfanos que viven en extrema pobreza en los slums del pa\u00eds. Un ministerio de apoyo adventista est\u00e1 invirtiendo en estos ni\u00f1os.<\/p>\n","protected":false},"author":1,"featured_media":0,"comment_status":"closed","ping_status":"closed","sticky":false,"template":"","format":"standard","meta":{"_acf_changed":false,"footnotes":""},"categories":[8],"tags":[],"class_list":["post-11938","post","type-post","status-publish","format-standard","hentry","category-archivo"],"acf":[],"yoast_head":"<!-- This site is optimized with the Yoast SEO plugin v27.3 - https:\/\/yoast.com\/product\/yoast-seo-wordpress\/ -->\n<title>En India, nuevo orfanato en el horizonte para el ministerio de apoyo adventista - Iglesia Adventista del S\u00e9ptimo D\u00eda - Divisi\u00f3n Interamericana<\/title>\n<meta name=\"robots\" content=\"index, follow, max-snippet:-1, max-image-preview:large, max-video-preview:-1\" \/>\n<link rel=\"canonical\" href=\"https:\/\/interamerica.org\/es\/2011\/12\/en-india-nuevo-orfanato-en-el-horizonte-para-el-ministerio-de-apoyo-adventista\/\" \/>\n<meta property=\"og:locale\" content=\"es_ES\" \/>\n<meta property=\"og:type\" content=\"article\" \/>\n<meta property=\"og:title\" content=\"En India, nuevo orfanato en el horizonte para el ministerio de apoyo adventista - Iglesia Adventista del S\u00e9ptimo D\u00eda - Divisi\u00f3n Interamericana\" \/>\n<meta property=\"og:description\" content=\"Menos de la mitad de los ni\u00f1os de la India obtienen una educaci\u00f3n. Muchos son hu\u00e9rfanos que viven en extrema pobreza en los slums del pa\u00eds. Un ministerio de apoyo adventista est\u00e1 invirtiendo en estos ni\u00f1os.\" \/>\n<meta property=\"og:url\" content=\"https:\/\/interamerica.org\/es\/2011\/12\/en-india-nuevo-orfanato-en-el-horizonte-para-el-ministerio-de-apoyo-adventista\/\" \/>\n<meta property=\"og:site_name\" content=\"Iglesia Adventista del S\u00e9ptimo D\u00eda - Divisi\u00f3n Interamericana\" \/>\n<meta property=\"article:published_time\" content=\"2011-12-19T04:00:00+00:00\" \/>\n<meta property=\"article:modified_time\" content=\"2017-06-02T12:47:27+00:00\" \/>\n<meta name=\"author\" content=\"Lorenzo Verduzco\" \/>\n<meta name=\"twitter:card\" content=\"summary_large_image\" \/>\n<meta name=\"twitter:label1\" content=\"Escrito por\" \/>\n\t<meta name=\"twitter:data1\" content=\"Lorenzo Verduzco\" \/>\n\t<meta name=\"twitter:label2\" content=\"Tiempo de lectura\" \/>\n\t<meta name=\"twitter:data2\" content=\"3 minutos\" \/>\n<script type=\"application\/ld+json\" class=\"yoast-schema-graph\">{\"@context\":\"https:\\\/\\\/schema.org\",\"@graph\":[{\"@type\":\"Article\",\"@id\":\"https:\\\/\\\/interamerica.org\\\/es\\\/2011\\\/12\\\/en-india-nuevo-orfanato-en-el-horizonte-para-el-ministerio-de-apoyo-adventista\\\/#article\",\"isPartOf\":{\"@id\":\"https:\\\/\\\/interamerica.org\\\/es\\\/2011\\\/12\\\/en-india-nuevo-orfanato-en-el-horizonte-para-el-ministerio-de-apoyo-adventista\\\/\"},\"author\":{\"name\":\"Lorenzo Verduzco\",\"@id\":\"https:\\\/\\\/interamerica.org\\\/es\\\/#\\\/schema\\\/person\\\/68ede8bdc292885bb76c1e3810e73c39\"},\"headline\":\"En India, nuevo orfanato en el horizonte para el ministerio de apoyo adventista\",\"datePublished\":\"2011-12-19T04:00:00+00:00\",\"dateModified\":\"2017-06-02T12:47:27+00:00\",\"mainEntityOfPage\":{\"@id\":\"https:\\\/\\\/interamerica.org\\\/es\\\/2011\\\/12\\\/en-india-nuevo-orfanato-en-el-horizonte-para-el-ministerio-de-apoyo-adventista\\\/\"},\"wordCount\":540,\"articleSection\":[\"Archivo\"],\"inLanguage\":\"es\"},{\"@type\":\"WebPage\",\"@id\":\"https:\\\/\\\/interamerica.org\\\/es\\\/2011\\\/12\\\/en-india-nuevo-orfanato-en-el-horizonte-para-el-ministerio-de-apoyo-adventista\\\/\",\"url\":\"https:\\\/\\\/interamerica.org\\\/es\\\/2011\\\/12\\\/en-india-nuevo-orfanato-en-el-horizonte-para-el-ministerio-de-apoyo-adventista\\\/\",\"name\":\"En India, nuevo orfanato en el horizonte para el ministerio de apoyo adventista - Iglesia Adventista del S\u00e9ptimo D\u00eda - Divisi\u00f3n Interamericana\",\"isPartOf\":{\"@id\":\"https:\\\/\\\/interamerica.org\\\/es\\\/#website\"},\"datePublished\":\"2011-12-19T04:00:00+00:00\",\"dateModified\":\"2017-06-02T12:47:27+00:00\",\"author\":{\"@id\":\"https:\\\/\\\/interamerica.org\\\/es\\\/#\\\/schema\\\/person\\\/68ede8bdc292885bb76c1e3810e73c39\"},\"breadcrumb\":{\"@id\":\"https:\\\/\\\/interamerica.org\\\/es\\\/2011\\\/12\\\/en-india-nuevo-orfanato-en-el-horizonte-para-el-ministerio-de-apoyo-adventista\\\/#breadcrumb\"},\"inLanguage\":\"es\",\"potentialAction\":[{\"@type\":\"ReadAction\",\"target\":[\"https:\\\/\\\/interamerica.org\\\/es\\\/2011\\\/12\\\/en-india-nuevo-orfanato-en-el-horizonte-para-el-ministerio-de-apoyo-adventista\\\/\"]}]},{\"@type\":\"BreadcrumbList\",\"@id\":\"https:\\\/\\\/interamerica.org\\\/es\\\/2011\\\/12\\\/en-india-nuevo-orfanato-en-el-horizonte-para-el-ministerio-de-apoyo-adventista\\\/#breadcrumb\",\"itemListElement\":[{\"@type\":\"ListItem\",\"position\":1,\"name\":\"Home\",\"item\":\"https:\\\/\\\/interamerica.org\\\/es\\\/\"},{\"@type\":\"ListItem\",\"position\":2,\"name\":\"En India, nuevo orfanato en el horizonte para el ministerio de apoyo adventista\"}]},{\"@type\":\"WebSite\",\"@id\":\"https:\\\/\\\/interamerica.org\\\/es\\\/#website\",\"url\":\"https:\\\/\\\/interamerica.org\\\/es\\\/\",\"name\":\"Iglesia Adventista del S\u00e9ptimo D\u00eda - Divisi\u00f3n Interamericana\",\"description\":\"\",\"potentialAction\":[{\"@type\":\"SearchAction\",\"target\":{\"@type\":\"EntryPoint\",\"urlTemplate\":\"https:\\\/\\\/interamerica.org\\\/es\\\/?s={search_term_string}\"},\"query-input\":{\"@type\":\"PropertyValueSpecification\",\"valueRequired\":true,\"valueName\":\"search_term_string\"}}],\"inLanguage\":\"es\"},{\"@type\":\"Person\",\"@id\":\"https:\\\/\\\/interamerica.org\\\/es\\\/#\\\/schema\\\/person\\\/68ede8bdc292885bb76c1e3810e73c39\",\"name\":\"Lorenzo Verduzco\",\"image\":{\"@type\":\"ImageObject\",\"inLanguage\":\"es\",\"@id\":\"https:\\\/\\\/secure.gravatar.com\\\/avatar\\\/fb81a55b6218459490a9c1dc841a34909185b81904c5337b4b27f7a6fd60c49e?s=96&d=mm&r=g\",\"url\":\"https:\\\/\\\/secure.gravatar.com\\\/avatar\\\/fb81a55b6218459490a9c1dc841a34909185b81904c5337b4b27f7a6fd60c49e?s=96&d=mm&r=g\",\"contentUrl\":\"https:\\\/\\\/secure.gravatar.com\\\/avatar\\\/fb81a55b6218459490a9c1dc841a34909185b81904c5337b4b27f7a6fd60c49e?s=96&d=mm&r=g\",\"caption\":\"Lorenzo Verduzco\"}}]}<\/script>\n<!-- \/ Yoast SEO plugin. -->","yoast_head_json":{"title":"En India, nuevo orfanato en el horizonte para el ministerio de apoyo adventista - Iglesia Adventista del S\u00e9ptimo D\u00eda - Divisi\u00f3n Interamericana","robots":{"index":"index","follow":"follow","max-snippet":"max-snippet:-1","max-image-preview":"max-image-preview:large","max-video-preview":"max-video-preview:-1"},"canonical":"https:\/\/interamerica.org\/es\/2011\/12\/en-india-nuevo-orfanato-en-el-horizonte-para-el-ministerio-de-apoyo-adventista\/","og_locale":"es_ES","og_type":"article","og_title":"En India, nuevo orfanato en el horizonte para el ministerio de apoyo adventista - Iglesia Adventista del S\u00e9ptimo D\u00eda - Divisi\u00f3n Interamericana","og_description":"Menos de la mitad de los ni\u00f1os de la India obtienen una educaci\u00f3n. Muchos son hu\u00e9rfanos que viven en extrema pobreza en los slums del pa\u00eds. Un ministerio de apoyo adventista est\u00e1 invirtiendo en estos ni\u00f1os.","og_url":"https:\/\/interamerica.org\/es\/2011\/12\/en-india-nuevo-orfanato-en-el-horizonte-para-el-ministerio-de-apoyo-adventista\/","og_site_name":"Iglesia Adventista del S\u00e9ptimo D\u00eda - Divisi\u00f3n Interamericana","article_published_time":"2011-12-19T04:00:00+00:00","article_modified_time":"2017-06-02T12:47:27+00:00","author":"Lorenzo Verduzco","twitter_card":"summary_large_image","twitter_misc":{"Escrito por":"Lorenzo Verduzco","Tiempo de lectura":"3 minutos"},"schema":{"@context":"https:\/\/schema.org","@graph":[{"@type":"Article","@id":"https:\/\/interamerica.org\/es\/2011\/12\/en-india-nuevo-orfanato-en-el-horizonte-para-el-ministerio-de-apoyo-adventista\/#article","isPartOf":{"@id":"https:\/\/interamerica.org\/es\/2011\/12\/en-india-nuevo-orfanato-en-el-horizonte-para-el-ministerio-de-apoyo-adventista\/"},"author":{"name":"Lorenzo Verduzco","@id":"https:\/\/interamerica.org\/es\/#\/schema\/person\/68ede8bdc292885bb76c1e3810e73c39"},"headline":"En India, nuevo orfanato en el horizonte para el ministerio de apoyo adventista","datePublished":"2011-12-19T04:00:00+00:00","dateModified":"2017-06-02T12:47:27+00:00","mainEntityOfPage":{"@id":"https:\/\/interamerica.org\/es\/2011\/12\/en-india-nuevo-orfanato-en-el-horizonte-para-el-ministerio-de-apoyo-adventista\/"},"wordCount":540,"articleSection":["Archivo"],"inLanguage":"es"},{"@type":"WebPage","@id":"https:\/\/interamerica.org\/es\/2011\/12\/en-india-nuevo-orfanato-en-el-horizonte-para-el-ministerio-de-apoyo-adventista\/","url":"https:\/\/interamerica.org\/es\/2011\/12\/en-india-nuevo-orfanato-en-el-horizonte-para-el-ministerio-de-apoyo-adventista\/","name":"En India, nuevo orfanato en el horizonte para el ministerio de apoyo adventista - Iglesia Adventista del S\u00e9ptimo D\u00eda - Divisi\u00f3n Interamericana","isPartOf":{"@id":"https:\/\/interamerica.org\/es\/#website"},"datePublished":"2011-12-19T04:00:00+00:00","dateModified":"2017-06-02T12:47:27+00:00","author":{"@id":"https:\/\/interamerica.org\/es\/#\/schema\/person\/68ede8bdc292885bb76c1e3810e73c39"},"breadcrumb":{"@id":"https:\/\/interamerica.org\/es\/2011\/12\/en-india-nuevo-orfanato-en-el-horizonte-para-el-ministerio-de-apoyo-adventista\/#breadcrumb"},"inLanguage":"es","potentialAction":[{"@type":"ReadAction","target":["https:\/\/interamerica.org\/es\/2011\/12\/en-india-nuevo-orfanato-en-el-horizonte-para-el-ministerio-de-apoyo-adventista\/"]}]},{"@type":"BreadcrumbList","@id":"https:\/\/interamerica.org\/es\/2011\/12\/en-india-nuevo-orfanato-en-el-horizonte-para-el-ministerio-de-apoyo-adventista\/#breadcrumb","itemListElement":[{"@type":"ListItem","position":1,"name":"Home","item":"https:\/\/interamerica.org\/es\/"},{"@type":"ListItem","position":2,"name":"En India, nuevo orfanato en el horizonte para el ministerio de apoyo adventista"}]},{"@type":"WebSite","@id":"https:\/\/interamerica.org\/es\/#website","url":"https:\/\/interamerica.org\/es\/","name":"Iglesia Adventista del S\u00e9ptimo D\u00eda - Divisi\u00f3n Interamericana","description":"","potentialAction":[{"@type":"SearchAction","target":{"@type":"EntryPoint","urlTemplate":"https:\/\/interamerica.org\/es\/?s={search_term_string}"},"query-input":{"@type":"PropertyValueSpecification","valueRequired":true,"valueName":"search_term_string"}}],"inLanguage":"es"},{"@type":"Person","@id":"https:\/\/interamerica.org\/es\/#\/schema\/person\/68ede8bdc292885bb76c1e3810e73c39","name":"Lorenzo Verduzco","image":{"@type":"ImageObject","inLanguage":"es","@id":"https:\/\/secure.gravatar.com\/avatar\/fb81a55b6218459490a9c1dc841a34909185b81904c5337b4b27f7a6fd60c49e?s=96&d=mm&r=g","url":"https:\/\/secure.gravatar.com\/avatar\/fb81a55b6218459490a9c1dc841a34909185b81904c5337b4b27f7a6fd60c49e?s=96&d=mm&r=g","contentUrl":"https:\/\/secure.gravatar.com\/avatar\/fb81a55b6218459490a9c1dc841a34909185b81904c5337b4b27f7a6fd60c49e?s=96&d=mm&r=g","caption":"Lorenzo Verduzco"}}]}},"_links":{"self":[{"href":"https:\/\/interamerica.org\/es\/wp-json\/wp\/v2\/posts\/11938","targetHints":{"allow":["GET"]}}],"collection":[{"href":"https:\/\/interamerica.org\/es\/wp-json\/wp\/v2\/posts"}],"about":[{"href":"https:\/\/interamerica.org\/es\/wp-json\/wp\/v2\/types\/post"}],"author":[{"embeddable":true,"href":"https:\/\/interamerica.org\/es\/wp-json\/wp\/v2\/users\/1"}],"replies":[{"embeddable":true,"href":"https:\/\/interamerica.org\/es\/wp-json\/wp\/v2\/comments?post=11938"}],"version-history":[{"count":0,"href":"https:\/\/interamerica.org\/es\/wp-json\/wp\/v2\/posts\/11938\/revisions"}],"wp:attachment":[{"href":"https:\/\/interamerica.org\/es\/wp-json\/wp\/v2\/media?parent=11938"}],"wp:term":[{"taxonomy":"category","embeddable":true,"href":"https:\/\/interamerica.org\/es\/wp-json\/wp\/v2\/categories?post=11938"},{"taxonomy":"post_tag","embeddable":true,"href":"https:\/\/interamerica.org\/es\/wp-json\/wp\/v2\/tags?post=11938"}],"curies":[{"name":"wp","href":"https:\/\/api.w.org\/{rel}","templated":true}]}}