{"id":11940,"date":"2012-01-03T00:00:00","date_gmt":"2012-01-03T04:00:00","guid":{"rendered":"http:\/\/192.81.217.108\/interamerica\/2012\/01\/presupuesto-mundial-provee-fondos-para-mision-respaldo-administrativo-fuera-de-norteamerica\/"},"modified":"2017-06-02T08:47:26","modified_gmt":"2017-06-02T12:47:26","slug":"presupuesto-mundial-provee-fondos-para-mision-respaldo-administrativo-fuera-de-norteamerica","status":"publish","type":"post","link":"https:\/\/interamerica.org\/es\/2012\/01\/presupuesto-mundial-provee-fondos-para-mision-respaldo-administrativo-fuera-de-norteamerica\/","title":{"rendered":"Presupuesto mundial provee fondos para misi\u00f3n, respaldo administrativo fuera de Norteam\u00e9rica"},"content":{"rendered":"<p>3 de enero, 2012 <em >Silver Spring, Maryland, Estados Unidos&#8230;<\/em >Ansel Oliver\/<em >ANN<\/em > <\/p>\n<p>El presupuesto de la sede mundial de la Iglesia Adventista del S\u00e9ptimo D\u00eda este a\u00f1o financiar\u00e1 el trabajo de misi\u00f3n y el respaldo administrativo fuera de Norteam\u00e9rica, as\u00ed como la operaci\u00f3n del edificio de la sede. <\/p>\n<p>El presupuesto mundial de la organizaci\u00f3n de cerca de $167 millones de d\u00f3lares distribuye $38.7 millones en apropiaciones a las 12 divisiones mundiales aparte de Norteam\u00e9rica, con $27.4 millones para misioneros y empleados que sirven en otras divisiones. <\/p>\n<p>Los costos de operar para la sede de la denominaci\u00f3n en Silver Spring, Maryland, Estados Unidos, est\u00e1 limitado a 2 por ciento del diezmo mundial, el cual se establece para este a\u00f1o en $40.9 millones. Oficiales financieros dijeron que la sede opera consistentemente con m\u00e1s de $2 millones por debajo de ese tope. <\/p>\n<p>El presupuesto mundial s\u00f3lo incluye partidas relacionadas con la sede mundial de la denominaci\u00f3n y no incluye los ingresos o presupuestos para sus 13 divisiones mundiales o sus respectivas unidades locales y congregaciones. El presupuesto mundial incluye las operaciones de la sede, empleados \u00ednter-divisionales, trabajo departamental mundial, y apropiaciones a las divisiones a nivel mundial. <\/p>\n<p>\u00abLa fidelidad de los miembros es la que provee el respaldo para todos estos programas\u00bb, dijo Juan R. Prestol, subtesorero para la iglesia a nivel mundial. \u00abLa mayor parte de los donantes no son acaudalados y viven con otras obligaciones financieras pesadas. La iglesia est\u00e1 siendo premiada por su fidelidad\u00bb. <\/p>\n<p>A las divisiones recipientes se les distribuyen subsidios de entre $1.7 y $4.6 millones. El presupuesto de 2012 tambi\u00e9n incluye un 3 por ciento de aumento sobre los niveles de las apropiaciones de 2010. En a\u00f1os anteriores, ese monto era dado al final del a\u00f1o con fondos suplementarios del presupuesto. Este a\u00f1o, el 3 por ciento se dio al comienzo del a\u00f1o como una partida presupuestada.   <\/p>\n<p>\u00abAunque la econom\u00eda no se ha normalizado, ahora parece estar funcionando con cierto grado de predictibilidad, m\u00e1s de lo que era predecible hace tres a\u00f1os\u00bb, dijo Prestol. <\/p>\n<p>Prestol dijo que alrededor de 65 por ciento de la financiaci\u00f3n denominacional se paga en d\u00f3lares de Estados Unidos, el real brasile\u00f1o, el euro, el d\u00f3lar canadiense, el d\u00f3lar australiano, el peso mexicano y en moneda coreana &#8211;<em >won.<\/em > <\/p>\n<p>El ingreso de Norteam\u00e9rica por concepto del diezmo ha permanecido estable, con oscilaciones favorables en diezmo y ofrendas para las misiones de divisiones de ultramar. Se estima que 30 a 40 por ciento de eso es afectado por tasas de cambio monetario, dijo Prestol. <\/p>\n<p>Norteam\u00e9rica sigue siendo el mayor contribuyente a las ofrendas misioneras. En 2010, Norteam\u00e9rica dio alrededor de $23.6 millones en ofrendas misioneras, o cerca de un tercio del total de $70.9 millones. <\/p>\n<p>Otras apropiaciones significativas del presupuesto mundial de la Asociaci\u00f3n General para 2012 incluyen: <\/p>\n<p>$9.1 millones a la Universidad de Loma Linda<br  \/>$5.5 millones a Revista Adventista Mundial<br  \/>$4.1 millones a <em >Hope Channel<\/em > (Esperanza T.V.)<br  \/>$2.3 millones al Patrimonio Ellen G. White<br  \/>$2.2 millones a Radio Mundial Adventista<br  \/>$2 millones a <em >Andrews University<\/em ><br  \/>$1.4 millones a la Sesi\u00f3n de la Asociaci\u00f3n General de 2015<br  \/>$1.2 millones a <em >Oakwood University<\/em ><br  \/>$1.1 millones a Instituto Internacional Adventista de Estudios Avanzados<br  \/>$1 mill\u00f3n al Instituto de Investigaci\u00f3n Geocient\u00edfica <\/p>\n<p>Para ver una copia completa del presupuesto mundial de la Asociaci\u00f3n General para 2012, favor solicitarla al editor de ANN en <a  href=\"mailto:adventistnews@gc.adventist.org\">adventistnews@gc.adventist.org<\/a >. <\/p>\n<p>Traducci\u00f3n: Aleida T. Romero <\/p><\/p>\n","protected":false},"excerpt":{"rendered":"<p>El presupuesto de la sede mundial de la Iglesia Adventista este a\u00f1o financiar\u00e1 el trabajo de misi\u00f3n y respaldo administrativo fuera de Norteam\u00e9rica, as\u00ed como la operaci\u00f3n del edificio de la sede.<\/p>\n","protected":false},"author":1,"featured_media":0,"comment_status":"closed","ping_status":"closed","sticky":false,"template":"","format":"standard","meta":{"_acf_changed":false,"footnotes":""},"categories":[8],"tags":[],"class_list":["post-11940","post","type-post","status-publish","format-standard","hentry","category-archivo"],"acf":[],"yoast_head":"<!-- This site is optimized with the Yoast SEO plugin v27.3 - https:\/\/yoast.com\/product\/yoast-seo-wordpress\/ -->\n<title>Presupuesto mundial provee fondos para misi\u00f3n, respaldo administrativo fuera de Norteam\u00e9rica - Iglesia Adventista del S\u00e9ptimo D\u00eda - Divisi\u00f3n Interamericana<\/title>\n<meta name=\"robots\" content=\"index, follow, max-snippet:-1, max-image-preview:large, max-video-preview:-1\" \/>\n<link rel=\"canonical\" href=\"https:\/\/interamerica.org\/es\/2012\/01\/presupuesto-mundial-provee-fondos-para-mision-respaldo-administrativo-fuera-de-norteamerica\/\" \/>\n<meta property=\"og:locale\" content=\"es_ES\" \/>\n<meta property=\"og:type\" content=\"article\" \/>\n<meta property=\"og:title\" content=\"Presupuesto mundial provee fondos para misi\u00f3n, respaldo administrativo fuera de Norteam\u00e9rica - Iglesia Adventista del S\u00e9ptimo D\u00eda - Divisi\u00f3n Interamericana\" \/>\n<meta property=\"og:description\" content=\"El presupuesto de la sede mundial de la Iglesia Adventista este a\u00f1o financiar\u00e1 el trabajo de misi\u00f3n y respaldo administrativo fuera de Norteam\u00e9rica, as\u00ed como la operaci\u00f3n del edificio de la sede.\" \/>\n<meta property=\"og:url\" content=\"https:\/\/interamerica.org\/es\/2012\/01\/presupuesto-mundial-provee-fondos-para-mision-respaldo-administrativo-fuera-de-norteamerica\/\" \/>\n<meta property=\"og:site_name\" content=\"Iglesia Adventista del S\u00e9ptimo D\u00eda - Divisi\u00f3n Interamericana\" \/>\n<meta property=\"article:published_time\" content=\"2012-01-03T04:00:00+00:00\" \/>\n<meta property=\"article:modified_time\" content=\"2017-06-02T12:47:26+00:00\" \/>\n<meta name=\"author\" content=\"Lorenzo Verduzco\" \/>\n<meta name=\"twitter:card\" content=\"summary_large_image\" \/>\n<meta name=\"twitter:label1\" content=\"Escrito por\" \/>\n\t<meta name=\"twitter:data1\" content=\"Lorenzo Verduzco\" \/>\n\t<meta name=\"twitter:label2\" content=\"Tiempo de lectura\" \/>\n\t<meta name=\"twitter:data2\" content=\"3 minutos\" \/>\n<script type=\"application\/ld+json\" class=\"yoast-schema-graph\">{\"@context\":\"https:\\\/\\\/schema.org\",\"@graph\":[{\"@type\":\"Article\",\"@id\":\"https:\\\/\\\/interamerica.org\\\/es\\\/2012\\\/01\\\/presupuesto-mundial-provee-fondos-para-mision-respaldo-administrativo-fuera-de-norteamerica\\\/#article\",\"isPartOf\":{\"@id\":\"https:\\\/\\\/interamerica.org\\\/es\\\/2012\\\/01\\\/presupuesto-mundial-provee-fondos-para-mision-respaldo-administrativo-fuera-de-norteamerica\\\/\"},\"author\":{\"name\":\"Lorenzo Verduzco\",\"@id\":\"https:\\\/\\\/interamerica.org\\\/es\\\/#\\\/schema\\\/person\\\/68ede8bdc292885bb76c1e3810e73c39\"},\"headline\":\"Presupuesto mundial provee fondos para misi\u00f3n, respaldo administrativo fuera de Norteam\u00e9rica\",\"datePublished\":\"2012-01-03T04:00:00+00:00\",\"dateModified\":\"2017-06-02T12:47:26+00:00\",\"mainEntityOfPage\":{\"@id\":\"https:\\\/\\\/interamerica.org\\\/es\\\/2012\\\/01\\\/presupuesto-mundial-provee-fondos-para-mision-respaldo-administrativo-fuera-de-norteamerica\\\/\"},\"wordCount\":580,\"articleSection\":[\"Archivo\"],\"inLanguage\":\"es\"},{\"@type\":\"WebPage\",\"@id\":\"https:\\\/\\\/interamerica.org\\\/es\\\/2012\\\/01\\\/presupuesto-mundial-provee-fondos-para-mision-respaldo-administrativo-fuera-de-norteamerica\\\/\",\"url\":\"https:\\\/\\\/interamerica.org\\\/es\\\/2012\\\/01\\\/presupuesto-mundial-provee-fondos-para-mision-respaldo-administrativo-fuera-de-norteamerica\\\/\",\"name\":\"Presupuesto mundial provee fondos para misi\u00f3n, respaldo administrativo fuera de Norteam\u00e9rica - Iglesia Adventista del S\u00e9ptimo D\u00eda - Divisi\u00f3n Interamericana\",\"isPartOf\":{\"@id\":\"https:\\\/\\\/interamerica.org\\\/es\\\/#website\"},\"datePublished\":\"2012-01-03T04:00:00+00:00\",\"dateModified\":\"2017-06-02T12:47:26+00:00\",\"author\":{\"@id\":\"https:\\\/\\\/interamerica.org\\\/es\\\/#\\\/schema\\\/person\\\/68ede8bdc292885bb76c1e3810e73c39\"},\"breadcrumb\":{\"@id\":\"https:\\\/\\\/interamerica.org\\\/es\\\/2012\\\/01\\\/presupuesto-mundial-provee-fondos-para-mision-respaldo-administrativo-fuera-de-norteamerica\\\/#breadcrumb\"},\"inLanguage\":\"es\",\"potentialAction\":[{\"@type\":\"ReadAction\",\"target\":[\"https:\\\/\\\/interamerica.org\\\/es\\\/2012\\\/01\\\/presupuesto-mundial-provee-fondos-para-mision-respaldo-administrativo-fuera-de-norteamerica\\\/\"]}]},{\"@type\":\"BreadcrumbList\",\"@id\":\"https:\\\/\\\/interamerica.org\\\/es\\\/2012\\\/01\\\/presupuesto-mundial-provee-fondos-para-mision-respaldo-administrativo-fuera-de-norteamerica\\\/#breadcrumb\",\"itemListElement\":[{\"@type\":\"ListItem\",\"position\":1,\"name\":\"Home\",\"item\":\"https:\\\/\\\/interamerica.org\\\/es\\\/\"},{\"@type\":\"ListItem\",\"position\":2,\"name\":\"Presupuesto mundial provee fondos para misi\u00f3n, respaldo administrativo fuera de Norteam\u00e9rica\"}]},{\"@type\":\"WebSite\",\"@id\":\"https:\\\/\\\/interamerica.org\\\/es\\\/#website\",\"url\":\"https:\\\/\\\/interamerica.org\\\/es\\\/\",\"name\":\"Iglesia Adventista del S\u00e9ptimo D\u00eda - Divisi\u00f3n Interamericana\",\"description\":\"\",\"potentialAction\":[{\"@type\":\"SearchAction\",\"target\":{\"@type\":\"EntryPoint\",\"urlTemplate\":\"https:\\\/\\\/interamerica.org\\\/es\\\/?s={search_term_string}\"},\"query-input\":{\"@type\":\"PropertyValueSpecification\",\"valueRequired\":true,\"valueName\":\"search_term_string\"}}],\"inLanguage\":\"es\"},{\"@type\":\"Person\",\"@id\":\"https:\\\/\\\/interamerica.org\\\/es\\\/#\\\/schema\\\/person\\\/68ede8bdc292885bb76c1e3810e73c39\",\"name\":\"Lorenzo Verduzco\",\"image\":{\"@type\":\"ImageObject\",\"inLanguage\":\"es\",\"@id\":\"https:\\\/\\\/secure.gravatar.com\\\/avatar\\\/fb81a55b6218459490a9c1dc841a34909185b81904c5337b4b27f7a6fd60c49e?s=96&d=mm&r=g\",\"url\":\"https:\\\/\\\/secure.gravatar.com\\\/avatar\\\/fb81a55b6218459490a9c1dc841a34909185b81904c5337b4b27f7a6fd60c49e?s=96&d=mm&r=g\",\"contentUrl\":\"https:\\\/\\\/secure.gravatar.com\\\/avatar\\\/fb81a55b6218459490a9c1dc841a34909185b81904c5337b4b27f7a6fd60c49e?s=96&d=mm&r=g\",\"caption\":\"Lorenzo Verduzco\"}}]}<\/script>\n<!-- \/ Yoast SEO plugin. -->","yoast_head_json":{"title":"Presupuesto mundial provee fondos para misi\u00f3n, respaldo administrativo fuera de Norteam\u00e9rica - Iglesia Adventista del S\u00e9ptimo D\u00eda - Divisi\u00f3n Interamericana","robots":{"index":"index","follow":"follow","max-snippet":"max-snippet:-1","max-image-preview":"max-image-preview:large","max-video-preview":"max-video-preview:-1"},"canonical":"https:\/\/interamerica.org\/es\/2012\/01\/presupuesto-mundial-provee-fondos-para-mision-respaldo-administrativo-fuera-de-norteamerica\/","og_locale":"es_ES","og_type":"article","og_title":"Presupuesto mundial provee fondos para misi\u00f3n, respaldo administrativo fuera de Norteam\u00e9rica - Iglesia Adventista del S\u00e9ptimo D\u00eda - Divisi\u00f3n Interamericana","og_description":"El presupuesto de la sede mundial de la Iglesia Adventista este a\u00f1o financiar\u00e1 el trabajo de misi\u00f3n y respaldo administrativo fuera de Norteam\u00e9rica, as\u00ed como la operaci\u00f3n del edificio de la sede.","og_url":"https:\/\/interamerica.org\/es\/2012\/01\/presupuesto-mundial-provee-fondos-para-mision-respaldo-administrativo-fuera-de-norteamerica\/","og_site_name":"Iglesia Adventista del S\u00e9ptimo D\u00eda - Divisi\u00f3n Interamericana","article_published_time":"2012-01-03T04:00:00+00:00","article_modified_time":"2017-06-02T12:47:26+00:00","author":"Lorenzo Verduzco","twitter_card":"summary_large_image","twitter_misc":{"Escrito por":"Lorenzo Verduzco","Tiempo de lectura":"3 minutos"},"schema":{"@context":"https:\/\/schema.org","@graph":[{"@type":"Article","@id":"https:\/\/interamerica.org\/es\/2012\/01\/presupuesto-mundial-provee-fondos-para-mision-respaldo-administrativo-fuera-de-norteamerica\/#article","isPartOf":{"@id":"https:\/\/interamerica.org\/es\/2012\/01\/presupuesto-mundial-provee-fondos-para-mision-respaldo-administrativo-fuera-de-norteamerica\/"},"author":{"name":"Lorenzo Verduzco","@id":"https:\/\/interamerica.org\/es\/#\/schema\/person\/68ede8bdc292885bb76c1e3810e73c39"},"headline":"Presupuesto mundial provee fondos para misi\u00f3n, respaldo administrativo fuera de Norteam\u00e9rica","datePublished":"2012-01-03T04:00:00+00:00","dateModified":"2017-06-02T12:47:26+00:00","mainEntityOfPage":{"@id":"https:\/\/interamerica.org\/es\/2012\/01\/presupuesto-mundial-provee-fondos-para-mision-respaldo-administrativo-fuera-de-norteamerica\/"},"wordCount":580,"articleSection":["Archivo"],"inLanguage":"es"},{"@type":"WebPage","@id":"https:\/\/interamerica.org\/es\/2012\/01\/presupuesto-mundial-provee-fondos-para-mision-respaldo-administrativo-fuera-de-norteamerica\/","url":"https:\/\/interamerica.org\/es\/2012\/01\/presupuesto-mundial-provee-fondos-para-mision-respaldo-administrativo-fuera-de-norteamerica\/","name":"Presupuesto mundial provee fondos para misi\u00f3n, respaldo administrativo fuera de Norteam\u00e9rica - Iglesia Adventista del S\u00e9ptimo D\u00eda - Divisi\u00f3n Interamericana","isPartOf":{"@id":"https:\/\/interamerica.org\/es\/#website"},"datePublished":"2012-01-03T04:00:00+00:00","dateModified":"2017-06-02T12:47:26+00:00","author":{"@id":"https:\/\/interamerica.org\/es\/#\/schema\/person\/68ede8bdc292885bb76c1e3810e73c39"},"breadcrumb":{"@id":"https:\/\/interamerica.org\/es\/2012\/01\/presupuesto-mundial-provee-fondos-para-mision-respaldo-administrativo-fuera-de-norteamerica\/#breadcrumb"},"inLanguage":"es","potentialAction":[{"@type":"ReadAction","target":["https:\/\/interamerica.org\/es\/2012\/01\/presupuesto-mundial-provee-fondos-para-mision-respaldo-administrativo-fuera-de-norteamerica\/"]}]},{"@type":"BreadcrumbList","@id":"https:\/\/interamerica.org\/es\/2012\/01\/presupuesto-mundial-provee-fondos-para-mision-respaldo-administrativo-fuera-de-norteamerica\/#breadcrumb","itemListElement":[{"@type":"ListItem","position":1,"name":"Home","item":"https:\/\/interamerica.org\/es\/"},{"@type":"ListItem","position":2,"name":"Presupuesto mundial provee fondos para misi\u00f3n, respaldo administrativo fuera de Norteam\u00e9rica"}]},{"@type":"WebSite","@id":"https:\/\/interamerica.org\/es\/#website","url":"https:\/\/interamerica.org\/es\/","name":"Iglesia Adventista del S\u00e9ptimo D\u00eda - Divisi\u00f3n Interamericana","description":"","potentialAction":[{"@type":"SearchAction","target":{"@type":"EntryPoint","urlTemplate":"https:\/\/interamerica.org\/es\/?s={search_term_string}"},"query-input":{"@type":"PropertyValueSpecification","valueRequired":true,"valueName":"search_term_string"}}],"inLanguage":"es"},{"@type":"Person","@id":"https:\/\/interamerica.org\/es\/#\/schema\/person\/68ede8bdc292885bb76c1e3810e73c39","name":"Lorenzo Verduzco","image":{"@type":"ImageObject","inLanguage":"es","@id":"https:\/\/secure.gravatar.com\/avatar\/fb81a55b6218459490a9c1dc841a34909185b81904c5337b4b27f7a6fd60c49e?s=96&d=mm&r=g","url":"https:\/\/secure.gravatar.com\/avatar\/fb81a55b6218459490a9c1dc841a34909185b81904c5337b4b27f7a6fd60c49e?s=96&d=mm&r=g","contentUrl":"https:\/\/secure.gravatar.com\/avatar\/fb81a55b6218459490a9c1dc841a34909185b81904c5337b4b27f7a6fd60c49e?s=96&d=mm&r=g","caption":"Lorenzo Verduzco"}}]}},"_links":{"self":[{"href":"https:\/\/interamerica.org\/es\/wp-json\/wp\/v2\/posts\/11940","targetHints":{"allow":["GET"]}}],"collection":[{"href":"https:\/\/interamerica.org\/es\/wp-json\/wp\/v2\/posts"}],"about":[{"href":"https:\/\/interamerica.org\/es\/wp-json\/wp\/v2\/types\/post"}],"author":[{"embeddable":true,"href":"https:\/\/interamerica.org\/es\/wp-json\/wp\/v2\/users\/1"}],"replies":[{"embeddable":true,"href":"https:\/\/interamerica.org\/es\/wp-json\/wp\/v2\/comments?post=11940"}],"version-history":[{"count":0,"href":"https:\/\/interamerica.org\/es\/wp-json\/wp\/v2\/posts\/11940\/revisions"}],"wp:attachment":[{"href":"https:\/\/interamerica.org\/es\/wp-json\/wp\/v2\/media?parent=11940"}],"wp:term":[{"taxonomy":"category","embeddable":true,"href":"https:\/\/interamerica.org\/es\/wp-json\/wp\/v2\/categories?post=11940"},{"taxonomy":"post_tag","embeddable":true,"href":"https:\/\/interamerica.org\/es\/wp-json\/wp\/v2\/tags?post=11940"}],"curies":[{"name":"wp","href":"https:\/\/api.w.org\/{rel}","templated":true}]}}