{"id":11948,"date":"2012-01-19T00:00:00","date_gmt":"2012-01-19T04:00:00","guid":{"rendered":"http:\/\/192.81.217.108\/interamerica\/2012\/01\/iglesia-adventista-mundial-marca-100-anos-de-comunicacion-corporativa\/"},"modified":"2017-06-02T08:47:22","modified_gmt":"2017-06-02T12:47:22","slug":"iglesia-adventista-mundial-marca-100-anos-de-comunicacion-corporativa","status":"publish","type":"post","link":"https:\/\/interamerica.org\/es\/2012\/01\/iglesia-adventista-mundial-marca-100-anos-de-comunicacion-corporativa\/","title":{"rendered":"Iglesia adventista mundial marca 100 a\u00f1os de comunicaci\u00f3n corporativa"},"content":{"rendered":"<p>19 de enero, 2012 &#8211; <em >Silver Spring, Maryland, Estados Unidos<\/em >&#8230; Personal de ANN  <\/p>\n<p>Este mes, la iglesia adventista del s\u00e9ptimo d\u00eda a nivel mundial, celebra los 100 a\u00f1os del ministerio de relaciones p\u00fablicas de la denominaci\u00f3n.   <\/p>\n<p>El aniversario de cien a\u00f1os del primer obrero en relaciones p\u00fablicas para la iglesia adventista destaca la necesidad continua de la denominaci\u00f3n de periodistas y profesionales de relaciones p\u00fablicas en sus oficinas administrativas a nivel mundial. <\/p>\n<p>Los l\u00edderes de la iglesia recuerdan hoy el empleo de un reportero del <em >Baltimore Sun<\/em > en 1912 para establecer la oficina de prensa de la iglesia. El movimiento convirti\u00f3 a la iglesia adventista en la primera iglesia protestante en organizar un programa formal de relaciones p\u00fablicas. <\/p>\n<p>El periodista, Walter Burgan, se desempe\u00f1\u00f3 como director de la oficina de prensa hasta su muerte en 1940. M\u00e1s tarde, la oficina de prensa se convirti\u00f3 en lo que hoy es el departamento de comunicaci\u00f3n, tanto en la sede mundial de la iglesia como en oficinas administrativas locales a nivel mundial. <\/p>\n<p>\u00abComo los ejecutivos de la iglesia hace 100 a\u00f1os, tenemos que seguir a la vanguardia de las tendencias de la comunicaci\u00f3n de hoy\u00bb, dijo Williams Costa, director de comunicaci\u00f3n de la iglesia a nivel mundial, a una audiencia con los principales l\u00edderes de la iglesia y empleados de la sede mundial. <\/p>\n<p>\u00abEn muchas partes del mundo, tenemos personas calificadas llevando nuestro mensaje en los medios noticiosos. Podemos hacer mucho m\u00e1s en todos los niveles de la administraci\u00f3n en todo el mundo. Cuando conducimos la comunicaci\u00f3n corporativa en forma efectiva, somos mejor comprendidos por el p\u00fablico, y mundialmente estamos m\u00e1s cerca como comunidad de iglesia\u00bb, dijo Costa. <\/p>\n<p>Durante la ceremonia el 19 de enero, el historiador de la iglesia David Trim sigui\u00f3 los pasos de la historia del ministerio adventista de comunicaci\u00f3n. Al la iglesia emplear a Burgan, puso al ministerio de comunicaciones a la vanguardia en las relaciones p\u00fablicas religiosas. <\/p>\n<p>\u00abHoy, har\u00edamos bien en reflexionar sobre esta decisi\u00f3n, examinar por qu\u00e9 fue necesario Burgan, por qu\u00e9, empleado particularmente, y c\u00f3mo, al revivir esta tradici\u00f3n en todos los niveles de la denominaci\u00f3n, puede fortalecer nuestra uni\u00f3n y misi\u00f3n\u00bb, dijo Trim. <\/p>\n<p>A lo largo de la d\u00e9cada de 1940 y 50, la iglesia adventista se mantuvo al frente de la comunicaci\u00f3n religiosa, dijo Trim. El director de comunicaci\u00f3n J. R. Ferren, \u00abtrabaj\u00f3 incansablemente\u00bb durante la d\u00e9cada de 1940 para convencer a los oficiales de las oficinas administrativas de la iglesia para emplear profesionales calificados, y en 1956 el director de comunicaci\u00f3n Howard B. Weeks escribi\u00f3 \u00ab<em >Breakthrough: A Public Relations Guidebook for your Church.\u00bb<\/em > <em >(<\/em >Avance<em >: Una gu\u00eda de relaciones p\u00fablicas para la iglesia<\/em >\u00ab). Un libro de referencia sobre las relaciones p\u00fablicas religiosas que fue ampliamente usado por las denominaciones cristianas en el momento en sus intentos de reforzar su presencia en la escena p\u00fablica. <\/p>\n<p>Las primeras incursiones de la iglesia en las relaciones p\u00fablicas tuvieron \u00e9xito en gran parte porque los l\u00edderes de la iglesia emplearon profesionales calificados para darle forma al mensaje y la imagen de la iglesia, expres\u00f3 Trim. <\/p>\n<p>\u00abDe igual forma hoy, si se va a realizar un esfuerzo de alcance a la comunidad para llegar a los hispanos, usted debe emplear a alguien que hable el idioma espa\u00f1ol. Y es lo mismo con otros tipos de difusi\u00f3n &#8211; si usted va a hacer esfuerzos de alcance a la comunidad con los medios de comunicaci\u00f3n, usted necesita contratar a alguien que sepa comunicar y entienda esa cultura \u00ab, dijo \u00e9l. <\/p>\n<p>Trim se\u00f1al\u00f3 que incluso la co-fundadora de la iglesia Elena G. de White inst\u00f3 a los primeros adventistas a aprovechar la prensa y las agencias de publicidad para \u00ab<em >llamar la atenci\u00f3n sobre el trabajo<\/em >.\u00bb <\/p>\n<p>\u00abEl car\u00e1cter y la importancia de nuestro trabajo son juzgados por los esfuerzos realizados para llevar [el trabajo] al p\u00fablico\u00bb, escribi\u00f3 White. \u00abCuando estos esfuerzos demasiado limitados, se da la impresi\u00f3n de que el mensaje que se presenta, no es digno de ser publicado\u00bb (<em >Evangelismo, p\u00e1g. 128).<\/em > <\/p>\n<p>El vicepresidente general para la iglesia a nivel mundial, Ben Schoun, que ofreci\u00f3 la oraci\u00f3n para la clausura de la ceremonia, inst\u00f3 a los l\u00edderes de la iglesia a nivel mundial a integrar sus esfuerzos. Un \u00e9nfasis en la comunicaci\u00f3n global fortalecer\u00e1 la familia de la iglesia en todo el mundo y apoyar\u00e1 la continua proclamaci\u00f3n de la esperanza adventista, expres\u00f3 \u00e9l. <\/p>\n<p>Traducci\u00f3n: Aleida T. Romero  <\/p><\/p>\n","protected":false},"excerpt":{"rendered":"<p>Este mes, la iglesia adventista del s\u00e9ptimo d\u00eda a nivel mundial, celebra los 100 a\u00f1os del ministerio de relaciones p\u00fablicas de la denominaci\u00f3n<\/p>\n","protected":false},"author":1,"featured_media":0,"comment_status":"closed","ping_status":"closed","sticky":false,"template":"","format":"standard","meta":{"_acf_changed":false,"footnotes":""},"categories":[8],"tags":[],"class_list":["post-11948","post","type-post","status-publish","format-standard","hentry","category-archivo"],"acf":[],"yoast_head":"<!-- This site is optimized with the Yoast SEO plugin v27.3 - https:\/\/yoast.com\/product\/yoast-seo-wordpress\/ -->\n<title>Iglesia adventista mundial marca 100 a\u00f1os de comunicaci\u00f3n corporativa - Iglesia Adventista del S\u00e9ptimo D\u00eda - Divisi\u00f3n Interamericana<\/title>\n<meta name=\"robots\" content=\"index, follow, max-snippet:-1, max-image-preview:large, max-video-preview:-1\" \/>\n<link rel=\"canonical\" href=\"https:\/\/interamerica.org\/es\/2012\/01\/iglesia-adventista-mundial-marca-100-anos-de-comunicacion-corporativa\/\" \/>\n<meta property=\"og:locale\" content=\"es_ES\" \/>\n<meta property=\"og:type\" content=\"article\" \/>\n<meta property=\"og:title\" content=\"Iglesia adventista mundial marca 100 a\u00f1os de comunicaci\u00f3n corporativa - Iglesia Adventista del S\u00e9ptimo D\u00eda - Divisi\u00f3n Interamericana\" \/>\n<meta property=\"og:description\" content=\"Este mes, la iglesia adventista del s\u00e9ptimo d\u00eda a nivel mundial, celebra los 100 a\u00f1os del ministerio de relaciones p\u00fablicas de la denominaci\u00f3n\" \/>\n<meta property=\"og:url\" content=\"https:\/\/interamerica.org\/es\/2012\/01\/iglesia-adventista-mundial-marca-100-anos-de-comunicacion-corporativa\/\" \/>\n<meta property=\"og:site_name\" content=\"Iglesia Adventista del S\u00e9ptimo D\u00eda - Divisi\u00f3n Interamericana\" \/>\n<meta property=\"article:published_time\" content=\"2012-01-19T04:00:00+00:00\" \/>\n<meta property=\"article:modified_time\" content=\"2017-06-02T12:47:22+00:00\" \/>\n<meta name=\"author\" content=\"Lorenzo Verduzco\" \/>\n<meta name=\"twitter:card\" content=\"summary_large_image\" \/>\n<meta name=\"twitter:label1\" content=\"Escrito por\" \/>\n\t<meta name=\"twitter:data1\" content=\"Lorenzo Verduzco\" \/>\n\t<meta name=\"twitter:label2\" content=\"Tiempo de lectura\" \/>\n\t<meta name=\"twitter:data2\" content=\"4 minutos\" \/>\n<script type=\"application\/ld+json\" class=\"yoast-schema-graph\">{\"@context\":\"https:\\\/\\\/schema.org\",\"@graph\":[{\"@type\":\"Article\",\"@id\":\"https:\\\/\\\/interamerica.org\\\/es\\\/2012\\\/01\\\/iglesia-adventista-mundial-marca-100-anos-de-comunicacion-corporativa\\\/#article\",\"isPartOf\":{\"@id\":\"https:\\\/\\\/interamerica.org\\\/es\\\/2012\\\/01\\\/iglesia-adventista-mundial-marca-100-anos-de-comunicacion-corporativa\\\/\"},\"author\":{\"name\":\"Lorenzo Verduzco\",\"@id\":\"https:\\\/\\\/interamerica.org\\\/es\\\/#\\\/schema\\\/person\\\/68ede8bdc292885bb76c1e3810e73c39\"},\"headline\":\"Iglesia adventista mundial marca 100 a\u00f1os de comunicaci\u00f3n corporativa\",\"datePublished\":\"2012-01-19T04:00:00+00:00\",\"dateModified\":\"2017-06-02T12:47:22+00:00\",\"mainEntityOfPage\":{\"@id\":\"https:\\\/\\\/interamerica.org\\\/es\\\/2012\\\/01\\\/iglesia-adventista-mundial-marca-100-anos-de-comunicacion-corporativa\\\/\"},\"wordCount\":779,\"articleSection\":[\"Archivo\"],\"inLanguage\":\"es\"},{\"@type\":\"WebPage\",\"@id\":\"https:\\\/\\\/interamerica.org\\\/es\\\/2012\\\/01\\\/iglesia-adventista-mundial-marca-100-anos-de-comunicacion-corporativa\\\/\",\"url\":\"https:\\\/\\\/interamerica.org\\\/es\\\/2012\\\/01\\\/iglesia-adventista-mundial-marca-100-anos-de-comunicacion-corporativa\\\/\",\"name\":\"Iglesia adventista mundial marca 100 a\u00f1os de comunicaci\u00f3n corporativa - Iglesia Adventista del S\u00e9ptimo D\u00eda - Divisi\u00f3n Interamericana\",\"isPartOf\":{\"@id\":\"https:\\\/\\\/interamerica.org\\\/es\\\/#website\"},\"datePublished\":\"2012-01-19T04:00:00+00:00\",\"dateModified\":\"2017-06-02T12:47:22+00:00\",\"author\":{\"@id\":\"https:\\\/\\\/interamerica.org\\\/es\\\/#\\\/schema\\\/person\\\/68ede8bdc292885bb76c1e3810e73c39\"},\"breadcrumb\":{\"@id\":\"https:\\\/\\\/interamerica.org\\\/es\\\/2012\\\/01\\\/iglesia-adventista-mundial-marca-100-anos-de-comunicacion-corporativa\\\/#breadcrumb\"},\"inLanguage\":\"es\",\"potentialAction\":[{\"@type\":\"ReadAction\",\"target\":[\"https:\\\/\\\/interamerica.org\\\/es\\\/2012\\\/01\\\/iglesia-adventista-mundial-marca-100-anos-de-comunicacion-corporativa\\\/\"]}]},{\"@type\":\"BreadcrumbList\",\"@id\":\"https:\\\/\\\/interamerica.org\\\/es\\\/2012\\\/01\\\/iglesia-adventista-mundial-marca-100-anos-de-comunicacion-corporativa\\\/#breadcrumb\",\"itemListElement\":[{\"@type\":\"ListItem\",\"position\":1,\"name\":\"Home\",\"item\":\"https:\\\/\\\/interamerica.org\\\/es\\\/\"},{\"@type\":\"ListItem\",\"position\":2,\"name\":\"Iglesia adventista mundial marca 100 a\u00f1os de comunicaci\u00f3n corporativa\"}]},{\"@type\":\"WebSite\",\"@id\":\"https:\\\/\\\/interamerica.org\\\/es\\\/#website\",\"url\":\"https:\\\/\\\/interamerica.org\\\/es\\\/\",\"name\":\"Iglesia Adventista del S\u00e9ptimo D\u00eda - Divisi\u00f3n Interamericana\",\"description\":\"\",\"potentialAction\":[{\"@type\":\"SearchAction\",\"target\":{\"@type\":\"EntryPoint\",\"urlTemplate\":\"https:\\\/\\\/interamerica.org\\\/es\\\/?s={search_term_string}\"},\"query-input\":{\"@type\":\"PropertyValueSpecification\",\"valueRequired\":true,\"valueName\":\"search_term_string\"}}],\"inLanguage\":\"es\"},{\"@type\":\"Person\",\"@id\":\"https:\\\/\\\/interamerica.org\\\/es\\\/#\\\/schema\\\/person\\\/68ede8bdc292885bb76c1e3810e73c39\",\"name\":\"Lorenzo Verduzco\",\"image\":{\"@type\":\"ImageObject\",\"inLanguage\":\"es\",\"@id\":\"https:\\\/\\\/secure.gravatar.com\\\/avatar\\\/fb81a55b6218459490a9c1dc841a34909185b81904c5337b4b27f7a6fd60c49e?s=96&d=mm&r=g\",\"url\":\"https:\\\/\\\/secure.gravatar.com\\\/avatar\\\/fb81a55b6218459490a9c1dc841a34909185b81904c5337b4b27f7a6fd60c49e?s=96&d=mm&r=g\",\"contentUrl\":\"https:\\\/\\\/secure.gravatar.com\\\/avatar\\\/fb81a55b6218459490a9c1dc841a34909185b81904c5337b4b27f7a6fd60c49e?s=96&d=mm&r=g\",\"caption\":\"Lorenzo Verduzco\"}}]}<\/script>\n<!-- \/ Yoast SEO plugin. -->","yoast_head_json":{"title":"Iglesia adventista mundial marca 100 a\u00f1os de comunicaci\u00f3n corporativa - Iglesia Adventista del S\u00e9ptimo D\u00eda - Divisi\u00f3n Interamericana","robots":{"index":"index","follow":"follow","max-snippet":"max-snippet:-1","max-image-preview":"max-image-preview:large","max-video-preview":"max-video-preview:-1"},"canonical":"https:\/\/interamerica.org\/es\/2012\/01\/iglesia-adventista-mundial-marca-100-anos-de-comunicacion-corporativa\/","og_locale":"es_ES","og_type":"article","og_title":"Iglesia adventista mundial marca 100 a\u00f1os de comunicaci\u00f3n corporativa - Iglesia Adventista del S\u00e9ptimo D\u00eda - Divisi\u00f3n Interamericana","og_description":"Este mes, la iglesia adventista del s\u00e9ptimo d\u00eda a nivel mundial, celebra los 100 a\u00f1os del ministerio de relaciones p\u00fablicas de la denominaci\u00f3n","og_url":"https:\/\/interamerica.org\/es\/2012\/01\/iglesia-adventista-mundial-marca-100-anos-de-comunicacion-corporativa\/","og_site_name":"Iglesia Adventista del S\u00e9ptimo D\u00eda - Divisi\u00f3n Interamericana","article_published_time":"2012-01-19T04:00:00+00:00","article_modified_time":"2017-06-02T12:47:22+00:00","author":"Lorenzo Verduzco","twitter_card":"summary_large_image","twitter_misc":{"Escrito por":"Lorenzo Verduzco","Tiempo de lectura":"4 minutos"},"schema":{"@context":"https:\/\/schema.org","@graph":[{"@type":"Article","@id":"https:\/\/interamerica.org\/es\/2012\/01\/iglesia-adventista-mundial-marca-100-anos-de-comunicacion-corporativa\/#article","isPartOf":{"@id":"https:\/\/interamerica.org\/es\/2012\/01\/iglesia-adventista-mundial-marca-100-anos-de-comunicacion-corporativa\/"},"author":{"name":"Lorenzo Verduzco","@id":"https:\/\/interamerica.org\/es\/#\/schema\/person\/68ede8bdc292885bb76c1e3810e73c39"},"headline":"Iglesia adventista mundial marca 100 a\u00f1os de comunicaci\u00f3n corporativa","datePublished":"2012-01-19T04:00:00+00:00","dateModified":"2017-06-02T12:47:22+00:00","mainEntityOfPage":{"@id":"https:\/\/interamerica.org\/es\/2012\/01\/iglesia-adventista-mundial-marca-100-anos-de-comunicacion-corporativa\/"},"wordCount":779,"articleSection":["Archivo"],"inLanguage":"es"},{"@type":"WebPage","@id":"https:\/\/interamerica.org\/es\/2012\/01\/iglesia-adventista-mundial-marca-100-anos-de-comunicacion-corporativa\/","url":"https:\/\/interamerica.org\/es\/2012\/01\/iglesia-adventista-mundial-marca-100-anos-de-comunicacion-corporativa\/","name":"Iglesia adventista mundial marca 100 a\u00f1os de comunicaci\u00f3n corporativa - Iglesia Adventista del S\u00e9ptimo D\u00eda - Divisi\u00f3n Interamericana","isPartOf":{"@id":"https:\/\/interamerica.org\/es\/#website"},"datePublished":"2012-01-19T04:00:00+00:00","dateModified":"2017-06-02T12:47:22+00:00","author":{"@id":"https:\/\/interamerica.org\/es\/#\/schema\/person\/68ede8bdc292885bb76c1e3810e73c39"},"breadcrumb":{"@id":"https:\/\/interamerica.org\/es\/2012\/01\/iglesia-adventista-mundial-marca-100-anos-de-comunicacion-corporativa\/#breadcrumb"},"inLanguage":"es","potentialAction":[{"@type":"ReadAction","target":["https:\/\/interamerica.org\/es\/2012\/01\/iglesia-adventista-mundial-marca-100-anos-de-comunicacion-corporativa\/"]}]},{"@type":"BreadcrumbList","@id":"https:\/\/interamerica.org\/es\/2012\/01\/iglesia-adventista-mundial-marca-100-anos-de-comunicacion-corporativa\/#breadcrumb","itemListElement":[{"@type":"ListItem","position":1,"name":"Home","item":"https:\/\/interamerica.org\/es\/"},{"@type":"ListItem","position":2,"name":"Iglesia adventista mundial marca 100 a\u00f1os de comunicaci\u00f3n corporativa"}]},{"@type":"WebSite","@id":"https:\/\/interamerica.org\/es\/#website","url":"https:\/\/interamerica.org\/es\/","name":"Iglesia Adventista del S\u00e9ptimo D\u00eda - Divisi\u00f3n Interamericana","description":"","potentialAction":[{"@type":"SearchAction","target":{"@type":"EntryPoint","urlTemplate":"https:\/\/interamerica.org\/es\/?s={search_term_string}"},"query-input":{"@type":"PropertyValueSpecification","valueRequired":true,"valueName":"search_term_string"}}],"inLanguage":"es"},{"@type":"Person","@id":"https:\/\/interamerica.org\/es\/#\/schema\/person\/68ede8bdc292885bb76c1e3810e73c39","name":"Lorenzo Verduzco","image":{"@type":"ImageObject","inLanguage":"es","@id":"https:\/\/secure.gravatar.com\/avatar\/fb81a55b6218459490a9c1dc841a34909185b81904c5337b4b27f7a6fd60c49e?s=96&d=mm&r=g","url":"https:\/\/secure.gravatar.com\/avatar\/fb81a55b6218459490a9c1dc841a34909185b81904c5337b4b27f7a6fd60c49e?s=96&d=mm&r=g","contentUrl":"https:\/\/secure.gravatar.com\/avatar\/fb81a55b6218459490a9c1dc841a34909185b81904c5337b4b27f7a6fd60c49e?s=96&d=mm&r=g","caption":"Lorenzo Verduzco"}}]}},"_links":{"self":[{"href":"https:\/\/interamerica.org\/es\/wp-json\/wp\/v2\/posts\/11948","targetHints":{"allow":["GET"]}}],"collection":[{"href":"https:\/\/interamerica.org\/es\/wp-json\/wp\/v2\/posts"}],"about":[{"href":"https:\/\/interamerica.org\/es\/wp-json\/wp\/v2\/types\/post"}],"author":[{"embeddable":true,"href":"https:\/\/interamerica.org\/es\/wp-json\/wp\/v2\/users\/1"}],"replies":[{"embeddable":true,"href":"https:\/\/interamerica.org\/es\/wp-json\/wp\/v2\/comments?post=11948"}],"version-history":[{"count":0,"href":"https:\/\/interamerica.org\/es\/wp-json\/wp\/v2\/posts\/11948\/revisions"}],"wp:attachment":[{"href":"https:\/\/interamerica.org\/es\/wp-json\/wp\/v2\/media?parent=11948"}],"wp:term":[{"taxonomy":"category","embeddable":true,"href":"https:\/\/interamerica.org\/es\/wp-json\/wp\/v2\/categories?post=11948"},{"taxonomy":"post_tag","embeddable":true,"href":"https:\/\/interamerica.org\/es\/wp-json\/wp\/v2\/tags?post=11948"}],"curies":[{"name":"wp","href":"https:\/\/api.w.org\/{rel}","templated":true}]}}