{"id":11980,"date":"2012-03-12T00:00:00","date_gmt":"2012-03-12T04:00:00","guid":{"rendered":"http:\/\/192.81.217.108\/interamerica\/2012\/03\/godencounters-marca-una-decada-del-ministerio-de-jovenes-adultos\/"},"modified":"2017-06-02T08:47:05","modified_gmt":"2017-06-02T12:47:05","slug":"godencounters-marca-una-decada-del-ministerio-de-jovenes-adultos","status":"publish","type":"post","link":"https:\/\/interamerica.org\/es\/2012\/03\/godencounters-marca-una-decada-del-ministerio-de-jovenes-adultos\/","title":{"rendered":"GODencounters marca una d\u00e9cada del ministerio de j\u00f3venes adultos"},"content":{"rendered":"<p><em >9 de marzo, 2012 &#8211; Silver Spring, Maryland, Estados Unidos &#8230; <\/em >Ansel Oliver\/ANN <\/p>\n<p>GODencounters, una serie para j\u00f3venes adultos que se sintoniza los fines de semana marca una d\u00e9cada de ministerio desde que comenz\u00f3 la iniciativa cuando dos pastores adventistas del s\u00e9ptimo d\u00eda quisieron acicalar un ministerio para adultos j\u00f3venes en una reuni\u00f3n de campamento. <\/p>\n<p>En 2001, los pastores A. Allan Martin y Jeff Gang se encontraban a cargo de los grupos de discusi\u00f3n de j\u00f3venes adultos en una Reuni\u00f3n Campestre de la Florida, Estados Unidos, y se preguntaban qu\u00e9 podr\u00edan hacer para llegar m\u00e1s all\u00e1 de una limitada asistencia. La mayor\u00eda de los asistentes estaban en sus 40s y simplemente quer\u00edan aire acondicionado mientras esperaban que sus hijos salieran de la escuela sab\u00e1tica. <\/p>\n<p>Martin y Gang se reunieron con j\u00f3venes adultos locales para orar y ver lo que pod\u00eda hacerse con la oportunidad de llegar mejor a las generaciones m\u00e1s j\u00f3venes.  <\/p>\n<p>Eso gener\u00f3 el pr\u00f3ximo a\u00f1o lo que se ha convertido en GODencounters, una serie de reuniones espirituales de fin de semana dise\u00f1ada para adultos j\u00f3venes, ret\u00e1ndoles a tener un encuentro con Jes\u00fas las 24 horas del d\u00eda, siete d\u00edas a la semana. <\/p>\n<p>La serie aborda temas de adultos j\u00f3venes como relaciones, adoraci\u00f3n y servicio, extrayendo lecciones de la vida de personajes b\u00edblicos de \u00e9xito que han encontrado problemas similares a los que, a menudo, tropiezan los que salen de escuela superior porque van a ser padres.  <\/p>\n<p>\u00abPreguntamos, qu\u00e9 podr\u00edamos hacer con los adultos j\u00f3venes, para retarles a que tengan una relaci\u00f3n permanente con el Dios viviente, no s\u00f3lo entretenerles espiritualmente en un programa,&#39;\u00bb, dijo Martin, que ahora sirve como pastor de la Iglesia Generaciones m\u00e1s j\u00f3venes, que se re\u00fane en la Iglesia Adventista del S\u00e9ptimo D\u00eda Arlington en Texas. <\/p>\n<p>Martin dijo que los eventos ministeriales son demasiado a menudo acerca de \u00ablealtad a la instituci\u00f3n\u00bb o crear un momento de \u00abelevada espiritual\u00bb. \u00abRara vez intencionalmente planean para el proceso que sigue mucho despu\u00e9s de que el evento termina\u00bb.  <\/p>\n<p>La serie es t\u00edpicamente precedida y seguida de varias semanas de oraci\u00f3n y debate, utilizando las redes sociales en l\u00ednea, <em >blogs<\/em > y lectura recomendada para vincular a los adultos j\u00f3venes entre s\u00ed y facilitar una relaci\u00f3n constante con Dios. <\/p>\n<p>Hay varias series de GODencounters que cada a\u00f1o que se celebran en los Estados Unidos. A menudo se re\u00fanen el viernes de noche, el s\u00e1bado por la ma\u00f1ana y la tarde del s\u00e1bado.  <\/p>\n<p>Durante la Sesi\u00f3n de la Asociaci\u00f3n General en Atlanta en 2010 se celebr\u00f3 un evento GODencounters. Asistieron m\u00e1s de 3.000, convirti\u00e9ndolo en uno de los mayores eventos de la serie. <\/p>\n<p>\u00abGODencounters es una creciente experiencia continua de adultos j\u00f3venes que est\u00e1n serios respecto a servir en sus iglesias\u00bb, dijo James Black, director del ministerio de J\u00f3venes y J\u00f3venes Adultos para la Divisi\u00f3n Norteamericana de la denominaci\u00f3n. \u00abNos sentimos muy apasionados y serios en hacer esto visible\u00bb. <\/p>\n<p>Black dice que recibe solicitudes para la serie de alrededor del mundo. Hace poco, GODencounters se celebr\u00f3 en Nueva Zelanda y Ghana, y los organizadores est\u00e1n planeando eventos para Canad\u00e1 y Filipinas el a\u00f1o pr\u00f3ximo.  <\/p>\n<p>En un viernes de noche reciente, el pastor visitante Roger Hern\u00e1ndez,  condujo una serie de GODencounters en Fulton, Maryland, aprovechando experiencias de la vida del personaje b\u00edblico, David. <\/p>\n<p>\u00abComo muchos de ustedes\u00bb, Hern\u00e1ndez dijo a la audiencia, \u00aba \u00e9l se le prometieron grandes cosas &#8211; estaba destinado a ser rey. Pero tuvo que pasar por muchas cosas y no entend\u00eda por qu\u00e9 pasaban cosas malas a pesar de que \u00e9l viv\u00eda fielmente\u00bb.  <\/p>\n<p>Hern\u00e1ndez dijo que David estaba en camino a convertirse en rey, pero perdi\u00f3 su c\u00f3nyuge, incluso su dignidad, trabajo, l\u00edder espiritual, casa y mejor amigo, y a\u00fan su dignidad. <\/p>\n<p>\u00abPero lo que David aprendido puede hablarnos hoy de tres maneras\u00bb, dijo Hern\u00e1ndez. \u00abUno atrae el tipo de persona que uno es. Dos, s\u00e9 y da lo mejor, aun cuando est\u00e1s en lo peor. Y tres, Dios es suficiente. David escribi\u00f3 el salmo cl\u00e1sico 142 mientras estaba en una cueva\u00bb. <\/p>\n<p>Uno de los asistentes dijo que fue como si los tres mensajes del fin de semana hubiesen sido hechos s\u00f3lo para \u00e9l.  <\/p>\n<p>\u00ab\u00bfNo le encanta cuando Dios hace eso?\u00bb Martin dijo. \u00abCuando buscamos un encuentro con Dios, nos complace, a menudo, encontrar que nuestro Dios nos ha sido siguiendo todo el tiempo. <\/p>\n<p>Traducci\u00f3n: Aleida T. Romero <\/p>\n","protected":false},"excerpt":{"rendered":"<p>GODencounters, una serie para j\u00f3venes adultos que se sintoniza los fines de semana marca una d\u00e9cada de ministerio desde que comenz\u00f3 la iniciativa cuando dos pastores adventistas del s\u00e9ptimo d\u00eda quisieron acicalar un mini<\/p>\n","protected":false},"author":1,"featured_media":0,"comment_status":"closed","ping_status":"closed","sticky":false,"template":"","format":"standard","meta":{"_acf_changed":false,"footnotes":""},"categories":[8],"tags":[],"class_list":["post-11980","post","type-post","status-publish","format-standard","hentry","category-archivo"],"acf":[],"yoast_head":"<!-- This site is optimized with the Yoast SEO plugin v27.3 - https:\/\/yoast.com\/product\/yoast-seo-wordpress\/ -->\n<title>GODencounters marca una d\u00e9cada del ministerio de j\u00f3venes adultos - Iglesia Adventista del S\u00e9ptimo D\u00eda - Divisi\u00f3n Interamericana<\/title>\n<meta name=\"robots\" content=\"index, follow, max-snippet:-1, max-image-preview:large, max-video-preview:-1\" \/>\n<link rel=\"canonical\" href=\"https:\/\/interamerica.org\/es\/2012\/03\/godencounters-marca-una-decada-del-ministerio-de-jovenes-adultos\/\" \/>\n<meta property=\"og:locale\" content=\"es_ES\" \/>\n<meta property=\"og:type\" content=\"article\" \/>\n<meta property=\"og:title\" content=\"GODencounters marca una d\u00e9cada del ministerio de j\u00f3venes adultos - Iglesia Adventista del S\u00e9ptimo D\u00eda - Divisi\u00f3n Interamericana\" \/>\n<meta property=\"og:description\" content=\"GODencounters, una serie para j\u00f3venes adultos que se sintoniza los fines de semana marca una d\u00e9cada de ministerio desde que comenz\u00f3 la iniciativa cuando dos pastores adventistas del s\u00e9ptimo d\u00eda quisieron acicalar un mini\" \/>\n<meta property=\"og:url\" content=\"https:\/\/interamerica.org\/es\/2012\/03\/godencounters-marca-una-decada-del-ministerio-de-jovenes-adultos\/\" \/>\n<meta property=\"og:site_name\" content=\"Iglesia Adventista del S\u00e9ptimo D\u00eda - Divisi\u00f3n Interamericana\" \/>\n<meta property=\"article:published_time\" content=\"2012-03-12T04:00:00+00:00\" \/>\n<meta property=\"article:modified_time\" content=\"2017-06-02T12:47:05+00:00\" \/>\n<meta name=\"author\" content=\"Lorenzo Verduzco\" \/>\n<meta name=\"twitter:card\" content=\"summary_large_image\" \/>\n<meta name=\"twitter:label1\" content=\"Escrito por\" \/>\n\t<meta name=\"twitter:data1\" content=\"Lorenzo Verduzco\" \/>\n\t<meta name=\"twitter:label2\" content=\"Tiempo de lectura\" \/>\n\t<meta name=\"twitter:data2\" content=\"4 minutos\" \/>\n<script type=\"application\/ld+json\" class=\"yoast-schema-graph\">{\"@context\":\"https:\\\/\\\/schema.org\",\"@graph\":[{\"@type\":\"Article\",\"@id\":\"https:\\\/\\\/interamerica.org\\\/es\\\/2012\\\/03\\\/godencounters-marca-una-decada-del-ministerio-de-jovenes-adultos\\\/#article\",\"isPartOf\":{\"@id\":\"https:\\\/\\\/interamerica.org\\\/es\\\/2012\\\/03\\\/godencounters-marca-una-decada-del-ministerio-de-jovenes-adultos\\\/\"},\"author\":{\"name\":\"Lorenzo Verduzco\",\"@id\":\"https:\\\/\\\/interamerica.org\\\/es\\\/#\\\/schema\\\/person\\\/68ede8bdc292885bb76c1e3810e73c39\"},\"headline\":\"GODencounters marca una d\u00e9cada del ministerio de j\u00f3venes adultos\",\"datePublished\":\"2012-03-12T04:00:00+00:00\",\"dateModified\":\"2017-06-02T12:47:05+00:00\",\"mainEntityOfPage\":{\"@id\":\"https:\\\/\\\/interamerica.org\\\/es\\\/2012\\\/03\\\/godencounters-marca-una-decada-del-ministerio-de-jovenes-adultos\\\/\"},\"wordCount\":801,\"articleSection\":[\"Archivo\"],\"inLanguage\":\"es\"},{\"@type\":\"WebPage\",\"@id\":\"https:\\\/\\\/interamerica.org\\\/es\\\/2012\\\/03\\\/godencounters-marca-una-decada-del-ministerio-de-jovenes-adultos\\\/\",\"url\":\"https:\\\/\\\/interamerica.org\\\/es\\\/2012\\\/03\\\/godencounters-marca-una-decada-del-ministerio-de-jovenes-adultos\\\/\",\"name\":\"GODencounters marca una d\u00e9cada del ministerio de j\u00f3venes adultos - Iglesia Adventista del S\u00e9ptimo D\u00eda - Divisi\u00f3n Interamericana\",\"isPartOf\":{\"@id\":\"https:\\\/\\\/interamerica.org\\\/es\\\/#website\"},\"datePublished\":\"2012-03-12T04:00:00+00:00\",\"dateModified\":\"2017-06-02T12:47:05+00:00\",\"author\":{\"@id\":\"https:\\\/\\\/interamerica.org\\\/es\\\/#\\\/schema\\\/person\\\/68ede8bdc292885bb76c1e3810e73c39\"},\"breadcrumb\":{\"@id\":\"https:\\\/\\\/interamerica.org\\\/es\\\/2012\\\/03\\\/godencounters-marca-una-decada-del-ministerio-de-jovenes-adultos\\\/#breadcrumb\"},\"inLanguage\":\"es\",\"potentialAction\":[{\"@type\":\"ReadAction\",\"target\":[\"https:\\\/\\\/interamerica.org\\\/es\\\/2012\\\/03\\\/godencounters-marca-una-decada-del-ministerio-de-jovenes-adultos\\\/\"]}]},{\"@type\":\"BreadcrumbList\",\"@id\":\"https:\\\/\\\/interamerica.org\\\/es\\\/2012\\\/03\\\/godencounters-marca-una-decada-del-ministerio-de-jovenes-adultos\\\/#breadcrumb\",\"itemListElement\":[{\"@type\":\"ListItem\",\"position\":1,\"name\":\"Home\",\"item\":\"https:\\\/\\\/interamerica.org\\\/es\\\/\"},{\"@type\":\"ListItem\",\"position\":2,\"name\":\"GODencounters marca una d\u00e9cada del ministerio de j\u00f3venes adultos\"}]},{\"@type\":\"WebSite\",\"@id\":\"https:\\\/\\\/interamerica.org\\\/es\\\/#website\",\"url\":\"https:\\\/\\\/interamerica.org\\\/es\\\/\",\"name\":\"Iglesia Adventista del S\u00e9ptimo D\u00eda - Divisi\u00f3n Interamericana\",\"description\":\"\",\"potentialAction\":[{\"@type\":\"SearchAction\",\"target\":{\"@type\":\"EntryPoint\",\"urlTemplate\":\"https:\\\/\\\/interamerica.org\\\/es\\\/?s={search_term_string}\"},\"query-input\":{\"@type\":\"PropertyValueSpecification\",\"valueRequired\":true,\"valueName\":\"search_term_string\"}}],\"inLanguage\":\"es\"},{\"@type\":\"Person\",\"@id\":\"https:\\\/\\\/interamerica.org\\\/es\\\/#\\\/schema\\\/person\\\/68ede8bdc292885bb76c1e3810e73c39\",\"name\":\"Lorenzo Verduzco\",\"image\":{\"@type\":\"ImageObject\",\"inLanguage\":\"es\",\"@id\":\"https:\\\/\\\/secure.gravatar.com\\\/avatar\\\/fb81a55b6218459490a9c1dc841a34909185b81904c5337b4b27f7a6fd60c49e?s=96&d=mm&r=g\",\"url\":\"https:\\\/\\\/secure.gravatar.com\\\/avatar\\\/fb81a55b6218459490a9c1dc841a34909185b81904c5337b4b27f7a6fd60c49e?s=96&d=mm&r=g\",\"contentUrl\":\"https:\\\/\\\/secure.gravatar.com\\\/avatar\\\/fb81a55b6218459490a9c1dc841a34909185b81904c5337b4b27f7a6fd60c49e?s=96&d=mm&r=g\",\"caption\":\"Lorenzo Verduzco\"}}]}<\/script>\n<!-- \/ Yoast SEO plugin. -->","yoast_head_json":{"title":"GODencounters marca una d\u00e9cada del ministerio de j\u00f3venes adultos - Iglesia Adventista del S\u00e9ptimo D\u00eda - Divisi\u00f3n Interamericana","robots":{"index":"index","follow":"follow","max-snippet":"max-snippet:-1","max-image-preview":"max-image-preview:large","max-video-preview":"max-video-preview:-1"},"canonical":"https:\/\/interamerica.org\/es\/2012\/03\/godencounters-marca-una-decada-del-ministerio-de-jovenes-adultos\/","og_locale":"es_ES","og_type":"article","og_title":"GODencounters marca una d\u00e9cada del ministerio de j\u00f3venes adultos - Iglesia Adventista del S\u00e9ptimo D\u00eda - Divisi\u00f3n Interamericana","og_description":"GODencounters, una serie para j\u00f3venes adultos que se sintoniza los fines de semana marca una d\u00e9cada de ministerio desde que comenz\u00f3 la iniciativa cuando dos pastores adventistas del s\u00e9ptimo d\u00eda quisieron acicalar un mini","og_url":"https:\/\/interamerica.org\/es\/2012\/03\/godencounters-marca-una-decada-del-ministerio-de-jovenes-adultos\/","og_site_name":"Iglesia Adventista del S\u00e9ptimo D\u00eda - Divisi\u00f3n Interamericana","article_published_time":"2012-03-12T04:00:00+00:00","article_modified_time":"2017-06-02T12:47:05+00:00","author":"Lorenzo Verduzco","twitter_card":"summary_large_image","twitter_misc":{"Escrito por":"Lorenzo Verduzco","Tiempo de lectura":"4 minutos"},"schema":{"@context":"https:\/\/schema.org","@graph":[{"@type":"Article","@id":"https:\/\/interamerica.org\/es\/2012\/03\/godencounters-marca-una-decada-del-ministerio-de-jovenes-adultos\/#article","isPartOf":{"@id":"https:\/\/interamerica.org\/es\/2012\/03\/godencounters-marca-una-decada-del-ministerio-de-jovenes-adultos\/"},"author":{"name":"Lorenzo Verduzco","@id":"https:\/\/interamerica.org\/es\/#\/schema\/person\/68ede8bdc292885bb76c1e3810e73c39"},"headline":"GODencounters marca una d\u00e9cada del ministerio de j\u00f3venes adultos","datePublished":"2012-03-12T04:00:00+00:00","dateModified":"2017-06-02T12:47:05+00:00","mainEntityOfPage":{"@id":"https:\/\/interamerica.org\/es\/2012\/03\/godencounters-marca-una-decada-del-ministerio-de-jovenes-adultos\/"},"wordCount":801,"articleSection":["Archivo"],"inLanguage":"es"},{"@type":"WebPage","@id":"https:\/\/interamerica.org\/es\/2012\/03\/godencounters-marca-una-decada-del-ministerio-de-jovenes-adultos\/","url":"https:\/\/interamerica.org\/es\/2012\/03\/godencounters-marca-una-decada-del-ministerio-de-jovenes-adultos\/","name":"GODencounters marca una d\u00e9cada del ministerio de j\u00f3venes adultos - Iglesia Adventista del S\u00e9ptimo D\u00eda - Divisi\u00f3n Interamericana","isPartOf":{"@id":"https:\/\/interamerica.org\/es\/#website"},"datePublished":"2012-03-12T04:00:00+00:00","dateModified":"2017-06-02T12:47:05+00:00","author":{"@id":"https:\/\/interamerica.org\/es\/#\/schema\/person\/68ede8bdc292885bb76c1e3810e73c39"},"breadcrumb":{"@id":"https:\/\/interamerica.org\/es\/2012\/03\/godencounters-marca-una-decada-del-ministerio-de-jovenes-adultos\/#breadcrumb"},"inLanguage":"es","potentialAction":[{"@type":"ReadAction","target":["https:\/\/interamerica.org\/es\/2012\/03\/godencounters-marca-una-decada-del-ministerio-de-jovenes-adultos\/"]}]},{"@type":"BreadcrumbList","@id":"https:\/\/interamerica.org\/es\/2012\/03\/godencounters-marca-una-decada-del-ministerio-de-jovenes-adultos\/#breadcrumb","itemListElement":[{"@type":"ListItem","position":1,"name":"Home","item":"https:\/\/interamerica.org\/es\/"},{"@type":"ListItem","position":2,"name":"GODencounters marca una d\u00e9cada del ministerio de j\u00f3venes adultos"}]},{"@type":"WebSite","@id":"https:\/\/interamerica.org\/es\/#website","url":"https:\/\/interamerica.org\/es\/","name":"Iglesia Adventista del S\u00e9ptimo D\u00eda - Divisi\u00f3n Interamericana","description":"","potentialAction":[{"@type":"SearchAction","target":{"@type":"EntryPoint","urlTemplate":"https:\/\/interamerica.org\/es\/?s={search_term_string}"},"query-input":{"@type":"PropertyValueSpecification","valueRequired":true,"valueName":"search_term_string"}}],"inLanguage":"es"},{"@type":"Person","@id":"https:\/\/interamerica.org\/es\/#\/schema\/person\/68ede8bdc292885bb76c1e3810e73c39","name":"Lorenzo Verduzco","image":{"@type":"ImageObject","inLanguage":"es","@id":"https:\/\/secure.gravatar.com\/avatar\/fb81a55b6218459490a9c1dc841a34909185b81904c5337b4b27f7a6fd60c49e?s=96&d=mm&r=g","url":"https:\/\/secure.gravatar.com\/avatar\/fb81a55b6218459490a9c1dc841a34909185b81904c5337b4b27f7a6fd60c49e?s=96&d=mm&r=g","contentUrl":"https:\/\/secure.gravatar.com\/avatar\/fb81a55b6218459490a9c1dc841a34909185b81904c5337b4b27f7a6fd60c49e?s=96&d=mm&r=g","caption":"Lorenzo Verduzco"}}]}},"_links":{"self":[{"href":"https:\/\/interamerica.org\/es\/wp-json\/wp\/v2\/posts\/11980","targetHints":{"allow":["GET"]}}],"collection":[{"href":"https:\/\/interamerica.org\/es\/wp-json\/wp\/v2\/posts"}],"about":[{"href":"https:\/\/interamerica.org\/es\/wp-json\/wp\/v2\/types\/post"}],"author":[{"embeddable":true,"href":"https:\/\/interamerica.org\/es\/wp-json\/wp\/v2\/users\/1"}],"replies":[{"embeddable":true,"href":"https:\/\/interamerica.org\/es\/wp-json\/wp\/v2\/comments?post=11980"}],"version-history":[{"count":0,"href":"https:\/\/interamerica.org\/es\/wp-json\/wp\/v2\/posts\/11980\/revisions"}],"wp:attachment":[{"href":"https:\/\/interamerica.org\/es\/wp-json\/wp\/v2\/media?parent=11980"}],"wp:term":[{"taxonomy":"category","embeddable":true,"href":"https:\/\/interamerica.org\/es\/wp-json\/wp\/v2\/categories?post=11980"},{"taxonomy":"post_tag","embeddable":true,"href":"https:\/\/interamerica.org\/es\/wp-json\/wp\/v2\/tags?post=11980"}],"curies":[{"name":"wp","href":"https:\/\/api.w.org\/{rel}","templated":true}]}}