{"id":119874,"date":"2024-09-18T23:23:13","date_gmt":"2024-09-19T03:23:13","guid":{"rendered":"https:\/\/interamerica.org\/?p=119874"},"modified":"2024-09-23T10:32:29","modified_gmt":"2024-09-23T14:32:29","slug":"jovenes-voluntarios-de-panama-son-reconocidos-por-esfuerzos-de-limpiar-popular-playa","status":"publish","type":"post","link":"https:\/\/interamerica.org\/es\/2024\/09\/jovenes-voluntarios-de-panama-son-reconocidos-por-esfuerzos-de-limpiar-popular-playa\/","title":{"rendered":"J\u00f3venes voluntarios de Panam\u00e1 son reconocidos por esfuerzos de limpiar popular playa"},"content":{"rendered":"<p><div id=\"attachment_119850\" style=\"width: 846px\" class=\"wp-caption aligncenter\"><img fetchpriority=\"high\" decoding=\"async\" aria-describedby=\"caption-attachment-119850\" class=\" wp-image-119848\" src=\"https:\/\/interamerica.org\/wp-content\/uploads\/2024\/09\/panama-limpieza-main.jpg\" alt=\"\" width=\"836\" height=\"628\" srcset=\"https:\/\/interamerica.org\/wp-content\/uploads\/2024\/09\/panama-limpieza-main.jpg 950w, https:\/\/interamerica.org\/wp-content\/uploads\/2024\/09\/panama-limpieza-main-300x225.jpg 300w, https:\/\/interamerica.org\/wp-content\/uploads\/2024\/09\/panama-limpieza-main-768x576.jpg 768w\" sizes=\"(max-width: 836px) 100vw, 836px\" \/><p id=\"caption-attachment-119850\" class=\"wp-caption-text\">J\u00f3venes ayudan a limpiar la playa Costa del Este en Ciudad de Panam\u00e1, Panam\u00e1, en colaboraci\u00f3n con la Alcald\u00eda de Ciudad de Panam\u00e1, Panam\u00e1, el 1 de septiembre de 2024. La actividad fue parte de la iniciativa del gobierno de restaurar la belleza natural de las costas y crear conciencia para proteger el ambiente durante septiembre, un mes dedicado a destacar la importancia de los ecosistemas mar\u00edtimos. [Fotograf\u00eda: Uni\u00f3n Paname\u00f1a]<\/p><\/div><em> \u201cCuidar del medio ambiente es una manera de honrar la creaci\u00f3n de Dios\u201d, afirma l\u00edder adventista.<\/em><\/p>\n<p>18 de septiembre de 2024 | Ciudad de Panam\u00e1, Panam\u00e1 | Johana Gonz\u00e1lez, <em>Henry Gonz\u00e1lez, <\/em>y Noticias de la Divisi\u00f3n Interamericana<\/p>\n<p>Como parte de las actividades del Mes de los Oc\u00e9anos, unos cuatrocientos j\u00f3venes adventistas se sumaron a la Alcald\u00eda de Ciudad de Panam\u00e1, para un d\u00eda de actividades de limpieza en la Playa Costa del Este, el 1 de septiembre de 2024. El esfuerzo no solo busc\u00f3 restaurar la belleza natural de este importante espacio de la costa sino tambi\u00e9n reafirmar el compromiso de los j\u00f3venes con el cuidado del medio ambiente, un principio que es parte de su vida diaria y creencias religiosas.<\/p>\n<p>Por m\u00e1s de veinte a\u00f1os, Panam\u00e1 ha dedicado cada septiembre a crear conciencia sobre la importancia de los ecosistemas marinos y la necesidad urgente de protegerlos. Durante este mes, se llevan a cabo iniciativas educacionales y de limpieza con organizaciones p\u00fablicas, privadas y no gubernamentales.<\/p>\n<p><div id=\"attachment_119838\" style=\"width: 856px\" class=\"wp-caption aligncenter\"><img decoding=\"async\" aria-describedby=\"caption-attachment-119838\" class=\" wp-image-119836\" src=\"https:\/\/interamerica.org\/wp-content\/uploads\/2024\/09\/panu-limpieza-mother-adventurerdmc20.jpg\" alt=\"\" width=\"846\" height=\"635\" srcset=\"https:\/\/interamerica.org\/wp-content\/uploads\/2024\/09\/panu-limpieza-mother-adventurerdmc20.jpg 950w, https:\/\/interamerica.org\/wp-content\/uploads\/2024\/09\/panu-limpieza-mother-adventurerdmc20-300x225.jpg 300w, https:\/\/interamerica.org\/wp-content\/uploads\/2024\/09\/panu-limpieza-mother-adventurerdmc20-768x576.jpg 768w\" sizes=\"(max-width: 846px) 100vw, 846px\" \/><p id=\"caption-attachment-119838\" class=\"wp-caption-text\">Una madre y su hija ayudan en la limpieza de pl\u00e1sticos y desperdicios que son arrastrados hasta la playa en Ciudad de Panam\u00e1, Panam\u00e1. [Fotograf\u00eda: Uni\u00f3n Paname\u00f1a]<\/p><\/div>En 2024, el evento se enfoc\u00f3 espec\u00edficamente en el desaf\u00edo de la contaminaci\u00f3n pl\u00e1stica en los oc\u00e9anos. Seg\u00fan un informe del Programa Ambiental de las Naciones Unidas (UNEP), los pl\u00e1sticos suman el 85 por ciento de los desperdicios que terminan en los oc\u00e9anos, con proyecciones que indican que para 2040, la cantidad de pl\u00e1sticos en los oc\u00e9anos podr\u00eda triplicarse. Los l\u00edderes adventistas dijeron que ese pron\u00f3stico alarmante es una de las razones que llev\u00f3 a que los j\u00f3venes adventistas participaran en la limpieza de la playa Costa del Este, una de las m\u00e1s populares de Panam\u00e1.<\/p>\n<p><strong>Iniciativa de limpieza de los j\u00f3venes<\/strong><\/p>\n<p>Desde temprano en la ma\u00f1ana el pasado 1 de septiembre, j\u00f3venes voluntarios se hicieron presentes en la playa, equipados con guantes y bolsas de residuos, listos para recoger tanta basura como fuera posible. Para muchos de ellos, este acto no solo represent\u00f3 una obra de servicio comunitario sino tambi\u00e9n una oportunidad de vivir su fe de manera tangible, dijeron los organizadores.<\/p>\n<p><div id=\"attachment_119844\" style=\"width: 850px\" class=\"wp-caption aligncenter\"><img decoding=\"async\" aria-describedby=\"caption-attachment-119844\" class=\" wp-image-119842\" src=\"https:\/\/interamerica.org\/wp-content\/uploads\/2024\/09\/panu-limpiezadmc3.jpg\" alt=\"\" width=\"840\" height=\"597\" srcset=\"https:\/\/interamerica.org\/wp-content\/uploads\/2024\/09\/panu-limpiezadmc3.jpg 950w, https:\/\/interamerica.org\/wp-content\/uploads\/2024\/09\/panu-limpiezadmc3-300x213.jpg 300w, https:\/\/interamerica.org\/wp-content\/uploads\/2024\/09\/panu-limpiezadmc3-768x546.jpg 768w\" sizes=\"(max-width: 840px) 100vw, 840px\" \/><p id=\"caption-attachment-119844\" class=\"wp-caption-text\">Decenas de j\u00f3venes y l\u00edderes de la iglesia llenaron bolsas con la basura que fue arrastrada hasta la playa, durante la limpieza organizada del pasado 1 de septiembre de 2024. [Fotograf\u00eda: Uni\u00f3n Paname\u00f1a]<\/p><\/div>Los voluntarios lograron recoger grandes cantidades de basura, en su mayor parte pl\u00e1stica, que hab\u00eda sido arrastrada y tra\u00edda por los r\u00edos y las mareas del oc\u00e9ano, dijo Carlos Rangel, coordinador de los voluntarios en la Asociaci\u00f3n Metropolitana de Panam\u00e1. Para el final del d\u00eda, la playa hab\u00eda recobrado un poco de su estado original, algo que hizo que los j\u00f3venes se sintieran orgullosos de su contribuci\u00f3n, a\u00f1adi\u00f3.<\/p>\n<p><strong>Buenos mayordomos del planeta<\/strong><\/p>\n<p>La Alcald\u00eda de Ciudad de Panam\u00e1, que ayud\u00f3 a coordinar la iniciativa, agradeci\u00f3 a los voluntarios adventistas por su compromiso. \u201cEstamos profundamente agradecidos a estos j\u00f3venes por su dedicaci\u00f3n y esfuerzo\u201d, dijo Jarelys G\u00f3mez, directora de Gesti\u00f3n Ambiental de la Alcald\u00eda. \u201cNo solo han ayudado a limpiar una de nuestras playas m\u00e1s importantes, sino que tambi\u00e9n han inspirado a otros a unirse a la causa. Es esencial que entendamos que nuestras acciones tienen un impacto directo en el bienestar del planeta\u201d.<\/p>\n<p><div id=\"attachment_119859\" style=\"width: 841px\" class=\"wp-caption aligncenter\"><img loading=\"lazy\" decoding=\"async\" aria-describedby=\"caption-attachment-119859\" class=\" wp-image-119857\" src=\"https:\/\/interamerica.org\/wp-content\/uploads\/2024\/09\/panu-limpiezadmc2.jpg\" alt=\"\" width=\"831\" height=\"624\" srcset=\"https:\/\/interamerica.org\/wp-content\/uploads\/2024\/09\/panu-limpiezadmc2.jpg 950w, https:\/\/interamerica.org\/wp-content\/uploads\/2024\/09\/panu-limpiezadmc2-300x225.jpg 300w, https:\/\/interamerica.org\/wp-content\/uploads\/2024\/09\/panu-limpiezadmc2-768x576.jpg 768w\" sizes=\"(max-width: 831px) 100vw, 831px\" \/><p id=\"caption-attachment-119859\" class=\"wp-caption-text\">Durante la actividad de limpieza, los j\u00f3venes vistieron pa\u00f1uelos, gorros y camisetas de Conquistadores, mostrando que son adventistas del s\u00e9ptimo d\u00eda. [Fotograf\u00eda: Uni\u00f3n Paname\u00f1a]<\/p><\/div>\u201cEs un honor para nosotros participar en esta actividad,\u201d dijo Rangel. \u201cCreemos firmemente que cuidar del medio ambiente es una manera de honrar la creaci\u00f3n de Dios. Tenemos el deber de preservar la naturaleza, y actividades como esta nos permiten cumplir con ese prop\u00f3sito\u201d.<\/p>\n<p><strong>En servicio a Dios y a la comunidad<\/strong><\/p>\n<p>Para muchos de los participantes, la experiencia les permiti\u00f3 reflexionar sobre la importancia de las acciones peque\u00f1as pero significativas para proteger el medio ambiente.<\/p>\n<p>Rolando Lyne, un joven de 14 a\u00f1os de la iglesia adventista San Miguelito que form\u00f3 parte del grupo, comparti\u00f3 su experiencia. \u201cAl principio no estaba seguro de cu\u00e1nto podr\u00edamos lograr en solo una ma\u00f1ana de trabajo. Pero cuando vimos la cantidad de basura que recolectamos, me di cuenta de que cada peque\u00f1o esfuerzo cuenta. Es incre\u00edble c\u00f3mo algo tan sencillo como recoger desechos puede ser una forma de servir a Dios y a nuestra comunidad,\u201d dijo Lyne.<\/p>\n<p><div id=\"attachment_119856\" style=\"width: 849px\" class=\"wp-caption aligncenter\"><img loading=\"lazy\" decoding=\"async\" aria-describedby=\"caption-attachment-119856\" class=\" wp-image-119854\" src=\"https:\/\/interamerica.org\/wp-content\/uploads\/2024\/09\/panu-limpieza-leader-ypeople.jpg\" alt=\"\" width=\"839\" height=\"549\" srcset=\"https:\/\/interamerica.org\/wp-content\/uploads\/2024\/09\/panu-limpieza-leader-ypeople.jpg 1000w, https:\/\/interamerica.org\/wp-content\/uploads\/2024\/09\/panu-limpieza-leader-ypeople-300x197.jpg 300w, https:\/\/interamerica.org\/wp-content\/uploads\/2024\/09\/panu-limpieza-leader-ypeople-768x503.jpg 768w\" sizes=\"(max-width: 839px) 100vw, 839px\" \/><p id=\"caption-attachment-119856\" class=\"wp-caption-text\">Carlos Rangel (izquierda), coordinador de voluntarios de la Asociaci\u00f3n Metropolitana de Panam\u00e1, posa frente a las bolsas con las basura que los voluntarios recogieron en la playa. [Fotograf\u00eda: Uni\u00f3n Paname\u00f1a]<\/p><\/div>Otra voluntaria, Yorlenis Villarreal, de 17 a\u00f1os y proveniente de la iglesia adventista Bel\u00e9n, tambi\u00e9n destac\u00f3 el sentimiento de comunidad y prop\u00f3sito despu\u00e9s de participar de la iniciativa. \u201cLo que m\u00e1s me sorprendi\u00f3 fue ver c\u00f3mo todos est\u00e1bamos unidos por una causa com\u00fan. No solo limpiamos la playa, sino que tambi\u00e9n fortalecimos los lazos entre nosotros. Me siento m\u00e1s conectada con mi iglesia y mi comunidad, y quiero seguir participando en actividades como esta\u201d.<\/p>\n<p><strong>Vivir la fe<\/strong><\/p>\n<p>Para los j\u00f3venes adventistas, la acci\u00f3n de limpiar playas va mucho m\u00e1s all\u00e1 de una simple tarea como voluntarios. Es una extension de su fe, dijeron los l\u00edderes. \u201cLa Biblia nos ense\u00f1a que somos guardianes de la creaci\u00f3n de Dios\u00bb, explic\u00f3 Misael Gonz\u00e1lez, pastor y director de J\u00f3venes de la Uni\u00f3n Misi\u00f3n Paname\u00f1a. \u201cAl limpiar esta playa, estamos actuando como buenos mayordomos del mundo que Dios ha encomendado a nuestro cuidado. Es una forma tangible de vivir nuestra fe\u201d, expres\u00f3.<\/p>\n<p><div id=\"attachment_119841\" style=\"width: 832px\" class=\"wp-caption aligncenter\"><img loading=\"lazy\" decoding=\"async\" aria-describedby=\"caption-attachment-119841\" class=\" wp-image-119839\" src=\"https:\/\/interamerica.org\/wp-content\/uploads\/2024\/09\/panu-limpieza-garbage-bin-dmc59.jpg\" alt=\"\" width=\"822\" height=\"580\" srcset=\"https:\/\/interamerica.org\/wp-content\/uploads\/2024\/09\/panu-limpieza-garbage-bin-dmc59.jpg 900w, https:\/\/interamerica.org\/wp-content\/uploads\/2024\/09\/panu-limpieza-garbage-bin-dmc59-300x212.jpg 300w, https:\/\/interamerica.org\/wp-content\/uploads\/2024\/09\/panu-limpieza-garbage-bin-dmc59-768x542.jpg 768w\" sizes=\"(max-width: 822px) 100vw, 822px\" \/><p id=\"caption-attachment-119841\" class=\"wp-caption-text\">L\u00edderes y j\u00f3venes de la iglesia que colaboraron con la reciente iniciativa depositan bolsas de basura recolectadas en una playa de Ciudad de Panam\u00e1, Panam\u00e1, en grandes contenedores de residuos. [Fotograf\u00eda: Uni\u00f3n Paname\u00f1a]<\/p><\/div>Adem\u00e1s de la limpieza, la jornada sirvi\u00f3 como una plataforma para educar a la comunidad sobre la importancia de mantener los entornos naturales limpios y libres de desechos. La participaci\u00f3n de los j\u00f3venes adventistas subraya una creciente conciencia sobre la sustentabilidad entre las nuevas generaciones. En un contexto global en el que el cambio clim\u00e1tico y la contaminaci\u00f3n marina son preocupaciones de primer orden, la acci\u00f3n local puede ser un motor poderoso de cambio, expresaron.<\/p>\n<p>El evento del 1 de septiembre concluy\u00f3 con una ceremonia de agradecimiento, en la que los voluntarios recibieron un reconocimiento por su dedicaci\u00f3n.<\/p>\n<p><div id=\"attachment_119853\" style=\"width: 850px\" class=\"wp-caption aligncenter\"><img loading=\"lazy\" decoding=\"async\" aria-describedby=\"caption-attachment-119853\" class=\" wp-image-119851\" src=\"https:\/\/interamerica.org\/wp-content\/uploads\/2024\/09\/panu-group-limpiezadmc64.jpg\" alt=\"\" width=\"840\" height=\"582\" srcset=\"https:\/\/interamerica.org\/wp-content\/uploads\/2024\/09\/panu-group-limpiezadmc64.jpg 950w, https:\/\/interamerica.org\/wp-content\/uploads\/2024\/09\/panu-group-limpiezadmc64-300x208.jpg 300w, https:\/\/interamerica.org\/wp-content\/uploads\/2024\/09\/panu-group-limpiezadmc64-768x532.jpg 768w\" sizes=\"(max-width: 840px) 100vw, 840px\" \/><p id=\"caption-attachment-119853\" class=\"wp-caption-text\">Grupos de j\u00f3venes y l\u00edderes de la iglesia que se ofrecieron como voluntarios para limpiar la playa Costa del Este en Ciudad de Panam\u00e1, Panam\u00e1, hace un par de semanas. [Fotograf\u00eda: Uni\u00f3n Paname\u00f1a]<\/p><\/div>M\u00e1s all\u00e1 de los resultados inmediatos de la limpieza, los esfuerzos de los j\u00f3venes voluntarios han sembrado una semilla de concientizaci\u00f3n en la comunidad, dijeron los l\u00edderes adventistas.<\/p>\n<p>\u201cEl cambio es posible cuando la comunidad se une para una causa com\u00fan\u201d, dijo G\u00f3mez al final del evento.<\/p>\n<p>&nbsp;<\/p>\n<p>Traducci\u00f3n de Marcos Paseggi<\/p>\n","protected":false},"excerpt":{"rendered":"<p>\u201cCuidar del medio ambiente es una manera de honrar la creaci\u00f3n de Dios\u201d, afirma l\u00edder adventista. 18 de septiembre de 2024 | Ciudad de Panam\u00e1, Panam\u00e1 | Johana Gonz\u00e1lez, Henry&#8230;<\/p>\n","protected":false},"author":3,"featured_media":119850,"comment_status":"closed","ping_status":"closed","sticky":false,"template":"","format":"standard","meta":{"_acf_changed":false,"footnotes":""},"categories":[17,15],"tags":[],"class_list":["post-119874","post","type-post","status-publish","format-standard","has-post-thumbnail","hentry","category-desde-el-campo","category-rss-espanol"],"acf":[],"yoast_head":"<!-- This site is optimized with the Yoast SEO plugin v27.3 - https:\/\/yoast.com\/product\/yoast-seo-wordpress\/ -->\n<title>J\u00f3venes voluntarios de Panam\u00e1 son reconocidos por esfuerzos de limpiar popular playa - Iglesia Adventista del S\u00e9ptimo D\u00eda - Divisi\u00f3n Interamericana<\/title>\n<meta name=\"robots\" content=\"index, follow, max-snippet:-1, max-image-preview:large, max-video-preview:-1\" \/>\n<link rel=\"canonical\" href=\"https:\/\/interamerica.org\/es\/2024\/09\/jovenes-voluntarios-de-panama-son-reconocidos-por-esfuerzos-de-limpiar-popular-playa\/\" \/>\n<meta property=\"og:locale\" content=\"es_ES\" \/>\n<meta property=\"og:type\" content=\"article\" \/>\n<meta property=\"og:title\" content=\"J\u00f3venes voluntarios de Panam\u00e1 son reconocidos por esfuerzos de limpiar popular playa - Iglesia Adventista del S\u00e9ptimo D\u00eda - Divisi\u00f3n Interamericana\" \/>\n<meta property=\"og:description\" content=\"\u201cCuidar del medio ambiente es una manera de honrar la creaci\u00f3n de Dios\u201d, afirma l\u00edder adventista. 18 de septiembre de 2024 | Ciudad de Panam\u00e1, Panam\u00e1 | Johana Gonz\u00e1lez, Henry...\" \/>\n<meta property=\"og:url\" content=\"https:\/\/interamerica.org\/es\/2024\/09\/jovenes-voluntarios-de-panama-son-reconocidos-por-esfuerzos-de-limpiar-popular-playa\/\" \/>\n<meta property=\"og:site_name\" content=\"Iglesia Adventista del S\u00e9ptimo D\u00eda - Divisi\u00f3n Interamericana\" \/>\n<meta property=\"article:published_time\" content=\"2024-09-19T03:23:13+00:00\" \/>\n<meta property=\"article:modified_time\" content=\"2024-09-23T14:32:29+00:00\" \/>\n<meta property=\"og:image\" content=\"https:\/\/interamerica.org\/wp-content\/uploads\/2024\/09\/panama-limpieza-main.jpg\" \/>\n\t<meta property=\"og:image:width\" content=\"950\" \/>\n\t<meta property=\"og:image:height\" content=\"713\" \/>\n\t<meta property=\"og:image:type\" content=\"image\/jpeg\" \/>\n<meta name=\"author\" content=\"libna\" \/>\n<meta name=\"twitter:card\" content=\"summary_large_image\" \/>\n<meta name=\"twitter:label1\" content=\"Escrito por\" \/>\n\t<meta name=\"twitter:data1\" content=\"libna\" \/>\n\t<meta name=\"twitter:label2\" content=\"Tiempo de lectura\" \/>\n\t<meta name=\"twitter:data2\" content=\"7 minutos\" \/>\n<script type=\"application\/ld+json\" class=\"yoast-schema-graph\">{\"@context\":\"https:\\\/\\\/schema.org\",\"@graph\":[{\"@type\":\"Article\",\"@id\":\"https:\\\/\\\/interamerica.org\\\/es\\\/2024\\\/09\\\/jovenes-voluntarios-de-panama-son-reconocidos-por-esfuerzos-de-limpiar-popular-playa\\\/#article\",\"isPartOf\":{\"@id\":\"https:\\\/\\\/interamerica.org\\\/es\\\/2024\\\/09\\\/jovenes-voluntarios-de-panama-son-reconocidos-por-esfuerzos-de-limpiar-popular-playa\\\/\"},\"author\":{\"name\":\"libna\",\"@id\":\"https:\\\/\\\/interamerica.org\\\/es\\\/#\\\/schema\\\/person\\\/29998f2bc2d8bd0d38662909289b54f1\"},\"headline\":\"J\u00f3venes voluntarios de Panam\u00e1 son reconocidos por esfuerzos de limpiar popular playa\",\"datePublished\":\"2024-09-19T03:23:13+00:00\",\"dateModified\":\"2024-09-23T14:32:29+00:00\",\"mainEntityOfPage\":{\"@id\":\"https:\\\/\\\/interamerica.org\\\/es\\\/2024\\\/09\\\/jovenes-voluntarios-de-panama-son-reconocidos-por-esfuerzos-de-limpiar-popular-playa\\\/\"},\"wordCount\":1372,\"image\":{\"@id\":\"https:\\\/\\\/interamerica.org\\\/es\\\/2024\\\/09\\\/jovenes-voluntarios-de-panama-son-reconocidos-por-esfuerzos-de-limpiar-popular-playa\\\/#primaryimage\"},\"thumbnailUrl\":\"https:\\\/\\\/interamerica.org\\\/wp-content\\\/uploads\\\/2024\\\/09\\\/panama-limpieza-main.jpg\",\"articleSection\":[\"Desde el campo\",\"RSS Espa\u00f1ol\"],\"inLanguage\":\"es\"},{\"@type\":\"WebPage\",\"@id\":\"https:\\\/\\\/interamerica.org\\\/es\\\/2024\\\/09\\\/jovenes-voluntarios-de-panama-son-reconocidos-por-esfuerzos-de-limpiar-popular-playa\\\/\",\"url\":\"https:\\\/\\\/interamerica.org\\\/es\\\/2024\\\/09\\\/jovenes-voluntarios-de-panama-son-reconocidos-por-esfuerzos-de-limpiar-popular-playa\\\/\",\"name\":\"J\u00f3venes voluntarios de Panam\u00e1 son reconocidos por esfuerzos de limpiar popular playa - Iglesia Adventista del S\u00e9ptimo D\u00eda - Divisi\u00f3n Interamericana\",\"isPartOf\":{\"@id\":\"https:\\\/\\\/interamerica.org\\\/es\\\/#website\"},\"primaryImageOfPage\":{\"@id\":\"https:\\\/\\\/interamerica.org\\\/es\\\/2024\\\/09\\\/jovenes-voluntarios-de-panama-son-reconocidos-por-esfuerzos-de-limpiar-popular-playa\\\/#primaryimage\"},\"image\":{\"@id\":\"https:\\\/\\\/interamerica.org\\\/es\\\/2024\\\/09\\\/jovenes-voluntarios-de-panama-son-reconocidos-por-esfuerzos-de-limpiar-popular-playa\\\/#primaryimage\"},\"thumbnailUrl\":\"https:\\\/\\\/interamerica.org\\\/wp-content\\\/uploads\\\/2024\\\/09\\\/panama-limpieza-main.jpg\",\"datePublished\":\"2024-09-19T03:23:13+00:00\",\"dateModified\":\"2024-09-23T14:32:29+00:00\",\"author\":{\"@id\":\"https:\\\/\\\/interamerica.org\\\/es\\\/#\\\/schema\\\/person\\\/29998f2bc2d8bd0d38662909289b54f1\"},\"breadcrumb\":{\"@id\":\"https:\\\/\\\/interamerica.org\\\/es\\\/2024\\\/09\\\/jovenes-voluntarios-de-panama-son-reconocidos-por-esfuerzos-de-limpiar-popular-playa\\\/#breadcrumb\"},\"inLanguage\":\"es\",\"potentialAction\":[{\"@type\":\"ReadAction\",\"target\":[\"https:\\\/\\\/interamerica.org\\\/es\\\/2024\\\/09\\\/jovenes-voluntarios-de-panama-son-reconocidos-por-esfuerzos-de-limpiar-popular-playa\\\/\"]}]},{\"@type\":\"ImageObject\",\"inLanguage\":\"es\",\"@id\":\"https:\\\/\\\/interamerica.org\\\/es\\\/2024\\\/09\\\/jovenes-voluntarios-de-panama-son-reconocidos-por-esfuerzos-de-limpiar-popular-playa\\\/#primaryimage\",\"url\":\"https:\\\/\\\/interamerica.org\\\/wp-content\\\/uploads\\\/2024\\\/09\\\/panama-limpieza-main.jpg\",\"contentUrl\":\"https:\\\/\\\/interamerica.org\\\/wp-content\\\/uploads\\\/2024\\\/09\\\/panama-limpieza-main.jpg\",\"width\":950,\"height\":713,\"caption\":\"[Photo: Panama Union]\"},{\"@type\":\"BreadcrumbList\",\"@id\":\"https:\\\/\\\/interamerica.org\\\/es\\\/2024\\\/09\\\/jovenes-voluntarios-de-panama-son-reconocidos-por-esfuerzos-de-limpiar-popular-playa\\\/#breadcrumb\",\"itemListElement\":[{\"@type\":\"ListItem\",\"position\":1,\"name\":\"Home\",\"item\":\"https:\\\/\\\/interamerica.org\\\/es\\\/\"},{\"@type\":\"ListItem\",\"position\":2,\"name\":\"J\u00f3venes voluntarios de Panam\u00e1 son reconocidos por esfuerzos de limpiar popular playa\"}]},{\"@type\":\"WebSite\",\"@id\":\"https:\\\/\\\/interamerica.org\\\/es\\\/#website\",\"url\":\"https:\\\/\\\/interamerica.org\\\/es\\\/\",\"name\":\"Iglesia Adventista del S\u00e9ptimo D\u00eda - Divisi\u00f3n Interamericana\",\"description\":\"\",\"potentialAction\":[{\"@type\":\"SearchAction\",\"target\":{\"@type\":\"EntryPoint\",\"urlTemplate\":\"https:\\\/\\\/interamerica.org\\\/es\\\/?s={search_term_string}\"},\"query-input\":{\"@type\":\"PropertyValueSpecification\",\"valueRequired\":true,\"valueName\":\"search_term_string\"}}],\"inLanguage\":\"es\"},{\"@type\":\"Person\",\"@id\":\"https:\\\/\\\/interamerica.org\\\/es\\\/#\\\/schema\\\/person\\\/29998f2bc2d8bd0d38662909289b54f1\",\"name\":\"libna\",\"image\":{\"@type\":\"ImageObject\",\"inLanguage\":\"es\",\"@id\":\"https:\\\/\\\/secure.gravatar.com\\\/avatar\\\/7c5bd30ae4b47a9ba3c856590957fd1d96dc588bf3ac05719d247e126840331f?s=96&d=mm&r=g\",\"url\":\"https:\\\/\\\/secure.gravatar.com\\\/avatar\\\/7c5bd30ae4b47a9ba3c856590957fd1d96dc588bf3ac05719d247e126840331f?s=96&d=mm&r=g\",\"contentUrl\":\"https:\\\/\\\/secure.gravatar.com\\\/avatar\\\/7c5bd30ae4b47a9ba3c856590957fd1d96dc588bf3ac05719d247e126840331f?s=96&d=mm&r=g\",\"caption\":\"libna\"}}]}<\/script>\n<!-- \/ Yoast SEO plugin. -->","yoast_head_json":{"title":"J\u00f3venes voluntarios de Panam\u00e1 son reconocidos por esfuerzos de limpiar popular playa - Iglesia Adventista del S\u00e9ptimo D\u00eda - Divisi\u00f3n Interamericana","robots":{"index":"index","follow":"follow","max-snippet":"max-snippet:-1","max-image-preview":"max-image-preview:large","max-video-preview":"max-video-preview:-1"},"canonical":"https:\/\/interamerica.org\/es\/2024\/09\/jovenes-voluntarios-de-panama-son-reconocidos-por-esfuerzos-de-limpiar-popular-playa\/","og_locale":"es_ES","og_type":"article","og_title":"J\u00f3venes voluntarios de Panam\u00e1 son reconocidos por esfuerzos de limpiar popular playa - Iglesia Adventista del S\u00e9ptimo D\u00eda - Divisi\u00f3n Interamericana","og_description":"\u201cCuidar del medio ambiente es una manera de honrar la creaci\u00f3n de Dios\u201d, afirma l\u00edder adventista. 18 de septiembre de 2024 | Ciudad de Panam\u00e1, Panam\u00e1 | Johana Gonz\u00e1lez, Henry...","og_url":"https:\/\/interamerica.org\/es\/2024\/09\/jovenes-voluntarios-de-panama-son-reconocidos-por-esfuerzos-de-limpiar-popular-playa\/","og_site_name":"Iglesia Adventista del S\u00e9ptimo D\u00eda - Divisi\u00f3n Interamericana","article_published_time":"2024-09-19T03:23:13+00:00","article_modified_time":"2024-09-23T14:32:29+00:00","og_image":[{"width":950,"height":713,"url":"https:\/\/interamerica.org\/wp-content\/uploads\/2024\/09\/panama-limpieza-main.jpg","type":"image\/jpeg"}],"author":"libna","twitter_card":"summary_large_image","twitter_misc":{"Escrito por":"libna","Tiempo de lectura":"7 minutos"},"schema":{"@context":"https:\/\/schema.org","@graph":[{"@type":"Article","@id":"https:\/\/interamerica.org\/es\/2024\/09\/jovenes-voluntarios-de-panama-son-reconocidos-por-esfuerzos-de-limpiar-popular-playa\/#article","isPartOf":{"@id":"https:\/\/interamerica.org\/es\/2024\/09\/jovenes-voluntarios-de-panama-son-reconocidos-por-esfuerzos-de-limpiar-popular-playa\/"},"author":{"name":"libna","@id":"https:\/\/interamerica.org\/es\/#\/schema\/person\/29998f2bc2d8bd0d38662909289b54f1"},"headline":"J\u00f3venes voluntarios de Panam\u00e1 son reconocidos por esfuerzos de limpiar popular playa","datePublished":"2024-09-19T03:23:13+00:00","dateModified":"2024-09-23T14:32:29+00:00","mainEntityOfPage":{"@id":"https:\/\/interamerica.org\/es\/2024\/09\/jovenes-voluntarios-de-panama-son-reconocidos-por-esfuerzos-de-limpiar-popular-playa\/"},"wordCount":1372,"image":{"@id":"https:\/\/interamerica.org\/es\/2024\/09\/jovenes-voluntarios-de-panama-son-reconocidos-por-esfuerzos-de-limpiar-popular-playa\/#primaryimage"},"thumbnailUrl":"https:\/\/interamerica.org\/wp-content\/uploads\/2024\/09\/panama-limpieza-main.jpg","articleSection":["Desde el campo","RSS Espa\u00f1ol"],"inLanguage":"es"},{"@type":"WebPage","@id":"https:\/\/interamerica.org\/es\/2024\/09\/jovenes-voluntarios-de-panama-son-reconocidos-por-esfuerzos-de-limpiar-popular-playa\/","url":"https:\/\/interamerica.org\/es\/2024\/09\/jovenes-voluntarios-de-panama-son-reconocidos-por-esfuerzos-de-limpiar-popular-playa\/","name":"J\u00f3venes voluntarios de Panam\u00e1 son reconocidos por esfuerzos de limpiar popular playa - Iglesia Adventista del S\u00e9ptimo D\u00eda - Divisi\u00f3n Interamericana","isPartOf":{"@id":"https:\/\/interamerica.org\/es\/#website"},"primaryImageOfPage":{"@id":"https:\/\/interamerica.org\/es\/2024\/09\/jovenes-voluntarios-de-panama-son-reconocidos-por-esfuerzos-de-limpiar-popular-playa\/#primaryimage"},"image":{"@id":"https:\/\/interamerica.org\/es\/2024\/09\/jovenes-voluntarios-de-panama-son-reconocidos-por-esfuerzos-de-limpiar-popular-playa\/#primaryimage"},"thumbnailUrl":"https:\/\/interamerica.org\/wp-content\/uploads\/2024\/09\/panama-limpieza-main.jpg","datePublished":"2024-09-19T03:23:13+00:00","dateModified":"2024-09-23T14:32:29+00:00","author":{"@id":"https:\/\/interamerica.org\/es\/#\/schema\/person\/29998f2bc2d8bd0d38662909289b54f1"},"breadcrumb":{"@id":"https:\/\/interamerica.org\/es\/2024\/09\/jovenes-voluntarios-de-panama-son-reconocidos-por-esfuerzos-de-limpiar-popular-playa\/#breadcrumb"},"inLanguage":"es","potentialAction":[{"@type":"ReadAction","target":["https:\/\/interamerica.org\/es\/2024\/09\/jovenes-voluntarios-de-panama-son-reconocidos-por-esfuerzos-de-limpiar-popular-playa\/"]}]},{"@type":"ImageObject","inLanguage":"es","@id":"https:\/\/interamerica.org\/es\/2024\/09\/jovenes-voluntarios-de-panama-son-reconocidos-por-esfuerzos-de-limpiar-popular-playa\/#primaryimage","url":"https:\/\/interamerica.org\/wp-content\/uploads\/2024\/09\/panama-limpieza-main.jpg","contentUrl":"https:\/\/interamerica.org\/wp-content\/uploads\/2024\/09\/panama-limpieza-main.jpg","width":950,"height":713,"caption":"[Photo: Panama Union]"},{"@type":"BreadcrumbList","@id":"https:\/\/interamerica.org\/es\/2024\/09\/jovenes-voluntarios-de-panama-son-reconocidos-por-esfuerzos-de-limpiar-popular-playa\/#breadcrumb","itemListElement":[{"@type":"ListItem","position":1,"name":"Home","item":"https:\/\/interamerica.org\/es\/"},{"@type":"ListItem","position":2,"name":"J\u00f3venes voluntarios de Panam\u00e1 son reconocidos por esfuerzos de limpiar popular playa"}]},{"@type":"WebSite","@id":"https:\/\/interamerica.org\/es\/#website","url":"https:\/\/interamerica.org\/es\/","name":"Iglesia Adventista del S\u00e9ptimo D\u00eda - Divisi\u00f3n Interamericana","description":"","potentialAction":[{"@type":"SearchAction","target":{"@type":"EntryPoint","urlTemplate":"https:\/\/interamerica.org\/es\/?s={search_term_string}"},"query-input":{"@type":"PropertyValueSpecification","valueRequired":true,"valueName":"search_term_string"}}],"inLanguage":"es"},{"@type":"Person","@id":"https:\/\/interamerica.org\/es\/#\/schema\/person\/29998f2bc2d8bd0d38662909289b54f1","name":"libna","image":{"@type":"ImageObject","inLanguage":"es","@id":"https:\/\/secure.gravatar.com\/avatar\/7c5bd30ae4b47a9ba3c856590957fd1d96dc588bf3ac05719d247e126840331f?s=96&d=mm&r=g","url":"https:\/\/secure.gravatar.com\/avatar\/7c5bd30ae4b47a9ba3c856590957fd1d96dc588bf3ac05719d247e126840331f?s=96&d=mm&r=g","contentUrl":"https:\/\/secure.gravatar.com\/avatar\/7c5bd30ae4b47a9ba3c856590957fd1d96dc588bf3ac05719d247e126840331f?s=96&d=mm&r=g","caption":"libna"}}]}},"_links":{"self":[{"href":"https:\/\/interamerica.org\/es\/wp-json\/wp\/v2\/posts\/119874","targetHints":{"allow":["GET"]}}],"collection":[{"href":"https:\/\/interamerica.org\/es\/wp-json\/wp\/v2\/posts"}],"about":[{"href":"https:\/\/interamerica.org\/es\/wp-json\/wp\/v2\/types\/post"}],"author":[{"embeddable":true,"href":"https:\/\/interamerica.org\/es\/wp-json\/wp\/v2\/users\/3"}],"replies":[{"embeddable":true,"href":"https:\/\/interamerica.org\/es\/wp-json\/wp\/v2\/comments?post=119874"}],"version-history":[{"count":0,"href":"https:\/\/interamerica.org\/es\/wp-json\/wp\/v2\/posts\/119874\/revisions"}],"wp:featuredmedia":[{"embeddable":true,"href":"https:\/\/interamerica.org\/es\/wp-json\/wp\/v2\/media\/119850"}],"wp:attachment":[{"href":"https:\/\/interamerica.org\/es\/wp-json\/wp\/v2\/media?parent=119874"}],"wp:term":[{"taxonomy":"category","embeddable":true,"href":"https:\/\/interamerica.org\/es\/wp-json\/wp\/v2\/categories?post=119874"},{"taxonomy":"post_tag","embeddable":true,"href":"https:\/\/interamerica.org\/es\/wp-json\/wp\/v2\/tags?post=119874"}],"curies":[{"name":"wp","href":"https:\/\/api.w.org\/{rel}","templated":true}]}}