{"id":120180,"date":"2024-09-30T18:39:17","date_gmt":"2024-09-30T22:39:17","guid":{"rendered":"https:\/\/interamerica.org\/?p=120180"},"modified":"2024-10-01T10:07:36","modified_gmt":"2024-10-01T14:07:36","slug":"cientificos-adventistas-llevan-a-cabo-investigacion-sobre-dinosaurios-en-bolivia","status":"publish","type":"post","link":"https:\/\/interamerica.org\/es\/2024\/09\/cientificos-adventistas-llevan-a-cabo-investigacion-sobre-dinosaurios-en-bolivia\/","title":{"rendered":"Cient\u00edficos adventistas llevan a cabo investigaci\u00f3n sobre dinosaurios en Bolivia"},"content":{"rendered":"<div id=\"attachment_120154\" style=\"width: 853px\" class=\"wp-caption aligncenter\"><img fetchpriority=\"high\" decoding=\"async\" aria-describedby=\"caption-attachment-120154\" class=\" wp-image-120152\" src=\"https:\/\/interamerica.org\/wp-content\/uploads\/2024\/09\/bolivia4-1024x576.jpeg\" alt=\"\" width=\"843\" height=\"474\" srcset=\"https:\/\/interamerica.org\/wp-content\/uploads\/2024\/09\/bolivia4-1024x576.jpeg 1024w, https:\/\/interamerica.org\/wp-content\/uploads\/2024\/09\/bolivia4-300x169.jpeg 300w, https:\/\/interamerica.org\/wp-content\/uploads\/2024\/09\/bolivia4-768x432.jpeg 768w, https:\/\/interamerica.org\/wp-content\/uploads\/2024\/09\/bolivia4.jpeg 1280w\" sizes=\"(max-width: 843px) 100vw, 843px\" \/><p id=\"caption-attachment-120154\" class=\"wp-caption-text\">Los participantes visitaron sitios paleontol\u00f3gicos en las monta\u00f1as de Bolivia, en las que los investigadores y los visitantes pueden ver huellas f\u00f3siles de dinosaurios y p\u00e1jaros. [Fotograf\u00eda: Michelson Borges]<\/p><\/div>\n<p class=\"c-post-header__subtitle\"><em>El objetivo es expandir los estudios sobre la relaci\u00f3n entre fe y ciencia desde una perspectiva cristiana.<\/em><\/p>\n<p>30 de septiembre de 2024 | Michelson Borges, Divisi\u00f3n Sudamericana, y Adventist Review<\/p>\n<p>En las monta\u00f1as de Bolivia, cient\u00edficos e investigadores de diversas partes del mundo se reunieron para un evento que uni\u00f3 la ciencia con la fe de manera particular. Del 4 al 7 de septiembre, la ciudad de Cochabamba y el Parque Nacional Torotoro fueron sede del 5to Encuentro Sudamericano de Fe y Ciencia.<\/p>\n<p>Organizado por Divisi\u00f3n Sudamericana de la Iglesia Adventista y la Universidad Adventista de Bolivia, el evento reuni\u00f3 a m\u00e1s de setenta expertos de ocho pa\u00edses. Los oradores presentaron conferencias, ofrecieron talleres y dirigieron una expedici\u00f3n para estudiar el m\u00e1s grande registro de huellas f\u00f3siles de dinosaurios en el planeta. M\u00e1s que un evento cient\u00edfico, fue una oportunidad de reflexionar sobre la armon\u00eda entre la fe b\u00edblica y la investigaci\u00f3n cient\u00edfica, dijeron los organizadores.<\/p>\n<p>Francisl\u00ea Neri de Souza, director del Instituto de Investigaciones en Geociencia en la Divisi\u00f3n Sudamericana, dijo que el evento fortalece el di\u00e1logo entre la fe y la ciencia dentro de una perspectiva creacionista. \u201cEncuentros como este son fundamentales para fortalecer las convicciones de los participantes y brindar herramientas cient\u00edficas para explicar la perspectiva b\u00edblica sobre los or\u00edgenes\u201d, dijo Souza.<\/p>\n<p><div id=\"attachment_120160\" style=\"width: 833px\" class=\"wp-caption aligncenter\"><img decoding=\"async\" aria-describedby=\"caption-attachment-120160\" class=\" wp-image-120158\" src=\"https:\/\/interamerica.org\/wp-content\/uploads\/2024\/09\/bolivia2-1024x768.jpeg\" alt=\"\" width=\"823\" height=\"617\" srcset=\"https:\/\/interamerica.org\/wp-content\/uploads\/2024\/09\/bolivia2-1024x768.jpeg 1024w, https:\/\/interamerica.org\/wp-content\/uploads\/2024\/09\/bolivia2-300x225.jpeg 300w, https:\/\/interamerica.org\/wp-content\/uploads\/2024\/09\/bolivia2-768x576.jpeg 768w, https:\/\/interamerica.org\/wp-content\/uploads\/2024\/09\/bolivia2-1536x1152.jpeg 1536w, https:\/\/interamerica.org\/wp-content\/uploads\/2024\/09\/bolivia2.jpeg 1600w\" sizes=\"(max-width: 823px) 100vw, 823px\" \/><p id=\"caption-attachment-120160\" class=\"wp-caption-text\">Los investigadores estudian y miden las huellas f\u00f3siles de dinosaurios. [Fotograf\u00eda: Maura Brand\u00e3o]<\/p><\/div>El Instituto de Investigaciones en Geociencia en Sudam\u00e9rica promueve expediciones geol\u00f3gicas a importantes sitios tales como las Islas Gal\u00e1pagos (de Ecuador); Chapada do Araripe, en Brasil; y Ocucaje, en Per\u00fa, reforzando la integraci\u00f3n entre la ciencia y la fe en el estudio de los or\u00edgenes.<\/p>\n<p><strong>Resultados pr\u00e1cticos<\/strong><\/p>\n<p>Una visita del Parque Nacional Torotoro fue la principal actividad del encuentro. All\u00ed se han documentado m\u00e1s de veinte mil huellas de dinosaurio de los per\u00edodos Tri\u00e1sico, Jur\u00e1sico y Cret\u00e1ceo. Dirigidos por Ra\u00fal Esperante, de la sede del Instituto de Investigaciones en Geociencia en Loma Linda, California, Estados Unidos, los investigadores analizaron huellas f\u00f3siles que sugieren la interacci\u00f3n de dinosaurios con ambientes inundados. Los proyectos de investigaci\u00f3n que Esperante llev\u00f3 a cabo desde 2019 ya han resultado en varios trabajos cient\u00edficos con revisi\u00f3n de pares y han disparado el inter\u00e9s del gobierno de Bolivia para promover el turismo en la regi\u00f3n.<\/p>\n<p><div id=\"attachment_120157\" style=\"width: 824px\" class=\"wp-caption aligncenter\"><img decoding=\"async\" aria-describedby=\"caption-attachment-120157\" class=\" wp-image-120155\" src=\"https:\/\/interamerica.org\/wp-content\/uploads\/2024\/09\/bolivia3-1024x768.jpeg\" alt=\"\" width=\"814\" height=\"611\" srcset=\"https:\/\/interamerica.org\/wp-content\/uploads\/2024\/09\/bolivia3-1024x768.jpeg 1024w, https:\/\/interamerica.org\/wp-content\/uploads\/2024\/09\/bolivia3-300x225.jpeg 300w, https:\/\/interamerica.org\/wp-content\/uploads\/2024\/09\/bolivia3-768x576.jpeg 768w, https:\/\/interamerica.org\/wp-content\/uploads\/2024\/09\/bolivia3-1536x1152.jpeg 1536w, https:\/\/interamerica.org\/wp-content\/uploads\/2024\/09\/bolivia3.jpeg 1600w\" sizes=\"(max-width: 814px) 100vw, 814px\" \/><p id=\"caption-attachment-120157\" class=\"wp-caption-text\">La confluencia de las placas tect\u00f3nicas del Nazca y Sudamericana cre\u00f3 las monta\u00f1as de la regi\u00f3n, explicaron los investigadores. [Fotograf\u00eda: Michelson Borges]<\/p><\/div>El encuentro tambi\u00e9n marc\u00f3 el lanzamiento del libro <em>Contribuciones para la ense\u00f1anza del creacionismo<\/em>, con veinte cap\u00edtulos escritos por 28 autores. El volumen, que apunta especialmente a los docentes adventistas, ofrece estrategias para integrar las ense\u00f1anzas creacionistas con el conocimiento cient\u00edfico. Ronald Nalin, director mundial del Instituto de Investigaciones en Geociencia, destac\u00f3 la importancia de expandir el di\u00e1logo entre la ciencia y la fe en las instituciones adventistas. Para Ant\u00f4nio Marcos Alves, director de educaci\u00f3n de la Divisi\u00f3n Sudamericana, el creacionismo es la \u201cpiedra angular\u201d de la denominaci\u00f3n, y deber\u00eda ser una parte fundamental del plan de estudios de las escuelas adventistas.<\/p>\n<p><strong>\u00c9nfasis en las nuevas generaciones<\/strong><\/p>\n<p>Adolfo Su\u00e1rez, rector del Seminario Teol\u00f3gico Adventista Latinoamericano (SALT) y director del departamento de Esp\u00edritu de Profec\u00eda de la Divisi\u00f3n Sudamericana, se\u00f1al\u00f3 que eventos como este permiten un alineamiento de la investigaci\u00f3n con la identidad adventista. \u201cDeber\u00edamos apoyar la producci\u00f3n de m\u00e1s contenidos de multimedios, como por ejemplo documentales, para hacer que el creacionismo sea m\u00e1s accesible a las nuevas generaciones\u201d, dijo Su\u00e1rez.<\/p>\n<p><div id=\"attachment_120163\" style=\"width: 870px\" class=\"wp-caption aligncenter\"><img loading=\"lazy\" decoding=\"async\" aria-describedby=\"caption-attachment-120163\" class=\" wp-image-120161\" src=\"https:\/\/interamerica.org\/wp-content\/uploads\/2024\/09\/captura-de-pantalla-2024-09-26-a-las-104107pm-1024x765.png\" alt=\"\" width=\"860\" height=\"643\" srcset=\"https:\/\/interamerica.org\/wp-content\/uploads\/2024\/09\/captura-de-pantalla-2024-09-26-a-las-104107pm-1024x765.png 1024w, https:\/\/interamerica.org\/wp-content\/uploads\/2024\/09\/captura-de-pantalla-2024-09-26-a-las-104107pm-300x224.png 300w, https:\/\/interamerica.org\/wp-content\/uploads\/2024\/09\/captura-de-pantalla-2024-09-26-a-las-104107pm-768x574.png 768w, https:\/\/interamerica.org\/wp-content\/uploads\/2024\/09\/captura-de-pantalla-2024-09-26-a-las-104107pm-1536x1147.png 1536w, https:\/\/interamerica.org\/wp-content\/uploads\/2024\/09\/captura-de-pantalla-2024-09-26-a-las-104107pm-2048x1530.png 2048w\" sizes=\"(max-width: 860px) 100vw, 860px\" \/><p id=\"caption-attachment-120163\" class=\"wp-caption-text\">An\u00e1lisis de los estratos sedimentarios durante el evento. [Fotograf\u00eda: Michelson Borges]<\/p><\/div>\u201cLa participaci\u00f3n en el 5to Encuentro de Fe y Ciencia fue una experiencia inigualable\u201d, dijo Maura Brand\u00e3o, una de las oradoras del evento. \u201cSin duda alguna, el punto destacado del evento [\u2026] fue la actividad de campo en el Parque Nacional Torotoro\u201d, a\u00f1adi\u00f3 Brand\u00e3o. \u201cAprender en la pr\u00e1ctica c\u00f3mo se llevan a cabo las investigaciones de las huellas de dinosaurios fue sumamente enriquecedor, edificante y reforz\u00f3 asimismo principios importantes de la cosmovisi\u00f3n creacionista\u201d.<\/p>\n<p>El siguiente Encuentro Sudamericano de Fe y Ciencia se llevar\u00e1 a cabo en Chile en 2026, y se enfocar\u00e1 en la astronom\u00eda y sus implicaciones para el estudio de los or\u00edgenes.<\/p>\n<p><em>La <\/em><a href=\"https:\/\/noticias.adventistas.org\/pt\/criacionistas-fazem-pesquisas-sobre-dinossauros-na-bolivia\/\" target=\"_blank\" rel=\"noopener\"><em>versi\u00f3n original<\/em><\/a><em> de esta noticia fue publicada por <\/em><a href=\"https:\/\/noticias.adventistas.org\/pt\" target=\"_blank\" rel=\"noopener\"><em>el sitio de noticias en portugu\u00e9s<\/em><\/a>de la Divisi\u00f3n Sudamericana<em>.<\/em><\/p>\n<p>Traducci\u00f3n de Marcos Paseggi<\/p>\n","protected":false},"excerpt":{"rendered":"<p>El objetivo es expandir los estudios sobre la relaci\u00f3n entre fe y ciencia desde una perspectiva cristiana. 30 de septiembre de 2024 | Michelson Borges, Divisi\u00f3n Sudamericana, y Adventist Review&#8230;<\/p>\n","protected":false},"author":3,"featured_media":120154,"comment_status":"closed","ping_status":"closed","sticky":false,"template":"","format":"standard","meta":{"_acf_changed":false,"footnotes":""},"categories":[14,15],"tags":[],"class_list":["post-120180","post","type-post","status-publish","format-standard","has-post-thumbnail","hentry","category-de-la-iglesia-mundial","category-rss-espanol"],"acf":[],"yoast_head":"<!-- This site is optimized with the Yoast SEO plugin v27.3 - https:\/\/yoast.com\/product\/yoast-seo-wordpress\/ -->\n<title>Cient\u00edficos adventistas llevan a cabo investigaci\u00f3n sobre dinosaurios en Bolivia - Iglesia Adventista del S\u00e9ptimo D\u00eda - Divisi\u00f3n Interamericana<\/title>\n<meta name=\"robots\" content=\"index, follow, max-snippet:-1, max-image-preview:large, max-video-preview:-1\" \/>\n<link rel=\"canonical\" href=\"https:\/\/interamerica.org\/es\/2024\/09\/cientificos-adventistas-llevan-a-cabo-investigacion-sobre-dinosaurios-en-bolivia\/\" \/>\n<meta property=\"og:locale\" content=\"es_ES\" \/>\n<meta property=\"og:type\" content=\"article\" \/>\n<meta property=\"og:title\" content=\"Cient\u00edficos adventistas llevan a cabo investigaci\u00f3n sobre dinosaurios en Bolivia - Iglesia Adventista del S\u00e9ptimo D\u00eda - Divisi\u00f3n Interamericana\" \/>\n<meta property=\"og:description\" content=\"El objetivo es expandir los estudios sobre la relaci\u00f3n entre fe y ciencia desde una perspectiva cristiana. 30 de septiembre de 2024 | Michelson Borges, Divisi\u00f3n Sudamericana, y Adventist Review...\" \/>\n<meta property=\"og:url\" content=\"https:\/\/interamerica.org\/es\/2024\/09\/cientificos-adventistas-llevan-a-cabo-investigacion-sobre-dinosaurios-en-bolivia\/\" \/>\n<meta property=\"og:site_name\" content=\"Iglesia Adventista del S\u00e9ptimo D\u00eda - Divisi\u00f3n Interamericana\" \/>\n<meta property=\"article:published_time\" content=\"2024-09-30T22:39:17+00:00\" \/>\n<meta property=\"article:modified_time\" content=\"2024-10-01T14:07:36+00:00\" \/>\n<meta property=\"og:image\" content=\"https:\/\/interamerica.org\/wp-content\/uploads\/2024\/09\/bolivia4.jpeg\" \/>\n\t<meta property=\"og:image:width\" content=\"1280\" \/>\n\t<meta property=\"og:image:height\" content=\"720\" \/>\n\t<meta property=\"og:image:type\" content=\"image\/jpeg\" \/>\n<meta name=\"author\" content=\"libna\" \/>\n<meta name=\"twitter:card\" content=\"summary_large_image\" \/>\n<meta name=\"twitter:label1\" content=\"Escrito por\" \/>\n\t<meta name=\"twitter:data1\" content=\"libna\" \/>\n\t<meta name=\"twitter:label2\" content=\"Tiempo de lectura\" \/>\n\t<meta name=\"twitter:data2\" content=\"5 minutos\" \/>\n<script type=\"application\/ld+json\" class=\"yoast-schema-graph\">{\"@context\":\"https:\\\/\\\/schema.org\",\"@graph\":[{\"@type\":\"Article\",\"@id\":\"https:\\\/\\\/interamerica.org\\\/es\\\/2024\\\/09\\\/cientificos-adventistas-llevan-a-cabo-investigacion-sobre-dinosaurios-en-bolivia\\\/#article\",\"isPartOf\":{\"@id\":\"https:\\\/\\\/interamerica.org\\\/es\\\/2024\\\/09\\\/cientificos-adventistas-llevan-a-cabo-investigacion-sobre-dinosaurios-en-bolivia\\\/\"},\"author\":{\"name\":\"libna\",\"@id\":\"https:\\\/\\\/interamerica.org\\\/es\\\/#\\\/schema\\\/person\\\/29998f2bc2d8bd0d38662909289b54f1\"},\"headline\":\"Cient\u00edficos adventistas llevan a cabo investigaci\u00f3n sobre dinosaurios en Bolivia\",\"datePublished\":\"2024-09-30T22:39:17+00:00\",\"dateModified\":\"2024-10-01T14:07:36+00:00\",\"mainEntityOfPage\":{\"@id\":\"https:\\\/\\\/interamerica.org\\\/es\\\/2024\\\/09\\\/cientificos-adventistas-llevan-a-cabo-investigacion-sobre-dinosaurios-en-bolivia\\\/\"},\"wordCount\":856,\"image\":{\"@id\":\"https:\\\/\\\/interamerica.org\\\/es\\\/2024\\\/09\\\/cientificos-adventistas-llevan-a-cabo-investigacion-sobre-dinosaurios-en-bolivia\\\/#primaryimage\"},\"thumbnailUrl\":\"https:\\\/\\\/interamerica.org\\\/wp-content\\\/uploads\\\/2024\\\/09\\\/bolivia4.jpeg\",\"articleSection\":[\"Desde la iglesia mundial\",\"RSS Espa\u00f1ol\"],\"inLanguage\":\"es\"},{\"@type\":\"WebPage\",\"@id\":\"https:\\\/\\\/interamerica.org\\\/es\\\/2024\\\/09\\\/cientificos-adventistas-llevan-a-cabo-investigacion-sobre-dinosaurios-en-bolivia\\\/\",\"url\":\"https:\\\/\\\/interamerica.org\\\/es\\\/2024\\\/09\\\/cientificos-adventistas-llevan-a-cabo-investigacion-sobre-dinosaurios-en-bolivia\\\/\",\"name\":\"Cient\u00edficos adventistas llevan a cabo investigaci\u00f3n sobre dinosaurios en Bolivia - Iglesia Adventista del S\u00e9ptimo D\u00eda - Divisi\u00f3n Interamericana\",\"isPartOf\":{\"@id\":\"https:\\\/\\\/interamerica.org\\\/es\\\/#website\"},\"primaryImageOfPage\":{\"@id\":\"https:\\\/\\\/interamerica.org\\\/es\\\/2024\\\/09\\\/cientificos-adventistas-llevan-a-cabo-investigacion-sobre-dinosaurios-en-bolivia\\\/#primaryimage\"},\"image\":{\"@id\":\"https:\\\/\\\/interamerica.org\\\/es\\\/2024\\\/09\\\/cientificos-adventistas-llevan-a-cabo-investigacion-sobre-dinosaurios-en-bolivia\\\/#primaryimage\"},\"thumbnailUrl\":\"https:\\\/\\\/interamerica.org\\\/wp-content\\\/uploads\\\/2024\\\/09\\\/bolivia4.jpeg\",\"datePublished\":\"2024-09-30T22:39:17+00:00\",\"dateModified\":\"2024-10-01T14:07:36+00:00\",\"author\":{\"@id\":\"https:\\\/\\\/interamerica.org\\\/es\\\/#\\\/schema\\\/person\\\/29998f2bc2d8bd0d38662909289b54f1\"},\"breadcrumb\":{\"@id\":\"https:\\\/\\\/interamerica.org\\\/es\\\/2024\\\/09\\\/cientificos-adventistas-llevan-a-cabo-investigacion-sobre-dinosaurios-en-bolivia\\\/#breadcrumb\"},\"inLanguage\":\"es\",\"potentialAction\":[{\"@type\":\"ReadAction\",\"target\":[\"https:\\\/\\\/interamerica.org\\\/es\\\/2024\\\/09\\\/cientificos-adventistas-llevan-a-cabo-investigacion-sobre-dinosaurios-en-bolivia\\\/\"]}]},{\"@type\":\"ImageObject\",\"inLanguage\":\"es\",\"@id\":\"https:\\\/\\\/interamerica.org\\\/es\\\/2024\\\/09\\\/cientificos-adventistas-llevan-a-cabo-investigacion-sobre-dinosaurios-en-bolivia\\\/#primaryimage\",\"url\":\"https:\\\/\\\/interamerica.org\\\/wp-content\\\/uploads\\\/2024\\\/09\\\/bolivia4.jpeg\",\"contentUrl\":\"https:\\\/\\\/interamerica.org\\\/wp-content\\\/uploads\\\/2024\\\/09\\\/bolivia4.jpeg\",\"width\":1280,\"height\":720,\"caption\":\"Participants visited paleontological sites in the mountains of Bolivia, where researchers and visitors can see dinosaur and bird fossil footprints. [Photo: Michelson Borges]\"},{\"@type\":\"BreadcrumbList\",\"@id\":\"https:\\\/\\\/interamerica.org\\\/es\\\/2024\\\/09\\\/cientificos-adventistas-llevan-a-cabo-investigacion-sobre-dinosaurios-en-bolivia\\\/#breadcrumb\",\"itemListElement\":[{\"@type\":\"ListItem\",\"position\":1,\"name\":\"Home\",\"item\":\"https:\\\/\\\/interamerica.org\\\/es\\\/\"},{\"@type\":\"ListItem\",\"position\":2,\"name\":\"Cient\u00edficos adventistas llevan a cabo investigaci\u00f3n sobre dinosaurios en Bolivia\"}]},{\"@type\":\"WebSite\",\"@id\":\"https:\\\/\\\/interamerica.org\\\/es\\\/#website\",\"url\":\"https:\\\/\\\/interamerica.org\\\/es\\\/\",\"name\":\"Iglesia Adventista del S\u00e9ptimo D\u00eda - Divisi\u00f3n Interamericana\",\"description\":\"\",\"potentialAction\":[{\"@type\":\"SearchAction\",\"target\":{\"@type\":\"EntryPoint\",\"urlTemplate\":\"https:\\\/\\\/interamerica.org\\\/es\\\/?s={search_term_string}\"},\"query-input\":{\"@type\":\"PropertyValueSpecification\",\"valueRequired\":true,\"valueName\":\"search_term_string\"}}],\"inLanguage\":\"es\"},{\"@type\":\"Person\",\"@id\":\"https:\\\/\\\/interamerica.org\\\/es\\\/#\\\/schema\\\/person\\\/29998f2bc2d8bd0d38662909289b54f1\",\"name\":\"libna\",\"image\":{\"@type\":\"ImageObject\",\"inLanguage\":\"es\",\"@id\":\"https:\\\/\\\/secure.gravatar.com\\\/avatar\\\/7c5bd30ae4b47a9ba3c856590957fd1d96dc588bf3ac05719d247e126840331f?s=96&d=mm&r=g\",\"url\":\"https:\\\/\\\/secure.gravatar.com\\\/avatar\\\/7c5bd30ae4b47a9ba3c856590957fd1d96dc588bf3ac05719d247e126840331f?s=96&d=mm&r=g\",\"contentUrl\":\"https:\\\/\\\/secure.gravatar.com\\\/avatar\\\/7c5bd30ae4b47a9ba3c856590957fd1d96dc588bf3ac05719d247e126840331f?s=96&d=mm&r=g\",\"caption\":\"libna\"}}]}<\/script>\n<!-- \/ Yoast SEO plugin. -->","yoast_head_json":{"title":"Cient\u00edficos adventistas llevan a cabo investigaci\u00f3n sobre dinosaurios en Bolivia - Iglesia Adventista del S\u00e9ptimo D\u00eda - Divisi\u00f3n Interamericana","robots":{"index":"index","follow":"follow","max-snippet":"max-snippet:-1","max-image-preview":"max-image-preview:large","max-video-preview":"max-video-preview:-1"},"canonical":"https:\/\/interamerica.org\/es\/2024\/09\/cientificos-adventistas-llevan-a-cabo-investigacion-sobre-dinosaurios-en-bolivia\/","og_locale":"es_ES","og_type":"article","og_title":"Cient\u00edficos adventistas llevan a cabo investigaci\u00f3n sobre dinosaurios en Bolivia - Iglesia Adventista del S\u00e9ptimo D\u00eda - Divisi\u00f3n Interamericana","og_description":"El objetivo es expandir los estudios sobre la relaci\u00f3n entre fe y ciencia desde una perspectiva cristiana. 30 de septiembre de 2024 | Michelson Borges, Divisi\u00f3n Sudamericana, y Adventist Review...","og_url":"https:\/\/interamerica.org\/es\/2024\/09\/cientificos-adventistas-llevan-a-cabo-investigacion-sobre-dinosaurios-en-bolivia\/","og_site_name":"Iglesia Adventista del S\u00e9ptimo D\u00eda - Divisi\u00f3n Interamericana","article_published_time":"2024-09-30T22:39:17+00:00","article_modified_time":"2024-10-01T14:07:36+00:00","og_image":[{"width":1280,"height":720,"url":"https:\/\/interamerica.org\/wp-content\/uploads\/2024\/09\/bolivia4.jpeg","type":"image\/jpeg"}],"author":"libna","twitter_card":"summary_large_image","twitter_misc":{"Escrito por":"libna","Tiempo de lectura":"5 minutos"},"schema":{"@context":"https:\/\/schema.org","@graph":[{"@type":"Article","@id":"https:\/\/interamerica.org\/es\/2024\/09\/cientificos-adventistas-llevan-a-cabo-investigacion-sobre-dinosaurios-en-bolivia\/#article","isPartOf":{"@id":"https:\/\/interamerica.org\/es\/2024\/09\/cientificos-adventistas-llevan-a-cabo-investigacion-sobre-dinosaurios-en-bolivia\/"},"author":{"name":"libna","@id":"https:\/\/interamerica.org\/es\/#\/schema\/person\/29998f2bc2d8bd0d38662909289b54f1"},"headline":"Cient\u00edficos adventistas llevan a cabo investigaci\u00f3n sobre dinosaurios en Bolivia","datePublished":"2024-09-30T22:39:17+00:00","dateModified":"2024-10-01T14:07:36+00:00","mainEntityOfPage":{"@id":"https:\/\/interamerica.org\/es\/2024\/09\/cientificos-adventistas-llevan-a-cabo-investigacion-sobre-dinosaurios-en-bolivia\/"},"wordCount":856,"image":{"@id":"https:\/\/interamerica.org\/es\/2024\/09\/cientificos-adventistas-llevan-a-cabo-investigacion-sobre-dinosaurios-en-bolivia\/#primaryimage"},"thumbnailUrl":"https:\/\/interamerica.org\/wp-content\/uploads\/2024\/09\/bolivia4.jpeg","articleSection":["Desde la iglesia mundial","RSS Espa\u00f1ol"],"inLanguage":"es"},{"@type":"WebPage","@id":"https:\/\/interamerica.org\/es\/2024\/09\/cientificos-adventistas-llevan-a-cabo-investigacion-sobre-dinosaurios-en-bolivia\/","url":"https:\/\/interamerica.org\/es\/2024\/09\/cientificos-adventistas-llevan-a-cabo-investigacion-sobre-dinosaurios-en-bolivia\/","name":"Cient\u00edficos adventistas llevan a cabo investigaci\u00f3n sobre dinosaurios en Bolivia - Iglesia Adventista del S\u00e9ptimo D\u00eda - Divisi\u00f3n Interamericana","isPartOf":{"@id":"https:\/\/interamerica.org\/es\/#website"},"primaryImageOfPage":{"@id":"https:\/\/interamerica.org\/es\/2024\/09\/cientificos-adventistas-llevan-a-cabo-investigacion-sobre-dinosaurios-en-bolivia\/#primaryimage"},"image":{"@id":"https:\/\/interamerica.org\/es\/2024\/09\/cientificos-adventistas-llevan-a-cabo-investigacion-sobre-dinosaurios-en-bolivia\/#primaryimage"},"thumbnailUrl":"https:\/\/interamerica.org\/wp-content\/uploads\/2024\/09\/bolivia4.jpeg","datePublished":"2024-09-30T22:39:17+00:00","dateModified":"2024-10-01T14:07:36+00:00","author":{"@id":"https:\/\/interamerica.org\/es\/#\/schema\/person\/29998f2bc2d8bd0d38662909289b54f1"},"breadcrumb":{"@id":"https:\/\/interamerica.org\/es\/2024\/09\/cientificos-adventistas-llevan-a-cabo-investigacion-sobre-dinosaurios-en-bolivia\/#breadcrumb"},"inLanguage":"es","potentialAction":[{"@type":"ReadAction","target":["https:\/\/interamerica.org\/es\/2024\/09\/cientificos-adventistas-llevan-a-cabo-investigacion-sobre-dinosaurios-en-bolivia\/"]}]},{"@type":"ImageObject","inLanguage":"es","@id":"https:\/\/interamerica.org\/es\/2024\/09\/cientificos-adventistas-llevan-a-cabo-investigacion-sobre-dinosaurios-en-bolivia\/#primaryimage","url":"https:\/\/interamerica.org\/wp-content\/uploads\/2024\/09\/bolivia4.jpeg","contentUrl":"https:\/\/interamerica.org\/wp-content\/uploads\/2024\/09\/bolivia4.jpeg","width":1280,"height":720,"caption":"Participants visited paleontological sites in the mountains of Bolivia, where researchers and visitors can see dinosaur and bird fossil footprints. [Photo: Michelson Borges]"},{"@type":"BreadcrumbList","@id":"https:\/\/interamerica.org\/es\/2024\/09\/cientificos-adventistas-llevan-a-cabo-investigacion-sobre-dinosaurios-en-bolivia\/#breadcrumb","itemListElement":[{"@type":"ListItem","position":1,"name":"Home","item":"https:\/\/interamerica.org\/es\/"},{"@type":"ListItem","position":2,"name":"Cient\u00edficos adventistas llevan a cabo investigaci\u00f3n sobre dinosaurios en Bolivia"}]},{"@type":"WebSite","@id":"https:\/\/interamerica.org\/es\/#website","url":"https:\/\/interamerica.org\/es\/","name":"Iglesia Adventista del S\u00e9ptimo D\u00eda - Divisi\u00f3n Interamericana","description":"","potentialAction":[{"@type":"SearchAction","target":{"@type":"EntryPoint","urlTemplate":"https:\/\/interamerica.org\/es\/?s={search_term_string}"},"query-input":{"@type":"PropertyValueSpecification","valueRequired":true,"valueName":"search_term_string"}}],"inLanguage":"es"},{"@type":"Person","@id":"https:\/\/interamerica.org\/es\/#\/schema\/person\/29998f2bc2d8bd0d38662909289b54f1","name":"libna","image":{"@type":"ImageObject","inLanguage":"es","@id":"https:\/\/secure.gravatar.com\/avatar\/7c5bd30ae4b47a9ba3c856590957fd1d96dc588bf3ac05719d247e126840331f?s=96&d=mm&r=g","url":"https:\/\/secure.gravatar.com\/avatar\/7c5bd30ae4b47a9ba3c856590957fd1d96dc588bf3ac05719d247e126840331f?s=96&d=mm&r=g","contentUrl":"https:\/\/secure.gravatar.com\/avatar\/7c5bd30ae4b47a9ba3c856590957fd1d96dc588bf3ac05719d247e126840331f?s=96&d=mm&r=g","caption":"libna"}}]}},"_links":{"self":[{"href":"https:\/\/interamerica.org\/es\/wp-json\/wp\/v2\/posts\/120180","targetHints":{"allow":["GET"]}}],"collection":[{"href":"https:\/\/interamerica.org\/es\/wp-json\/wp\/v2\/posts"}],"about":[{"href":"https:\/\/interamerica.org\/es\/wp-json\/wp\/v2\/types\/post"}],"author":[{"embeddable":true,"href":"https:\/\/interamerica.org\/es\/wp-json\/wp\/v2\/users\/3"}],"replies":[{"embeddable":true,"href":"https:\/\/interamerica.org\/es\/wp-json\/wp\/v2\/comments?post=120180"}],"version-history":[{"count":0,"href":"https:\/\/interamerica.org\/es\/wp-json\/wp\/v2\/posts\/120180\/revisions"}],"wp:featuredmedia":[{"embeddable":true,"href":"https:\/\/interamerica.org\/es\/wp-json\/wp\/v2\/media\/120154"}],"wp:attachment":[{"href":"https:\/\/interamerica.org\/es\/wp-json\/wp\/v2\/media?parent=120180"}],"wp:term":[{"taxonomy":"category","embeddable":true,"href":"https:\/\/interamerica.org\/es\/wp-json\/wp\/v2\/categories?post=120180"},{"taxonomy":"post_tag","embeddable":true,"href":"https:\/\/interamerica.org\/es\/wp-json\/wp\/v2\/tags?post=120180"}],"curies":[{"name":"wp","href":"https:\/\/api.w.org\/{rel}","templated":true}]}}