{"id":120710,"date":"2024-10-12T17:31:43","date_gmt":"2024-10-12T21:31:43","guid":{"rendered":"https:\/\/interamerica.org\/?p=120710"},"modified":"2024-10-14T06:23:54","modified_gmt":"2024-10-14T10:23:54","slug":"dios-es-fiel-y-quiere-que-seamos-fieles-afirma-presidente-de-la-asociacion-general","status":"publish","type":"post","link":"https:\/\/interamerica.org\/es\/2024\/10\/dios-es-fiel-y-quiere-que-seamos-fieles-afirma-presidente-de-la-asociacion-general\/","title":{"rendered":"Dios es fiel y quiere que seamos fieles, afirma presidente de la Asociaci\u00f3n General"},"content":{"rendered":"<p class=\"c-post-header__subtitle\"><em>Ted N. C. Wilson llama a los adventistas a recomprometerse con el mensaje y la misi\u00f3n.<\/em><\/p>\n<p>12 de octubre de 2024 | Silver Spring, Maryland, Estados Unidos | Marcos Paseggi, Adventist Review<\/p>\n<p>Como nunca antes, Dios est\u00e1 llamando a los l\u00edderes y miembros de la Iglesia Adventista del S\u00e9ptimo D\u00eda para que le sean fieles, dijo el presidente de la Asociaci\u00f3n General Ted N. C. Wilson en un llamado el s\u00e1bado 12 de octubre. Wilson dio su mensaje pastoral a m\u00e1s de 340 miembros de la Junta Directiva de la Asociaci\u00f3n General (EXCOM) presentes en el Concilio Anual 2024 en Silver Spring, Maryland, Estados Unidos.<\/p>\n<p>\u201cEn este mundo contempor\u00e1neo de valores siempre cambiantes y declive moral progresivo, tenemos que permanecer en terreno firme, con nuestros pies plantados en la segura Palabra de Dios\u201d, enfatiz\u00f3.<\/p>\n<p><div id=\"attachment_120696\" style=\"width: 890px\" class=\"wp-caption aligncenter\"><img fetchpriority=\"high\" decoding=\"async\" aria-describedby=\"caption-attachment-120696\" class=\" wp-image-120694\" src=\"https:\/\/interamerica.org\/wp-content\/uploads\/2024\/10\/ame-100133099-20241012ttj-4612-1024x0-c-default.jpg\" alt=\"\" width=\"880\" height=\"587\" srcset=\"https:\/\/interamerica.org\/wp-content\/uploads\/2024\/10\/ame-100133099-20241012ttj-4612-1024x0-c-default.jpg 1024w, https:\/\/interamerica.org\/wp-content\/uploads\/2024\/10\/ame-100133099-20241012ttj-4612-1024x0-c-default-300x200.jpg 300w, https:\/\/interamerica.org\/wp-content\/uploads\/2024\/10\/ame-100133099-20241012ttj-4612-1024x0-c-default-768x512.jpg 768w\" sizes=\"(max-width: 880px) 100vw, 880px\" \/><p id=\"caption-attachment-120696\" class=\"wp-caption-text\">Ted N. C. Wilson, presidente de la Asociaci\u00f3n General, llam\u00f3 a los l\u00edderes y miembros adventistas a que permanezcan fieles a Dios, en Silver Spring, Maryland, Estados Unidos, el 12 de octubre. [Photo: Tor Tjeransen \/ Adventist Media Exchange (CC BY 4.0)]<\/p><\/div>El encuentro anual de l\u00edderes y asamblea administrativa que se lleva a cabo del 10 al 16 de septiembre incluye informes departamentales, discusi\u00f3n de planes y votaci\u00f3n sobre proyectos e iniciativas de la denominaci\u00f3n de 23 millones de miembros.<\/p>\n<p>Este a\u00f1o ha sido muy especial para la Iglesia Adventista, porque ha conmemorado 150 a\u00f1os desde que el primer misionero oficial, John N. Andrews, y su familia llegaron a Suiza, algo que destac\u00f3 Wilson. \u201cSomos llamados a seguir fielmente su maravilloso ejemplo de servicio misionero de servicio abnegado no importa en cualquier lugar del planeta donde estemos\u201d, expres\u00f3.<\/p>\n<p><strong>Dependientes de la justicia de Cristo<\/strong><\/p>\n<p>Nuestro llamado a ser fieles a la Palabra de Dios y su verdad se basa, dijo Wilson, en nuestra dependencia completa en la justicia y el poder de Cristo. Aferrados a \u00e9l, nuestra fidelidad afectar\u00e1 cada aspecto pr\u00e1ctico de nuestra vida, enfatiz\u00f3.<\/p>\n<p>\u201cVivamos vidas cristianas fieles, permitiendo que la justicia de Cristo obre en nosotros para mostrarnos un estilo de vida abundante en piedad y acci\u00f3n misionera\u201d, dijo Wilson en su invitaci\u00f3n, y a\u00f1adi\u00f3: \u201cPor medio de la justicia de Cristo, podemos mostrar un estilo de vida de normas b\u00edblicas, reforma de salud, justificaci\u00f3n por la fe en \u00e9l, fidelidad a su Palabra en todas las cosas, y simpleza de acci\u00f3n y conducta\u201d.<\/p>\n<p><div id=\"attachment_120699\" style=\"width: 859px\" class=\"wp-caption aligncenter\"><img decoding=\"async\" aria-describedby=\"caption-attachment-120699\" class=\" wp-image-120697\" src=\"https:\/\/interamerica.org\/wp-content\/uploads\/2024\/10\/ame-100133117-20241012ttj-4676-2048x1365-1-1024x683.jpg\" alt=\"\" width=\"849\" height=\"566\" srcset=\"https:\/\/interamerica.org\/wp-content\/uploads\/2024\/10\/ame-100133117-20241012ttj-4676-2048x1365-1-1024x683.jpg 1024w, https:\/\/interamerica.org\/wp-content\/uploads\/2024\/10\/ame-100133117-20241012ttj-4676-2048x1365-1-300x200.jpg 300w, https:\/\/interamerica.org\/wp-content\/uploads\/2024\/10\/ame-100133117-20241012ttj-4676-2048x1365-1-768x512.jpg 768w, https:\/\/interamerica.org\/wp-content\/uploads\/2024\/10\/ame-100133117-20241012ttj-4676-2048x1365-1-1536x1024.jpg 1536w, https:\/\/interamerica.org\/wp-content\/uploads\/2024\/10\/ame-100133117-20241012ttj-4676-2048x1365-1.jpg 2048w\" sizes=\"(max-width: 849px) 100vw, 849px\" \/><p id=\"caption-attachment-120699\" class=\"wp-caption-text\">Los miembros de la Junta Directiva de la Asociaci\u00f3n General fueron invitados a vestir trajes tradicionales de sus pa\u00edses de origen o de territorios donde han prestado servicio o visitado como misioneros. [Fotograf\u00eda: Tor Tjeransen \/ Adventist Media Exchange (CC BY 4.0)]<\/p><\/div><strong>Un mensaje y misi\u00f3n singulares<\/strong><\/p>\n<p>Wilson tambi\u00e9n enfatiz\u00f3 que somos llamados para sostener la misi\u00f3n que Dios procur\u00f3 para la Iglesia Adventista. \u201cSomos un pueblo singular [\u2026], un pueblo \u00fanico con un mensaje \u00fanico dedicados a una misi\u00f3n \u00fanica\u201d, les dijo a los miembros de la EXCOM y a los que siguieron el culto en l\u00ednea.<\/p>\n<p>Wilson entonces explic\u00f3 a\u00fan m\u00e1s lo que significa eso, seg\u00fan \u00e9l, para el llamado de Dios. \u201cDios nos est\u00e1 llamando a ser fieles a \u00e9l, a su Palabra, al mensaje adventista, y a la proclamaci\u00f3n de los mensajes de los tres \u00e1ngeles que se enfocan en la justicia de Cristo y sus hermosos diez mandamientos\u201d, expres\u00f3. Esos mandamientos, a\u00f1adi\u00f3, revelan \u201cque su car\u00e1cter se basa en su amor eterno por cada uno de nosotros\u201d, y que \u201ceste amor muestra la centralidad de Cristo en nuestra vida y el papel pleno que \u00e9l juega en nuestra salvaci\u00f3n\u201d.<\/p>\n<p>El llamado de Dios tambi\u00e9n es un llamado a la misi\u00f3n, expres\u00f3. \u201cTenemos que ser parte de Todo Miembro Involucrado para alcanzar al mundo, dici\u00e9ndole al Se\u00f1or: \u2018S\u00ed, ir\u00e9\u2019\u201d, dijo Wilson.<\/p>\n<p><strong>El poder de los testimonios personales<\/strong><\/p>\n<p>En el contexto de este llamado divino a la fidelidad, Wilson destac\u00f3 el poder de nuestras historias personales para conectarnos y alcanzar a otros. \u201cLas historias personales y la testificaci\u00f3n de cada uno de nosotros tienen que ser compartidas con el mundo, mientras testificamos fielmente de Cristo y su poder de salvaci\u00f3n\u201d, expres\u00f3.<\/p>\n<p><div id=\"attachment_120702\" style=\"width: 839px\" class=\"wp-caption aligncenter\"><img decoding=\"async\" aria-describedby=\"caption-attachment-120702\" class=\" wp-image-120700\" src=\"https:\/\/interamerica.org\/wp-content\/uploads\/2024\/10\/ame-100133125-20241012ttj-4715-2048x1365-1-1024x683.jpg\" alt=\"\" width=\"829\" height=\"553\" srcset=\"https:\/\/interamerica.org\/wp-content\/uploads\/2024\/10\/ame-100133125-20241012ttj-4715-2048x1365-1-1024x683.jpg 1024w, https:\/\/interamerica.org\/wp-content\/uploads\/2024\/10\/ame-100133125-20241012ttj-4715-2048x1365-1-300x200.jpg 300w, https:\/\/interamerica.org\/wp-content\/uploads\/2024\/10\/ame-100133125-20241012ttj-4715-2048x1365-1-768x512.jpg 768w, https:\/\/interamerica.org\/wp-content\/uploads\/2024\/10\/ame-100133125-20241012ttj-4715-2048x1365-1-1536x1024.jpg 1536w, https:\/\/interamerica.org\/wp-content\/uploads\/2024\/10\/ame-100133125-20241012ttj-4715-2048x1365-1.jpg 2048w\" sizes=\"(max-width: 829px) 100vw, 829px\" \/><p id=\"caption-attachment-120702\" class=\"wp-caption-text\">Giorgia Maghelli, estudiante de medicina de la Universidad de Loma Linda, comparte el testimonio de c\u00f3mo Dios la llev\u00f3 desde un trasfondo secular hasta llegar a ser adventista del s\u00e9ptimo d\u00eda y futura m\u00e9dica misionera. [Fotograf\u00eda: Tor Tjeransen \/ Adventist Media Exchange (CC BY 4.0)]<\/p><\/div>En relaci\u00f3n con ello, Wilson cont\u00f3 que mientras asist\u00eda a un retiro reciente de la junta de Salud de la Universidad de Loma Linda (LLUH), escuch\u00f3 un testimonio que quiso que los miembros de la EXCOM tambi\u00e9n escucharan. Llam\u00f3 a Giorgia Maghelli al frente. Maghelli, que es estudiante de medicina en la Universidad de Loma Linda, cont\u00f3 de qu\u00e9 manera experiment\u00f3 la fidelidad de Dios en su vida.<\/p>\n<p><strong>Un testimonio especial<\/strong><\/p>\n<p>Maghelli, que naci\u00f3 en Italia y vivi\u00f3 en Escocia e Irlanda, cont\u00f3 de qu\u00e9 manera conoci\u00f3 por primera vez a la Iglesia Adventista gracias a videos de YouTube sobre profec\u00eda y, m\u00e1s tarde, por medio de los libros de Elena White.<\/p>\n<p>Cont\u00f3 de qu\u00e9 manera la primera oraci\u00f3n del libro <em>Patriarcas y profetas<\/em> \u2014\u201cDios es amor. Su naturaleza, su ley, es amor. Siempre lo ha sido; siempre lo ser\u00e1\u201d\u2014 apel\u00f3 a su coraz\u00f3n. \u201cMe atrajo mucho\u201d, reconoci\u00f3 Maghelli. \u201cAbri\u00f3 todo un nuevo mundo para m\u00ed\u201d.<\/p>\n<p>Maghelli entonces cont\u00f3 de qu\u00e9 manera, mediante una serie de eventos providenciales, conoci\u00f3 al evangelista internacional Mark Finley su esposa Teenie, y m\u00e1s tarde a Andy Hunsaker, m\u00e9dica adventista que actualmente es presidenta de Servicios e Industrias de Laicos Adventistas (ASi). Fue una traves\u00eda que finalmente la llev\u00f3 a la Universidad de Loma Linda, donde est\u00e1 aprendiendo c\u00f3mo usar el mensaje adventista de salud para aliviar el sufrimiento y llevar a otros a Cristo.<\/p>\n<p>\u201cLas bendiciones y milagros han sido casi demasiado grandes para que pueda contenerme; me llenan de un sentimiento de asombro y gratitud\u201d, dijo Maghelli.<\/p>\n<p><strong>Unidos para la misi\u00f3n<\/strong><\/p>\n<p>En el cierre de su mensaje, Wilson record\u00f3 a los miembros de la EXCOM y a los que segu\u00edan el programa en l\u00ednea que Dios ha provisto todo lo que necesitamos para nuestra salvaci\u00f3n. Por ello, \u201ctodo lo que se necesita es que seamos fieles a la hora de proclamar su mensaje final de esperanza, advertencia y redenci\u00f3n\u201d. Cit\u00f3 a Elena White, cofundadora de la Iglesia Adventista, quien en su libro <em>Mensajes selectos<\/em> escribi\u00f3: \u201cDios nos ha llamado como un pueblo que ha de constituir un tesoro especial para \u00e9l. \u00c9l ha dispuesto que su iglesia en la tierra permanezca perfectamente unida en el Esp\u00edritu y el consejo del Se\u00f1or de los ej\u00e9rcitos hasta el fin del tiempo\u201d (tomo 2, p. 397).<\/p>\n<p>Wilson cerr\u00f3 con un llamado para que cada l\u00edder y miembro de iglesia se sume a estos esfuerzos. \u201c\u00bfEst\u00e1n dispuestos a ser parte de Todo Miembro Involucrado a nivel global, para compartir el mensaje de Dios con este mundo?\u201d pregunt\u00f3. \u201cHemos sido escogidos para la misi\u00f3n y llamados a ser fieles [\u2026]. Que Dios los bendiga a cada uno mientras procuramos ser fieles a \u00e9l. \u00a1Maranata!\u201d<\/p>\n<p>Traducci\u00f3n de Marcos Paseggi<\/p>\n","protected":false},"excerpt":{"rendered":"<p>Ted N. C. Wilson llama a los adventistas a recomprometerse con el mensaje y la misi\u00f3n. 12 de octubre de 2024 | Silver Spring, Maryland, Estados Unidos | Marcos Paseggi,&#8230;<\/p>\n","protected":false},"author":3,"featured_media":120696,"comment_status":"closed","ping_status":"closed","sticky":false,"template":"","format":"standard","meta":{"_acf_changed":false,"footnotes":""},"categories":[14,15],"tags":[],"class_list":["post-120710","post","type-post","status-publish","format-standard","has-post-thumbnail","hentry","category-de-la-iglesia-mundial","category-rss-espanol"],"acf":[],"yoast_head":"<!-- This site is optimized with the Yoast SEO plugin v27.3 - https:\/\/yoast.com\/product\/yoast-seo-wordpress\/ -->\n<title>Dios es fiel y quiere que seamos fieles, afirma presidente de la Asociaci\u00f3n General - Iglesia Adventista del S\u00e9ptimo D\u00eda - Divisi\u00f3n Interamericana<\/title>\n<meta name=\"robots\" content=\"index, follow, max-snippet:-1, max-image-preview:large, max-video-preview:-1\" \/>\n<link rel=\"canonical\" href=\"https:\/\/interamerica.org\/es\/2024\/10\/dios-es-fiel-y-quiere-que-seamos-fieles-afirma-presidente-de-la-asociacion-general\/\" \/>\n<meta property=\"og:locale\" content=\"es_ES\" \/>\n<meta property=\"og:type\" content=\"article\" \/>\n<meta property=\"og:title\" content=\"Dios es fiel y quiere que seamos fieles, afirma presidente de la Asociaci\u00f3n General - Iglesia Adventista del S\u00e9ptimo D\u00eda - Divisi\u00f3n Interamericana\" \/>\n<meta property=\"og:description\" content=\"Ted N. C. Wilson llama a los adventistas a recomprometerse con el mensaje y la misi\u00f3n. 12 de octubre de 2024 | Silver Spring, Maryland, Estados Unidos | Marcos Paseggi,...\" \/>\n<meta property=\"og:url\" content=\"https:\/\/interamerica.org\/es\/2024\/10\/dios-es-fiel-y-quiere-que-seamos-fieles-afirma-presidente-de-la-asociacion-general\/\" \/>\n<meta property=\"og:site_name\" content=\"Iglesia Adventista del S\u00e9ptimo D\u00eda - Divisi\u00f3n Interamericana\" \/>\n<meta property=\"article:published_time\" content=\"2024-10-12T21:31:43+00:00\" \/>\n<meta property=\"article:modified_time\" content=\"2024-10-14T10:23:54+00:00\" \/>\n<meta property=\"og:image\" content=\"https:\/\/interamerica.org\/wp-content\/uploads\/2024\/10\/ame-100133099-20241012ttj-4612-1024x0-c-default.jpg\" \/>\n\t<meta property=\"og:image:width\" content=\"1024\" \/>\n\t<meta property=\"og:image:height\" content=\"683\" \/>\n\t<meta property=\"og:image:type\" content=\"image\/jpeg\" \/>\n<meta name=\"author\" content=\"libna\" \/>\n<meta name=\"twitter:card\" content=\"summary_large_image\" \/>\n<meta name=\"twitter:label1\" content=\"Escrito por\" \/>\n\t<meta name=\"twitter:data1\" content=\"libna\" \/>\n\t<meta name=\"twitter:label2\" content=\"Tiempo de lectura\" \/>\n\t<meta name=\"twitter:data2\" content=\"6 minutos\" \/>\n<script type=\"application\/ld+json\" class=\"yoast-schema-graph\">{\"@context\":\"https:\\\/\\\/schema.org\",\"@graph\":[{\"@type\":\"Article\",\"@id\":\"https:\\\/\\\/interamerica.org\\\/es\\\/2024\\\/10\\\/dios-es-fiel-y-quiere-que-seamos-fieles-afirma-presidente-de-la-asociacion-general\\\/#article\",\"isPartOf\":{\"@id\":\"https:\\\/\\\/interamerica.org\\\/es\\\/2024\\\/10\\\/dios-es-fiel-y-quiere-que-seamos-fieles-afirma-presidente-de-la-asociacion-general\\\/\"},\"author\":{\"name\":\"libna\",\"@id\":\"https:\\\/\\\/interamerica.org\\\/es\\\/#\\\/schema\\\/person\\\/29998f2bc2d8bd0d38662909289b54f1\"},\"headline\":\"Dios es fiel y quiere que seamos fieles, afirma presidente de la Asociaci\u00f3n General\",\"datePublished\":\"2024-10-12T21:31:43+00:00\",\"dateModified\":\"2024-10-14T10:23:54+00:00\",\"mainEntityOfPage\":{\"@id\":\"https:\\\/\\\/interamerica.org\\\/es\\\/2024\\\/10\\\/dios-es-fiel-y-quiere-que-seamos-fieles-afirma-presidente-de-la-asociacion-general\\\/\"},\"wordCount\":1258,\"image\":{\"@id\":\"https:\\\/\\\/interamerica.org\\\/es\\\/2024\\\/10\\\/dios-es-fiel-y-quiere-que-seamos-fieles-afirma-presidente-de-la-asociacion-general\\\/#primaryimage\"},\"thumbnailUrl\":\"https:\\\/\\\/interamerica.org\\\/wp-content\\\/uploads\\\/2024\\\/10\\\/ame-100133099-20241012ttj-4612-1024x0-c-default.jpg\",\"articleSection\":[\"Desde la iglesia mundial\",\"RSS Espa\u00f1ol\"],\"inLanguage\":\"es\"},{\"@type\":\"WebPage\",\"@id\":\"https:\\\/\\\/interamerica.org\\\/es\\\/2024\\\/10\\\/dios-es-fiel-y-quiere-que-seamos-fieles-afirma-presidente-de-la-asociacion-general\\\/\",\"url\":\"https:\\\/\\\/interamerica.org\\\/es\\\/2024\\\/10\\\/dios-es-fiel-y-quiere-que-seamos-fieles-afirma-presidente-de-la-asociacion-general\\\/\",\"name\":\"Dios es fiel y quiere que seamos fieles, afirma presidente de la Asociaci\u00f3n General - Iglesia Adventista del S\u00e9ptimo D\u00eda - Divisi\u00f3n Interamericana\",\"isPartOf\":{\"@id\":\"https:\\\/\\\/interamerica.org\\\/es\\\/#website\"},\"primaryImageOfPage\":{\"@id\":\"https:\\\/\\\/interamerica.org\\\/es\\\/2024\\\/10\\\/dios-es-fiel-y-quiere-que-seamos-fieles-afirma-presidente-de-la-asociacion-general\\\/#primaryimage\"},\"image\":{\"@id\":\"https:\\\/\\\/interamerica.org\\\/es\\\/2024\\\/10\\\/dios-es-fiel-y-quiere-que-seamos-fieles-afirma-presidente-de-la-asociacion-general\\\/#primaryimage\"},\"thumbnailUrl\":\"https:\\\/\\\/interamerica.org\\\/wp-content\\\/uploads\\\/2024\\\/10\\\/ame-100133099-20241012ttj-4612-1024x0-c-default.jpg\",\"datePublished\":\"2024-10-12T21:31:43+00:00\",\"dateModified\":\"2024-10-14T10:23:54+00:00\",\"author\":{\"@id\":\"https:\\\/\\\/interamerica.org\\\/es\\\/#\\\/schema\\\/person\\\/29998f2bc2d8bd0d38662909289b54f1\"},\"breadcrumb\":{\"@id\":\"https:\\\/\\\/interamerica.org\\\/es\\\/2024\\\/10\\\/dios-es-fiel-y-quiere-que-seamos-fieles-afirma-presidente-de-la-asociacion-general\\\/#breadcrumb\"},\"inLanguage\":\"es\",\"potentialAction\":[{\"@type\":\"ReadAction\",\"target\":[\"https:\\\/\\\/interamerica.org\\\/es\\\/2024\\\/10\\\/dios-es-fiel-y-quiere-que-seamos-fieles-afirma-presidente-de-la-asociacion-general\\\/\"]}]},{\"@type\":\"ImageObject\",\"inLanguage\":\"es\",\"@id\":\"https:\\\/\\\/interamerica.org\\\/es\\\/2024\\\/10\\\/dios-es-fiel-y-quiere-que-seamos-fieles-afirma-presidente-de-la-asociacion-general\\\/#primaryimage\",\"url\":\"https:\\\/\\\/interamerica.org\\\/wp-content\\\/uploads\\\/2024\\\/10\\\/ame-100133099-20241012ttj-4612-1024x0-c-default.jpg\",\"contentUrl\":\"https:\\\/\\\/interamerica.org\\\/wp-content\\\/uploads\\\/2024\\\/10\\\/ame-100133099-20241012ttj-4612-1024x0-c-default.jpg\",\"width\":1024,\"height\":683,\"caption\":\"General Conference president Ted N. C. Wilson called Seventh-day Adventist leaders and members to remain faithful to God, in Silver Spring, Maryland, United States, on October 12. [Photo: Tor Tjeransen \\\/ Adventist Media Exchange (CC BY 4.0)]\"},{\"@type\":\"BreadcrumbList\",\"@id\":\"https:\\\/\\\/interamerica.org\\\/es\\\/2024\\\/10\\\/dios-es-fiel-y-quiere-que-seamos-fieles-afirma-presidente-de-la-asociacion-general\\\/#breadcrumb\",\"itemListElement\":[{\"@type\":\"ListItem\",\"position\":1,\"name\":\"Home\",\"item\":\"https:\\\/\\\/interamerica.org\\\/es\\\/\"},{\"@type\":\"ListItem\",\"position\":2,\"name\":\"Dios es fiel y quiere que seamos fieles, afirma presidente de la Asociaci\u00f3n General\"}]},{\"@type\":\"WebSite\",\"@id\":\"https:\\\/\\\/interamerica.org\\\/es\\\/#website\",\"url\":\"https:\\\/\\\/interamerica.org\\\/es\\\/\",\"name\":\"Iglesia Adventista del S\u00e9ptimo D\u00eda - Divisi\u00f3n Interamericana\",\"description\":\"\",\"potentialAction\":[{\"@type\":\"SearchAction\",\"target\":{\"@type\":\"EntryPoint\",\"urlTemplate\":\"https:\\\/\\\/interamerica.org\\\/es\\\/?s={search_term_string}\"},\"query-input\":{\"@type\":\"PropertyValueSpecification\",\"valueRequired\":true,\"valueName\":\"search_term_string\"}}],\"inLanguage\":\"es\"},{\"@type\":\"Person\",\"@id\":\"https:\\\/\\\/interamerica.org\\\/es\\\/#\\\/schema\\\/person\\\/29998f2bc2d8bd0d38662909289b54f1\",\"name\":\"libna\",\"image\":{\"@type\":\"ImageObject\",\"inLanguage\":\"es\",\"@id\":\"https:\\\/\\\/secure.gravatar.com\\\/avatar\\\/7c5bd30ae4b47a9ba3c856590957fd1d96dc588bf3ac05719d247e126840331f?s=96&d=mm&r=g\",\"url\":\"https:\\\/\\\/secure.gravatar.com\\\/avatar\\\/7c5bd30ae4b47a9ba3c856590957fd1d96dc588bf3ac05719d247e126840331f?s=96&d=mm&r=g\",\"contentUrl\":\"https:\\\/\\\/secure.gravatar.com\\\/avatar\\\/7c5bd30ae4b47a9ba3c856590957fd1d96dc588bf3ac05719d247e126840331f?s=96&d=mm&r=g\",\"caption\":\"libna\"}}]}<\/script>\n<!-- \/ Yoast SEO plugin. -->","yoast_head_json":{"title":"Dios es fiel y quiere que seamos fieles, afirma presidente de la Asociaci\u00f3n General - Iglesia Adventista del S\u00e9ptimo D\u00eda - Divisi\u00f3n Interamericana","robots":{"index":"index","follow":"follow","max-snippet":"max-snippet:-1","max-image-preview":"max-image-preview:large","max-video-preview":"max-video-preview:-1"},"canonical":"https:\/\/interamerica.org\/es\/2024\/10\/dios-es-fiel-y-quiere-que-seamos-fieles-afirma-presidente-de-la-asociacion-general\/","og_locale":"es_ES","og_type":"article","og_title":"Dios es fiel y quiere que seamos fieles, afirma presidente de la Asociaci\u00f3n General - Iglesia Adventista del S\u00e9ptimo D\u00eda - Divisi\u00f3n Interamericana","og_description":"Ted N. C. Wilson llama a los adventistas a recomprometerse con el mensaje y la misi\u00f3n. 12 de octubre de 2024 | Silver Spring, Maryland, Estados Unidos | Marcos Paseggi,...","og_url":"https:\/\/interamerica.org\/es\/2024\/10\/dios-es-fiel-y-quiere-que-seamos-fieles-afirma-presidente-de-la-asociacion-general\/","og_site_name":"Iglesia Adventista del S\u00e9ptimo D\u00eda - Divisi\u00f3n Interamericana","article_published_time":"2024-10-12T21:31:43+00:00","article_modified_time":"2024-10-14T10:23:54+00:00","og_image":[{"width":1024,"height":683,"url":"https:\/\/interamerica.org\/wp-content\/uploads\/2024\/10\/ame-100133099-20241012ttj-4612-1024x0-c-default.jpg","type":"image\/jpeg"}],"author":"libna","twitter_card":"summary_large_image","twitter_misc":{"Escrito por":"libna","Tiempo de lectura":"6 minutos"},"schema":{"@context":"https:\/\/schema.org","@graph":[{"@type":"Article","@id":"https:\/\/interamerica.org\/es\/2024\/10\/dios-es-fiel-y-quiere-que-seamos-fieles-afirma-presidente-de-la-asociacion-general\/#article","isPartOf":{"@id":"https:\/\/interamerica.org\/es\/2024\/10\/dios-es-fiel-y-quiere-que-seamos-fieles-afirma-presidente-de-la-asociacion-general\/"},"author":{"name":"libna","@id":"https:\/\/interamerica.org\/es\/#\/schema\/person\/29998f2bc2d8bd0d38662909289b54f1"},"headline":"Dios es fiel y quiere que seamos fieles, afirma presidente de la Asociaci\u00f3n General","datePublished":"2024-10-12T21:31:43+00:00","dateModified":"2024-10-14T10:23:54+00:00","mainEntityOfPage":{"@id":"https:\/\/interamerica.org\/es\/2024\/10\/dios-es-fiel-y-quiere-que-seamos-fieles-afirma-presidente-de-la-asociacion-general\/"},"wordCount":1258,"image":{"@id":"https:\/\/interamerica.org\/es\/2024\/10\/dios-es-fiel-y-quiere-que-seamos-fieles-afirma-presidente-de-la-asociacion-general\/#primaryimage"},"thumbnailUrl":"https:\/\/interamerica.org\/wp-content\/uploads\/2024\/10\/ame-100133099-20241012ttj-4612-1024x0-c-default.jpg","articleSection":["Desde la iglesia mundial","RSS Espa\u00f1ol"],"inLanguage":"es"},{"@type":"WebPage","@id":"https:\/\/interamerica.org\/es\/2024\/10\/dios-es-fiel-y-quiere-que-seamos-fieles-afirma-presidente-de-la-asociacion-general\/","url":"https:\/\/interamerica.org\/es\/2024\/10\/dios-es-fiel-y-quiere-que-seamos-fieles-afirma-presidente-de-la-asociacion-general\/","name":"Dios es fiel y quiere que seamos fieles, afirma presidente de la Asociaci\u00f3n General - Iglesia Adventista del S\u00e9ptimo D\u00eda - Divisi\u00f3n Interamericana","isPartOf":{"@id":"https:\/\/interamerica.org\/es\/#website"},"primaryImageOfPage":{"@id":"https:\/\/interamerica.org\/es\/2024\/10\/dios-es-fiel-y-quiere-que-seamos-fieles-afirma-presidente-de-la-asociacion-general\/#primaryimage"},"image":{"@id":"https:\/\/interamerica.org\/es\/2024\/10\/dios-es-fiel-y-quiere-que-seamos-fieles-afirma-presidente-de-la-asociacion-general\/#primaryimage"},"thumbnailUrl":"https:\/\/interamerica.org\/wp-content\/uploads\/2024\/10\/ame-100133099-20241012ttj-4612-1024x0-c-default.jpg","datePublished":"2024-10-12T21:31:43+00:00","dateModified":"2024-10-14T10:23:54+00:00","author":{"@id":"https:\/\/interamerica.org\/es\/#\/schema\/person\/29998f2bc2d8bd0d38662909289b54f1"},"breadcrumb":{"@id":"https:\/\/interamerica.org\/es\/2024\/10\/dios-es-fiel-y-quiere-que-seamos-fieles-afirma-presidente-de-la-asociacion-general\/#breadcrumb"},"inLanguage":"es","potentialAction":[{"@type":"ReadAction","target":["https:\/\/interamerica.org\/es\/2024\/10\/dios-es-fiel-y-quiere-que-seamos-fieles-afirma-presidente-de-la-asociacion-general\/"]}]},{"@type":"ImageObject","inLanguage":"es","@id":"https:\/\/interamerica.org\/es\/2024\/10\/dios-es-fiel-y-quiere-que-seamos-fieles-afirma-presidente-de-la-asociacion-general\/#primaryimage","url":"https:\/\/interamerica.org\/wp-content\/uploads\/2024\/10\/ame-100133099-20241012ttj-4612-1024x0-c-default.jpg","contentUrl":"https:\/\/interamerica.org\/wp-content\/uploads\/2024\/10\/ame-100133099-20241012ttj-4612-1024x0-c-default.jpg","width":1024,"height":683,"caption":"General Conference president Ted N. C. Wilson called Seventh-day Adventist leaders and members to remain faithful to God, in Silver Spring, Maryland, United States, on October 12. [Photo: Tor Tjeransen \/ Adventist Media Exchange (CC BY 4.0)]"},{"@type":"BreadcrumbList","@id":"https:\/\/interamerica.org\/es\/2024\/10\/dios-es-fiel-y-quiere-que-seamos-fieles-afirma-presidente-de-la-asociacion-general\/#breadcrumb","itemListElement":[{"@type":"ListItem","position":1,"name":"Home","item":"https:\/\/interamerica.org\/es\/"},{"@type":"ListItem","position":2,"name":"Dios es fiel y quiere que seamos fieles, afirma presidente de la Asociaci\u00f3n General"}]},{"@type":"WebSite","@id":"https:\/\/interamerica.org\/es\/#website","url":"https:\/\/interamerica.org\/es\/","name":"Iglesia Adventista del S\u00e9ptimo D\u00eda - Divisi\u00f3n Interamericana","description":"","potentialAction":[{"@type":"SearchAction","target":{"@type":"EntryPoint","urlTemplate":"https:\/\/interamerica.org\/es\/?s={search_term_string}"},"query-input":{"@type":"PropertyValueSpecification","valueRequired":true,"valueName":"search_term_string"}}],"inLanguage":"es"},{"@type":"Person","@id":"https:\/\/interamerica.org\/es\/#\/schema\/person\/29998f2bc2d8bd0d38662909289b54f1","name":"libna","image":{"@type":"ImageObject","inLanguage":"es","@id":"https:\/\/secure.gravatar.com\/avatar\/7c5bd30ae4b47a9ba3c856590957fd1d96dc588bf3ac05719d247e126840331f?s=96&d=mm&r=g","url":"https:\/\/secure.gravatar.com\/avatar\/7c5bd30ae4b47a9ba3c856590957fd1d96dc588bf3ac05719d247e126840331f?s=96&d=mm&r=g","contentUrl":"https:\/\/secure.gravatar.com\/avatar\/7c5bd30ae4b47a9ba3c856590957fd1d96dc588bf3ac05719d247e126840331f?s=96&d=mm&r=g","caption":"libna"}}]}},"_links":{"self":[{"href":"https:\/\/interamerica.org\/es\/wp-json\/wp\/v2\/posts\/120710","targetHints":{"allow":["GET"]}}],"collection":[{"href":"https:\/\/interamerica.org\/es\/wp-json\/wp\/v2\/posts"}],"about":[{"href":"https:\/\/interamerica.org\/es\/wp-json\/wp\/v2\/types\/post"}],"author":[{"embeddable":true,"href":"https:\/\/interamerica.org\/es\/wp-json\/wp\/v2\/users\/3"}],"replies":[{"embeddable":true,"href":"https:\/\/interamerica.org\/es\/wp-json\/wp\/v2\/comments?post=120710"}],"version-history":[{"count":0,"href":"https:\/\/interamerica.org\/es\/wp-json\/wp\/v2\/posts\/120710\/revisions"}],"wp:featuredmedia":[{"embeddable":true,"href":"https:\/\/interamerica.org\/es\/wp-json\/wp\/v2\/media\/120696"}],"wp:attachment":[{"href":"https:\/\/interamerica.org\/es\/wp-json\/wp\/v2\/media?parent=120710"}],"wp:term":[{"taxonomy":"category","embeddable":true,"href":"https:\/\/interamerica.org\/es\/wp-json\/wp\/v2\/categories?post=120710"},{"taxonomy":"post_tag","embeddable":true,"href":"https:\/\/interamerica.org\/es\/wp-json\/wp\/v2\/tags?post=120710"}],"curies":[{"name":"wp","href":"https:\/\/api.w.org\/{rel}","templated":true}]}}