{"id":12087,"date":"2012-08-15T00:00:00","date_gmt":"2012-08-15T04:00:00","guid":{"rendered":"http:\/\/192.81.217.108\/interamerica\/2012\/08\/vea-la-convencion-anual-asi-interamerica-en-vivo-desde-guatemala\/"},"modified":"2017-06-02T08:46:08","modified_gmt":"2017-06-02T12:46:08","slug":"vea-la-convencion-anual-asi-interamerica-en-vivo-desde-guatemala","status":"publish","type":"post","link":"https:\/\/interamerica.org\/es\/2012\/08\/vea-la-convencion-anual-asi-interamerica-en-vivo-desde-guatemala\/","title":{"rendered":"Vea la Convenci\u00f3n Anual ASI Interam\u00e9rica en vivo desde Guatemala"},"content":{"rendered":"<p>15 de agosto, 2012 &#8211; <em >Miami, Florida, Estados Unidos<\/em >&#8230;Libna Stevens\/DIA   <\/p>\n<p>Sintonice la XII Convenci\u00f3n Anual de Servicios e Industrias de Laicos Adventistas de Interam\u00e9rica (ASI) en su programa de apertura comenzando hoy mi\u00e9rcoles a las 6:00 p.m. hora de Guatemala u 8:00 p.m. hora del este. <\/p>\n<p>El programa ser\u00e1 transmitido en vivo por la internet desde el Hotel Soleil en Antigua, Guatemala.  <\/p>\n<p>Este a\u00f1o el evento de <a  href=\"\/users\/index.php?type=news&#038;id=2120&#038;language=en\">cuatro d\u00edas titulado,<\/a > <em >\u00abPara que el mundo sepa\u00bb,<\/em > se espera que atraiga a cientos de profesionales adventista y l\u00edderes de la iglesia a trav\u00e9s de todo el territorio de la Divisi\u00f3n Interamericana. <\/p>\n<p>El doctor Robert Folkenberg de <em >Share Him Ministries (Ministerio Comparte a Jes\u00fas<\/em >), el doctor Bertram L. Melbourne de la Escuela de Divinidad de la Universidad Howard en Washington, Distrito Central y oradores adicionales de la C\u00e1mara de Comercio de Guatemala ser\u00e1n presentados durante la Convenci\u00f3n.    <\/p>\n<p>Para ver el programa de apertura de la <strong >Convenci\u00f3n Anual de ASI Interam\u00e9rica 2012 y los oradores principales en l\u00ednea,  haga <\/strong ><a  href=\"https:\/\/recursing-golick.147-182-135-0.plesk.page\/users\/index.php?language=en&#038;type=subsection&#038;id=272&#038;main_id=\">clic aqu\u00ed<\/a ><strong ><\/strong >  <\/p>\n<p>Para obtener m\u00e1s informaci\u00f3n sobre ASI Interam\u00e9rica, visite <a  href=\"http:\/\/asi.interamerica.org\/\">http:\/\/asi.interamerica.org\/<\/a > <\/p>\n<p>Para obtener actualizaciones sobre Convenci\u00f3n Anual de ASI 2012 Interam\u00e9rica, vis\u00edtenos en <a  href=\"https:\/\/recursing-golick.147-182-135-0.plesk.page\/\">www.interamerica.org<\/a > <\/p>\n<p>Traducci\u00f3n: Aleida T. Romero<\/p>\n","protected":false},"excerpt":{"rendered":"<p>Sintonice la XII Convenci\u00f3n Anual de Servicios e Industrias de Laicos Adventistas de Interam\u00e9rica (ASI) en su programa de apertura comenzando hoy mi\u00e9rcoles a las 6:00 p.m. hora de Guatemala u 8:00 p.m. hora del este.<\/p>\n","protected":false},"author":1,"featured_media":0,"comment_status":"closed","ping_status":"closed","sticky":false,"template":"","format":"standard","meta":{"_acf_changed":false,"footnotes":""},"categories":[8],"tags":[],"class_list":["post-12087","post","type-post","status-publish","format-standard","hentry","category-archivo"],"acf":[],"yoast_head":"<!-- This site is optimized with the Yoast SEO plugin v27.3 - https:\/\/yoast.com\/product\/yoast-seo-wordpress\/ -->\n<title>Vea la Convenci\u00f3n Anual ASI Interam\u00e9rica en vivo desde Guatemala - Iglesia Adventista del S\u00e9ptimo D\u00eda - Divisi\u00f3n Interamericana<\/title>\n<meta name=\"robots\" content=\"index, follow, max-snippet:-1, max-image-preview:large, max-video-preview:-1\" \/>\n<link rel=\"canonical\" href=\"https:\/\/interamerica.org\/es\/2012\/08\/vea-la-convencion-anual-asi-interamerica-en-vivo-desde-guatemala\/\" \/>\n<meta property=\"og:locale\" content=\"es_ES\" \/>\n<meta property=\"og:type\" content=\"article\" \/>\n<meta property=\"og:title\" content=\"Vea la Convenci\u00f3n Anual ASI Interam\u00e9rica en vivo desde Guatemala - Iglesia Adventista del S\u00e9ptimo D\u00eda - Divisi\u00f3n Interamericana\" \/>\n<meta property=\"og:description\" content=\"Sintonice la XII Convenci\u00f3n Anual de Servicios e Industrias de Laicos Adventistas de Interam\u00e9rica (ASI) en su programa de apertura comenzando hoy mi\u00e9rcoles a las 6:00 p.m. hora de Guatemala u 8:00 p.m. hora del este.\" \/>\n<meta property=\"og:url\" content=\"https:\/\/interamerica.org\/es\/2012\/08\/vea-la-convencion-anual-asi-interamerica-en-vivo-desde-guatemala\/\" \/>\n<meta property=\"og:site_name\" content=\"Iglesia Adventista del S\u00e9ptimo D\u00eda - Divisi\u00f3n Interamericana\" \/>\n<meta property=\"article:published_time\" content=\"2012-08-15T04:00:00+00:00\" \/>\n<meta property=\"article:modified_time\" content=\"2017-06-02T12:46:08+00:00\" \/>\n<meta name=\"author\" content=\"Lorenzo Verduzco\" \/>\n<meta name=\"twitter:card\" content=\"summary_large_image\" \/>\n<meta name=\"twitter:label1\" content=\"Escrito por\" \/>\n\t<meta name=\"twitter:data1\" content=\"Lorenzo Verduzco\" \/>\n\t<meta name=\"twitter:label2\" content=\"Tiempo de lectura\" \/>\n\t<meta name=\"twitter:data2\" content=\"1 minuto\" \/>\n<script type=\"application\/ld+json\" class=\"yoast-schema-graph\">{\"@context\":\"https:\\\/\\\/schema.org\",\"@graph\":[{\"@type\":\"Article\",\"@id\":\"https:\\\/\\\/interamerica.org\\\/es\\\/2012\\\/08\\\/vea-la-convencion-anual-asi-interamerica-en-vivo-desde-guatemala\\\/#article\",\"isPartOf\":{\"@id\":\"https:\\\/\\\/interamerica.org\\\/es\\\/2012\\\/08\\\/vea-la-convencion-anual-asi-interamerica-en-vivo-desde-guatemala\\\/\"},\"author\":{\"name\":\"Lorenzo Verduzco\",\"@id\":\"https:\\\/\\\/interamerica.org\\\/es\\\/#\\\/schema\\\/person\\\/68ede8bdc292885bb76c1e3810e73c39\"},\"headline\":\"Vea la Convenci\u00f3n Anual ASI Interam\u00e9rica en vivo desde Guatemala\",\"datePublished\":\"2012-08-15T04:00:00+00:00\",\"dateModified\":\"2017-06-02T12:46:08+00:00\",\"mainEntityOfPage\":{\"@id\":\"https:\\\/\\\/interamerica.org\\\/es\\\/2012\\\/08\\\/vea-la-convencion-anual-asi-interamerica-en-vivo-desde-guatemala\\\/\"},\"wordCount\":230,\"articleSection\":[\"Archivo\"],\"inLanguage\":\"es\"},{\"@type\":\"WebPage\",\"@id\":\"https:\\\/\\\/interamerica.org\\\/es\\\/2012\\\/08\\\/vea-la-convencion-anual-asi-interamerica-en-vivo-desde-guatemala\\\/\",\"url\":\"https:\\\/\\\/interamerica.org\\\/es\\\/2012\\\/08\\\/vea-la-convencion-anual-asi-interamerica-en-vivo-desde-guatemala\\\/\",\"name\":\"Vea la Convenci\u00f3n Anual ASI Interam\u00e9rica en vivo desde Guatemala - Iglesia Adventista del S\u00e9ptimo D\u00eda - Divisi\u00f3n Interamericana\",\"isPartOf\":{\"@id\":\"https:\\\/\\\/interamerica.org\\\/es\\\/#website\"},\"datePublished\":\"2012-08-15T04:00:00+00:00\",\"dateModified\":\"2017-06-02T12:46:08+00:00\",\"author\":{\"@id\":\"https:\\\/\\\/interamerica.org\\\/es\\\/#\\\/schema\\\/person\\\/68ede8bdc292885bb76c1e3810e73c39\"},\"breadcrumb\":{\"@id\":\"https:\\\/\\\/interamerica.org\\\/es\\\/2012\\\/08\\\/vea-la-convencion-anual-asi-interamerica-en-vivo-desde-guatemala\\\/#breadcrumb\"},\"inLanguage\":\"es\",\"potentialAction\":[{\"@type\":\"ReadAction\",\"target\":[\"https:\\\/\\\/interamerica.org\\\/es\\\/2012\\\/08\\\/vea-la-convencion-anual-asi-interamerica-en-vivo-desde-guatemala\\\/\"]}]},{\"@type\":\"BreadcrumbList\",\"@id\":\"https:\\\/\\\/interamerica.org\\\/es\\\/2012\\\/08\\\/vea-la-convencion-anual-asi-interamerica-en-vivo-desde-guatemala\\\/#breadcrumb\",\"itemListElement\":[{\"@type\":\"ListItem\",\"position\":1,\"name\":\"Home\",\"item\":\"https:\\\/\\\/interamerica.org\\\/es\\\/\"},{\"@type\":\"ListItem\",\"position\":2,\"name\":\"Vea la Convenci\u00f3n Anual ASI Interam\u00e9rica en vivo desde Guatemala\"}]},{\"@type\":\"WebSite\",\"@id\":\"https:\\\/\\\/interamerica.org\\\/es\\\/#website\",\"url\":\"https:\\\/\\\/interamerica.org\\\/es\\\/\",\"name\":\"Iglesia Adventista del S\u00e9ptimo D\u00eda - Divisi\u00f3n Interamericana\",\"description\":\"\",\"potentialAction\":[{\"@type\":\"SearchAction\",\"target\":{\"@type\":\"EntryPoint\",\"urlTemplate\":\"https:\\\/\\\/interamerica.org\\\/es\\\/?s={search_term_string}\"},\"query-input\":{\"@type\":\"PropertyValueSpecification\",\"valueRequired\":true,\"valueName\":\"search_term_string\"}}],\"inLanguage\":\"es\"},{\"@type\":\"Person\",\"@id\":\"https:\\\/\\\/interamerica.org\\\/es\\\/#\\\/schema\\\/person\\\/68ede8bdc292885bb76c1e3810e73c39\",\"name\":\"Lorenzo Verduzco\",\"image\":{\"@type\":\"ImageObject\",\"inLanguage\":\"es\",\"@id\":\"https:\\\/\\\/secure.gravatar.com\\\/avatar\\\/fb81a55b6218459490a9c1dc841a34909185b81904c5337b4b27f7a6fd60c49e?s=96&d=mm&r=g\",\"url\":\"https:\\\/\\\/secure.gravatar.com\\\/avatar\\\/fb81a55b6218459490a9c1dc841a34909185b81904c5337b4b27f7a6fd60c49e?s=96&d=mm&r=g\",\"contentUrl\":\"https:\\\/\\\/secure.gravatar.com\\\/avatar\\\/fb81a55b6218459490a9c1dc841a34909185b81904c5337b4b27f7a6fd60c49e?s=96&d=mm&r=g\",\"caption\":\"Lorenzo Verduzco\"}}]}<\/script>\n<!-- \/ Yoast SEO plugin. -->","yoast_head_json":{"title":"Vea la Convenci\u00f3n Anual ASI Interam\u00e9rica en vivo desde Guatemala - Iglesia Adventista del S\u00e9ptimo D\u00eda - Divisi\u00f3n Interamericana","robots":{"index":"index","follow":"follow","max-snippet":"max-snippet:-1","max-image-preview":"max-image-preview:large","max-video-preview":"max-video-preview:-1"},"canonical":"https:\/\/interamerica.org\/es\/2012\/08\/vea-la-convencion-anual-asi-interamerica-en-vivo-desde-guatemala\/","og_locale":"es_ES","og_type":"article","og_title":"Vea la Convenci\u00f3n Anual ASI Interam\u00e9rica en vivo desde Guatemala - Iglesia Adventista del S\u00e9ptimo D\u00eda - Divisi\u00f3n Interamericana","og_description":"Sintonice la XII Convenci\u00f3n Anual de Servicios e Industrias de Laicos Adventistas de Interam\u00e9rica (ASI) en su programa de apertura comenzando hoy mi\u00e9rcoles a las 6:00 p.m. hora de Guatemala u 8:00 p.m. hora del este.","og_url":"https:\/\/interamerica.org\/es\/2012\/08\/vea-la-convencion-anual-asi-interamerica-en-vivo-desde-guatemala\/","og_site_name":"Iglesia Adventista del S\u00e9ptimo D\u00eda - Divisi\u00f3n Interamericana","article_published_time":"2012-08-15T04:00:00+00:00","article_modified_time":"2017-06-02T12:46:08+00:00","author":"Lorenzo Verduzco","twitter_card":"summary_large_image","twitter_misc":{"Escrito por":"Lorenzo Verduzco","Tiempo de lectura":"1 minuto"},"schema":{"@context":"https:\/\/schema.org","@graph":[{"@type":"Article","@id":"https:\/\/interamerica.org\/es\/2012\/08\/vea-la-convencion-anual-asi-interamerica-en-vivo-desde-guatemala\/#article","isPartOf":{"@id":"https:\/\/interamerica.org\/es\/2012\/08\/vea-la-convencion-anual-asi-interamerica-en-vivo-desde-guatemala\/"},"author":{"name":"Lorenzo Verduzco","@id":"https:\/\/interamerica.org\/es\/#\/schema\/person\/68ede8bdc292885bb76c1e3810e73c39"},"headline":"Vea la Convenci\u00f3n Anual ASI Interam\u00e9rica en vivo desde Guatemala","datePublished":"2012-08-15T04:00:00+00:00","dateModified":"2017-06-02T12:46:08+00:00","mainEntityOfPage":{"@id":"https:\/\/interamerica.org\/es\/2012\/08\/vea-la-convencion-anual-asi-interamerica-en-vivo-desde-guatemala\/"},"wordCount":230,"articleSection":["Archivo"],"inLanguage":"es"},{"@type":"WebPage","@id":"https:\/\/interamerica.org\/es\/2012\/08\/vea-la-convencion-anual-asi-interamerica-en-vivo-desde-guatemala\/","url":"https:\/\/interamerica.org\/es\/2012\/08\/vea-la-convencion-anual-asi-interamerica-en-vivo-desde-guatemala\/","name":"Vea la Convenci\u00f3n Anual ASI Interam\u00e9rica en vivo desde Guatemala - Iglesia Adventista del S\u00e9ptimo D\u00eda - Divisi\u00f3n Interamericana","isPartOf":{"@id":"https:\/\/interamerica.org\/es\/#website"},"datePublished":"2012-08-15T04:00:00+00:00","dateModified":"2017-06-02T12:46:08+00:00","author":{"@id":"https:\/\/interamerica.org\/es\/#\/schema\/person\/68ede8bdc292885bb76c1e3810e73c39"},"breadcrumb":{"@id":"https:\/\/interamerica.org\/es\/2012\/08\/vea-la-convencion-anual-asi-interamerica-en-vivo-desde-guatemala\/#breadcrumb"},"inLanguage":"es","potentialAction":[{"@type":"ReadAction","target":["https:\/\/interamerica.org\/es\/2012\/08\/vea-la-convencion-anual-asi-interamerica-en-vivo-desde-guatemala\/"]}]},{"@type":"BreadcrumbList","@id":"https:\/\/interamerica.org\/es\/2012\/08\/vea-la-convencion-anual-asi-interamerica-en-vivo-desde-guatemala\/#breadcrumb","itemListElement":[{"@type":"ListItem","position":1,"name":"Home","item":"https:\/\/interamerica.org\/es\/"},{"@type":"ListItem","position":2,"name":"Vea la Convenci\u00f3n Anual ASI Interam\u00e9rica en vivo desde Guatemala"}]},{"@type":"WebSite","@id":"https:\/\/interamerica.org\/es\/#website","url":"https:\/\/interamerica.org\/es\/","name":"Iglesia Adventista del S\u00e9ptimo D\u00eda - Divisi\u00f3n Interamericana","description":"","potentialAction":[{"@type":"SearchAction","target":{"@type":"EntryPoint","urlTemplate":"https:\/\/interamerica.org\/es\/?s={search_term_string}"},"query-input":{"@type":"PropertyValueSpecification","valueRequired":true,"valueName":"search_term_string"}}],"inLanguage":"es"},{"@type":"Person","@id":"https:\/\/interamerica.org\/es\/#\/schema\/person\/68ede8bdc292885bb76c1e3810e73c39","name":"Lorenzo Verduzco","image":{"@type":"ImageObject","inLanguage":"es","@id":"https:\/\/secure.gravatar.com\/avatar\/fb81a55b6218459490a9c1dc841a34909185b81904c5337b4b27f7a6fd60c49e?s=96&d=mm&r=g","url":"https:\/\/secure.gravatar.com\/avatar\/fb81a55b6218459490a9c1dc841a34909185b81904c5337b4b27f7a6fd60c49e?s=96&d=mm&r=g","contentUrl":"https:\/\/secure.gravatar.com\/avatar\/fb81a55b6218459490a9c1dc841a34909185b81904c5337b4b27f7a6fd60c49e?s=96&d=mm&r=g","caption":"Lorenzo Verduzco"}}]}},"_links":{"self":[{"href":"https:\/\/interamerica.org\/es\/wp-json\/wp\/v2\/posts\/12087","targetHints":{"allow":["GET"]}}],"collection":[{"href":"https:\/\/interamerica.org\/es\/wp-json\/wp\/v2\/posts"}],"about":[{"href":"https:\/\/interamerica.org\/es\/wp-json\/wp\/v2\/types\/post"}],"author":[{"embeddable":true,"href":"https:\/\/interamerica.org\/es\/wp-json\/wp\/v2\/users\/1"}],"replies":[{"embeddable":true,"href":"https:\/\/interamerica.org\/es\/wp-json\/wp\/v2\/comments?post=12087"}],"version-history":[{"count":0,"href":"https:\/\/interamerica.org\/es\/wp-json\/wp\/v2\/posts\/12087\/revisions"}],"wp:attachment":[{"href":"https:\/\/interamerica.org\/es\/wp-json\/wp\/v2\/media?parent=12087"}],"wp:term":[{"taxonomy":"category","embeddable":true,"href":"https:\/\/interamerica.org\/es\/wp-json\/wp\/v2\/categories?post=12087"},{"taxonomy":"post_tag","embeddable":true,"href":"https:\/\/interamerica.org\/es\/wp-json\/wp\/v2\/tags?post=12087"}],"curies":[{"name":"wp","href":"https:\/\/api.w.org\/{rel}","templated":true}]}}