{"id":120975,"date":"2024-10-16T18:09:06","date_gmt":"2024-10-16T22:09:06","guid":{"rendered":"https:\/\/interamerica.org\/?p=120975"},"modified":"2024-10-17T12:41:19","modified_gmt":"2024-10-17T16:41:19","slug":"dirigentes-adventistas-unidos-en-oracion-por-oriente-medio-en-medio-de-escalada-del-conflicto","status":"publish","type":"post","link":"https:\/\/interamerica.org\/es\/2024\/10\/dirigentes-adventistas-unidos-en-oracion-por-oriente-medio-en-medio-de-escalada-del-conflicto\/","title":{"rendered":"Dirigentes adventistas unidos en oraci\u00f3n por Oriente Medio en medio de escalada del conflicto"},"content":{"rendered":"<div id=\"attachment_120918\" style=\"width: 862px\" class=\"wp-caption aligncenter\"><img fetchpriority=\"high\" decoding=\"async\" aria-describedby=\"caption-attachment-120918\" class=\" wp-image-120916\" src=\"https:\/\/interamerica.org\/wp-content\/uploads\/2024\/10\/ac1-4-1024x683.jpg\" alt=\"\" width=\"852\" height=\"568\" srcset=\"https:\/\/interamerica.org\/wp-content\/uploads\/2024\/10\/ac1-4-1024x683.jpg 1024w, https:\/\/interamerica.org\/wp-content\/uploads\/2024\/10\/ac1-4-300x200.jpg 300w, https:\/\/interamerica.org\/wp-content\/uploads\/2024\/10\/ac1-4-768x512.jpg 768w, https:\/\/interamerica.org\/wp-content\/uploads\/2024\/10\/ac1-4-1536x1024.jpg 1536w, https:\/\/interamerica.org\/wp-content\/uploads\/2024\/10\/ac1-4.jpg 1920w\" sizes=\"(max-width: 852px) 100vw, 852px\" \/><p id=\"caption-attachment-120918\" class=\"wp-caption-text\">Dirigentes de la iglesia se re\u00fanen en las oficinas generales de la Iglesia Adventista del S\u00e9ptimo D\u00eda en Silver Spring, Maryland, Estados Unidos, para orar en favor de las personas desplazadas en el L\u00edbano, en medio de la escalada del conflicto en Oriente Medio. [Imagen: Lucas Cardino \/ AME (CC BY 4.0)]<\/p><\/div>\n<p class=\"c-post-header__subtitle\"><em>Cena anual destaca los esfuerzos de ayuda humanitaria para los desplazados en el L\u00edbano.<\/em><\/p>\n<p>16 de octubre de 2024 | Silver Spring, Maryland, Estados Unidos | Sam Neves, ANN<\/p>\n<p>En una reuni\u00f3n un tanto sombr\u00eda, pero esperanzada, los dirigentes de la Iglesia Adventista del S\u00e9ptimo D\u00eda en la Asociaci\u00f3n General (AG), celebraron su cena anual y de celebraci\u00f3n para miembros del personal y voluntarios con lazos en Oriente Mediano. Mientras que la celebraci\u00f3n y las historias de la labor misionera han caracterizado las reuniones de a\u00f1os previos, el evento de este a\u00f1o exhibi\u00f3 un tono de m\u00e1s urgencia al enfocarse la atenci\u00f3n de los l\u00edderes y asistentes en orar por la paz de toda esa agitada regi\u00f3n.<\/p>\n<p>El Oriente Medio, particularmente el L\u00edbano, est\u00e1 enfrentando severa agitaci\u00f3n en medio de la escalada de tensiones y violencia. El conflicto, el cual ha visto violaciones del espacio a\u00e9reo, escasez de art\u00edculos de primera necesidad y desplazamiento masivo de poblaciones, ha dejado a muchos pa\u00edses y comunidades batallando con profunda incertidumbre. Los dirigentes adventistas enfatizaron la idea de que sus oraciones y apoyo no est\u00e1n alineados con ning\u00fan lado pol\u00edtico; sino que su prop\u00f3sito es pedir la ayuda de Dios sobre todas las personas, independientemente de su religi\u00f3n, nacionalidad o sistema de creencias.<\/p>\n<p><div id=\"attachment_120921\" style=\"width: 888px\" class=\"wp-caption aligncenter\"><img decoding=\"async\" aria-describedby=\"caption-attachment-120921\" class=\" wp-image-120919\" src=\"https:\/\/interamerica.org\/wp-content\/uploads\/2024\/10\/adra-2-4-1024x575.jpg\" alt=\"\" width=\"878\" height=\"493\" srcset=\"https:\/\/interamerica.org\/wp-content\/uploads\/2024\/10\/adra-2-4-1024x575.jpg 1024w, https:\/\/interamerica.org\/wp-content\/uploads\/2024\/10\/adra-2-4-300x168.jpg 300w, https:\/\/interamerica.org\/wp-content\/uploads\/2024\/10\/adra-2-4-768x431.jpg 768w, https:\/\/interamerica.org\/wp-content\/uploads\/2024\/10\/adra-2-4-1536x862.jpg 1536w, https:\/\/interamerica.org\/wp-content\/uploads\/2024\/10\/adra-2-4.jpg 1920w\" sizes=\"(max-width: 878px) 100vw, 878px\" \/><p id=\"caption-attachment-120921\" class=\"wp-caption-text\">La Agencia Adventista de Desarrollo y Recursos Asistenciales ha estado sobre el terreno en el L\u00edbano, proveyendo apoyo vital y ayuda humanitaria. [Imagen: Lucas Cardino \/ AME (CC BY 4.0)]<\/p><\/div>\u201cAun cuando he permanecido en Beirut para estar con nuestro equipo durante la crisis, s\u00e9 bien que la cena de esta noche no es simplemente una celebraci\u00f3n del Oriente Medio; sino un momento para que nos unamos todos como pueblo que cree en el poder de la oraci\u00f3n\u201d, dijo Rick McEdward, presidente de la Uni\u00f3n del Oriente Medio y \u00c1frica de Norte de los adventistas del s\u00e9ptimo d\u00eda, en un mensaje grabado en video. \u201cDios ama a cada uno, independientemente de su religi\u00f3n o afiliaciones pol\u00edticas. Nuestra misi\u00f3n es traer esperanza y luz aun en la m\u00e1s oscura crisis\u201d.<\/p>\n<p><strong>Esfuerzos adventistas de socorro en el L\u00edbano<\/strong><\/p>\n<p>Mientras la violencia contin\u00faa desplazando a miles de personas en el L\u00edbano, la Agencia Adventista de Desarrollo y Recursos Asistenciales (ADRA) ha estado en el terreno de los hechos desde el primer ataque, proveyendo apoyo vital y ayuda humanitaria. El L\u00edbano, ya de por s\u00ed agobiado por las dificultades econ\u00f3micas y la inestabilidad pol\u00edtica, ha experimentado un influjo de personas desplazadas, lo que ha aumentado la escasez de alimentos, poniendo una inmensa presi\u00f3n en la infraestructura social del pa\u00eds.<\/p>\n<p>Los equipos de ADRA han estado trabajando incansablemente en la distribuci\u00f3n de alimentos, agua potable y albergue para las personas afectadas. Est\u00e1n colaborando tambi\u00e9n con las organizaciones locales y los socios internacionales para asegurarse de que las comunidades m\u00e1s vulnerables reciben ayuda.<\/p>\n<p>\u201cDesde el primer d\u00eda, nuestros equipos se han movilizado para proveer suministros esenciales y apoyo a las personas desplazadas\u201d, dijo el presidente de ADRA, Michael Kruger. \u201cSabemos bien la importancia de estar presentes en las comunidades, especialmente durante tales momentos dif\u00edciles. No se trata solamente de llevar ayuda; es m\u00e1s bien el ser una presencia de esperanza y apoyo\u201d.<\/p>\n<p><div id=\"attachment_120924\" style=\"width: 861px\" class=\"wp-caption aligncenter\"><img decoding=\"async\" aria-describedby=\"caption-attachment-120924\" class=\" wp-image-120922\" src=\"https:\/\/interamerica.org\/wp-content\/uploads\/2024\/10\/biaggi3-4-1024x574.jpg\" alt=\"\" width=\"851\" height=\"477\" srcset=\"https:\/\/interamerica.org\/wp-content\/uploads\/2024\/10\/biaggi3-4-1024x574.jpg 1024w, https:\/\/interamerica.org\/wp-content\/uploads\/2024\/10\/biaggi3-4-300x168.jpg 300w, https:\/\/interamerica.org\/wp-content\/uploads\/2024\/10\/biaggi3-4-768x431.jpg 768w, https:\/\/interamerica.org\/wp-content\/uploads\/2024\/10\/biaggi3-4.jpg 1280w\" sizes=\"(max-width: 851px) 100vw, 851px\" \/><p id=\"caption-attachment-120924\" class=\"wp-caption-text\">Billy Biaggi, un vicepresidente de la AG, relata una profunda historia personal acerca del impacto del conflicto en todo el L\u00edbano. [Imagen: Lucas Cardino \/ AME (CC BY 4.0)]<\/p><\/div><strong>Las escuelas adventistas ofrecen refugio<\/strong><\/p>\n<p>Adem\u00e1s de los esfuerzos de ayuda humanitaria de ADRA, las instituciones adventistas en el L\u00edbano y en todo el Oriente Medio, han estado involucradas en ayudar de diferentes formas a las personas desplazadas. La escuela adventista en Mouseitbeh, Beirut, se ha convertido en un sitio de refugio clave para personas desplazadas internamente, debido al conflicto presente. La escuela provee no solamente refugio, sino ofrece adem\u00e1s programas de apoyo emocional para ni\u00f1os desplazados, ayud\u00e1ndolos a navegar el trauma y la incertidumbre de su situaci\u00f3n.<\/p>\n<p>Personas voluntarias y miembros de iglesia se han prestado para cocinar alimentos, distribuir ropa y ofrecer apoyo espiritual y emocional a aquellos que lo necesitan. La Universidad del Oriente Medio (MEU), aunque no es un refugio, se ha convertido en un centro de oraci\u00f3n y de alcance a la comunidad, sirviendo comidas y proveyendo asistencia pr\u00e1ctica. Se celebran diariamente sesiones de oraci\u00f3n en dicha universidad, en donde tanto el personal como los estudiantes piden la intervenci\u00f3n y la protecci\u00f3n divinas en favor de su naci\u00f3n y de sus pobladores.<\/p>\n<p><strong>Una cuesti\u00f3n personal<\/strong><\/p>\n<p>En la reuni\u00f3n se incluyeron tambi\u00e9n algunas reflexiones de Billy Biaggi, un vicepresidente de la AG, quien relat\u00f3 una profunda historia personal acerca del impacto de la violencia que se vive actualmente. Record\u00f3 el momento cuando su hijo, quien presta sus servicios en Beirut, escuch\u00f3 explosiones cercanas y temi\u00f3 por la vida de su familia. La experiencia sirvi\u00f3 como un poderoso recordatorio de la urgencia de la crisis.<\/p>\n<p>\u201cComo padre, sent\u00ed el temor que cualquier padre experimenta por la seguridad de su hijo. Pero al mismo tiempo sent\u00ed una profunda tristeza por todas las personas atrapadas en la violencia\u201d, dijo el vicepresidente Biaggi. \u201cEsta noche oramos no solamente por la protecci\u00f3n de nuestras iglesias, escuelas y familias; sino tambi\u00e9n por todas las personas que viven en esa regi\u00f3n. Oramos por los desplazados, por los heridos y por aquellos que trabajan incansablemente para traer ayuda y esperanza\u201d.<\/p>\n<p><div id=\"attachment_120927\" style=\"width: 864px\" class=\"wp-caption aligncenter\"><img loading=\"lazy\" decoding=\"async\" aria-describedby=\"caption-attachment-120927\" class=\" wp-image-120925\" src=\"https:\/\/interamerica.org\/wp-content\/uploads\/2024\/10\/middleeast-prayer4-4-1024x683.jpg\" alt=\"\" width=\"854\" height=\"569\" srcset=\"https:\/\/interamerica.org\/wp-content\/uploads\/2024\/10\/middleeast-prayer4-4-1024x683.jpg 1024w, https:\/\/interamerica.org\/wp-content\/uploads\/2024\/10\/middleeast-prayer4-4-300x200.jpg 300w, https:\/\/interamerica.org\/wp-content\/uploads\/2024\/10\/middleeast-prayer4-4-768x512.jpg 768w, https:\/\/interamerica.org\/wp-content\/uploads\/2024\/10\/middleeast-prayer4-4-1536x1024.jpg 1536w, https:\/\/interamerica.org\/wp-content\/uploads\/2024\/10\/middleeast-prayer4-4.jpg 1920w\" sizes=\"(max-width: 854px) 100vw, 854px\" \/><p id=\"caption-attachment-120927\" class=\"wp-caption-text\">Dirigentes de la iglesia y amigos de la Iglesia Adventista del S\u00e9ptimo D\u00eda en el Oriente Medio se re\u00fanen para orar por los miembros de iglesia y las personas en el L\u00edbano. [Imagen: Lucas Cardino \/ AME (CC BY 4.0)]<\/p><\/div>El vicepresidente Biaggi hizo un llamado a la comunidad adventista mundial a unirse en oraci\u00f3n y apoyo por el Oriente Medio, enfatizando el hecho de que la misi\u00f3n de la iglesia se extiende m\u00e1s all\u00e1 de ser gu\u00eda espiritual. \u201cNuestras escuelas, hospitales y agencias de asistencia est\u00e1n ah\u00ed para servir, para proveer albergue y para ofrecer un rayo de esperanza durante estos tiempos de aflicci\u00f3n\u201d, dijo.<\/p>\n<p><strong>Brillando como luz de esperanza<\/strong><\/p>\n<p>Al concluir el evento, los asistentes se unieron en oraci\u00f3n por paz y protecci\u00f3n en la regi\u00f3n. Expresaron tambi\u00e9n su gratitud a la obra de ADRA, la escuela adventista en Mouseitbeh, la Universidad del Oriente Medio y a los incontables voluntarios que contin\u00faan marcando una diferencia en el terreno mismo de los hechos.<\/p>\n<p>\u201cA pesar de la violencia, a pesar del temor, continuaremos brillando como una luz de esperanza\u201d dijo el presidente McEdward. \u201cNuestra misi\u00f3n es muy clara y nuestra determinaci\u00f3n es fuerte. Estamos con la gente del Oriente Medio\u201d.<\/p>\n<p><em>La <\/em><a href=\"https:\/\/adventist.news\/news\/adventist-leaders-unite-in-prayer-for-middle-east-amid-escalating-conflict\" target=\"_blank\" rel=\"noopener\"><em>versi\u00f3n original<\/em><\/a><em> de esta noticia la public\u00f3<\/em><a href=\"https:\/\/adventist.news\/news\" target=\"_blank\" rel=\"noopener\"><em>ANN<\/em><\/a><em>.<\/em><\/p>\n<p>Traducci\u00f3n \u2013 Gloria A. Castrej\u00f3n<\/p>\n","protected":false},"excerpt":{"rendered":"<p>Cena anual destaca los esfuerzos de ayuda humanitaria para los desplazados en el L\u00edbano. 16 de octubre de 2024 | Silver Spring, Maryland, Estados Unidos | Sam Neves, ANN En&#8230;<\/p>\n","protected":false},"author":3,"featured_media":120915,"comment_status":"closed","ping_status":"closed","sticky":false,"template":"","format":"standard","meta":{"_acf_changed":false,"footnotes":""},"categories":[14,15],"tags":[],"class_list":["post-120975","post","type-post","status-publish","format-standard","has-post-thumbnail","hentry","category-de-la-iglesia-mundial","category-rss-espanol"],"acf":[],"yoast_head":"<!-- This site is optimized with the Yoast SEO plugin v27.3 - https:\/\/yoast.com\/product\/yoast-seo-wordpress\/ -->\n<title>Dirigentes adventistas unidos en oraci\u00f3n por Oriente Medio en medio de escalada del conflicto - Iglesia Adventista del S\u00e9ptimo D\u00eda - Divisi\u00f3n Interamericana<\/title>\n<meta name=\"robots\" content=\"index, follow, max-snippet:-1, max-image-preview:large, max-video-preview:-1\" \/>\n<link rel=\"canonical\" href=\"https:\/\/interamerica.org\/es\/2024\/10\/dirigentes-adventistas-unidos-en-oracion-por-oriente-medio-en-medio-de-escalada-del-conflicto\/\" \/>\n<meta property=\"og:locale\" content=\"es_ES\" \/>\n<meta property=\"og:type\" content=\"article\" \/>\n<meta property=\"og:title\" content=\"Dirigentes adventistas unidos en oraci\u00f3n por Oriente Medio en medio de escalada del conflicto - Iglesia Adventista del S\u00e9ptimo D\u00eda - Divisi\u00f3n Interamericana\" \/>\n<meta property=\"og:description\" content=\"Cena anual destaca los esfuerzos de ayuda humanitaria para los desplazados en el L\u00edbano. 16 de octubre de 2024 | Silver Spring, Maryland, Estados Unidos | Sam Neves, ANN En...\" \/>\n<meta property=\"og:url\" content=\"https:\/\/interamerica.org\/es\/2024\/10\/dirigentes-adventistas-unidos-en-oracion-por-oriente-medio-en-medio-de-escalada-del-conflicto\/\" \/>\n<meta property=\"og:site_name\" content=\"Iglesia Adventista del S\u00e9ptimo D\u00eda - Divisi\u00f3n Interamericana\" \/>\n<meta property=\"article:published_time\" content=\"2024-10-16T22:09:06+00:00\" \/>\n<meta property=\"article:modified_time\" content=\"2024-10-17T16:41:19+00:00\" \/>\n<meta property=\"og:image\" content=\"https:\/\/interamerica.org\/wp-content\/uploads\/2024\/10\/1-4-600x0-c-default.jpg\" \/>\n\t<meta property=\"og:image:width\" content=\"600\" \/>\n\t<meta property=\"og:image:height\" content=\"400\" \/>\n\t<meta property=\"og:image:type\" content=\"image\/jpeg\" \/>\n<meta name=\"author\" content=\"libna\" \/>\n<meta name=\"twitter:card\" content=\"summary_large_image\" \/>\n<meta name=\"twitter:label1\" content=\"Escrito por\" \/>\n\t<meta name=\"twitter:data1\" content=\"libna\" \/>\n\t<meta name=\"twitter:label2\" content=\"Tiempo de lectura\" \/>\n\t<meta name=\"twitter:data2\" content=\"7 minutos\" \/>\n<script type=\"application\/ld+json\" class=\"yoast-schema-graph\">{\"@context\":\"https:\\\/\\\/schema.org\",\"@graph\":[{\"@type\":\"Article\",\"@id\":\"https:\\\/\\\/interamerica.org\\\/es\\\/2024\\\/10\\\/dirigentes-adventistas-unidos-en-oracion-por-oriente-medio-en-medio-de-escalada-del-conflicto\\\/#article\",\"isPartOf\":{\"@id\":\"https:\\\/\\\/interamerica.org\\\/es\\\/2024\\\/10\\\/dirigentes-adventistas-unidos-en-oracion-por-oriente-medio-en-medio-de-escalada-del-conflicto\\\/\"},\"author\":{\"name\":\"libna\",\"@id\":\"https:\\\/\\\/interamerica.org\\\/es\\\/#\\\/schema\\\/person\\\/29998f2bc2d8bd0d38662909289b54f1\"},\"headline\":\"Dirigentes adventistas unidos en oraci\u00f3n por Oriente Medio en medio de escalada del conflicto\",\"datePublished\":\"2024-10-16T22:09:06+00:00\",\"dateModified\":\"2024-10-17T16:41:19+00:00\",\"mainEntityOfPage\":{\"@id\":\"https:\\\/\\\/interamerica.org\\\/es\\\/2024\\\/10\\\/dirigentes-adventistas-unidos-en-oracion-por-oriente-medio-en-medio-de-escalada-del-conflicto\\\/\"},\"wordCount\":1270,\"image\":{\"@id\":\"https:\\\/\\\/interamerica.org\\\/es\\\/2024\\\/10\\\/dirigentes-adventistas-unidos-en-oracion-por-oriente-medio-en-medio-de-escalada-del-conflicto\\\/#primaryimage\"},\"thumbnailUrl\":\"https:\\\/\\\/interamerica.org\\\/wp-content\\\/uploads\\\/2024\\\/10\\\/1-4-600x0-c-default.jpg\",\"articleSection\":[\"Desde la iglesia mundial\",\"RSS Espa\u00f1ol\"],\"inLanguage\":\"es\"},{\"@type\":\"WebPage\",\"@id\":\"https:\\\/\\\/interamerica.org\\\/es\\\/2024\\\/10\\\/dirigentes-adventistas-unidos-en-oracion-por-oriente-medio-en-medio-de-escalada-del-conflicto\\\/\",\"url\":\"https:\\\/\\\/interamerica.org\\\/es\\\/2024\\\/10\\\/dirigentes-adventistas-unidos-en-oracion-por-oriente-medio-en-medio-de-escalada-del-conflicto\\\/\",\"name\":\"Dirigentes adventistas unidos en oraci\u00f3n por Oriente Medio en medio de escalada del conflicto - Iglesia Adventista del S\u00e9ptimo D\u00eda - Divisi\u00f3n Interamericana\",\"isPartOf\":{\"@id\":\"https:\\\/\\\/interamerica.org\\\/es\\\/#website\"},\"primaryImageOfPage\":{\"@id\":\"https:\\\/\\\/interamerica.org\\\/es\\\/2024\\\/10\\\/dirigentes-adventistas-unidos-en-oracion-por-oriente-medio-en-medio-de-escalada-del-conflicto\\\/#primaryimage\"},\"image\":{\"@id\":\"https:\\\/\\\/interamerica.org\\\/es\\\/2024\\\/10\\\/dirigentes-adventistas-unidos-en-oracion-por-oriente-medio-en-medio-de-escalada-del-conflicto\\\/#primaryimage\"},\"thumbnailUrl\":\"https:\\\/\\\/interamerica.org\\\/wp-content\\\/uploads\\\/2024\\\/10\\\/1-4-600x0-c-default.jpg\",\"datePublished\":\"2024-10-16T22:09:06+00:00\",\"dateModified\":\"2024-10-17T16:41:19+00:00\",\"author\":{\"@id\":\"https:\\\/\\\/interamerica.org\\\/es\\\/#\\\/schema\\\/person\\\/29998f2bc2d8bd0d38662909289b54f1\"},\"breadcrumb\":{\"@id\":\"https:\\\/\\\/interamerica.org\\\/es\\\/2024\\\/10\\\/dirigentes-adventistas-unidos-en-oracion-por-oriente-medio-en-medio-de-escalada-del-conflicto\\\/#breadcrumb\"},\"inLanguage\":\"es\",\"potentialAction\":[{\"@type\":\"ReadAction\",\"target\":[\"https:\\\/\\\/interamerica.org\\\/es\\\/2024\\\/10\\\/dirigentes-adventistas-unidos-en-oracion-por-oriente-medio-en-medio-de-escalada-del-conflicto\\\/\"]}]},{\"@type\":\"ImageObject\",\"inLanguage\":\"es\",\"@id\":\"https:\\\/\\\/interamerica.org\\\/es\\\/2024\\\/10\\\/dirigentes-adventistas-unidos-en-oracion-por-oriente-medio-en-medio-de-escalada-del-conflicto\\\/#primaryimage\",\"url\":\"https:\\\/\\\/interamerica.org\\\/wp-content\\\/uploads\\\/2024\\\/10\\\/1-4-600x0-c-default.jpg\",\"contentUrl\":\"https:\\\/\\\/interamerica.org\\\/wp-content\\\/uploads\\\/2024\\\/10\\\/1-4-600x0-c-default.jpg\",\"width\":600,\"height\":400,\"caption\":\"Church leaders gather at the Seventh-day Adventist Church headquarters in Silver Spring, Maryland, United States, to pray for the displaced persons in Lebanon amid the escalating Middle East conflict. [Photo: Lucas Cardino \\\/ AME (CC BY 4.0)]\"},{\"@type\":\"BreadcrumbList\",\"@id\":\"https:\\\/\\\/interamerica.org\\\/es\\\/2024\\\/10\\\/dirigentes-adventistas-unidos-en-oracion-por-oriente-medio-en-medio-de-escalada-del-conflicto\\\/#breadcrumb\",\"itemListElement\":[{\"@type\":\"ListItem\",\"position\":1,\"name\":\"Home\",\"item\":\"https:\\\/\\\/interamerica.org\\\/es\\\/\"},{\"@type\":\"ListItem\",\"position\":2,\"name\":\"Dirigentes adventistas unidos en oraci\u00f3n por Oriente Medio en medio de escalada del conflicto\"}]},{\"@type\":\"WebSite\",\"@id\":\"https:\\\/\\\/interamerica.org\\\/es\\\/#website\",\"url\":\"https:\\\/\\\/interamerica.org\\\/es\\\/\",\"name\":\"Iglesia Adventista del S\u00e9ptimo D\u00eda - Divisi\u00f3n Interamericana\",\"description\":\"\",\"potentialAction\":[{\"@type\":\"SearchAction\",\"target\":{\"@type\":\"EntryPoint\",\"urlTemplate\":\"https:\\\/\\\/interamerica.org\\\/es\\\/?s={search_term_string}\"},\"query-input\":{\"@type\":\"PropertyValueSpecification\",\"valueRequired\":true,\"valueName\":\"search_term_string\"}}],\"inLanguage\":\"es\"},{\"@type\":\"Person\",\"@id\":\"https:\\\/\\\/interamerica.org\\\/es\\\/#\\\/schema\\\/person\\\/29998f2bc2d8bd0d38662909289b54f1\",\"name\":\"libna\",\"image\":{\"@type\":\"ImageObject\",\"inLanguage\":\"es\",\"@id\":\"https:\\\/\\\/secure.gravatar.com\\\/avatar\\\/7c5bd30ae4b47a9ba3c856590957fd1d96dc588bf3ac05719d247e126840331f?s=96&d=mm&r=g\",\"url\":\"https:\\\/\\\/secure.gravatar.com\\\/avatar\\\/7c5bd30ae4b47a9ba3c856590957fd1d96dc588bf3ac05719d247e126840331f?s=96&d=mm&r=g\",\"contentUrl\":\"https:\\\/\\\/secure.gravatar.com\\\/avatar\\\/7c5bd30ae4b47a9ba3c856590957fd1d96dc588bf3ac05719d247e126840331f?s=96&d=mm&r=g\",\"caption\":\"libna\"}}]}<\/script>\n<!-- \/ Yoast SEO plugin. -->","yoast_head_json":{"title":"Dirigentes adventistas unidos en oraci\u00f3n por Oriente Medio en medio de escalada del conflicto - Iglesia Adventista del S\u00e9ptimo D\u00eda - Divisi\u00f3n Interamericana","robots":{"index":"index","follow":"follow","max-snippet":"max-snippet:-1","max-image-preview":"max-image-preview:large","max-video-preview":"max-video-preview:-1"},"canonical":"https:\/\/interamerica.org\/es\/2024\/10\/dirigentes-adventistas-unidos-en-oracion-por-oriente-medio-en-medio-de-escalada-del-conflicto\/","og_locale":"es_ES","og_type":"article","og_title":"Dirigentes adventistas unidos en oraci\u00f3n por Oriente Medio en medio de escalada del conflicto - Iglesia Adventista del S\u00e9ptimo D\u00eda - Divisi\u00f3n Interamericana","og_description":"Cena anual destaca los esfuerzos de ayuda humanitaria para los desplazados en el L\u00edbano. 16 de octubre de 2024 | Silver Spring, Maryland, Estados Unidos | Sam Neves, ANN En...","og_url":"https:\/\/interamerica.org\/es\/2024\/10\/dirigentes-adventistas-unidos-en-oracion-por-oriente-medio-en-medio-de-escalada-del-conflicto\/","og_site_name":"Iglesia Adventista del S\u00e9ptimo D\u00eda - Divisi\u00f3n Interamericana","article_published_time":"2024-10-16T22:09:06+00:00","article_modified_time":"2024-10-17T16:41:19+00:00","og_image":[{"width":600,"height":400,"url":"https:\/\/interamerica.org\/wp-content\/uploads\/2024\/10\/1-4-600x0-c-default.jpg","type":"image\/jpeg"}],"author":"libna","twitter_card":"summary_large_image","twitter_misc":{"Escrito por":"libna","Tiempo de lectura":"7 minutos"},"schema":{"@context":"https:\/\/schema.org","@graph":[{"@type":"Article","@id":"https:\/\/interamerica.org\/es\/2024\/10\/dirigentes-adventistas-unidos-en-oracion-por-oriente-medio-en-medio-de-escalada-del-conflicto\/#article","isPartOf":{"@id":"https:\/\/interamerica.org\/es\/2024\/10\/dirigentes-adventistas-unidos-en-oracion-por-oriente-medio-en-medio-de-escalada-del-conflicto\/"},"author":{"name":"libna","@id":"https:\/\/interamerica.org\/es\/#\/schema\/person\/29998f2bc2d8bd0d38662909289b54f1"},"headline":"Dirigentes adventistas unidos en oraci\u00f3n por Oriente Medio en medio de escalada del conflicto","datePublished":"2024-10-16T22:09:06+00:00","dateModified":"2024-10-17T16:41:19+00:00","mainEntityOfPage":{"@id":"https:\/\/interamerica.org\/es\/2024\/10\/dirigentes-adventistas-unidos-en-oracion-por-oriente-medio-en-medio-de-escalada-del-conflicto\/"},"wordCount":1270,"image":{"@id":"https:\/\/interamerica.org\/es\/2024\/10\/dirigentes-adventistas-unidos-en-oracion-por-oriente-medio-en-medio-de-escalada-del-conflicto\/#primaryimage"},"thumbnailUrl":"https:\/\/interamerica.org\/wp-content\/uploads\/2024\/10\/1-4-600x0-c-default.jpg","articleSection":["Desde la iglesia mundial","RSS Espa\u00f1ol"],"inLanguage":"es"},{"@type":"WebPage","@id":"https:\/\/interamerica.org\/es\/2024\/10\/dirigentes-adventistas-unidos-en-oracion-por-oriente-medio-en-medio-de-escalada-del-conflicto\/","url":"https:\/\/interamerica.org\/es\/2024\/10\/dirigentes-adventistas-unidos-en-oracion-por-oriente-medio-en-medio-de-escalada-del-conflicto\/","name":"Dirigentes adventistas unidos en oraci\u00f3n por Oriente Medio en medio de escalada del conflicto - Iglesia Adventista del S\u00e9ptimo D\u00eda - Divisi\u00f3n Interamericana","isPartOf":{"@id":"https:\/\/interamerica.org\/es\/#website"},"primaryImageOfPage":{"@id":"https:\/\/interamerica.org\/es\/2024\/10\/dirigentes-adventistas-unidos-en-oracion-por-oriente-medio-en-medio-de-escalada-del-conflicto\/#primaryimage"},"image":{"@id":"https:\/\/interamerica.org\/es\/2024\/10\/dirigentes-adventistas-unidos-en-oracion-por-oriente-medio-en-medio-de-escalada-del-conflicto\/#primaryimage"},"thumbnailUrl":"https:\/\/interamerica.org\/wp-content\/uploads\/2024\/10\/1-4-600x0-c-default.jpg","datePublished":"2024-10-16T22:09:06+00:00","dateModified":"2024-10-17T16:41:19+00:00","author":{"@id":"https:\/\/interamerica.org\/es\/#\/schema\/person\/29998f2bc2d8bd0d38662909289b54f1"},"breadcrumb":{"@id":"https:\/\/interamerica.org\/es\/2024\/10\/dirigentes-adventistas-unidos-en-oracion-por-oriente-medio-en-medio-de-escalada-del-conflicto\/#breadcrumb"},"inLanguage":"es","potentialAction":[{"@type":"ReadAction","target":["https:\/\/interamerica.org\/es\/2024\/10\/dirigentes-adventistas-unidos-en-oracion-por-oriente-medio-en-medio-de-escalada-del-conflicto\/"]}]},{"@type":"ImageObject","inLanguage":"es","@id":"https:\/\/interamerica.org\/es\/2024\/10\/dirigentes-adventistas-unidos-en-oracion-por-oriente-medio-en-medio-de-escalada-del-conflicto\/#primaryimage","url":"https:\/\/interamerica.org\/wp-content\/uploads\/2024\/10\/1-4-600x0-c-default.jpg","contentUrl":"https:\/\/interamerica.org\/wp-content\/uploads\/2024\/10\/1-4-600x0-c-default.jpg","width":600,"height":400,"caption":"Church leaders gather at the Seventh-day Adventist Church headquarters in Silver Spring, Maryland, United States, to pray for the displaced persons in Lebanon amid the escalating Middle East conflict. [Photo: Lucas Cardino \/ AME (CC BY 4.0)]"},{"@type":"BreadcrumbList","@id":"https:\/\/interamerica.org\/es\/2024\/10\/dirigentes-adventistas-unidos-en-oracion-por-oriente-medio-en-medio-de-escalada-del-conflicto\/#breadcrumb","itemListElement":[{"@type":"ListItem","position":1,"name":"Home","item":"https:\/\/interamerica.org\/es\/"},{"@type":"ListItem","position":2,"name":"Dirigentes adventistas unidos en oraci\u00f3n por Oriente Medio en medio de escalada del conflicto"}]},{"@type":"WebSite","@id":"https:\/\/interamerica.org\/es\/#website","url":"https:\/\/interamerica.org\/es\/","name":"Iglesia Adventista del S\u00e9ptimo D\u00eda - Divisi\u00f3n Interamericana","description":"","potentialAction":[{"@type":"SearchAction","target":{"@type":"EntryPoint","urlTemplate":"https:\/\/interamerica.org\/es\/?s={search_term_string}"},"query-input":{"@type":"PropertyValueSpecification","valueRequired":true,"valueName":"search_term_string"}}],"inLanguage":"es"},{"@type":"Person","@id":"https:\/\/interamerica.org\/es\/#\/schema\/person\/29998f2bc2d8bd0d38662909289b54f1","name":"libna","image":{"@type":"ImageObject","inLanguage":"es","@id":"https:\/\/secure.gravatar.com\/avatar\/7c5bd30ae4b47a9ba3c856590957fd1d96dc588bf3ac05719d247e126840331f?s=96&d=mm&r=g","url":"https:\/\/secure.gravatar.com\/avatar\/7c5bd30ae4b47a9ba3c856590957fd1d96dc588bf3ac05719d247e126840331f?s=96&d=mm&r=g","contentUrl":"https:\/\/secure.gravatar.com\/avatar\/7c5bd30ae4b47a9ba3c856590957fd1d96dc588bf3ac05719d247e126840331f?s=96&d=mm&r=g","caption":"libna"}}]}},"_links":{"self":[{"href":"https:\/\/interamerica.org\/es\/wp-json\/wp\/v2\/posts\/120975","targetHints":{"allow":["GET"]}}],"collection":[{"href":"https:\/\/interamerica.org\/es\/wp-json\/wp\/v2\/posts"}],"about":[{"href":"https:\/\/interamerica.org\/es\/wp-json\/wp\/v2\/types\/post"}],"author":[{"embeddable":true,"href":"https:\/\/interamerica.org\/es\/wp-json\/wp\/v2\/users\/3"}],"replies":[{"embeddable":true,"href":"https:\/\/interamerica.org\/es\/wp-json\/wp\/v2\/comments?post=120975"}],"version-history":[{"count":0,"href":"https:\/\/interamerica.org\/es\/wp-json\/wp\/v2\/posts\/120975\/revisions"}],"wp:featuredmedia":[{"embeddable":true,"href":"https:\/\/interamerica.org\/es\/wp-json\/wp\/v2\/media\/120915"}],"wp:attachment":[{"href":"https:\/\/interamerica.org\/es\/wp-json\/wp\/v2\/media?parent=120975"}],"wp:term":[{"taxonomy":"category","embeddable":true,"href":"https:\/\/interamerica.org\/es\/wp-json\/wp\/v2\/categories?post=120975"},{"taxonomy":"post_tag","embeddable":true,"href":"https:\/\/interamerica.org\/es\/wp-json\/wp\/v2\/tags?post=120975"}],"curies":[{"name":"wp","href":"https:\/\/api.w.org\/{rel}","templated":true}]}}