{"id":121948,"date":"2024-11-12T11:51:07","date_gmt":"2024-11-12T16:51:07","guid":{"rendered":"https:\/\/interamerica.org\/?p=121948"},"modified":"2024-11-19T19:48:53","modified_gmt":"2024-11-20T00:48:53","slug":"toda-la-familia-en-mision-marca-el-tono-de-las-reuniones-de-fin-de-ano-de-la-division-interamericana","status":"publish","type":"post","link":"https:\/\/interamerica.org\/es\/2024\/11\/toda-la-familia-en-mision-marca-el-tono-de-las-reuniones-de-fin-de-ano-de-la-division-interamericana\/","title":{"rendered":"\u201cToda la familia en misi\u00f3n\u201d marca el tono de las reuniones de fin de a\u00f1o de la Divisi\u00f3n Interamericana"},"content":{"rendered":"<p><div id=\"attachment_121923\" style=\"width: 877px\" class=\"wp-caption aligncenter\"><img fetchpriority=\"high\" decoding=\"async\" aria-describedby=\"caption-attachment-121923\" class=\" wp-image-121921\" src=\"https:\/\/interamerica.org\/wp-content\/uploads\/2024\/11\/allfamm-um2024-nov9.jpg\" alt=\"\" width=\"867\" height=\"521\" srcset=\"https:\/\/interamerica.org\/wp-content\/uploads\/2024\/11\/allfamm-um2024-nov9.jpg 1000w, https:\/\/interamerica.org\/wp-content\/uploads\/2024\/11\/allfamm-um2024-nov9-300x180.jpg 300w, https:\/\/interamerica.org\/wp-content\/uploads\/2024\/11\/allfamm-um2024-nov9-768x462.jpg 768w\" sizes=\"(max-width: 867px) 100vw, 867px\" \/><p id=\"caption-attachment-121923\" class=\"wp-caption-text\">Un grupo de estudiantes de la universidad de Montemorelos canta durante la apertura de las Reuniones de Fin de A\u00f1o de la Junta Directiva de la Divisi\u00f3n Interamericana enfocadas en los esfuerzos de \u201cToda la familia en misi\u00f3n\u201d, el s\u00e1bado 9 de noviembre de 2024 desde Montemorelos, Nuevo Le\u00f3n, M\u00e9xico. [Fotograf\u00eda: Libna Stevens\/DIA]<\/p><\/div><em>Los principales l\u00edderes de la iglesia muestran el impacto en el territorio a medida que la iniciativa insignia se expande por todo el territorio.<\/em><\/p>\n<p>11 de noviembre de 2024 | Montemorelos, Nuevo Le\u00f3n, M\u00e9xico | Libna Stevens, Noticias de la Divisi\u00f3n Interamericana<\/p>\n<p>Las Reuniones de Fin de A\u00f1o de la Junta Directiva de la Divisi\u00f3n Interamericana se iniciaron este fin de semana con un programa especial sab\u00e1tico en l\u00ednea desde Montemorelos, M\u00e9xico, que celebr\u00f3 las iniciativas y actividades que han movilizado a miles de adventistas a la hora de compartir el evangelio en todo el territorio.<\/p>\n<p>El evento en vivo reuni\u00f3 a m\u00e1s de 150 de los principales administradores de la iglesia, directores de departamento, pastores, laicos y miembros de la junta directiva, junto con cientos de miembros de las iglesias locales, que se dieron cita en la iglesia adventista en el campus de la Universidad de Montemorelos y en l\u00ednea el 9 de noviembre de 2024.<\/p>\n<p><div id=\"attachment_121933\" style=\"width: 878px\" class=\"wp-caption aligncenter\"><img decoding=\"async\" aria-describedby=\"caption-attachment-121933\" class=\" wp-image-121931\" src=\"https:\/\/interamerica.org\/wp-content\/uploads\/2024\/11\/ismael-castillo-um-misael-castaneda.jpg\" alt=\"\" width=\"868\" height=\"585\" srcset=\"https:\/\/interamerica.org\/wp-content\/uploads\/2024\/11\/ismael-castillo-um-misael-castaneda.jpg 1000w, https:\/\/interamerica.org\/wp-content\/uploads\/2024\/11\/ismael-castillo-um-misael-castaneda-300x202.jpg 300w, https:\/\/interamerica.org\/wp-content\/uploads\/2024\/11\/ismael-castillo-um-misael-castaneda-768x518.jpg 768w\" sizes=\"(max-width: 868px) 100vw, 868px\" \/><p id=\"caption-attachment-121933\" class=\"wp-caption-text\">El rector de la Universidad de Montemorelos Ismael Castillo (derecha) da la bienvenida a los l\u00edderes y miembros de la junta directiva, durante el programa especial sab\u00e1tico en vivo, mientras que el pastor Misael Casta\u00f1eda (izquierda), pastor de la Iglesia Adventista en el campus, observa. [Fotograf\u00eda: Libna Stevens\/DIA]<\/p><\/div>\u201cEstamos aqu\u00ed para celebrar, enfatizar y explicar el plan estrat\u00e9gico, \u2018Toda la familia en misi\u00f3n\u2019, que fue puesto en movimiento en todo el territorio de la Divisi\u00f3n Interamericana este a\u00f1o\u201d, dijo el pastor Balvin Braham, vicepresidente de la Divisi\u00f3n Interamericana a cargo de evangelismo, en el comienzo del programa.<\/p>\n<p>La iniciativa \u201cToda la familia en misi\u00f3n\u201d busca involucrar a los miembros de iglesia en los esfuerzos misioneros de evangelismo personal y p\u00fablico, en preparaci\u00f3n para el pronto regreso de Cristo.<\/p>\n<p>El programa de tres horas de duraci\u00f3n tuvo por prop\u00f3sito servir de llamado a la acci\u00f3n para generar impulso, a medida que se aproxima el final de la iniciativa el a\u00f1o pr\u00f3ximo, dijo Braham.<\/p>\n<p><div id=\"attachment_121899\" style=\"width: 880px\" class=\"wp-caption aligncenter\"><img decoding=\"async\" aria-describedby=\"caption-attachment-121899\" class=\" wp-image-121897\" src=\"https:\/\/interamerica.org\/wp-content\/uploads\/2024\/11\/alfam-audience-umchurch.jpg\" alt=\"\" width=\"870\" height=\"580\" srcset=\"https:\/\/interamerica.org\/wp-content\/uploads\/2024\/11\/alfam-audience-umchurch.jpg 1000w, https:\/\/interamerica.org\/wp-content\/uploads\/2024\/11\/alfam-audience-umchurch-300x200.jpg 300w, https:\/\/interamerica.org\/wp-content\/uploads\/2024\/11\/alfam-audience-umchurch-768x512.jpg 768w\" sizes=\"(max-width: 870px) 100vw, 870px\" \/><p id=\"caption-attachment-121899\" class=\"wp-caption-text\">M\u00e1s de mil miembros de iglesia llenaron la iglesia adventista del campus de la Universidad de Montemorelos para participar del programa especial \u201cToda la familia en misi\u00f3n\u201d, el s\u00e1bado 9 de noviembre de 2024. [Fotograf\u00eda: Libna Stevens\/DIA]<\/p><\/div><strong>Logros de las iniciativas misioneras<\/strong><\/p>\n<p>Uno por uno, los coordinadores de evangelismo y los administradores de las uniones contaron c\u00f3mo los miembros de iglesia han estado sirviendo a la comunidad, creciendo como disc\u00edpulos fieles, compartiendo el evangelio y cosechando los frutos de sus esfuerzos de evangelizaci\u00f3n.<\/p>\n<p>\u201cHemos estado motivando a nuestros miembros para que participen del ayuno y la oraci\u00f3n, anim\u00e1ndolos a profundizar en el estudio de la Biblia, y sirviendo a la comunidad por medio de la distribuci\u00f3n de art\u00edculos para las necesidades b\u00e1sicas, y ofreciendo apoyo a la salud mental\u201d, dijo el pastor Felipe Dom\u00ednguez, coordinador de evangelismo de la Uni\u00f3n Mexicana del Sureste.<\/p>\n<p>En la Uni\u00f3n Mexicana Interoce\u00e1nica, miles de miembros de iglesia han estado dando estudios b\u00edblicos en sus grupos peque\u00f1os cada semana, dijo Martin Olivera, coordinador de evangelismo de la uni\u00f3n. Hasta el momento este a\u00f1o, se han dado cincuenta mil estudios b\u00edblicos, lo que ha contribuido a m\u00e1s de catorce mil bautismos, cien nuevos grupos y ochenta nuevas iglesias organizadas, dijeron los administradores de la uni\u00f3n.<\/p>\n<p><div id=\"attachment_121917\" style=\"width: 859px\" class=\"wp-caption aligncenter\"><img loading=\"lazy\" decoding=\"async\" aria-describedby=\"caption-attachment-121917\" class=\" wp-image-121915\" src=\"https:\/\/interamerica.org\/wp-content\/uploads\/2024\/11\/allfam-um-panel-bb.jpg\" alt=\"\" width=\"849\" height=\"566\" srcset=\"https:\/\/interamerica.org\/wp-content\/uploads\/2024\/11\/allfam-um-panel-bb.jpg 1000w, https:\/\/interamerica.org\/wp-content\/uploads\/2024\/11\/allfam-um-panel-bb-300x200.jpg 300w, https:\/\/interamerica.org\/wp-content\/uploads\/2024\/11\/allfam-um-panel-bb-768x511.jpg 768w\" sizes=\"(max-width: 849px) 100vw, 849px\" \/><p id=\"caption-attachment-121917\" class=\"wp-caption-text\">(De izquierda a derecha): Los pastores Balvin Braham, vicepresidente de la Divisi\u00f3n Interamericana, dirige un peque\u00f1o foro sobre las iniciativas \u201cToda la familia en misi\u00f3n\u201d que se est\u00e1n llevando a cabo en las iglesias locales de tres uniones diferentes de M\u00e9xico. Parte del foro durante el programa en vivo incluy\u00f3 a los coordinadores de evangelismo de las uniones, el pastor Sedric G\u00f3mez, de la Uni\u00f3n Mexicana del Norte; Felipe Dom\u00ednguez, de la Uni\u00f3n Mexicana del Sureste; y Mart\u00edn Olvera, de la Uni\u00f3n Mexicana Interoce\u00e1nica. [Fotograf\u00eda: Libna Stevens\/DIA]<\/p><\/div><strong>Esfuerzos intensificados en la comunidad<\/strong><\/p>\n<p>El pastor Te\u00f3filo Silvestre, presidente de la Uni\u00f3n Dominicana, cont\u00f3 que los ocho restaurantes vegetarianos han estado ofreciendo clases de estilo de vida y de cocina saludable como parte de intensas iniciativas misioneras que buscan impactar la comunidad. Adem\u00e1s de ello, brigadas m\u00e9dicas conducidas por tres instituciones de salud de la isla han servido hasta el momento a m\u00e1s de cinco mil personas. Tres centros de influencia tambi\u00e9n han beneficiado a cientos de familias al responder a sus necesidades de salud mental.<\/p>\n<p>\u201cEstamos planificando continuar intensificando nuestros esfuerzos en la comunidad en 2025, lo que incluye establecer quince pozos de agua en varias comunidades necesitadas\u201d, dijo Silvestre.<\/p>\n<p>El pastor Everett Brown, presidente de la Uni\u00f3n Jamaiquina, dijo que miles de platos de comida han sido distribuidos en los bancos de alimentos que opera la iglesia en todo el pa\u00eds. \u201cQueremos continuar expandiendo nuestra distribuci\u00f3n de alimentos para alcanzar a a\u00fan m\u00e1s personas necesitadas\u201d, dijo.<\/p>\n<p><div id=\"attachment_121905\" style=\"width: 913px\" class=\"wp-caption aligncenter\"><img loading=\"lazy\" decoding=\"async\" aria-describedby=\"caption-attachment-121905\" class=\" wp-image-121903\" src=\"https:\/\/interamerica.org\/wp-content\/uploads\/2024\/11\/allfam-um-caporal-panel.jpg\" alt=\"\" width=\"903\" height=\"602\" srcset=\"https:\/\/interamerica.org\/wp-content\/uploads\/2024\/11\/allfam-um-caporal-panel.jpg 1000w, https:\/\/interamerica.org\/wp-content\/uploads\/2024\/11\/allfam-um-caporal-panel-300x200.jpg 300w, https:\/\/interamerica.org\/wp-content\/uploads\/2024\/11\/allfam-um-caporal-panel-768x512.jpg 768w\" sizes=\"(max-width: 903px) 100vw, 903px\" \/><p id=\"caption-attachment-121905\" class=\"wp-caption-text\">El pastor Pierre Caporal (tercero desde la izquierda), presidente de la Uni\u00f3n Haitiana, comenta sobre los ministerios de capellan\u00eda y servicios psicol\u00f3gicos que ofrece la uni\u00f3n para ayudar a que las personas hagan frente al estr\u00e9s, en medio de la violencia creciente y los desplazamientos de muchas personas. (De izquierda a derecha), los pastores Peter Kerr, presidente de la Uni\u00f3n del Caribe Atl\u00e1ntico; Eddy-Michel Carpin, presidente de la Uni\u00f3n de Guyana y Antillas Francesas; y Everett Brown, presidente de la Uni\u00f3n Jamaiquina. [Fotograf\u00eda: Libna Stevens\/DIA]<\/p><\/div>En Hait\u00ed, se han ofrecido servicios de capellan\u00eda y psicol\u00f3gicos para ayudar a que las personas hagan frente al estr\u00e9s en medio de la creciente violencia y el desplazamiento de muchos. Los l\u00edderes de la iglesia tambi\u00e9n est\u00e1n planificando para el pr\u00f3ximo a\u00f1o, para expandir sus esfuerzos, brindar ayuda adicional por medio de la Agencia Adventista de Desarrollo y Recursos Asistenciales (ADRA) en Hait\u00ed, adem\u00e1s de ofrecer atenci\u00f3n m\u00e9dica por medio del hospital adventista, dijo Caporal.<\/p>\n<p><strong>Expansi\u00f3n del evangelismo <\/strong><\/p>\n<p>La Uni\u00f3n Mexicana del Norte ya est\u00e1 planificando imprimir un peque\u00f1o peri\u00f3dico especial con art\u00edculos sobre la segunda venida de Cristo, que apuntan a motivar a las familias adventistas para que alcancen y ministren a al menos cuatro familias de sus comunidades. Tambi\u00e9n continuar\u00e1n su exposici\u00f3n de un modelo del santuario y de la exhibici\u00f3n Caravan Daniel 2 en las principales plazas y ciudades para hablar de las profec\u00edas del tiempo del fin, adem\u00e1s de iniciativas de salud mental para la comunidad a lo largo de todo el a\u00f1o 2025.<\/p>\n<p>Los administradores de la iglesia tambi\u00e9n compartieron iniciativas estrat\u00e9gicas que se est\u00e1n llevando a cabo para alcanzar a m\u00e1s personas con el evangelio en los pr\u00f3ximos meses.<\/p>\n<p><div id=\"attachment_121914\" style=\"width: 888px\" class=\"wp-caption aligncenter\"><img loading=\"lazy\" decoding=\"async\" aria-describedby=\"caption-attachment-121914\" class=\" wp-image-121912\" src=\"https:\/\/interamerica.org\/wp-content\/uploads\/2024\/11\/allfam-songleader-um.jpg\" alt=\"\" width=\"878\" height=\"585\" srcset=\"https:\/\/interamerica.org\/wp-content\/uploads\/2024\/11\/allfam-songleader-um.jpg 1000w, https:\/\/interamerica.org\/wp-content\/uploads\/2024\/11\/allfam-songleader-um-300x200.jpg 300w, https:\/\/interamerica.org\/wp-content\/uploads\/2024\/11\/allfam-songleader-um-768x511.jpg 768w\" sizes=\"(max-width: 878px) 100vw, 878px\" \/><p id=\"caption-attachment-121914\" class=\"wp-caption-text\">Olivia Michel, de la Universidad de Montemorelos, dirige el culto de adoraci\u00f3n mientras que el coro y la orquesta de la universidad cantan el pasado 9 de noviembre de 2024. [Fotograf\u00eda: Libna Stevens\/DIA]<\/p><\/div>La Uni\u00f3n Mexicana del Norte ya est\u00e1 planificando imprimir un peque\u00f1o peri\u00f3dico especial con art\u00edculos sobre la segunda venida de Cristo, que apuntan a motivar a las familias adventistas para que alcancen y ministren a al menos cuatro familias de sus comunidades. Tambi\u00e9n continuar\u00e1n las demostraciones y charlas de Caravan Daniel 2, junto con iniciativas de salud mental que beneficiar\u00e1n a la comunidad a lo largo de todo 2024.<\/p>\n<p>Los l\u00edderes de Honduras est\u00e1n proyectando m\u00e1s de tres mil bautismos a medida que su caravana de evangelizaci\u00f3n cubre el pa\u00eds. Otras uniones, como una en Venezuela, continuar\u00e1 capacitando a cientos de laicos para que participen de campa\u00f1as de evangelizaci\u00f3n a lo largo de 2025.<\/p>\n<p>En Panam\u00e1, m\u00e1s de 3600 familias ya est\u00e1n listas para alcanzar a una familia con el evangelio. Adem\u00e1s de ello, los pastores de todo el pa\u00eds unir\u00e1n esfuerzos con esas familias para establecer quince nuevas iglesias entre enero y junio de 2025.<\/p>\n<p><div id=\"attachment_121908\" style=\"width: 895px\" class=\"wp-caption aligncenter\"><img loading=\"lazy\" decoding=\"async\" aria-describedby=\"caption-attachment-121908\" class=\" wp-image-121906\" src=\"https:\/\/interamerica.org\/wp-content\/uploads\/2024\/11\/allfam-panel-mexico-socu-puru-um-1024x689.jpg\" alt=\"\" width=\"885\" height=\"595\" srcset=\"https:\/\/interamerica.org\/wp-content\/uploads\/2024\/11\/allfam-panel-mexico-socu-puru-um-1024x689.jpg 1024w, https:\/\/interamerica.org\/wp-content\/uploads\/2024\/11\/allfam-panel-mexico-socu-puru-um-300x202.jpg 300w, https:\/\/interamerica.org\/wp-content\/uploads\/2024\/11\/allfam-panel-mexico-socu-puru-um-768x516.jpg 768w, https:\/\/interamerica.org\/wp-content\/uploads\/2024\/11\/allfam-panel-mexico-socu-puru-um-1536x1033.jpg 1536w, https:\/\/interamerica.org\/wp-content\/uploads\/2024\/11\/allfam-panel-mexico-socu-puru-um.jpg 2048w\" sizes=\"(max-width: 885px) 100vw, 885px\" \/><p id=\"caption-attachment-121908\" class=\"wp-caption-text\">Los administradores de las uniones de M\u00e9xico, Colombia y Puerto Rico comparten sus actividades de misi\u00f3n estrat\u00e9gica bajo la iniciativa insignia \u201cToda la familia en misi\u00f3n\u201d para 2025. [Fotograf\u00eda: Libna Stevens\/DIA]<\/p><\/div>El programa en vivo destac\u00f3 actividades e impactos en las 24 uniones, o regiones eclesi\u00e1sticas, del territorio, y se vio enriquecida con m\u00fasica de alabanza, lecturas b\u00edblicas y mensajes espirituales.<\/p>\n<p><strong>Compromiso e impacto continuados<\/strong><\/p>\n<p>\u201cTiene que quedarles muy en claro que una principal prioridad estrat\u00e9gica para nosotros es el evangelismo y la misi\u00f3n\u201d, dijo el pastor Leonard Johnson, secretario ejecutivo de la Divisi\u00f3n Interamericana, al pasar al frente junto a los dem\u00e1s administradores de la Divisi\u00f3n Interamericana. Johnson desafi\u00f3 a cada miembro para que siga firme a la hora de compartir las buenas nuevas del evangelio.<\/p>\n<p>Ivelisse Herrera, tesorera de la Divisi\u00f3n Interamericana, felicit\u00f3 a los miembros de iglesia por su desempe\u00f1o fiel como pastores, docentes, l\u00edderes y miembros unidos en la misi\u00f3n de marcar una diferencia all\u00ed donde est\u00e9n.<\/p>\n<p><div id=\"attachment_121929\" style=\"width: 912px\" class=\"wp-caption aligncenter\"><img loading=\"lazy\" decoding=\"async\" aria-describedby=\"caption-attachment-121929\" class=\" wp-image-121927\" src=\"https:\/\/interamerica.org\/wp-content\/uploads\/2024\/11\/allfamily-um-iadadmins.jpg\" alt=\"\" width=\"902\" height=\"601\" srcset=\"https:\/\/interamerica.org\/wp-content\/uploads\/2024\/11\/allfamily-um-iadadmins.jpg 1000w, https:\/\/interamerica.org\/wp-content\/uploads\/2024\/11\/allfamily-um-iadadmins-300x200.jpg 300w, https:\/\/interamerica.org\/wp-content\/uploads\/2024\/11\/allfamily-um-iadadmins-768x511.jpg 768w\" sizes=\"(max-width: 902px) 100vw, 902px\" \/><p id=\"caption-attachment-121929\" class=\"wp-caption-text\">Los administradores de la Divisi\u00f3n Interamericana, los pastores Elie Henry (centro), presidente, se dirige a los congregados y los que segu\u00edan el programa por Internet al hablar de la dedicaci\u00f3n de la feligres\u00eda en todo el territorio, que ha estado comprometida con la misi\u00f3n de servir, educar y evangelizar en sus comunidades este a\u00f1o. El pastor Leonard Johnson (izquierda), secretario ejecutivo, e Ivelisse Herrera (derecha), tesorera, aguardan su turno para enfatizar la iniciativa \u201cToda la familia en misi\u00f3n\u201d para 2025. [Fotograf\u00eda: Libna Stevens\/DIA]<\/p><\/div>\u201cComo administradores de la Divisi\u00f3n Interamericana, animamos, invitamos y nos comprometemos a apoyar cada iniciativa que sirva a la comunidad\u201d, expres\u00f3.<\/p>\n<p>\u201cImplica poner el evangelio en acci\u00f3n, como una demostraci\u00f3n tangible del amor de Dios. El servicio tiende puentes entre la iglesia y la comunidad, abre puertas como un paso hacia la tarea de llevarlos a Jes\u00fas y, a su vez, nosotros mismos nos beneficiamos, creciendo en unidad, fe y amor\u201d.<\/p>\n<p>El pastor Elie Henry, presidente de la Divisi\u00f3n Interamericana, agradeci\u00f3 a los l\u00edderes y tambi\u00e9n a los miembros de iglesia por sus esfuerzos incansables a la hora de compartir el amor y la salvaci\u00f3n de Dios en sus comunidades. \u201cToda la familia en misi\u00f3n busca responder al llamado de participar en la misi\u00f3n\u201d, expres\u00f3.<\/p>\n<p><div id=\"attachment_121926\" style=\"width: 888px\" class=\"wp-caption aligncenter\"><img loading=\"lazy\" decoding=\"async\" aria-describedby=\"caption-attachment-121926\" class=\" wp-image-121924\" src=\"https:\/\/interamerica.org\/wp-content\/uploads\/2024\/11\/billy-biaggi-um-allfamin-mission.jpg\" alt=\"\" width=\"878\" height=\"610\" srcset=\"https:\/\/interamerica.org\/wp-content\/uploads\/2024\/11\/billy-biaggi-um-allfamin-mission.jpg 1000w, https:\/\/interamerica.org\/wp-content\/uploads\/2024\/11\/billy-biaggi-um-allfamin-mission-300x209.jpg 300w, https:\/\/interamerica.org\/wp-content\/uploads\/2024\/11\/billy-biaggi-um-allfamin-mission-768x534.jpg 768w\" sizes=\"(max-width: 878px) 100vw, 878px\" \/><p id=\"caption-attachment-121926\" class=\"wp-caption-text\">El pastor Billy Biaggi, uno de los vicepresidentes generales de la Asociaci\u00f3n General, presenta el serm\u00f3n del s\u00e1bado, donde anim\u00f3 a las familias adventistas para que permanezcan comprometidos con la misi\u00f3n. [Fotograf\u00eda: Libna Stevens\/DIA]<\/p><\/div><strong>Alcanzar a m\u00e1s personas en 2025<\/strong><\/p>\n<p>\u201cEn Interam\u00e9rica, tendremos una predicaci\u00f3n de \u2018Toda la familia en misi\u00f3n\u2019 y llevaremos a cabo campa\u00f1as de evangelizaci\u00f3n\u201d, alent\u00f3 el pastor Henry. \u201cQueremos continuar trabajando en 2025, para alcanzar a m\u00e1s de doscientas mil nuevas almas para el fin del a\u00f1o\u201d.<\/p>\n<p>El pastor Henry tambi\u00e9n anunci\u00f3 que grupos peque\u00f1os participar\u00e1n de campa\u00f1as de evangelizaci\u00f3n, bautizando a nuevos creyentes en enero, y que los ancianos de iglesia bautizar\u00e1n a al menos tres nuevos creyentes el 22 de febrero. Adem\u00e1s de ellos, los esfuerzos de evangelizaci\u00f3n en todo el territorio culminar\u00e1n con un evento especial en Chiapas, M\u00e9xico, donde miles ser\u00e1n a\u00f1adidos a la iglesia el pr\u00f3ximo 26 de abril de 2025.<\/p>\n<p>En su serm\u00f3n, el pastor Billy Biaggi, uno de los vicepresidentes generales de la Asociaci\u00f3n General, hizo un llamado a cada miembro y cada familia para que estudie la Biblia con fervor, se esfuerce por conocer al Se\u00f1or y se involucre de manera activa en la misi\u00f3n de alcanzar a otras personas.<\/p>\n<p><div id=\"attachment_121936\" style=\"width: 886px\" class=\"wp-caption aligncenter\"><img loading=\"lazy\" decoding=\"async\" aria-describedby=\"caption-attachment-121936\" class=\" wp-image-121934\" src=\"https:\/\/interamerica.org\/wp-content\/uploads\/2024\/11\/allfam-audience-um.jpg\" alt=\"\" width=\"876\" height=\"584\" srcset=\"https:\/\/interamerica.org\/wp-content\/uploads\/2024\/11\/allfam-audience-um.jpg 1000w, https:\/\/interamerica.org\/wp-content\/uploads\/2024\/11\/allfam-audience-um-300x200.jpg 300w, https:\/\/interamerica.org\/wp-content\/uploads\/2024\/11\/allfam-audience-um-768x512.jpg 768w\" sizes=\"(max-width: 876px) 100vw, 876px\" \/><p id=\"caption-attachment-121936\" class=\"wp-caption-text\">L\u00edderes y miembros de iglesia participan en el culto de adoraci\u00f3n en la iglesia de la Universidad de Montemorelos, el s\u00e1bado 9 de noviembre de 2024. [Fotograf\u00eda: Libna Stevens\/DIA]<\/p><\/div>\u201cTenemos que amar al Se\u00f1or, para que podamos servirle y llegar a ser como Jes\u00fas\u201d, dijo el pastor Biaggi. \u201cImplica mantenerse vigilante, confiando en las promesas de Dios, y manteniendo nuestros ojos fijos en Cristo\u201d, sigui\u00f3 diciendo. \u201cComo familia, necesitamos estar atentos y cuidarnos mutuamente, trabajar con diligencia, y cumplir con el prop\u00f3sito de Dios para nuestra vida antes de su regreso\u201d, expres\u00f3.<\/p>\n<p>Para ver el evento en l\u00ednea del s\u00e1bado 9 de noviembre de 2024, ingrese <a href=\"https:\/\/www.youtube.com\/watch?v=kb-hmVmZ7fk\">AQU\u00cd<\/a>.<\/p>\n<p>Para acceder a una galer\u00eda de fotograf\u00edas del evento, ingrese <a href=\"https:\/\/flickr.com\/photos\/interamerica\/albums\/72177720321823575\/\">AQU\u00cd<\/a>.<\/p>\n<p>Traducci\u00f3n de Marcos Paseggi<\/p>\n","protected":false},"excerpt":{"rendered":"<p>Los principales l\u00edderes de la iglesia muestran el impacto en el territorio a medida que la iniciativa insignia se expande por todo el territorio. 11 de noviembre de 2024 |&#8230;<\/p>\n","protected":false},"author":3,"featured_media":121920,"comment_status":"closed","ping_status":"closed","sticky":false,"template":"","format":"standard","meta":{"_acf_changed":false,"footnotes":""},"categories":[16,15],"tags":[],"class_list":["post-121948","post","type-post","status-publish","format-standard","has-post-thumbnail","hentry","category-desde-la-sede","category-rss-espanol"],"acf":[],"yoast_head":"<!-- This site is optimized with the Yoast SEO plugin v27.3 - https:\/\/yoast.com\/product\/yoast-seo-wordpress\/ -->\n<title>\u201cToda la familia en misi\u00f3n\u201d marca el tono de las reuniones de fin de a\u00f1o de la Divisi\u00f3n Interamericana - Iglesia Adventista del S\u00e9ptimo D\u00eda - Divisi\u00f3n Interamericana<\/title>\n<meta name=\"robots\" content=\"index, follow, max-snippet:-1, max-image-preview:large, max-video-preview:-1\" \/>\n<link rel=\"canonical\" href=\"https:\/\/interamerica.org\/es\/2024\/11\/toda-la-familia-en-mision-marca-el-tono-de-las-reuniones-de-fin-de-ano-de-la-division-interamericana\/\" \/>\n<meta property=\"og:locale\" content=\"es_ES\" \/>\n<meta property=\"og:type\" content=\"article\" \/>\n<meta property=\"og:title\" content=\"\u201cToda la familia en misi\u00f3n\u201d marca el tono de las reuniones de fin de a\u00f1o de la Divisi\u00f3n Interamericana - Iglesia Adventista del S\u00e9ptimo D\u00eda - Divisi\u00f3n Interamericana\" \/>\n<meta property=\"og:description\" content=\"Los principales l\u00edderes de la iglesia muestran el impacto en el territorio a medida que la iniciativa insignia se expande por todo el territorio. 11 de noviembre de 2024 |...\" \/>\n<meta property=\"og:url\" content=\"https:\/\/interamerica.org\/es\/2024\/11\/toda-la-familia-en-mision-marca-el-tono-de-las-reuniones-de-fin-de-ano-de-la-division-interamericana\/\" \/>\n<meta property=\"og:site_name\" content=\"Iglesia Adventista del S\u00e9ptimo D\u00eda - Divisi\u00f3n Interamericana\" \/>\n<meta property=\"article:published_time\" content=\"2024-11-12T16:51:07+00:00\" \/>\n<meta property=\"article:modified_time\" content=\"2024-11-20T00:48:53+00:00\" \/>\n<meta property=\"og:image\" content=\"https:\/\/interamerica.org\/wp-content\/uploads\/2024\/11\/allfamm-um2024-nov9-1280.jpg\" \/>\n\t<meta property=\"og:image:width\" content=\"1280\" \/>\n\t<meta property=\"og:image:height\" content=\"800\" \/>\n\t<meta property=\"og:image:type\" content=\"image\/jpeg\" \/>\n<meta name=\"author\" content=\"libna\" \/>\n<meta name=\"twitter:card\" content=\"summary_large_image\" \/>\n<meta name=\"twitter:label1\" content=\"Escrito por\" \/>\n\t<meta name=\"twitter:data1\" content=\"libna\" \/>\n\t<meta name=\"twitter:label2\" content=\"Tiempo de lectura\" \/>\n\t<meta name=\"twitter:data2\" content=\"12 minutos\" \/>\n<script type=\"application\/ld+json\" class=\"yoast-schema-graph\">{\"@context\":\"https:\\\/\\\/schema.org\",\"@graph\":[{\"@type\":\"Article\",\"@id\":\"https:\\\/\\\/interamerica.org\\\/es\\\/2024\\\/11\\\/toda-la-familia-en-mision-marca-el-tono-de-las-reuniones-de-fin-de-ano-de-la-division-interamericana\\\/#article\",\"isPartOf\":{\"@id\":\"https:\\\/\\\/interamerica.org\\\/es\\\/2024\\\/11\\\/toda-la-familia-en-mision-marca-el-tono-de-las-reuniones-de-fin-de-ano-de-la-division-interamericana\\\/\"},\"author\":{\"name\":\"libna\",\"@id\":\"https:\\\/\\\/interamerica.org\\\/es\\\/#\\\/schema\\\/person\\\/29998f2bc2d8bd0d38662909289b54f1\"},\"headline\":\"\u201cToda la familia en misi\u00f3n\u201d marca el tono de las reuniones de fin de a\u00f1o de la Divisi\u00f3n Interamericana\",\"datePublished\":\"2024-11-12T16:51:07+00:00\",\"dateModified\":\"2024-11-20T00:48:53+00:00\",\"mainEntityOfPage\":{\"@id\":\"https:\\\/\\\/interamerica.org\\\/es\\\/2024\\\/11\\\/toda-la-familia-en-mision-marca-el-tono-de-las-reuniones-de-fin-de-ano-de-la-division-interamericana\\\/\"},\"wordCount\":2278,\"image\":{\"@id\":\"https:\\\/\\\/interamerica.org\\\/es\\\/2024\\\/11\\\/toda-la-familia-en-mision-marca-el-tono-de-las-reuniones-de-fin-de-ano-de-la-division-interamericana\\\/#primaryimage\"},\"thumbnailUrl\":\"https:\\\/\\\/interamerica.org\\\/wp-content\\\/uploads\\\/2024\\\/11\\\/allfamm-um2024-nov9-1280.jpg\",\"articleSection\":[\"Desde la sede\",\"RSS Espa\u00f1ol\"],\"inLanguage\":\"es\"},{\"@type\":\"WebPage\",\"@id\":\"https:\\\/\\\/interamerica.org\\\/es\\\/2024\\\/11\\\/toda-la-familia-en-mision-marca-el-tono-de-las-reuniones-de-fin-de-ano-de-la-division-interamericana\\\/\",\"url\":\"https:\\\/\\\/interamerica.org\\\/es\\\/2024\\\/11\\\/toda-la-familia-en-mision-marca-el-tono-de-las-reuniones-de-fin-de-ano-de-la-division-interamericana\\\/\",\"name\":\"\u201cToda la familia en misi\u00f3n\u201d marca el tono de las reuniones de fin de a\u00f1o de la Divisi\u00f3n Interamericana - Iglesia Adventista del S\u00e9ptimo D\u00eda - Divisi\u00f3n Interamericana\",\"isPartOf\":{\"@id\":\"https:\\\/\\\/interamerica.org\\\/es\\\/#website\"},\"primaryImageOfPage\":{\"@id\":\"https:\\\/\\\/interamerica.org\\\/es\\\/2024\\\/11\\\/toda-la-familia-en-mision-marca-el-tono-de-las-reuniones-de-fin-de-ano-de-la-division-interamericana\\\/#primaryimage\"},\"image\":{\"@id\":\"https:\\\/\\\/interamerica.org\\\/es\\\/2024\\\/11\\\/toda-la-familia-en-mision-marca-el-tono-de-las-reuniones-de-fin-de-ano-de-la-division-interamericana\\\/#primaryimage\"},\"thumbnailUrl\":\"https:\\\/\\\/interamerica.org\\\/wp-content\\\/uploads\\\/2024\\\/11\\\/allfamm-um2024-nov9-1280.jpg\",\"datePublished\":\"2024-11-12T16:51:07+00:00\",\"dateModified\":\"2024-11-20T00:48:53+00:00\",\"author\":{\"@id\":\"https:\\\/\\\/interamerica.org\\\/es\\\/#\\\/schema\\\/person\\\/29998f2bc2d8bd0d38662909289b54f1\"},\"breadcrumb\":{\"@id\":\"https:\\\/\\\/interamerica.org\\\/es\\\/2024\\\/11\\\/toda-la-familia-en-mision-marca-el-tono-de-las-reuniones-de-fin-de-ano-de-la-division-interamericana\\\/#breadcrumb\"},\"inLanguage\":\"es\",\"potentialAction\":[{\"@type\":\"ReadAction\",\"target\":[\"https:\\\/\\\/interamerica.org\\\/es\\\/2024\\\/11\\\/toda-la-familia-en-mision-marca-el-tono-de-las-reuniones-de-fin-de-ano-de-la-division-interamericana\\\/\"]}]},{\"@type\":\"ImageObject\",\"inLanguage\":\"es\",\"@id\":\"https:\\\/\\\/interamerica.org\\\/es\\\/2024\\\/11\\\/toda-la-familia-en-mision-marca-el-tono-de-las-reuniones-de-fin-de-ano-de-la-division-interamericana\\\/#primaryimage\",\"url\":\"https:\\\/\\\/interamerica.org\\\/wp-content\\\/uploads\\\/2024\\\/11\\\/allfamm-um2024-nov9-1280.jpg\",\"contentUrl\":\"https:\\\/\\\/interamerica.org\\\/wp-content\\\/uploads\\\/2024\\\/11\\\/allfamm-um2024-nov9-1280.jpg\",\"width\":1280,\"height\":800,\"caption\":\"[Photo: Libna Stevens\\\/IAD]\"},{\"@type\":\"BreadcrumbList\",\"@id\":\"https:\\\/\\\/interamerica.org\\\/es\\\/2024\\\/11\\\/toda-la-familia-en-mision-marca-el-tono-de-las-reuniones-de-fin-de-ano-de-la-division-interamericana\\\/#breadcrumb\",\"itemListElement\":[{\"@type\":\"ListItem\",\"position\":1,\"name\":\"Home\",\"item\":\"https:\\\/\\\/interamerica.org\\\/es\\\/\"},{\"@type\":\"ListItem\",\"position\":2,\"name\":\"\u201cToda la familia en misi\u00f3n\u201d marca el tono de las reuniones de fin de a\u00f1o de la Divisi\u00f3n Interamericana\"}]},{\"@type\":\"WebSite\",\"@id\":\"https:\\\/\\\/interamerica.org\\\/es\\\/#website\",\"url\":\"https:\\\/\\\/interamerica.org\\\/es\\\/\",\"name\":\"Iglesia Adventista del S\u00e9ptimo D\u00eda - Divisi\u00f3n Interamericana\",\"description\":\"\",\"potentialAction\":[{\"@type\":\"SearchAction\",\"target\":{\"@type\":\"EntryPoint\",\"urlTemplate\":\"https:\\\/\\\/interamerica.org\\\/es\\\/?s={search_term_string}\"},\"query-input\":{\"@type\":\"PropertyValueSpecification\",\"valueRequired\":true,\"valueName\":\"search_term_string\"}}],\"inLanguage\":\"es\"},{\"@type\":\"Person\",\"@id\":\"https:\\\/\\\/interamerica.org\\\/es\\\/#\\\/schema\\\/person\\\/29998f2bc2d8bd0d38662909289b54f1\",\"name\":\"libna\",\"image\":{\"@type\":\"ImageObject\",\"inLanguage\":\"es\",\"@id\":\"https:\\\/\\\/secure.gravatar.com\\\/avatar\\\/7c5bd30ae4b47a9ba3c856590957fd1d96dc588bf3ac05719d247e126840331f?s=96&d=mm&r=g\",\"url\":\"https:\\\/\\\/secure.gravatar.com\\\/avatar\\\/7c5bd30ae4b47a9ba3c856590957fd1d96dc588bf3ac05719d247e126840331f?s=96&d=mm&r=g\",\"contentUrl\":\"https:\\\/\\\/secure.gravatar.com\\\/avatar\\\/7c5bd30ae4b47a9ba3c856590957fd1d96dc588bf3ac05719d247e126840331f?s=96&d=mm&r=g\",\"caption\":\"libna\"}}]}<\/script>\n<!-- \/ Yoast SEO plugin. -->","yoast_head_json":{"title":"\u201cToda la familia en misi\u00f3n\u201d marca el tono de las reuniones de fin de a\u00f1o de la Divisi\u00f3n Interamericana - Iglesia Adventista del S\u00e9ptimo D\u00eda - Divisi\u00f3n Interamericana","robots":{"index":"index","follow":"follow","max-snippet":"max-snippet:-1","max-image-preview":"max-image-preview:large","max-video-preview":"max-video-preview:-1"},"canonical":"https:\/\/interamerica.org\/es\/2024\/11\/toda-la-familia-en-mision-marca-el-tono-de-las-reuniones-de-fin-de-ano-de-la-division-interamericana\/","og_locale":"es_ES","og_type":"article","og_title":"\u201cToda la familia en misi\u00f3n\u201d marca el tono de las reuniones de fin de a\u00f1o de la Divisi\u00f3n Interamericana - Iglesia Adventista del S\u00e9ptimo D\u00eda - Divisi\u00f3n Interamericana","og_description":"Los principales l\u00edderes de la iglesia muestran el impacto en el territorio a medida que la iniciativa insignia se expande por todo el territorio. 11 de noviembre de 2024 |...","og_url":"https:\/\/interamerica.org\/es\/2024\/11\/toda-la-familia-en-mision-marca-el-tono-de-las-reuniones-de-fin-de-ano-de-la-division-interamericana\/","og_site_name":"Iglesia Adventista del S\u00e9ptimo D\u00eda - Divisi\u00f3n Interamericana","article_published_time":"2024-11-12T16:51:07+00:00","article_modified_time":"2024-11-20T00:48:53+00:00","og_image":[{"width":1280,"height":800,"url":"https:\/\/interamerica.org\/wp-content\/uploads\/2024\/11\/allfamm-um2024-nov9-1280.jpg","type":"image\/jpeg"}],"author":"libna","twitter_card":"summary_large_image","twitter_misc":{"Escrito por":"libna","Tiempo de lectura":"12 minutos"},"schema":{"@context":"https:\/\/schema.org","@graph":[{"@type":"Article","@id":"https:\/\/interamerica.org\/es\/2024\/11\/toda-la-familia-en-mision-marca-el-tono-de-las-reuniones-de-fin-de-ano-de-la-division-interamericana\/#article","isPartOf":{"@id":"https:\/\/interamerica.org\/es\/2024\/11\/toda-la-familia-en-mision-marca-el-tono-de-las-reuniones-de-fin-de-ano-de-la-division-interamericana\/"},"author":{"name":"libna","@id":"https:\/\/interamerica.org\/es\/#\/schema\/person\/29998f2bc2d8bd0d38662909289b54f1"},"headline":"\u201cToda la familia en misi\u00f3n\u201d marca el tono de las reuniones de fin de a\u00f1o de la Divisi\u00f3n Interamericana","datePublished":"2024-11-12T16:51:07+00:00","dateModified":"2024-11-20T00:48:53+00:00","mainEntityOfPage":{"@id":"https:\/\/interamerica.org\/es\/2024\/11\/toda-la-familia-en-mision-marca-el-tono-de-las-reuniones-de-fin-de-ano-de-la-division-interamericana\/"},"wordCount":2278,"image":{"@id":"https:\/\/interamerica.org\/es\/2024\/11\/toda-la-familia-en-mision-marca-el-tono-de-las-reuniones-de-fin-de-ano-de-la-division-interamericana\/#primaryimage"},"thumbnailUrl":"https:\/\/interamerica.org\/wp-content\/uploads\/2024\/11\/allfamm-um2024-nov9-1280.jpg","articleSection":["Desde la sede","RSS Espa\u00f1ol"],"inLanguage":"es"},{"@type":"WebPage","@id":"https:\/\/interamerica.org\/es\/2024\/11\/toda-la-familia-en-mision-marca-el-tono-de-las-reuniones-de-fin-de-ano-de-la-division-interamericana\/","url":"https:\/\/interamerica.org\/es\/2024\/11\/toda-la-familia-en-mision-marca-el-tono-de-las-reuniones-de-fin-de-ano-de-la-division-interamericana\/","name":"\u201cToda la familia en misi\u00f3n\u201d marca el tono de las reuniones de fin de a\u00f1o de la Divisi\u00f3n Interamericana - Iglesia Adventista del S\u00e9ptimo D\u00eda - Divisi\u00f3n Interamericana","isPartOf":{"@id":"https:\/\/interamerica.org\/es\/#website"},"primaryImageOfPage":{"@id":"https:\/\/interamerica.org\/es\/2024\/11\/toda-la-familia-en-mision-marca-el-tono-de-las-reuniones-de-fin-de-ano-de-la-division-interamericana\/#primaryimage"},"image":{"@id":"https:\/\/interamerica.org\/es\/2024\/11\/toda-la-familia-en-mision-marca-el-tono-de-las-reuniones-de-fin-de-ano-de-la-division-interamericana\/#primaryimage"},"thumbnailUrl":"https:\/\/interamerica.org\/wp-content\/uploads\/2024\/11\/allfamm-um2024-nov9-1280.jpg","datePublished":"2024-11-12T16:51:07+00:00","dateModified":"2024-11-20T00:48:53+00:00","author":{"@id":"https:\/\/interamerica.org\/es\/#\/schema\/person\/29998f2bc2d8bd0d38662909289b54f1"},"breadcrumb":{"@id":"https:\/\/interamerica.org\/es\/2024\/11\/toda-la-familia-en-mision-marca-el-tono-de-las-reuniones-de-fin-de-ano-de-la-division-interamericana\/#breadcrumb"},"inLanguage":"es","potentialAction":[{"@type":"ReadAction","target":["https:\/\/interamerica.org\/es\/2024\/11\/toda-la-familia-en-mision-marca-el-tono-de-las-reuniones-de-fin-de-ano-de-la-division-interamericana\/"]}]},{"@type":"ImageObject","inLanguage":"es","@id":"https:\/\/interamerica.org\/es\/2024\/11\/toda-la-familia-en-mision-marca-el-tono-de-las-reuniones-de-fin-de-ano-de-la-division-interamericana\/#primaryimage","url":"https:\/\/interamerica.org\/wp-content\/uploads\/2024\/11\/allfamm-um2024-nov9-1280.jpg","contentUrl":"https:\/\/interamerica.org\/wp-content\/uploads\/2024\/11\/allfamm-um2024-nov9-1280.jpg","width":1280,"height":800,"caption":"[Photo: Libna Stevens\/IAD]"},{"@type":"BreadcrumbList","@id":"https:\/\/interamerica.org\/es\/2024\/11\/toda-la-familia-en-mision-marca-el-tono-de-las-reuniones-de-fin-de-ano-de-la-division-interamericana\/#breadcrumb","itemListElement":[{"@type":"ListItem","position":1,"name":"Home","item":"https:\/\/interamerica.org\/es\/"},{"@type":"ListItem","position":2,"name":"\u201cToda la familia en misi\u00f3n\u201d marca el tono de las reuniones de fin de a\u00f1o de la Divisi\u00f3n Interamericana"}]},{"@type":"WebSite","@id":"https:\/\/interamerica.org\/es\/#website","url":"https:\/\/interamerica.org\/es\/","name":"Iglesia Adventista del S\u00e9ptimo D\u00eda - Divisi\u00f3n Interamericana","description":"","potentialAction":[{"@type":"SearchAction","target":{"@type":"EntryPoint","urlTemplate":"https:\/\/interamerica.org\/es\/?s={search_term_string}"},"query-input":{"@type":"PropertyValueSpecification","valueRequired":true,"valueName":"search_term_string"}}],"inLanguage":"es"},{"@type":"Person","@id":"https:\/\/interamerica.org\/es\/#\/schema\/person\/29998f2bc2d8bd0d38662909289b54f1","name":"libna","image":{"@type":"ImageObject","inLanguage":"es","@id":"https:\/\/secure.gravatar.com\/avatar\/7c5bd30ae4b47a9ba3c856590957fd1d96dc588bf3ac05719d247e126840331f?s=96&d=mm&r=g","url":"https:\/\/secure.gravatar.com\/avatar\/7c5bd30ae4b47a9ba3c856590957fd1d96dc588bf3ac05719d247e126840331f?s=96&d=mm&r=g","contentUrl":"https:\/\/secure.gravatar.com\/avatar\/7c5bd30ae4b47a9ba3c856590957fd1d96dc588bf3ac05719d247e126840331f?s=96&d=mm&r=g","caption":"libna"}}]}},"_links":{"self":[{"href":"https:\/\/interamerica.org\/es\/wp-json\/wp\/v2\/posts\/121948","targetHints":{"allow":["GET"]}}],"collection":[{"href":"https:\/\/interamerica.org\/es\/wp-json\/wp\/v2\/posts"}],"about":[{"href":"https:\/\/interamerica.org\/es\/wp-json\/wp\/v2\/types\/post"}],"author":[{"embeddable":true,"href":"https:\/\/interamerica.org\/es\/wp-json\/wp\/v2\/users\/3"}],"replies":[{"embeddable":true,"href":"https:\/\/interamerica.org\/es\/wp-json\/wp\/v2\/comments?post=121948"}],"version-history":[{"count":0,"href":"https:\/\/interamerica.org\/es\/wp-json\/wp\/v2\/posts\/121948\/revisions"}],"wp:featuredmedia":[{"embeddable":true,"href":"https:\/\/interamerica.org\/es\/wp-json\/wp\/v2\/media\/121920"}],"wp:attachment":[{"href":"https:\/\/interamerica.org\/es\/wp-json\/wp\/v2\/media?parent=121948"}],"wp:term":[{"taxonomy":"category","embeddable":true,"href":"https:\/\/interamerica.org\/es\/wp-json\/wp\/v2\/categories?post=121948"},{"taxonomy":"post_tag","embeddable":true,"href":"https:\/\/interamerica.org\/es\/wp-json\/wp\/v2\/tags?post=121948"}],"curies":[{"name":"wp","href":"https:\/\/api.w.org\/{rel}","templated":true}]}}